{"id":1074,"date":"2020-07-23T11:33:07","date_gmt":"2020-07-23T08:33:07","guid":{"rendered":"http:\/\/blog.ulasimplatformu.com\/?p=1074"},"modified":"2020-07-23T11:33:09","modified_gmt":"2020-07-23T08:33:09","slug":"otokardan-maltaya-50-adetlik-otobus-ihracati","status":"publish","type":"post","link":"http:\/\/blog.ulasimplatformu.com\/index.php\/2020\/07\/23\/otokardan-maltaya-50-adetlik-otobus-ihracati\/","title":{"rendered":"Otokar&#8217;dan Malta&#8217;ya 50 adetlik otob\u00fcs ihracat\u0131"},"content":{"rendered":"\n<p><strong>Ko\u00e7 Toplulu\u011fu \u015firketlerinden Otokar, modern toplu ta\u015f\u0131ma ara\u00e7lar\u0131 ile Avrupa&#8217;n\u0131n farkl\u0131 \u00fclkelerinde b\u00fcy\u00fck be\u011feni toplamaya ve ihracat\u0131n\u0131 art\u0131rmaya devam ediyor. D\u00fcnyan\u0131n 50\u2019yi a\u015fk\u0131n \u00fclkesinde 35 binden fazla otob\u00fcs\u00fc ile milyonlarca yolcuya konforlu, g\u00fcvenli seyahat imk\u00e2n\u0131 sunan Otokar, sipari\u015fini ald\u0131\u011f\u0131 50 adetlik sa\u011fdan direksiyonlu Kent otob\u00fcs\u00fcn\u00fc Malta&#8217;ya teslim etti. Ger\u00e7ekle\u015fen teslimatla birlikte Otokar&#8217;\u0131n Malta caddelerindeki toplam otob\u00fcs say\u0131s\u0131 300\u2019e yakla\u015ft\u0131.<\/strong><\/p>\n\n\n\n<p>T\u00fcrkiye otob\u00fcs pazar\u0131n\u0131n lideri Otokar, ihracatta h\u0131z kesmiyor. \u00dclkemizin yan\u0131 s\u0131ra \u0130spanya&#8217;dan Almanya&#8217;ya, Fransa\u2019dan Bel\u00e7ika, \u0130talya ve Romanya&#8217;ya kadar d\u00fcnyan\u0131n d\u00f6rt bir yan\u0131nda milyonlarca yolcuya konforlu, g\u00fcvenli seyahat imk\u00e2n\u0131 sunan Otokar, Malta&#8217;dan ald\u0131\u011f\u0131 5&#8217;inci sipari\u015fini tamamlad\u0131. Otokar, 50 adet sa\u011fdan direksiyonlu Kent \u015fehir i\u00e7i otob\u00fcs\u00fc teslim etti.<\/p>\n\n\n\n<p>Turizm cenneti Malta caddelerindeki Otokar markal\u0131 otob\u00fcs say\u0131s\u0131 toplamda 300\u2019e yakla\u015f\u0131rken, ger\u00e7ekle\u015ftirilen teslimat t\u00f6renine Malta Ba\u015fbakan\u0131\u00a0<strong>Robert Abela<\/strong>, Malta Ula\u015ft\u0131rma ve Altyap\u0131 Bakan\u0131\u00a0<strong>Ian Borg<\/strong>\u00a0ve Malta Public Transport (Malta Toplu Ta\u015f\u0131ma) Y\u00f6netim Kurulu Ba\u015fkan\u0131\u00a0<strong>Felipe Cosmen<\/strong>\u00a0kat\u0131ld\u0131.<\/p>\n\n\n\n<figure class=\"wp-block-image size-large\"><img loading=\"lazy\" width=\"1024\" height=\"683\" src=\"http:\/\/blog.ulasimplatformu.com\/wp-content\/uploads\/2020\/07\/1595484634_malta_teslimat_2-1024x683.jpg\" alt=\"\" class=\"wp-image-1077\" srcset=\"http:\/\/blog.ulasimplatformu.com\/wp-content\/uploads\/2020\/07\/1595484634_malta_teslimat_2-1024x683.jpg 1024w, http:\/\/blog.ulasimplatformu.com\/wp-content\/uploads\/2020\/07\/1595484634_malta_teslimat_2-300x200.jpg 300w, http:\/\/blog.ulasimplatformu.com\/wp-content\/uploads\/2020\/07\/1595484634_malta_teslimat_2-768x512.jpg 768w, http:\/\/blog.ulasimplatformu.com\/wp-content\/uploads\/2020\/07\/1595484634_malta_teslimat_2-1536x1024.jpg 1536w, http:\/\/blog.ulasimplatformu.com\/wp-content\/uploads\/2020\/07\/1595484634_malta_teslimat_2-2048x1365.jpg 2048w\" sizes=\"(max-width: 1024px) 100vw, 1024px\" \/><\/figure>\n\n\n\n<p>Ya\u015f ortalamas\u0131 4 olan Malta\u2019n\u0131n toplu ta\u015f\u0131ma filosu, Avrupa\u2019n\u0131n bir\u00e7ok \u00fclkesine k\u0131yasla \u00f6ne \u00e7\u0131karken, son y\u0131llarda ger\u00e7ekle\u015ftirilen d\u00f6n\u00fc\u015f\u00fcm \u00e7al\u0131\u015fmalar\u0131n\u0131n, \u00fclke ekonomisine ve s\u00fcrd\u00fcr\u00fclebilirli\u011fine yap\u0131lan \u00f6nemli bir yat\u0131r\u0131m oldu\u011funu belirten&nbsp;<strong>Malta Public Transport\u2019un (Malta Toplu Ta\u015f\u0131ma) Y\u00f6netim Kurulu Ba\u015fkan\u0131 Felipe Cosmen<\/strong>, eski otob\u00fcslerin a\u015famal\u0131 olarak g\u00f6revden kald\u0131r\u0131ld\u0131\u011f\u0131n\u0131 aktar\u0131rken, bu alandaki hizmet kalitesine yat\u0131r\u0131m yapmaya, standartlar\u0131 y\u00fckseltmeye devam ettiklerinin alt\u0131n\u0131 \u00e7izdi.<\/p>\n\n\n\n<p>T\u00f6rende konu\u015fan&nbsp;<strong>Malta Ba\u015fbakan\u0131<\/strong>&nbsp;<strong>Robert Abela,&nbsp;<\/strong>yeni ve modern otob\u00fcslere yap\u0131lan s\u00fcrekli yat\u0131r\u0131m sayesinde toplu ta\u015f\u0131mac\u0131l\u0131\u011f\u0131n son y\u0131llarda bir s\u0131\u00e7rama yapt\u0131\u011f\u0131n\u0131 belirtirken toplu ta\u015f\u0131ma sistemine olan g\u00fcvenin yeniden sa\u011fland\u0131\u011f\u0131n\u0131 da s\u00f6zlerine ekledi.&nbsp;<strong>Malta Ula\u015ft\u0131rma ve Altyap\u0131 Bakan\u0131 Ian Borg&nbsp;<\/strong>ise Malta Public Transport (Malta Toplu Ta\u015f\u0131ma) taraf\u0131ndan yap\u0131lan yat\u0131r\u0131ma \u00f6vg\u00fcde bulunarak Malta\u2019daki otob\u00fcs filosunun Avrupa\u2019daki en yeni ve \u00e7evre dostu olanlar\u0131n aras\u0131nda yer ald\u0131\u011f\u0131n\u0131 kaydetti.<\/p>\n\n\n\n<p><strong>\u015eEH\u0130R\u0130\u00c7\u0130 TA\u015eIMACILIKTA \u00dcST D\u00dcZEY KONFOR<\/strong><\/p>\n\n\n\n<p>Gelirinin b\u00fcy\u00fck bir b\u00f6l\u00fcm\u00fcn\u00fc turizmden elde eden Malta i\u00e7in \u00f6zel olarak \u00fcretilen 12 metrelik sa\u011fdan direksiyonlu Kent otob\u00fcs\u00fc, basamaks\u0131z al\u00e7ak giri\u015f taban\u0131, geni\u015f i\u00e7 hacmi ile yolculara e\u015fsiz konfor sunuyor. \u0130\u00e7 ve d\u0131\u015f modern g\u00f6r\u00fcnt\u00fcs\u00fc, \u00e7evreci Euro 6 motoru, \u00fcst\u00fcn yol tutu\u015funun yan\u0131 s\u0131ra ekonomik olmas\u0131yla da \u00f6n plana \u00e7\u0131kan Kent, d\u00fc\u015f\u00fck i\u015fletme giderleriyle de kullan\u0131c\u0131s\u0131na her daim kazand\u0131r\u0131yor. G\u00fc\u00e7l\u00fc klimas\u0131 ile her mevsim ferah yolculuk vadeden Kent, ABS, ASR, disk frenler ve kap\u0131larda s\u0131k\u0131\u015fmay\u0131 \u00f6nleyici sistem ile maksimum g\u00fcvenlik sunuyor.<\/p>\n\n\n\n<figure class=\"wp-block-image size-large\"><img loading=\"lazy\" width=\"1024\" height=\"683\" src=\"http:\/\/blog.ulasimplatformu.com\/wp-content\/uploads\/2020\/07\/1595484591_malta_teslimat_1-1024x683.jpg\" alt=\"\" class=\"wp-image-1075\" srcset=\"http:\/\/blog.ulasimplatformu.com\/wp-content\/uploads\/2020\/07\/1595484591_malta_teslimat_1-1024x683.jpg 1024w, http:\/\/blog.ulasimplatformu.com\/wp-content\/uploads\/2020\/07\/1595484591_malta_teslimat_1-300x200.jpg 300w, http:\/\/blog.ulasimplatformu.com\/wp-content\/uploads\/2020\/07\/1595484591_malta_teslimat_1-768x512.jpg 768w, http:\/\/blog.ulasimplatformu.com\/wp-content\/uploads\/2020\/07\/1595484591_malta_teslimat_1-1536x1024.jpg 1536w, http:\/\/blog.ulasimplatformu.com\/wp-content\/uploads\/2020\/07\/1595484591_malta_teslimat_1-2048x1365.jpg 2048w\" sizes=\"(max-width: 1024px) 100vw, 1024px\" \/><\/figure>\n","protected":false},"excerpt":{"rendered":"<p>Ko\u00e7 Toplulu\u011fu \u015firketlerinden Otokar, modern toplu ta\u015f\u0131ma ara\u00e7lar\u0131 ile Avrupa&#8217;n\u0131n farkl\u0131 \u00fclkelerinde b\u00fcy\u00fck be\u011feni toplamaya ve ihracat\u0131n\u0131 art\u0131rmaya devam ediyor. D\u00fcnyan\u0131n 50\u2019yi a\u015fk\u0131n \u00fclkesinde 35 binden fazla otob\u00fcs\u00fc ile milyonlarca yolcuya konforlu, g\u00fcvenli seyahat imk\u00e2n\u0131 sunan Otokar, sipari\u015fini ald\u0131\u011f\u0131 50 adetlik sa\u011fdan direksiyonlu Kent otob\u00fcs\u00fcn\u00fc Malta&#8217;ya teslim etti. Ger\u00e7ekle\u015fen teslimatla birlikte Otokar&#8217;\u0131n Malta caddelerindeki toplam [&hellip;]<\/p>\n","protected":false},"author":3,"featured_media":1076,"comment_status":"open","ping_status":"open","sticky":false,"template":"","format":"standard","meta":{"tdm_status":"","tdm_grid_status":"","spay_email":""},"categories":[24],"tags":[],"jetpack_featured_media_url":"http:\/\/blog.ulasimplatformu.com\/wp-content\/uploads\/2020\/07\/1595484563_malta_teslimat_3.jpg","jetpack_sharing_enabled":true,"amp_enabled":true,"_links":{"self":[{"href":"http:\/\/blog.ulasimplatformu.com\/index.php\/wp-json\/wp\/v2\/posts\/1074"}],"collection":[{"href":"http:\/\/blog.ulasimplatformu.com\/index.php\/wp-json\/wp\/v2\/posts"}],"about":[{"href":"http:\/\/blog.ulasimplatformu.com\/index.php\/wp-json\/wp\/v2\/types\/post"}],"author":[{"embeddable":true,"href":"http:\/\/blog.ulasimplatformu.com\/index.php\/wp-json\/wp\/v2\/users\/3"}],"replies":[{"embeddable":true,"href":"http:\/\/blog.ulasimplatformu.com\/index.php\/wp-json\/wp\/v2\/comments?post=1074"}],"version-history":[{"count":1,"href":"http:\/\/blog.ulasimplatformu.com\/index.php\/wp-json\/wp\/v2\/posts\/1074\/revisions"}],"predecessor-version":[{"id":1078,"href":"http:\/\/blog.ulasimplatformu.com\/index.php\/wp-json\/wp\/v2\/posts\/1074\/revisions\/1078"}],"wp:featuredmedia":[{"embeddable":true,"href":"http:\/\/blog.ulasimplatformu.com\/index.php\/wp-json\/wp\/v2\/media\/1076"}],"wp:attachment":[{"href":"http:\/\/blog.ulasimplatformu.com\/index.php\/wp-json\/wp\/v2\/media?parent=1074"}],"wp:term":[{"taxonomy":"category","embeddable":true,"href":"http:\/\/blog.ulasimplatformu.com\/index.php\/wp-json\/wp\/v2\/categories?post=1074"},{"taxonomy":"post_tag","embeddable":true,"href":"http:\/\/blog.ulasimplatformu.com\/index.php\/wp-json\/wp\/v2\/tags?post=1074"}],"curies":[{"name":"wp","href":"https:\/\/api.w.org\/{rel}","templated":true}]}}