{"id":1132,"date":"2020-07-24T18:36:17","date_gmt":"2020-07-24T15:36:17","guid":{"rendered":"http:\/\/blog.ulasimplatformu.com\/?p=1132"},"modified":"2020-07-24T18:36:24","modified_gmt":"2020-07-24T15:36:24","slug":"turkiyenin-ilk-ve-tek-yerli-hibrit-elektrikli-ticari-araci-custom-phevler-ankara-halkinin-hizmetinde-2","status":"publish","type":"post","link":"http:\/\/blog.ulasimplatformu.com\/index.php\/2020\/07\/24\/turkiyenin-ilk-ve-tek-yerli-hibrit-elektrikli-ticari-araci-custom-phevler-ankara-halkinin-hizmetinde-2\/","title":{"rendered":"T\u00fcrkiye\u2019nin ilk ve tek yerli, hibrit elektrikli ticari arac\u0131 Custom PHEV\u2019ler Ankara halk\u0131n\u0131n hizmetinde\u2026"},"content":{"rendered":"\n<p><strong>Ford Otosan taraf\u0131ndan T\u00fcrkiye\u2019de \u00fcretilen, hibrit elektrikli Ford Custom (PHEV) Plug-In Hybrid ara\u00e7lar, 21 Temmuz tarihinde, Ankara B\u00fcy\u00fck\u015fehir Belediye Ba\u015fkan\u0131 Mansur Yava\u015f\u2019\u0131n kat\u0131l\u0131m\u0131 ile ger\u00e7ekle\u015ftirilen t\u00f6rende Ankara B\u00fcy\u00fck\u015fehir Belediyesi\u2019ne (ABB) teslim edildi.<\/strong><\/p>\n\n\n\n<p><strong>Segmentinde bir ilk olan ara\u00e7lar, test ama\u00e7l\u0131 olarak Ankara B\u00fcy\u00fck\u015fehir Belediyesi\u2019ne teslim edilirken, buradan elde edilecek verilerin hem Ankara B\u00fcy\u00fck\u015fehir Belediyesi hem de Ford Otosan m\u00fchendisleri taraf\u0131ndan Ak\u0131ll\u0131 \u015eehir Modelleri, Temiz Ula\u015f\u0131m Y\u00f6ntemleri ve \u00fcr\u00fcn geli\u015ftirme i\u00e7in kullan\u0131laca\u011f\u0131 a\u00e7\u0131kland\u0131.<\/strong><\/p>\n\n\n\n<p><strong>T\u00fcrk otomotiv sanayinin \u00f6nc\u00fc \u015firketi Ford Otosan, T\u00fcrkiye\u2019nin ilk ve tek yerli \u015farj edilebilir, hibrit elektrikli ticari arac\u0131, 2 adet Custom PHEV\u2019i Ankara B\u00fcy\u00fck\u015fehir Belediye Ba\u015fkan\u0131 Mansur Yava\u015f\u2019\u0131n kat\u0131l\u0131m\u0131yla Ankara Kalesi\u2019nde ger\u00e7ekle\u015fen t\u00f6rende Ankara B\u00fcy\u00fck\u015fehir Belediyesi\u2019ne (ABB) teslim etti. B\u00f6ylece T\u00fcrkiye\u2019de \u00fcretilen segmentinin ilki olan elektrikli hibrit model, Ford\u2019un Valensiya, K\u00f6ln ve Londra \u00e7al\u0131\u015fmalar\u0131n\u0131n ard\u0131ndan, Ankara yollar\u0131nda da test edilecek.<\/strong><\/p>\n\n\n\n<p><strong>Ford Otosan taraf\u0131ndan Ankara B\u00fcy\u00fck\u015fehir Belediyesi\u2019ne test ama\u00e7l\u0131 teslim edilen ara\u00e7larla hem kullan\u0131c\u0131lar\u0131n \u015fehirlerde ya\u015fayaca\u011f\u0131 elektrikli ara\u00e7 deneyimleri g\u00f6zlemlenecek hem de ara\u00e7lardan al\u0131nacak veriler, Ford Otosan \u00fcr\u00fcn geli\u015ftirme s\u00fcre\u00e7lerinde kullanacak. Ankara B\u00fcy\u00fck\u015fehir Belediyesi de elektrikli ara\u00e7lar ile ta\u015f\u0131mac\u0131l\u0131k hizmetleri sunacak. Ara\u00e7lardan biri Ankara Kalesi\u2019nde vatanda\u015flara \u00fccretsiz servis hizmeti sa\u011flayacak, di\u011feri ise Ankara\u2019da vatanda\u015f\u0131n \u015fikayetlerine mobil olarak hizmet vermek, saha ziyaretlerinde bulunmak \u00fczere uygulamaya al\u0131nan Ba\u015fkent Mobil &#8211; Ba\u015fkent 153 hatt\u0131 i\u00e7in hizmet vererek, farkl\u0131 rotalarda \u00e7al\u0131\u015facak.<\/strong><\/p>\n\n\n\n<p><strong>Ankara\u2019da yollara ilk kez \u00e7\u0131kacak elektrikli hibrit Custom PHEV ara\u00e7larla ilgili konu\u015fan Ankara B\u00fcy\u00fck\u015fehir Belediye Ba\u015fkan\u0131 Mansur Yava\u015f, \u015funlar\u0131 kaydetti:<\/strong><\/p>\n\n\n\n<p><strong>\u201cAnkara\u2019y\u0131 ak\u0131ll\u0131 bir ba\u015fkent yapmak, daha temiz, s\u00fcrd\u00fcr\u00fclebilir ve \u00e7evreci uygulamalarla vatanda\u015f\u0131m\u0131z\u0131n hayat\u0131n\u0131 kolayla\u015ft\u0131racak teknolojileri \u015fehrimizde kullanmak i\u00e7in \u00e7al\u0131\u015fmalar\u0131m\u0131za devam ediyoruz. Nisan 2019\u2019da teslim ald\u0131\u011f\u0131m bu g\u00f6revde Ankara halk\u0131n\u0131n sa\u011fl\u0131\u011f\u0131 ve \u00e7evre dostu uygulamalar i\u00e7in gerekli ad\u0131mlar\u0131m\u0131z\u0131 at\u0131yoruz. Bu konuda Avrupa\u2019daki \u00f6rnekleri inceledik. Avrupa Birli\u011fi\u2019nin iklim de\u011fi\u015fikli\u011fi ile m\u00fccadele kapsam\u0131ndaki politikalar\u0131 ile uyumlu \u00e7al\u0131\u015fmalar\u0131 halk\u0131m\u0131z i\u00e7in hizmete almay\u0131 hedefliyoruz. Ford Otosan\u2019\u0131n T\u00fcrkiye\u2019de \u00fcretti\u011fi, hibrit elektrikli Custom PHEV ara\u00e7lar\u0131 Ankara\u2019m\u0131z\u0131n hizmetine sunmak ve test etmek i\u00e7in sab\u0131rs\u0131zlan\u0131yoruz. Valensiya, K\u00f6ln ve Londra\u2019n\u0131n ard\u0131ndan gelece\u011fin teknolojilerini bar\u0131nd\u0131ran bu elektrikli ara\u00e7lar\u0131n test ama\u00e7l\u0131 olarak Ankaram\u0131z\u2019da kullan\u0131lacak olmas\u0131ndan b\u00fcy\u00fck bir memnuniyet duyuyoruz.\u201d<\/strong><\/p>\n\n\n\n<p><strong>Yenig\u00fcn: \u201c\u00c7evreci ve ekonomik s\u00fcr\u00fc\u015f konusunda \u00f6nc\u00fc olma misyonumuzla hareket ediyoruz\u201d<\/strong><\/p>\n\n\n\n<p><strong>T\u00fcrkiye\u2019nin ticari lideri Ford Otosan\u2019\u0131n elektrikli ve hibrit teknolojisinde de d\u00fcnyan\u0131n \u00f6nc\u00fc \u015firketlerinden biri konumunda oldu\u011funu vurgulayan Ford Otosan Genel M\u00fcd\u00fcr\u00fc Haydar Yenig\u00fcn de \u015funlar\u0131 s\u00f6yledi:<\/strong><\/p>\n\n\n\n<p><strong>\u201cOtomotiv sekt\u00f6r\u00fc, t\u00fcm d\u00fcnyada ak\u0131ll\u0131 ve temiz \u015fehirlere y\u00f6nelik, \u00e7evreci ve teknolojik bir d\u00f6n\u00fc\u015f\u00fcm ge\u00e7iriyor. Avrupa\u2019daki emisyon s\u0131n\u0131rlamalar\u0131, emisyonsuz \u015fehir merkezleri gibi uygulamalar giderek yayg\u0131nla\u015f\u0131yor. Ak\u0131ll\u0131 ve \u00e7evreci ula\u015f\u0131m sistemlerine y\u00f6nelik yap\u0131lacak geli\u015ftirmeler; gelecekte artan n\u00fcfus ve \u015fehirle\u015fmenin yaratt\u0131\u011f\u0131 iklim de\u011fi\u015fikli\u011fi gibi \u00e7evresel konularda m\u00fccadelede \u00f6nemli bir iyile\u015ftirme sunuyor. T\u00fcrkiye\u2019nin ticari ara\u00e7 lideri Ford Otosan olarak, s\u00fcrd\u00fcr\u00fclebilir bir ya\u015fam, \u00e7evreci ve ekonomik ve teknolojik s\u00fcr\u00fc\u015f konusunda da \u00fclkemizde \u00f6nc\u00fc olma misyonumuz oldu\u011funa inan\u0131yoruz. Bu do\u011frultuda; Ford\u2019un \u201cAk\u0131ll\u0131 \u015eehirler\u201d vizyonu ile paralel olarak, T\u00fcrkiye\u2019de de \u015fehir i\u00e7i ta\u015f\u0131mac\u0131l\u0131\u011f\u0131nda daha \u00e7evreci, verimli ve sessiz bir ta\u015f\u0131mac\u0131l\u0131k i\u00e7in kritik rol \u00fcstlenecek yat\u0131r\u0131mlar\u0131m\u0131z ile \u00fclkemize ve \u00e7evreye katk\u0131 sunmaya devam ediyoruz. Ankara B\u00fcy\u00fck\u015fehir Belediyesi\u2019nin \u2018Temiz \u015fehir\u2019 uygulamalar\u0131 \u00e7er\u00e7evesinde ger\u00e7ekle\u015ftirdi\u011fimiz i\u015f birli\u011fini bu sebeple \u00e7ok de\u011ferli g\u00f6r\u00fcyoruz. Ford Otosan Kocaeli Fabrikas\u0131\u2019nda banttan inen Custom Plug-In Hybrid modelimizi Ankara\u2019l\u0131lar\u0131n hizmetine sunaca\u011f\u0131m\u0131z i\u00e7in b\u00fcy\u00fck mutluluk duyuyoruz.\u201d<\/strong><\/p>\n\n\n\n<figure class=\"wp-block-gallery columns-2 is-cropped\"><ul class=\"blocks-gallery-grid\"><li class=\"blocks-gallery-item\"><figure><img loading=\"lazy\" width=\"1024\" height=\"683\" src=\"http:\/\/blog.ulasimplatformu.com\/wp-content\/uploads\/2020\/07\/Ford-Otosan-ABB-teslimat-Haydar-Yenig\u00fcn-Mansur-Yava\u015f-1024x683.jpg\" alt=\"\" data-id=\"1135\" data-full-url=\"http:\/\/blog.ulasimplatformu.com\/wp-content\/uploads\/2020\/07\/Ford-Otosan-ABB-teslimat-Haydar-Yenig\u00fcn-Mansur-Yava\u015f.jpg\" data-link=\"http:\/\/blog.ulasimplatformu.com\/?attachment_id=1135\" class=\"wp-image-1135\" srcset=\"http:\/\/blog.ulasimplatformu.com\/wp-content\/uploads\/2020\/07\/Ford-Otosan-ABB-teslimat-Haydar-Yenig\u00fcn-Mansur-Yava\u015f-1024x683.jpg 1024w, http:\/\/blog.ulasimplatformu.com\/wp-content\/uploads\/2020\/07\/Ford-Otosan-ABB-teslimat-Haydar-Yenig\u00fcn-Mansur-Yava\u015f-300x200.jpg 300w, http:\/\/blog.ulasimplatformu.com\/wp-content\/uploads\/2020\/07\/Ford-Otosan-ABB-teslimat-Haydar-Yenig\u00fcn-Mansur-Yava\u015f-768x512.jpg 768w, http:\/\/blog.ulasimplatformu.com\/wp-content\/uploads\/2020\/07\/Ford-Otosan-ABB-teslimat-Haydar-Yenig\u00fcn-Mansur-Yava\u015f-1536x1024.jpg 1536w, http:\/\/blog.ulasimplatformu.com\/wp-content\/uploads\/2020\/07\/Ford-Otosan-ABB-teslimat-Haydar-Yenig\u00fcn-Mansur-Yava\u015f-2048x1366.jpg 2048w\" sizes=\"(max-width: 1024px) 100vw, 1024px\" \/><\/figure><\/li><li class=\"blocks-gallery-item\"><figure><img loading=\"lazy\" width=\"1024\" height=\"682\" src=\"http:\/\/blog.ulasimplatformu.com\/wp-content\/uploads\/2020\/07\/Custom-PHEV-Teslimat-T\u00f6reni_02-1024x682.jpeg\" alt=\"\" data-id=\"1133\" data-full-url=\"http:\/\/blog.ulasimplatformu.com\/wp-content\/uploads\/2020\/07\/Custom-PHEV-Teslimat-T\u00f6reni_02.jpeg\" data-link=\"http:\/\/blog.ulasimplatformu.com\/?attachment_id=1133\" class=\"wp-image-1133\" srcset=\"http:\/\/blog.ulasimplatformu.com\/wp-content\/uploads\/2020\/07\/Custom-PHEV-Teslimat-T\u00f6reni_02-1024x682.jpeg 1024w, http:\/\/blog.ulasimplatformu.com\/wp-content\/uploads\/2020\/07\/Custom-PHEV-Teslimat-T\u00f6reni_02-300x200.jpeg 300w, http:\/\/blog.ulasimplatformu.com\/wp-content\/uploads\/2020\/07\/Custom-PHEV-Teslimat-T\u00f6reni_02-768x512.jpeg 768w, http:\/\/blog.ulasimplatformu.com\/wp-content\/uploads\/2020\/07\/Custom-PHEV-Teslimat-T\u00f6reni_02-1536x1023.jpeg 1536w, http:\/\/blog.ulasimplatformu.com\/wp-content\/uploads\/2020\/07\/Custom-PHEV-Teslimat-T\u00f6reni_02.jpeg 1600w\" sizes=\"(max-width: 1024px) 100vw, 1024px\" \/><\/figure><\/li><\/ul><\/figure>\n\n\n\n<p><\/p>\n\n\n\n<p><\/p>\n\n\n\n<p><\/p>\n","protected":false},"excerpt":{"rendered":"<p>Ford Otosan taraf\u0131ndan T\u00fcrkiye\u2019de \u00fcretilen, hibrit elektrikli Ford Custom (PHEV) Plug-In Hybrid ara\u00e7lar, 21 Temmuz tarihinde, Ankara B\u00fcy\u00fck\u015fehir Belediye Ba\u015fkan\u0131 Mansur Yava\u015f\u2019\u0131n kat\u0131l\u0131m\u0131 ile ger\u00e7ekle\u015ftirilen t\u00f6rende Ankara B\u00fcy\u00fck\u015fehir Belediyesi\u2019ne (ABB) teslim edildi. Segmentinde bir ilk olan ara\u00e7lar, test ama\u00e7l\u0131 olarak Ankara B\u00fcy\u00fck\u015fehir Belediyesi\u2019ne teslim edilirken, buradan elde edilecek verilerin hem Ankara B\u00fcy\u00fck\u015fehir Belediyesi hem de [&hellip;]<\/p>\n","protected":false},"author":4,"featured_media":1134,"comment_status":"open","ping_status":"open","sticky":false,"template":"","format":"standard","meta":{"tdm_status":"","tdm_grid_status":"","spay_email":""},"categories":[19],"tags":[70,71,68,66,67,69,72,62],"jetpack_featured_media_url":"http:\/\/blog.ulasimplatformu.com\/wp-content\/uploads\/2020\/07\/Custom-PHEV-Teslimat-T\u00f6reni_03.jpeg","jetpack_sharing_enabled":true,"amp_enabled":true,"_links":{"self":[{"href":"http:\/\/blog.ulasimplatformu.com\/index.php\/wp-json\/wp\/v2\/posts\/1132"}],"collection":[{"href":"http:\/\/blog.ulasimplatformu.com\/index.php\/wp-json\/wp\/v2\/posts"}],"about":[{"href":"http:\/\/blog.ulasimplatformu.com\/index.php\/wp-json\/wp\/v2\/types\/post"}],"author":[{"embeddable":true,"href":"http:\/\/blog.ulasimplatformu.com\/index.php\/wp-json\/wp\/v2\/users\/4"}],"replies":[{"embeddable":true,"href":"http:\/\/blog.ulasimplatformu.com\/index.php\/wp-json\/wp\/v2\/comments?post=1132"}],"version-history":[{"count":1,"href":"http:\/\/blog.ulasimplatformu.com\/index.php\/wp-json\/wp\/v2\/posts\/1132\/revisions"}],"predecessor-version":[{"id":1137,"href":"http:\/\/blog.ulasimplatformu.com\/index.php\/wp-json\/wp\/v2\/posts\/1132\/revisions\/1137"}],"wp:featuredmedia":[{"embeddable":true,"href":"http:\/\/blog.ulasimplatformu.com\/index.php\/wp-json\/wp\/v2\/media\/1134"}],"wp:attachment":[{"href":"http:\/\/blog.ulasimplatformu.com\/index.php\/wp-json\/wp\/v2\/media?parent=1132"}],"wp:term":[{"taxonomy":"category","embeddable":true,"href":"http:\/\/blog.ulasimplatformu.com\/index.php\/wp-json\/wp\/v2\/categories?post=1132"},{"taxonomy":"post_tag","embeddable":true,"href":"http:\/\/blog.ulasimplatformu.com\/index.php\/wp-json\/wp\/v2\/tags?post=1132"}],"curies":[{"name":"wp","href":"https:\/\/api.w.org\/{rel}","templated":true}]}}