{"id":1149,"date":"2020-07-25T19:23:47","date_gmt":"2020-07-25T16:23:47","guid":{"rendered":"http:\/\/blog.ulasimplatformu.com\/?p=1149"},"modified":"2020-07-25T19:23:54","modified_gmt":"2020-07-25T16:23:54","slug":"tofastan-saglik-onlemleri-kapsaminda-oncu-hareket","status":"publish","type":"post","link":"http:\/\/blog.ulasimplatformu.com\/index.php\/2020\/07\/25\/tofastan-saglik-onlemleri-kapsaminda-oncu-hareket\/","title":{"rendered":"Tofa\u015f\u2019tan Sa\u011fl\u0131k \u00d6nlemleri Kapsam\u0131nda \u00d6nc\u00fc Hareket"},"content":{"rendered":"\n<p><strong>Tofa\u015f ve T\u00fcrk Standardlar\u0131 Enstit\u00fcs\u00fc Aras\u0131nda \u201c<\/strong><strong>G\u00fcvenli Hizmet Sertifikas\u0131\u201d \u0130\u015f Birli\u011fi Protokol\u00fc \u0130mzaland\u0131!<\/strong><\/p>\n\n\n\n<p><strong>Tofa\u015f ile T\u00fcrk Standardlar\u0131 Enstit\u00fcs\u00fc (TSE) aras\u0131nda, \u201c<\/strong><strong>G\u00fcvenli Hizmet Sertifikas\u0131\u201d i\u015f birli\u011fi protokol\u00fc imzaland\u0131. Pandemi d\u00f6nemi ile birlikte ya\u015fanan zorlu s\u00fcre\u00e7te kurulu\u015flar\u0131n sunduklar\u0131 hizmetlerin her a\u015famas\u0131nda sa\u011fl\u0131k \u00f6nlemlerini \u00f6n planda tutan ve belgelendirmeyi hedefleyen protokolde Tofa\u015f, sekt\u00f6rde hayata ge\u00e7irdi\u011fi ilklere bir yenisini daha ekleyerek \u201cG\u00fcvenli \u0130\u015fe D\u00f6n\u00fc\u015f Rehberi\u201d ile belirlenen kriterlerin bayi ve servislerde uygulanmas\u0131 noktas\u0131nda da \u00f6nc\u00fc rol \u00fcstlendi.<\/strong><\/p>\n\n\n\n<p><strong>T\u00fcrkiye otomotiv end\u00fcstrisinde yar\u0131m asr\u0131 geride b\u0131rakan Tofa\u015f ile T\u00fcrk Standardlar\u0131 Enstit\u00fcs\u00fc (TSE) aras\u0131nda \u201cG\u00fcvenli Hizmet Sertifikas\u0131\u201d i\u015f birli\u011fi protokol\u00fc imzaland\u0131. \u0130mzalanan \u201cG\u00fcvenli Hizmet\u201d ve \u201cG\u00fcvenli \u00dcretim\u201d sertifika protokolleri ile \u00fcretimden servise kadar olan t\u00fcm s\u00fcre\u00e7lerde sa\u011fl\u0131k \u00f6nlemlerinin \u00f6n planda tutulmas\u0131 ve belgelendirilmesi hedeflendi. T\u00fcrk Standardlar\u0131 Enstit\u00fcs\u00fc taraf\u0131ndan haz\u0131rlanan \u201cCOVID-19 Hijyen, Enfeksiyon \u00d6nleme ve Kontrol K\u0131lavuzu ve Belgelendirme program\u0131\u201d \u00e7er\u00e7evesinde ya\u015famakta oldu\u011fumuz bu zorlu s\u00fcre\u00e7te T\u00fcrkiye\u2019nin, \u00f6ncesindeki kazan\u0131mlar\u0131na yeniden d\u00f6nebilmesi, kurulu\u015flar\u0131n sa\u011fl\u0131k \u00f6nlemleri a\u00e7\u0131s\u0131ndan g\u00fcvenle tercih edilebilmesi ama\u00e7lan\u0131yor. Bu kapsamda da \u201cG\u00fcvenli Hizmet Sertifikas\u0131\u201d ile hizmetlerin b\u00fct\u00fcn a\u015famalar\u0131nda kalite altyap\u0131s\u0131n\u0131n \u00fclke yarar\u0131na geli\u015fmesini sa\u011flamak ve destek olmak amac\u0131 ile belgelendirme ve e\u011fitim alanlar\u0131nda i\u015fbirli\u011finin geli\u015ftirilmesi planlan\u0131yor.<\/strong><\/p>\n\n\n\n<p><strong>Fiat, Alfa Romeo ve Jeep bayileri \u2018G\u00fcvenli Hizmet Sertifikas\u0131\u2019na sahip olacak<\/strong><\/p>\n\n\n\n<p><strong>TSE, Haziran ay\u0131nda Tofa\u015f Fabrikas\u0131 i\u00e7in \u201cG\u00fcvenli \u00dcretim Sertifikas\u0131\u201d kapsam\u0131nda incelemelerde bulundu. \u0130ncelemelerin ard\u0131ndan Tofa\u015f Fabrikas\u0131 sertifika almaya hak kazand\u0131. Fabrika kapsam\u0131ndaki sertifikasyon s\u00fcrecinin akabinde, Tofa\u015f\u2019\u0131n temsil etmekte oldu\u011fu Fiat, Fiat Professional, Alfa Romeo ve Jeep yetkili sat\u0131\u015f ve servis noktalar\u0131n\u0131 kapsayan \u2018G\u00fcvenli Hizmet Sertifikas\u0131\u2019 \u0130\u015f birli\u011fi Protokol\u00fc TSE Genel Sekreteri Aykut K\u0131rba\u015f ve Tofa\u015f Sat\u0131\u015f Direkt\u00f6r\u00fc Mahmut Karacan\u2019\u0131n kat\u0131l\u0131m\u0131yla imzaland\u0131.<\/strong><\/p>\n\n\n\n<p><strong>Protokol kapsam\u0131nda Tofa\u015f \u201cG\u00fcvenli \u0130\u015fe D\u00f6n\u00fc\u015f Rehberi\u201d ile belirlenen kriterlerin bayi ve servislerde uygulanmas\u0131 konusunda \u00f6nc\u00fc rol \u00fcstlendi. Tofa\u015f\u2019\u0131n \u00fclkemizde temsil etmekte oldu\u011fu Fiat, Alfa Romeo ve Jeep markalar\u0131n\u0131n protokol kapsam\u0131nda belirlenen kriterlere uyan bayi ve servisleri, ilgili sertifikaya sahip olacaklar. Ayr\u0131ca protokol kapsam\u0131nda TSE\u2019nin g\u00f6rev alanlar\u0131nda ya da taraflar\u0131n mutab\u0131k kalaca\u011f\u0131 alanlarda e\u011fitim programlar\u0131n\u0131n da d\u00fczenlenmesi planlan\u0131yor. T\u00fcketiciler de ara\u00e7 almak ya da incelemek i\u00e7in ziyaret ettikleri servis ve bayilerin hangi kriterleri hayata ge\u00e7irdiklerini TSE sertifikas\u0131 ile \u00f6\u011frenebilecek.<\/strong><\/p>\n\n\n\n<figure class=\"wp-block-gallery columns-2 is-cropped\"><ul class=\"blocks-gallery-grid\"><li class=\"blocks-gallery-item\"><figure><img loading=\"lazy\" width=\"1024\" height=\"682\" src=\"http:\/\/blog.ulasimplatformu.com\/wp-content\/uploads\/2020\/07\/Mahmut-Karacan-Aykut-K\u0131rba\u015f-2-1024x682.jpg\" alt=\"\" data-id=\"1148\" data-full-url=\"http:\/\/blog.ulasimplatformu.com\/wp-content\/uploads\/2020\/07\/Mahmut-Karacan-Aykut-K\u0131rba\u015f-2-scaled.jpg\" data-link=\"http:\/\/blog.ulasimplatformu.com\/?attachment_id=1148\" class=\"wp-image-1148\" srcset=\"http:\/\/blog.ulasimplatformu.com\/wp-content\/uploads\/2020\/07\/Mahmut-Karacan-Aykut-K\u0131rba\u015f-2-1024x682.jpg 1024w, http:\/\/blog.ulasimplatformu.com\/wp-content\/uploads\/2020\/07\/Mahmut-Karacan-Aykut-K\u0131rba\u015f-2-300x200.jpg 300w, http:\/\/blog.ulasimplatformu.com\/wp-content\/uploads\/2020\/07\/Mahmut-Karacan-Aykut-K\u0131rba\u015f-2-768x511.jpg 768w, http:\/\/blog.ulasimplatformu.com\/wp-content\/uploads\/2020\/07\/Mahmut-Karacan-Aykut-K\u0131rba\u015f-2-1536x1023.jpg 1536w, http:\/\/blog.ulasimplatformu.com\/wp-content\/uploads\/2020\/07\/Mahmut-Karacan-Aykut-K\u0131rba\u015f-2-2048x1364.jpg 2048w\" sizes=\"(max-width: 1024px) 100vw, 1024px\" \/><\/figure><\/li><li class=\"blocks-gallery-item\"><figure><img loading=\"lazy\" width=\"1024\" height=\"681\" src=\"http:\/\/blog.ulasimplatformu.com\/wp-content\/uploads\/2020\/07\/Mahmut-Karacan-Aykut-K\u0131rba\u015f-1024x681.jpg\" alt=\"\" data-id=\"1147\" data-full-url=\"http:\/\/blog.ulasimplatformu.com\/wp-content\/uploads\/2020\/07\/Mahmut-Karacan-Aykut-K\u0131rba\u015f-scaled.jpg\" data-link=\"http:\/\/blog.ulasimplatformu.com\/?attachment_id=1147\" class=\"wp-image-1147\" srcset=\"http:\/\/blog.ulasimplatformu.com\/wp-content\/uploads\/2020\/07\/Mahmut-Karacan-Aykut-K\u0131rba\u015f-1024x681.jpg 1024w, http:\/\/blog.ulasimplatformu.com\/wp-content\/uploads\/2020\/07\/Mahmut-Karacan-Aykut-K\u0131rba\u015f-300x200.jpg 300w, http:\/\/blog.ulasimplatformu.com\/wp-content\/uploads\/2020\/07\/Mahmut-Karacan-Aykut-K\u0131rba\u015f-768x511.jpg 768w, http:\/\/blog.ulasimplatformu.com\/wp-content\/uploads\/2020\/07\/Mahmut-Karacan-Aykut-K\u0131rba\u015f-1536x1022.jpg 1536w, http:\/\/blog.ulasimplatformu.com\/wp-content\/uploads\/2020\/07\/Mahmut-Karacan-Aykut-K\u0131rba\u015f-2048x1363.jpg 2048w\" sizes=\"(max-width: 1024px) 100vw, 1024px\" \/><\/figure><\/li><\/ul><figcaption class=\"blocks-gallery-caption\"><br><\/figcaption><\/figure>\n","protected":false},"excerpt":{"rendered":"<p>Tofa\u015f ve T\u00fcrk Standardlar\u0131 Enstit\u00fcs\u00fc Aras\u0131nda \u201cG\u00fcvenli Hizmet Sertifikas\u0131\u201d \u0130\u015f Birli\u011fi Protokol\u00fc \u0130mzaland\u0131! Tofa\u015f ile T\u00fcrk Standardlar\u0131 Enstit\u00fcs\u00fc (TSE) aras\u0131nda, \u201cG\u00fcvenli Hizmet Sertifikas\u0131\u201d i\u015f birli\u011fi protokol\u00fc imzaland\u0131. Pandemi d\u00f6nemi ile birlikte ya\u015fanan zorlu s\u00fcre\u00e7te kurulu\u015flar\u0131n sunduklar\u0131 hizmetlerin her a\u015famas\u0131nda sa\u011fl\u0131k \u00f6nlemlerini \u00f6n planda tutan ve belgelendirmeyi hedefleyen protokolde Tofa\u015f, sekt\u00f6rde hayata ge\u00e7irdi\u011fi ilklere bir yenisini [&hellip;]<\/p>\n","protected":false},"author":4,"featured_media":1139,"comment_status":"open","ping_status":"open","sticky":false,"template":"","format":"standard","meta":{"tdm_status":"","tdm_grid_status":"","spay_email":""},"categories":[25],"tags":[76,78,77,73,74,75,72,62],"jetpack_featured_media_url":"http:\/\/blog.ulasimplatformu.com\/wp-content\/uploads\/2020\/07\/2-1.jpg","jetpack_sharing_enabled":true,"amp_enabled":true,"_links":{"self":[{"href":"http:\/\/blog.ulasimplatformu.com\/index.php\/wp-json\/wp\/v2\/posts\/1149"}],"collection":[{"href":"http:\/\/blog.ulasimplatformu.com\/index.php\/wp-json\/wp\/v2\/posts"}],"about":[{"href":"http:\/\/blog.ulasimplatformu.com\/index.php\/wp-json\/wp\/v2\/types\/post"}],"author":[{"embeddable":true,"href":"http:\/\/blog.ulasimplatformu.com\/index.php\/wp-json\/wp\/v2\/users\/4"}],"replies":[{"embeddable":true,"href":"http:\/\/blog.ulasimplatformu.com\/index.php\/wp-json\/wp\/v2\/comments?post=1149"}],"version-history":[{"count":1,"href":"http:\/\/blog.ulasimplatformu.com\/index.php\/wp-json\/wp\/v2\/posts\/1149\/revisions"}],"predecessor-version":[{"id":1150,"href":"http:\/\/blog.ulasimplatformu.com\/index.php\/wp-json\/wp\/v2\/posts\/1149\/revisions\/1150"}],"wp:featuredmedia":[{"embeddable":true,"href":"http:\/\/blog.ulasimplatformu.com\/index.php\/wp-json\/wp\/v2\/media\/1139"}],"wp:attachment":[{"href":"http:\/\/blog.ulasimplatformu.com\/index.php\/wp-json\/wp\/v2\/media?parent=1149"}],"wp:term":[{"taxonomy":"category","embeddable":true,"href":"http:\/\/blog.ulasimplatformu.com\/index.php\/wp-json\/wp\/v2\/categories?post=1149"},{"taxonomy":"post_tag","embeddable":true,"href":"http:\/\/blog.ulasimplatformu.com\/index.php\/wp-json\/wp\/v2\/tags?post=1149"}],"curies":[{"name":"wp","href":"https:\/\/api.w.org\/{rel}","templated":true}]}}