{"id":1155,"date":"2020-07-25T19:32:32","date_gmt":"2020-07-25T16:32:32","guid":{"rendered":"http:\/\/blog.ulasimplatformu.com\/?p=1155"},"modified":"2020-07-25T19:32:39","modified_gmt":"2020-07-25T16:32:39","slug":"evden-otomobil-sarj-edilir-de-otomobilden-ev-sarj-edilir-mi","status":"publish","type":"post","link":"http:\/\/blog.ulasimplatformu.com\/index.php\/2020\/07\/25\/evden-otomobil-sarj-edilir-de-otomobilden-ev-sarj-edilir-mi\/","title":{"rendered":"Evden otomobil \u015farj edilir de Otomobilden ev \u015farj edilir mi"},"content":{"rendered":"\n<p><strong>Audi ve enerji y\u00f6netim ve da\u011f\u0131t\u0131m \u015firket Hager Group, e-tron modellerinin bir enerji ta\u015f\u0131ma ve enerji transfer arac\u0131 olarak da kullan\u0131lmas\u0131 amac\u0131yla bir i\u015fbirli\u011fine gitti. \u0130ki kurumun \u00f6ng\u00f6r\u00fcs\u00fcne g\u00f6re e-tron modelleri, \u00e7ift tarafl\u0131 \u015farj sistemi ile (bidirectional charging) bataryalar\u0131nda depolad\u0131klar\u0131 enerjiyi, ihtiya\u00e7 halinde kullan\u0131ma a\u00e7abilir. Ara\u015ft\u0131rmac\u0131lara g\u00f6re tam \u015farj olmu\u015f bir Audi e-tron, bir hanenin 1 haftal\u0131k enerji ihtiyac\u0131n\u0131 kar\u015f\u0131layabilir.<\/strong><\/p>\n\n\n\n<p>D\u00fcnya genelinde elektrikli otomobillere talep artt\u0131k\u00e7a, ba\u015fta mobil olmak \u00fczere enerji depolama birimlerine ve yarat\u0131c\u0131 \u00e7\u00f6z\u00fcmlere de talep art\u0131yor. Elektrikli otomobillerin arz\u0131n\u0131n ve talebinin gelecekte katlanarak artaca\u011f\u0131 g\u00f6z \u00f6n\u00fcne al\u0131nd\u0131\u011f\u0131nda, enerji depolama sistemlerinin ve kapasitelerinin de ak\u0131ll\u0131ca kullan\u0131lmas\u0131 zorunlulu\u011fu ortaya \u00e7\u0131k\u0131yor. Audi ve enerji y\u00f6netim ve da\u011f\u0131t\u0131m \u00e7\u00f6z\u00fcmleri sunan Hager Group, Audi\u2019nin elektrikli otomobil ailesi e-tron\u2019lar\u0131n \u00e7ift tarafl\u0131 \u015farj (bidirectional charging) sistemine adapte olmas\u0131 i\u00e7in bir projeye ba\u015flad\u0131.<\/p>\n\n\n\n<p>Audi AG \u00c7ift Tarafl\u0131 \u015earj Sistemleri Teknik Proje Y\u00f6neticisi Direkt\u00f6r\u00fc Martin Dehm i\u015fbirli\u011fini \u015f\u00f6yle a\u00e7\u0131kl\u0131yor; \u201cElektromobilite, otomotiv sekt\u00f6r\u00fc ile enerji sekt\u00f6r\u00fcn\u00fc hi\u00e7 olmad\u0131\u011f\u0131 kadar birbirine yakla\u015ft\u0131r\u0131yor. Bir Audi e-tron\u2019un bataryas\u0131, tek ba\u015f\u0131na ortalama bir hanenin 1 haftal\u0131k elektrik enerjisi ihtiyac\u0131n kar\u015f\u0131layabilir. Gelecekte bu potansiyeli herkesin eri\u015fimine a\u00e7may\u0131 ve elektrikli otomobillerin enerji transfer zincirinin aktif bir par\u00e7as\u0131 olabilece\u011fini d\u00fc\u015f\u00fcn\u00fcyoruz. Elektrikli otomobiller tekerlekli enerji depolama ara\u00e7lar\u0131 olabilir\u201d<\/p>\n\n\n\n<p>Asl\u0131nda fikir \u00e7ok basit: Bir elektrikli otomobilin bataryas\u0131, eve monte edilen enerji sistemiyle h\u0131zl\u0131ca \u015farj edilebiliyorken, neden arac\u0131n bataryas\u0131ndaki enerji de eve geri verilmesin? Kullan\u0131c\u0131n\u0131n elektrik enerjisini g\u00fcne\u015f enerjisi ile elde etti\u011fi durumlarda, elektrikli otomobil de bu enerjiyi saklayan bir batarya olarak kullan\u0131labilir. B\u00f6ylece g\u00fcne\u015f \u0131\u015f\u0131nlar\u0131n\u0131n olmad\u0131\u011f\u0131 kapal\u0131 havalarda, otomobilde depolanan enerji evin kullan\u0131m\u0131na a\u00e7\u0131labilir.<\/p>\n\n\n\n<p>Ancak fikir ne kadar basit olursa olsun hayata ge\u00e7irmek i\u00e7in y\u00fcksek teknolojik birikim ve bir\u00e7ok farkl\u0131 teknik birimin, altyap\u0131 sistemlerinin koordineli olarak \u00e7al\u0131\u015fmas\u0131 gerekiyor. Ara\u015ft\u0131rmac\u0131lar projelerinde yak\u0131n bir gelecekte seri \u00fcretimde kullan\u0131lacak bir e-tron \u015farj \u00fcnitesini kullan\u0131yor.<\/p>\n\n\n\n<figure class=\"wp-block-gallery columns-2 is-cropped\"><ul class=\"blocks-gallery-grid\"><li class=\"blocks-gallery-item\"><figure><img loading=\"lazy\" width=\"1024\" height=\"683\" src=\"http:\/\/blog.ulasimplatformu.com\/wp-content\/uploads\/2020\/07\/1595590090_Audi_e_tron__1_-1024x683.jpg\" alt=\"\" data-id=\"1142\" data-full-url=\"http:\/\/blog.ulasimplatformu.com\/wp-content\/uploads\/2020\/07\/1595590090_Audi_e_tron__1_-scaled.jpg\" data-link=\"http:\/\/blog.ulasimplatformu.com\/?attachment_id=1142\" class=\"wp-image-1142\" srcset=\"http:\/\/blog.ulasimplatformu.com\/wp-content\/uploads\/2020\/07\/1595590090_Audi_e_tron__1_-1024x683.jpg 1024w, http:\/\/blog.ulasimplatformu.com\/wp-content\/uploads\/2020\/07\/1595590090_Audi_e_tron__1_-300x200.jpg 300w, http:\/\/blog.ulasimplatformu.com\/wp-content\/uploads\/2020\/07\/1595590090_Audi_e_tron__1_-768x512.jpg 768w, http:\/\/blog.ulasimplatformu.com\/wp-content\/uploads\/2020\/07\/1595590090_Audi_e_tron__1_-1536x1024.jpg 1536w, http:\/\/blog.ulasimplatformu.com\/wp-content\/uploads\/2020\/07\/1595590090_Audi_e_tron__1_-2048x1365.jpg 2048w\" sizes=\"(max-width: 1024px) 100vw, 1024px\" \/><\/figure><\/li><li class=\"blocks-gallery-item\"><figure><img loading=\"lazy\" width=\"1024\" height=\"724\" src=\"http:\/\/blog.ulasimplatformu.com\/wp-content\/uploads\/2020\/07\/1595590079_Audi_e_tron__2_-1024x724.jpg\" alt=\"\" data-id=\"1141\" data-full-url=\"http:\/\/blog.ulasimplatformu.com\/wp-content\/uploads\/2020\/07\/1595590079_Audi_e_tron__2_-scaled.jpg\" data-link=\"http:\/\/blog.ulasimplatformu.com\/?attachment_id=1141\" class=\"wp-image-1141\" srcset=\"http:\/\/blog.ulasimplatformu.com\/wp-content\/uploads\/2020\/07\/1595590079_Audi_e_tron__2_-1024x724.jpg 1024w, http:\/\/blog.ulasimplatformu.com\/wp-content\/uploads\/2020\/07\/1595590079_Audi_e_tron__2_-300x212.jpg 300w, http:\/\/blog.ulasimplatformu.com\/wp-content\/uploads\/2020\/07\/1595590079_Audi_e_tron__2_-768x543.jpg 768w, http:\/\/blog.ulasimplatformu.com\/wp-content\/uploads\/2020\/07\/1595590079_Audi_e_tron__2_-1536x1086.jpg 1536w, http:\/\/blog.ulasimplatformu.com\/wp-content\/uploads\/2020\/07\/1595590079_Audi_e_tron__2_-2048x1448.jpg 2048w\" sizes=\"(max-width: 1024px) 100vw, 1024px\" \/><figcaption class=\"blocks-gallery-item__caption\"><br><\/figcaption><\/figure><\/li><\/ul><figcaption class=\"blocks-gallery-caption\"><br><br><\/figcaption><\/figure>\n","protected":false},"excerpt":{"rendered":"<p>Audi ve enerji y\u00f6netim ve da\u011f\u0131t\u0131m \u015firket Hager Group, e-tron modellerinin bir enerji ta\u015f\u0131ma ve enerji transfer arac\u0131 olarak da kullan\u0131lmas\u0131 amac\u0131yla bir i\u015fbirli\u011fine gitti. \u0130ki kurumun \u00f6ng\u00f6r\u00fcs\u00fcne g\u00f6re e-tron modelleri, \u00e7ift tarafl\u0131 \u015farj sistemi ile (bidirectional charging) bataryalar\u0131nda depolad\u0131klar\u0131 enerjiyi, ihtiya\u00e7 halinde kullan\u0131ma a\u00e7abilir. Ara\u015ft\u0131rmac\u0131lara g\u00f6re tam \u015farj olmu\u015f bir Audi e-tron, bir hanenin [&hellip;]<\/p>\n","protected":false},"author":4,"featured_media":1141,"comment_status":"open","ping_status":"open","sticky":false,"template":"","format":"standard","meta":{"tdm_status":"","tdm_grid_status":"","spay_email":""},"categories":[2],"tags":[88,89,93,90,92,94,91,72,62],"jetpack_featured_media_url":"http:\/\/blog.ulasimplatformu.com\/wp-content\/uploads\/2020\/07\/1595590079_Audi_e_tron__2_-scaled.jpg","jetpack_sharing_enabled":true,"amp_enabled":true,"_links":{"self":[{"href":"http:\/\/blog.ulasimplatformu.com\/index.php\/wp-json\/wp\/v2\/posts\/1155"}],"collection":[{"href":"http:\/\/blog.ulasimplatformu.com\/index.php\/wp-json\/wp\/v2\/posts"}],"about":[{"href":"http:\/\/blog.ulasimplatformu.com\/index.php\/wp-json\/wp\/v2\/types\/post"}],"author":[{"embeddable":true,"href":"http:\/\/blog.ulasimplatformu.com\/index.php\/wp-json\/wp\/v2\/users\/4"}],"replies":[{"embeddable":true,"href":"http:\/\/blog.ulasimplatformu.com\/index.php\/wp-json\/wp\/v2\/comments?post=1155"}],"version-history":[{"count":1,"href":"http:\/\/blog.ulasimplatformu.com\/index.php\/wp-json\/wp\/v2\/posts\/1155\/revisions"}],"predecessor-version":[{"id":1156,"href":"http:\/\/blog.ulasimplatformu.com\/index.php\/wp-json\/wp\/v2\/posts\/1155\/revisions\/1156"}],"wp:featuredmedia":[{"embeddable":true,"href":"http:\/\/blog.ulasimplatformu.com\/index.php\/wp-json\/wp\/v2\/media\/1141"}],"wp:attachment":[{"href":"http:\/\/blog.ulasimplatformu.com\/index.php\/wp-json\/wp\/v2\/media?parent=1155"}],"wp:term":[{"taxonomy":"category","embeddable":true,"href":"http:\/\/blog.ulasimplatformu.com\/index.php\/wp-json\/wp\/v2\/categories?post=1155"},{"taxonomy":"post_tag","embeddable":true,"href":"http:\/\/blog.ulasimplatformu.com\/index.php\/wp-json\/wp\/v2\/tags?post=1155"}],"curies":[{"name":"wp","href":"https:\/\/api.w.org\/{rel}","templated":true}]}}