{"id":1157,"date":"2020-07-27T17:58:48","date_gmt":"2020-07-27T14:58:48","guid":{"rendered":"http:\/\/blog.ulasimplatformu.com\/?p=1157"},"modified":"2020-07-27T17:58:55","modified_gmt":"2020-07-27T14:58:55","slug":"kurban-bayrami-arac-kiralama-taleplerini-arttirdi","status":"publish","type":"post","link":"http:\/\/blog.ulasimplatformu.com\/index.php\/2020\/07\/27\/kurban-bayrami-arac-kiralama-taleplerini-arttirdi\/","title":{"rendered":"Kurban Bayram\u0131 Ara\u00e7 Kiralama Taleplerini Artt\u0131rd\u0131"},"content":{"rendered":"\n<p><strong>BAYRAMDA YAKLA\u015eIK 40 B\u0130N K\u0130\u015e\u0130 YOLCU360 \u0130LE YOLLARDA OLACAK<\/strong><\/p>\n\n\n\n<p><strong>Geni\u015f portf\u00f6y\u00fc ve kar\u015f\u0131la\u015ft\u0131rmal\u0131 \u00e7\u00f6z\u00fcmleriyle misafirlerine en uygun arac\u0131 kolayl\u0131kla se\u00e7me \u015fans\u0131 tan\u0131yan ara\u00e7 kiralama platformu Yolcu360, Kurban Bayram\u0131 seyahatlerinde toplu ta\u015f\u0131ma yerine bireysel kiralamay\u0131 tercih edenlerin ilk tercihi oldu. Site trafi\u011fi y\u0131ll\u0131k 20 milyon ki\u015fiye ula\u015fan, global internet \u00f6l\u00e7me ve kar\u015f\u0131la\u015ft\u0131rma sitesi Similarweb.com ara\u00e7 kiralama kategorisi s\u0131ralamas\u0131na g\u00f6re d\u00fcnyada 22\u2019inci, T\u00fcrkiye\u2019de ise ilk s\u0131raya yerle\u015fen platformun; bayram d\u00f6nemi i\u00e7in ekosisteminde bulunan ara\u00e7lar\u0131n\u0131n y\u00fczde 99\u2019u yollarda olacak.\u00a0<\/strong><\/p>\n\n\n\n<p>Pandemi sonras\u0131nda talep art\u0131\u015f\u0131 ya\u015fayan bireysel ara\u00e7 kiralama sekt\u00f6r\u00fc, Kurban Bayram\u0131\u2019nda da h\u0131z kesmedi. Sadece Haziran ay\u0131nda y\u00fczde 60 y\u00fckseli\u015f ya\u015fayan bireysel ara\u00e7 kiralama pazar\u0131, bayram tatilini de\u011ferlendirmek isteyenlerin de ilk tercihi oldu.&nbsp;<\/p>\n\n\n\n<p>Geni\u015f portf\u00f6y\u00fc ve kar\u015f\u0131la\u015ft\u0131rmal\u0131 \u00e7\u00f6z\u00fcmleriyle misafirlerine en uygun arac\u0131 kolayl\u0131kla se\u00e7me \u015fans\u0131 tan\u0131yan ara\u00e7 kiralama platformu Yolcu360, bayram d\u00f6nemi i\u00e7in ekosisteminde bulunan ara\u00e7lar\u0131n y\u00fczde 99\u2019unu kiralad\u0131. Bu bayram yakla\u015f\u0131k 10 bin kiral\u0131k ara\u00e7 ile yollarda olacak Yolcu360, ortalama 40 bin ki\u015fiyi sevdiklerine, hayal ettikleri yerlere ula\u015ft\u0131racak.&nbsp;<\/p>\n\n\n\n<p>Platformun; farkl\u0131 ya\u015f, tarz ve ihtiya\u00e7lara kar\u015f\u0131l\u0131k veren geni\u015f ara\u00e7 gam\u0131yla \u00f6zel g\u00fcnlerde de kullan\u0131c\u0131lar\u0131n\u0131n yan\u0131nda oldu\u011funu anlatan Yolcu360\u2019\u0131n CEO\u2019su Umut Y\u0131ld\u0131r\u0131m, \u201cYolcu360 internet sitesi ve aplikasyonuna giren kullan\u0131c\u0131lar, binlerce marka ve model aras\u0131ndan kar\u015f\u0131la\u015ft\u0131rma yaparak en uygun fiyat garantisi ile istedikleri arac\u0131 g\u00fcnl\u00fck ya da ayl\u0131k olarak kiralayabiliyor. Site trafi\u011fimiz y\u0131ll\u0131k 20 milyon ki\u015fiye ula\u015ft\u0131. \u015eu s\u0131ralar global internet \u00f6l\u00e7me ve kar\u015f\u0131la\u015ft\u0131rma sitesi Similarweb.com ara\u00e7 kiralama kategorisi s\u0131ralamas\u0131na g\u00f6re d\u00fcnyada 22\u2019inci, T\u00fcrkiye\u2019de ise ilk s\u0131raya yerle\u015ftik. Ne mutlu ki bu ilgi kurban bayram\u0131 d\u00f6neminde de katlanarak artt\u0131. Pandemi nedeniyle toplu ula\u015f\u0131m\u0131 tercih etmeyen kullan\u0131c\u0131lar\u0131m\u0131z taraf\u0131ndan ara\u00e7 filomuzun tamam\u0131na yak\u0131n\u0131 kiraland\u0131\u201d dedi.&nbsp;<\/p>\n\n\n\n<p><strong>A\u011f\u0131rl\u0131k ekonomi s\u0131n\u0131f\u0131&#8230;<\/strong><\/p>\n\n\n\n<p>Yap\u0131lan ara\u00e7 tercihlerine bak\u0131ld\u0131\u011f\u0131nda a\u011f\u0131rl\u0131kl\u0131 olarak ekonomi grubunun \u00f6n plana \u00e7\u0131kt\u0131\u011f\u0131n\u0131 anlatan Y\u0131ld\u0131r\u0131m, \u201cAra\u00e7 fiyatlar\u0131n\u0131n bayram d\u00f6neminde talepler nedeniyle y\u00fckselmesi sonucu ekonomi s\u0131n\u0131f\u0131na olan ilgi devam etti. Kiralanan ara\u00e7lar\u0131n y\u00fczde 60\u2019\u0131 ekonomi grubundan. \u015eu an Kurban Bayram\u0131 i\u00e7in yap\u0131lan t\u00fcm i\u015flemlerin ortalama g\u00fcnl\u00fck miktar\u0131 240 TL olarak g\u00f6r\u00fcn\u00fcyor. G\u00fcn say\u0131s\u0131 artt\u0131k\u00e7a bu ortalama tutarlar y\u00fczde 25 ila 30 oran\u0131nda azal\u0131yor. Kiralama s\u00fcre verilerinin ise 4 ila 8 g\u00fcn aras\u0131nda yo\u011funla\u015ft\u0131\u011f\u0131n\u0131 g\u00f6zlemliyoruz\u201d dedi.&nbsp;<\/p>\n\n\n\n<p>Ge\u00e7ti\u011fimiz seneye g\u00f6re platform trafiklerinin y\u00fczde 130 oran\u0131nda y\u00fckseldi\u011fini belirten Y\u0131ld\u0131r\u0131m talebi kar\u015f\u0131lamak ad\u0131na 7\/24 \u00e7al\u0131\u015ft\u0131klar\u0131n\u0131 anlat\u0131yor. Y\u0131ld\u0131r\u0131m: \u201cKullan\u0131c\u0131lar\u0131m\u0131z\u0131n isteklerine cevap vermek i\u00e7in Misafir Merkezimiz hafta boyunca 24 saat \u00e7al\u0131\u015f\u0131yor. \u00d6zelikle bayram d\u00f6nemlerinde blogumuzda da ziyaret\u00e7i y\u00fckseli\u015fi ya\u015f\u0131yoruz. K\u00f6pr\u00fc ge\u00e7i\u015f \u00fccretleri, levha i\u015faretleri, h\u0131z s\u0131n\u0131r\u0131 limitleri gibi i\u00e7eriklerimiz en \u00e7ok okunan yaz\u0131lar olarak \u00f6n plana \u00e7\u0131k\u0131yor. \u0130lk g\u00fcnden bu yana \u2018misafir mutlulu\u011fu\u2019 odakl\u0131 hareket ediyoruz ve Yolcu360\u2019\u0131 ara\u00e7 kiralama sekt\u00f6r\u00fcn\u00fcn daimi a\u00e7\u0131k pazaryeri olarak g\u00f6r\u00fcyoruz. Bu mutlulu\u011fu sa\u011flaman\u0131n yolu da onlar\u0131n beklenti ve isteklerine kulak vermekten, ihtiya\u00e7lar\u0131na en uygun \u00e7\u00f6z\u00fcmleri sunmaktan ge\u00e7iyor\u201d.<\/p>\n\n\n\n<p>Yolcu360 hakk\u0131nda daha geni\u015f bilgi ve ara\u00e7 kiralama se\u00e7enekleri i\u00e7in www.yolcu360.com adresi ziyaret edilebilir.<\/p>\n\n\n\n<figure class=\"wp-block-image size-large\"><img loading=\"lazy\" width=\"1024\" height=\"724\" src=\"http:\/\/blog.ulasimplatformu.com\/wp-content\/uploads\/2020\/07\/1595839126_Yolcu360_Desktop.jpg_1-1024x724.jpg\" alt=\"\" class=\"wp-image-1159\" srcset=\"http:\/\/blog.ulasimplatformu.com\/wp-content\/uploads\/2020\/07\/1595839126_Yolcu360_Desktop.jpg_1-1024x724.jpg 1024w, http:\/\/blog.ulasimplatformu.com\/wp-content\/uploads\/2020\/07\/1595839126_Yolcu360_Desktop.jpg_1-300x212.jpg 300w, http:\/\/blog.ulasimplatformu.com\/wp-content\/uploads\/2020\/07\/1595839126_Yolcu360_Desktop.jpg_1-768x543.jpg 768w, http:\/\/blog.ulasimplatformu.com\/wp-content\/uploads\/2020\/07\/1595839126_Yolcu360_Desktop.jpg_1-1536x1086.jpg 1536w, http:\/\/blog.ulasimplatformu.com\/wp-content\/uploads\/2020\/07\/1595839126_Yolcu360_Desktop.jpg_1.jpg 1754w\" sizes=\"(max-width: 1024px) 100vw, 1024px\" \/><\/figure>\n\n\n\n<figure class=\"wp-block-image size-large\"><img loading=\"lazy\" width=\"681\" height=\"1024\" src=\"http:\/\/blog.ulasimplatformu.com\/wp-content\/uploads\/2020\/07\/1595839130_Yolcu360_CEO_UmutYildirim-681x1024.jpg\" alt=\"\" class=\"wp-image-1160\" srcset=\"http:\/\/blog.ulasimplatformu.com\/wp-content\/uploads\/2020\/07\/1595839130_Yolcu360_CEO_UmutYildirim-681x1024.jpg 681w, http:\/\/blog.ulasimplatformu.com\/wp-content\/uploads\/2020\/07\/1595839130_Yolcu360_CEO_UmutYildirim-200x300.jpg 200w, http:\/\/blog.ulasimplatformu.com\/wp-content\/uploads\/2020\/07\/1595839130_Yolcu360_CEO_UmutYildirim-768x1154.jpg 768w, http:\/\/blog.ulasimplatformu.com\/wp-content\/uploads\/2020\/07\/1595839130_Yolcu360_CEO_UmutYildirim-1022x1536.jpg 1022w, http:\/\/blog.ulasimplatformu.com\/wp-content\/uploads\/2020\/07\/1595839130_Yolcu360_CEO_UmutYildirim-1363x2048.jpg 1363w, http:\/\/blog.ulasimplatformu.com\/wp-content\/uploads\/2020\/07\/1595839130_Yolcu360_CEO_UmutYildirim-scaled.jpg 1703w\" sizes=\"(max-width: 681px) 100vw, 681px\" \/><\/figure>\n\n\n\n<figure class=\"wp-block-image size-large\"><img loading=\"lazy\" width=\"1024\" height=\"576\" src=\"http:\/\/blog.ulasimplatformu.com\/wp-content\/uploads\/2020\/07\/1595839134_Yolcu360_App_Gorsel_300dpi-1024x576.jpg\" alt=\"\" class=\"wp-image-1158\" srcset=\"http:\/\/blog.ulasimplatformu.com\/wp-content\/uploads\/2020\/07\/1595839134_Yolcu360_App_Gorsel_300dpi-1024x576.jpg 1024w, http:\/\/blog.ulasimplatformu.com\/wp-content\/uploads\/2020\/07\/1595839134_Yolcu360_App_Gorsel_300dpi-300x169.jpg 300w, http:\/\/blog.ulasimplatformu.com\/wp-content\/uploads\/2020\/07\/1595839134_Yolcu360_App_Gorsel_300dpi-768x432.jpg 768w, http:\/\/blog.ulasimplatformu.com\/wp-content\/uploads\/2020\/07\/1595839134_Yolcu360_App_Gorsel_300dpi-1536x864.jpg 1536w, http:\/\/blog.ulasimplatformu.com\/wp-content\/uploads\/2020\/07\/1595839134_Yolcu360_App_Gorsel_300dpi-2048x1152.jpg 2048w, http:\/\/blog.ulasimplatformu.com\/wp-content\/uploads\/2020\/07\/1595839134_Yolcu360_App_Gorsel_300dpi-390x220.jpg 390w\" sizes=\"(max-width: 1024px) 100vw, 1024px\" \/><\/figure>\n\n\n\n<p><\/p>\n","protected":false},"excerpt":{"rendered":"<p>BAYRAMDA YAKLA\u015eIK 40 B\u0130N K\u0130\u015e\u0130 YOLCU360 \u0130LE YOLLARDA OLACAK Geni\u015f portf\u00f6y\u00fc ve kar\u015f\u0131la\u015ft\u0131rmal\u0131 \u00e7\u00f6z\u00fcmleriyle misafirlerine en uygun arac\u0131 kolayl\u0131kla se\u00e7me \u015fans\u0131 tan\u0131yan ara\u00e7 kiralama platformu Yolcu360, Kurban Bayram\u0131 seyahatlerinde toplu ta\u015f\u0131ma yerine bireysel kiralamay\u0131 tercih edenlerin ilk tercihi oldu. Site trafi\u011fi y\u0131ll\u0131k 20 milyon ki\u015fiye ula\u015fan, global internet \u00f6l\u00e7me ve kar\u015f\u0131la\u015ft\u0131rma sitesi Similarweb.com ara\u00e7 kiralama [&hellip;]<\/p>\n","protected":false},"author":4,"featured_media":1159,"comment_status":"open","ping_status":"open","sticky":false,"template":"","format":"standard","meta":{"tdm_status":"","tdm_grid_status":"","spay_email":""},"categories":[25],"tags":[95,97,72,62,98,96],"jetpack_featured_media_url":"http:\/\/blog.ulasimplatformu.com\/wp-content\/uploads\/2020\/07\/1595839126_Yolcu360_Desktop.jpg_1.jpg","jetpack_sharing_enabled":true,"amp_enabled":true,"_links":{"self":[{"href":"http:\/\/blog.ulasimplatformu.com\/index.php\/wp-json\/wp\/v2\/posts\/1157"}],"collection":[{"href":"http:\/\/blog.ulasimplatformu.com\/index.php\/wp-json\/wp\/v2\/posts"}],"about":[{"href":"http:\/\/blog.ulasimplatformu.com\/index.php\/wp-json\/wp\/v2\/types\/post"}],"author":[{"embeddable":true,"href":"http:\/\/blog.ulasimplatformu.com\/index.php\/wp-json\/wp\/v2\/users\/4"}],"replies":[{"embeddable":true,"href":"http:\/\/blog.ulasimplatformu.com\/index.php\/wp-json\/wp\/v2\/comments?post=1157"}],"version-history":[{"count":1,"href":"http:\/\/blog.ulasimplatformu.com\/index.php\/wp-json\/wp\/v2\/posts\/1157\/revisions"}],"predecessor-version":[{"id":1161,"href":"http:\/\/blog.ulasimplatformu.com\/index.php\/wp-json\/wp\/v2\/posts\/1157\/revisions\/1161"}],"wp:featuredmedia":[{"embeddable":true,"href":"http:\/\/blog.ulasimplatformu.com\/index.php\/wp-json\/wp\/v2\/media\/1159"}],"wp:attachment":[{"href":"http:\/\/blog.ulasimplatformu.com\/index.php\/wp-json\/wp\/v2\/media?parent=1157"}],"wp:term":[{"taxonomy":"category","embeddable":true,"href":"http:\/\/blog.ulasimplatformu.com\/index.php\/wp-json\/wp\/v2\/categories?post=1157"},{"taxonomy":"post_tag","embeddable":true,"href":"http:\/\/blog.ulasimplatformu.com\/index.php\/wp-json\/wp\/v2\/tags?post=1157"}],"curies":[{"name":"wp","href":"https:\/\/api.w.org\/{rel}","templated":true}]}}