{"id":1215,"date":"2020-08-05T12:30:48","date_gmt":"2020-08-05T09:30:48","guid":{"rendered":"http:\/\/blog.ulasimplatformu.com\/?p=1215"},"modified":"2020-08-05T12:33:16","modified_gmt":"2020-08-05T09:33:16","slug":"yildiz-varan-turizm-yollarda","status":"publish","type":"post","link":"http:\/\/blog.ulasimplatformu.com\/index.php\/2020\/08\/05\/yildiz-varan-turizm-yollarda\/","title":{"rendered":"YILDIZ VARAN TUR\u0130ZM YOLLARDA"},"content":{"rendered":"\n<p><strong>Mersin Anamur merkezli firma olan Y\u0131ld\u0131z Varan Turizm seferlerine kald\u0131\u011f\u0131 yerden devam etmeye ba\u015flad\u0131.Sefer listesi ise&nbsp;<\/strong><br><strong>ANTALYA &#8211; ALANYA<\/strong><br><strong>ANTALYA &#8211; \u0130ZM\u0130R<\/strong><br><strong>ANTALYA &#8211; \u00c7ANAKKALE&nbsp;<\/strong><br><strong>ANTALYA &#8211; \u0130STANBUL<\/strong><br><strong>ANTALYA &#8211; BURSA<\/strong><br><strong>seferler bu \u015fekil olup kar\u015f\u0131l\u0131kl\u0131 olarak \u00e7al\u0131\u015facakt\u0131r.Firma sahibi Gani Y\u0131ld\u0131z, ge\u00e7mi\u015fte oldu\u011fu gibi bundan b\u00f6yle de kendimize ait kaliteli ve konforlu otob\u00fcslerimizle Anamurlu hem\u015ferilerimiz ve misafirlerimizin hizmetine kaliteyi ve konforu sunmaya devam edece\u011fiz.\u201d Dedi.<\/strong><br><strong><br>Y\u0131ld\u0131z Varan Turizm Firmas\u0131 sahibi Gani Y\u0131ld\u0131z, t\u00fcm seferlerde, \u015fehit ailesi birinci derece yak\u0131nlar\u0131na \u00fccretsiz hizmet vereceklerini s\u00f6yledi. A\u00e7\u0131klamas\u0131nda, Anamur\u2019un tek yetkili firmas\u0131 olduklar\u0131n\u0131 vurgulayan Y\u0131ld\u0131z, Anamurda ki b\u00fct\u00fcn firmalar\u0131n Y\u0131ld\u0131z Varan Turizme destek verdi\u011finin de alt\u0131n\u0131 \u00e7izdi.<\/strong><\/p>\n\n\n\n<p><strong>17:30\u2019da \u0130zmir, Bursa, Bal\u0131kesir, Samsun ve Ankara seferlerinin de ba\u015flayaca\u011f\u0131n\u0131 s\u00f6yledi. Y\u0131ld\u0131z, Varan Turizmin sahibi Gani Y\u0131ld\u0131z; \u201cAnamur halk\u0131na y\u0131llarca en iyi\u00a0 kalite\u00a0 ve konforu getirerek hizmet ettim. Gelecekte de kendime ait \u00f6z firmam ile yenilik\u00e7i anlay\u0131\u015f, kalite ve konforla hizmet etmeye devam edece\u011fim.\u201d Dedi.<\/strong><\/p>\n\n\n\n<p>Haber-Foto\u011fraf: O\u011fuzhan Aydemir<\/p>\n\n\n\n<figure class=\"wp-block-image size-large\"><img loading=\"lazy\" width=\"1024\" height=\"737\" src=\"http:\/\/blog.ulasimplatformu.com\/wp-content\/uploads\/2020\/08\/20200803_121852-1024x737.jpg\" alt=\"\" class=\"wp-image-1216\" srcset=\"http:\/\/blog.ulasimplatformu.com\/wp-content\/uploads\/2020\/08\/20200803_121852-1024x737.jpg 1024w, http:\/\/blog.ulasimplatformu.com\/wp-content\/uploads\/2020\/08\/20200803_121852-300x216.jpg 300w, http:\/\/blog.ulasimplatformu.com\/wp-content\/uploads\/2020\/08\/20200803_121852-768x553.jpg 768w, http:\/\/blog.ulasimplatformu.com\/wp-content\/uploads\/2020\/08\/20200803_121852-1536x1106.jpg 1536w, http:\/\/blog.ulasimplatformu.com\/wp-content\/uploads\/2020\/08\/20200803_121852.jpg 2000w\" sizes=\"(max-width: 1024px) 100vw, 1024px\" \/><\/figure>\n\n\n\n<figure class=\"wp-block-image size-large\"><img loading=\"lazy\" width=\"1024\" height=\"676\" src=\"http:\/\/blog.ulasimplatformu.com\/wp-content\/uploads\/2020\/08\/20200803_121914-1024x676.jpg\" alt=\"\" class=\"wp-image-1217\" srcset=\"http:\/\/blog.ulasimplatformu.com\/wp-content\/uploads\/2020\/08\/20200803_121914-1024x676.jpg 1024w, http:\/\/blog.ulasimplatformu.com\/wp-content\/uploads\/2020\/08\/20200803_121914-300x198.jpg 300w, http:\/\/blog.ulasimplatformu.com\/wp-content\/uploads\/2020\/08\/20200803_121914-768x507.jpg 768w, http:\/\/blog.ulasimplatformu.com\/wp-content\/uploads\/2020\/08\/20200803_121914-1536x1015.jpg 1536w, http:\/\/blog.ulasimplatformu.com\/wp-content\/uploads\/2020\/08\/20200803_121914.jpg 2000w\" sizes=\"(max-width: 1024px) 100vw, 1024px\" \/><\/figure>\n","protected":false},"excerpt":{"rendered":"<p>Mersin Anamur merkezli firma olan Y\u0131ld\u0131z Varan Turizm seferlerine kald\u0131\u011f\u0131 yerden devam etmeye ba\u015flad\u0131.Sefer listesi ise&nbsp;ANTALYA &#8211; ALANYAANTALYA &#8211; \u0130ZM\u0130RANTALYA &#8211; \u00c7ANAKKALE&nbsp;ANTALYA &#8211; \u0130STANBULANTALYA &#8211; BURSAseferler bu \u015fekil olup kar\u015f\u0131l\u0131kl\u0131 olarak \u00e7al\u0131\u015facakt\u0131r.Firma sahibi Gani Y\u0131ld\u0131z, ge\u00e7mi\u015fte oldu\u011fu gibi bundan b\u00f6yle de kendimize ait kaliteli ve konforlu otob\u00fcslerimizle Anamurlu hem\u015ferilerimiz ve misafirlerimizin hizmetine kaliteyi ve konforu [&hellip;]<\/p>\n","protected":false},"author":4,"featured_media":1217,"comment_status":"open","ping_status":"open","sticky":false,"template":"","format":"standard","meta":{"tdm_status":"","tdm_grid_status":"","spay_email":""},"categories":[29],"tags":[124,6,179,72,62,177,178],"jetpack_featured_media_url":"http:\/\/blog.ulasimplatformu.com\/wp-content\/uploads\/2020\/08\/20200803_121914.jpg","jetpack_sharing_enabled":true,"amp_enabled":true,"_links":{"self":[{"href":"http:\/\/blog.ulasimplatformu.com\/index.php\/wp-json\/wp\/v2\/posts\/1215"}],"collection":[{"href":"http:\/\/blog.ulasimplatformu.com\/index.php\/wp-json\/wp\/v2\/posts"}],"about":[{"href":"http:\/\/blog.ulasimplatformu.com\/index.php\/wp-json\/wp\/v2\/types\/post"}],"author":[{"embeddable":true,"href":"http:\/\/blog.ulasimplatformu.com\/index.php\/wp-json\/wp\/v2\/users\/4"}],"replies":[{"embeddable":true,"href":"http:\/\/blog.ulasimplatformu.com\/index.php\/wp-json\/wp\/v2\/comments?post=1215"}],"version-history":[{"count":2,"href":"http:\/\/blog.ulasimplatformu.com\/index.php\/wp-json\/wp\/v2\/posts\/1215\/revisions"}],"predecessor-version":[{"id":1219,"href":"http:\/\/blog.ulasimplatformu.com\/index.php\/wp-json\/wp\/v2\/posts\/1215\/revisions\/1219"}],"wp:featuredmedia":[{"embeddable":true,"href":"http:\/\/blog.ulasimplatformu.com\/index.php\/wp-json\/wp\/v2\/media\/1217"}],"wp:attachment":[{"href":"http:\/\/blog.ulasimplatformu.com\/index.php\/wp-json\/wp\/v2\/media?parent=1215"}],"wp:term":[{"taxonomy":"category","embeddable":true,"href":"http:\/\/blog.ulasimplatformu.com\/index.php\/wp-json\/wp\/v2\/categories?post=1215"},{"taxonomy":"post_tag","embeddable":true,"href":"http:\/\/blog.ulasimplatformu.com\/index.php\/wp-json\/wp\/v2\/tags?post=1215"}],"curies":[{"name":"wp","href":"https:\/\/api.w.org\/{rel}","templated":true}]}}