{"id":1300,"date":"2020-08-20T09:26:49","date_gmt":"2020-08-20T06:26:49","guid":{"rendered":"http:\/\/blog.ulasimplatformu.com\/?p=1300"},"modified":"2020-08-20T09:26:56","modified_gmt":"2020-08-20T06:26:56","slug":"karsandan-gelecegin-mesleklerine-egitim-destegi","status":"publish","type":"post","link":"http:\/\/blog.ulasimplatformu.com\/index.php\/2020\/08\/20\/karsandan-gelecegin-mesleklerine-egitim-destegi\/","title":{"rendered":"Karsan\u2019dan Gelece\u011fin Mesleklerine E\u011fitim Deste\u011fi"},"content":{"rendered":"\n<p><strong>Karsan Elektrikli Ara\u00e7lar Teknoloji Laboratuvar\u0131 Kuruluyor!<\/strong><\/p>\n\n\n\n<p><strong>Geli\u015ftirdi\u011fi toplu ta\u015f\u0131ma sistemleriyle \u015fehirlere modern \u00e7\u00f6z\u00fcmler sunan ve yar\u0131m asr\u0131 geride b\u0131rakan T\u00fcrkiye\u2019nin yerli \u00fcreticisi Karsan, \u00fcretim ile ihracattaki \u00f6nc\u00fc \u00e7al\u0131\u015fmalar\u0131n\u0131n yan\u0131 s\u0131ra e\u011fitim ve istihdam odakl\u0131 yakla\u015f\u0131m\u0131yla hayata ge\u00e7irdi\u011fi i\u015fbirlikleri ile de \u00f6rnek olmaya devam ediyor. Karsan bu kapsamda; otomotiv sekt\u00f6r\u00fcnde mesleki e\u011fitime katk\u0131 sa\u011flamak amac\u0131yla Bursa Valili\u011fi ve Bursa \u0130l Milli E\u011fitim M\u00fcd\u00fcrl\u00fc\u011f\u00fc ile \u201cMesleki ve Teknik E\u011fitimde \u0130\u015f Birli\u011fi Protokol\u00fc\u201d imzalad\u0131. \u0130mza t\u00f6renine kat\u0131lan Karsan CEO\u2019su Okan Ba\u015f, \u201cElektrikli ara\u00e7lar alan\u0131nda y\u00fcr\u00fctt\u00fc\u011f\u00fcm\u00fcz \u00e7al\u0131\u015fmalar\u0131, bu alanda gelece\u011fin nitelikli insan g\u00fcc\u00fc olacak gen\u00e7lerimiz ile payla\u015facak olman\u0131n heyecan\u0131 ve mutlulu\u011fu i\u00e7indeyiz. Birlikte ataca\u011f\u0131m\u0131z her ad\u0131m\u0131n sekt\u00f6r\u00fcm\u00fcze, kad\u0131n istihdam\u0131na ve \u00fclkemizin gelece\u011fine katma de\u011fer sa\u011flayaca\u011f\u0131na inan\u0131yoruz\u201d dedi. \u0130mzalanan protokol ile \u201cKarsan Elektrikli Ara\u00e7lar Teknoloji Laboratuvar\u0131\u201d kurulmas\u0131 ve bu alanda ihtiya\u00e7 duyulan nitelikli insan g\u00fcc\u00fcn\u00fcn yeti\u015ftirilmesi hedefleniyor.&nbsp;<\/strong><\/p>\n\n\n\n<p>\u00c7a\u011f\u0131n mobilite ihtiya\u00e7lar\u0131na uygun modern toplu ta\u015f\u0131ma ve ticari ara\u00e7 \u00fcretimi ger\u00e7ekle\u015ftiren Karsan, sekt\u00f6rdeki di\u011fer kurum ve kurulu\u015flar i\u00e7in \u00f6rnek te\u015fkil edecek i\u015fbirliklerine bir yenisini daha ekledi. T\u00fcrkiye\u2019nin yerli \u00fcreticisi Karsan bu kapsamda, Bursa Valili\u011fi ve Bursa \u0130l Milli E\u011fitim M\u00fcd\u00fcrl\u00fc\u011f\u00fc ile \u201cMesleki ve Teknik E\u011fitimde \u0130\u015f Birli\u011fi Protokol\u00fc\u201d imzalad\u0131. Bursa Valili\u011fi binas\u0131nda d\u00fczenlenen protokol t\u00f6renine; Bursa Valisi Yakup Canbolat, Bursa \u0130l Milli E\u011fitim M\u00fcd\u00fcr\u00fc Sabahattin D\u00fclger, Karsan CEO\u2019su Okan Ba\u015f, End\u00fcstriyel Operasyonlar Genel M\u00fcd\u00fcr Yard\u0131mc\u0131s\u0131 Alper Bulucu, \u0130nsan Kaynaklar\u0131 M\u00fcd\u00fcr\u00fc M\u00fccahit Korkut ve \u0130l Milli E\u011fitim Mesleki E\u011fitim \u015eube M\u00fcd\u00fcr\u00fc B\u00fclent Alt\u0131nta\u015f kat\u0131ld\u0131.<\/p>\n\n\n\n<p><strong>Karsan\u2019\u0131n \u00f6nc\u00fc i\u015f birlikleri devam edecek!<\/strong><\/p>\n\n\n\n<p>T\u00f6rende konu\u015fan Karsan CEO\u2019su Okan Ba\u015f, yar\u0131m asr\u0131 geride b\u0131rakan Karsan\u2019\u0131n sekt\u00f6rde elde etti\u011fi g\u00fc\u00e7l\u00fc konumun bir\u00e7ok sorumlulu\u011fu da beraberinde getirdi\u011fini vurgulad\u0131. T\u00fcm bu sorumluluklar\u0131ndan yola \u00e7\u0131karak \u00e7al\u0131\u015fma ya\u015fam\u0131nda kad\u0131n erkek e\u015fitli\u011finin geli\u015ftirilmesi i\u00e7in istihdama ve e\u011fitim alan\u0131ndaki i\u015fbirliklerine ara vermeden devam edeceklerini s\u00f6yledi. Bursa Valili\u011fi ve Bursa \u0130l Milli E\u011fitim M\u00fcd\u00fcrl\u00fc\u011f\u00fc ile imzalad\u0131klar\u0131 protokol\u00fcn de Karsan\u2019\u0131n bu amac\u0131ndan yola \u00e7\u0131karak hayata ge\u00e7irdi\u011fi i\u015fbirli\u011finin bir eseri oldu\u011funu vurgulayan Okan Ba\u015f, mesleki e\u011fitimle sekt\u00f6r\u00fc bulu\u015fturarak gelece\u011fe yat\u0131r\u0131m yapan b\u00f6ylesi geni\u015f kapsaml\u0131 bir i\u015fbirli\u011finin taraf\u0131 olmaktan duyduklar\u0131 memnuniyeti dile getirdi. Okan Ba\u015f, \u201cElektrikli ara\u00e7lar alan\u0131nda y\u00fcr\u00fctt\u00fc\u011f\u00fcm\u00fcz \u00e7al\u0131\u015fmalar\u0131, bu alanda gelece\u011fin nitelikli insan g\u00fcc\u00fc olacak gen\u00e7lerimiz ile payla\u015facak olman\u0131n heyecan\u0131 ve mutlulu\u011fu i\u00e7indeyiz. Birlikte ataca\u011f\u0131m\u0131z her ad\u0131m\u0131n sekt\u00f6r\u00fcm\u00fcze, kad\u0131n istihdam\u0131na ve \u00fclkemizin gelece\u011fine katma de\u011fer sa\u011flayaca\u011f\u0131na inan\u0131yoruz\u201d diye konu\u015ftu.<\/p>\n\n\n\n<p><strong>Kad\u0131n istihdam\u0131na da katk\u0131 sa\u011flanacak!<\/strong><\/p>\n\n\n\n<p>S\u00f6z konusu protokol ile \u201cKarsan Elektrikli Ara\u00e7lar Teknoloji Laboratuvar\u0131 kurulmas\u0131\u201d ve bu alanda ihtiya\u00e7 duyulan nitelikli insan g\u00fcc\u00fcn\u00fcn yeti\u015ftirilmesi hedefleniyor. Mesleki ve Teknik Anadolu Liseleri\u2019nin 10. s\u0131n\u0131flar\u0131ndan se\u00e7ilerek e\u011fitim g\u00f6recek 20 \u00f6\u011frencinin en az y\u00fczde 50\u2019sini k\u0131z \u00f6\u011frencilerin olu\u015fturmas\u0131 planlan\u0131rken, \u00e7al\u0131\u015fmayla; yak\u0131n gelece\u011fin kad\u0131n istihdam\u0131n\u0131n art\u0131r\u0131lmas\u0131na \u00f6nc\u00fcl\u00fck etmesi ama\u00e7lan\u0131yor. S\u00f6z konusu i\u015fbirli\u011fi; mezun olana kadar Karsan Elektrikli Ara\u00e7lar Teknoloji Laboratuvar\u0131\u2019nda okuyacak \u00f6\u011frencilerin, gelecekte sekt\u00f6r ve yeni teknolojilere katma de\u011fer yaratacak bireyler olmas\u0131 a\u00e7\u0131s\u0131ndan ayr\u0131 bir \u00f6nem ta\u015f\u0131yor. \u0130mzalanan protokol kapsam\u0131nda; okullarda e\u011fitimi verilen alanlar\u0131 sekt\u00f6rle birlikte tasarlamak ve mezunlar\u0131n i\u015f hayat\u0131na haz\u0131rlanmalar\u0131na destek olunmas\u0131 ama\u00e7lan\u0131yor.<\/p>\n\n\n\n<figure class=\"wp-block-image size-large\"><img loading=\"lazy\" width=\"682\" height=\"1024\" src=\"http:\/\/blog.ulasimplatformu.com\/wp-content\/uploads\/2020\/08\/Okan-Ba\u015f-682x1024.jpg\" alt=\"\" class=\"wp-image-1301\" srcset=\"http:\/\/blog.ulasimplatformu.com\/wp-content\/uploads\/2020\/08\/Okan-Ba\u015f-682x1024.jpg 682w, http:\/\/blog.ulasimplatformu.com\/wp-content\/uploads\/2020\/08\/Okan-Ba\u015f-200x300.jpg 200w, http:\/\/blog.ulasimplatformu.com\/wp-content\/uploads\/2020\/08\/Okan-Ba\u015f-768x1153.jpg 768w, http:\/\/blog.ulasimplatformu.com\/wp-content\/uploads\/2020\/08\/Okan-Ba\u015f-1023x1536.jpg 1023w, http:\/\/blog.ulasimplatformu.com\/wp-content\/uploads\/2020\/08\/Okan-Ba\u015f.jpg 1063w\" sizes=\"(max-width: 682px) 100vw, 682px\" \/><\/figure>\n\n\n\n<figure class=\"wp-block-image size-large\"><img loading=\"lazy\" width=\"1024\" height=\"683\" src=\"http:\/\/blog.ulasimplatformu.com\/wp-content\/uploads\/2020\/08\/Karsan-\u0130mza-T\u00f6reni-1024x683.jpg\" alt=\"\" class=\"wp-image-1304\" srcset=\"http:\/\/blog.ulasimplatformu.com\/wp-content\/uploads\/2020\/08\/Karsan-\u0130mza-T\u00f6reni-1024x683.jpg 1024w, http:\/\/blog.ulasimplatformu.com\/wp-content\/uploads\/2020\/08\/Karsan-\u0130mza-T\u00f6reni-300x200.jpg 300w, http:\/\/blog.ulasimplatformu.com\/wp-content\/uploads\/2020\/08\/Karsan-\u0130mza-T\u00f6reni-768x512.jpg 768w, http:\/\/blog.ulasimplatformu.com\/wp-content\/uploads\/2020\/08\/Karsan-\u0130mza-T\u00f6reni.jpg 1350w\" sizes=\"(max-width: 1024px) 100vw, 1024px\" \/><\/figure>\n\n\n\n<figure class=\"wp-block-image size-large\"><img loading=\"lazy\" width=\"1024\" height=\"627\" src=\"http:\/\/blog.ulasimplatformu.com\/wp-content\/uploads\/2020\/08\/Karsan-Jest-Electric_BMW-i3-1024x627.jpg\" alt=\"\" class=\"wp-image-1305\" srcset=\"http:\/\/blog.ulasimplatformu.com\/wp-content\/uploads\/2020\/08\/Karsan-Jest-Electric_BMW-i3-1024x627.jpg 1024w, http:\/\/blog.ulasimplatformu.com\/wp-content\/uploads\/2020\/08\/Karsan-Jest-Electric_BMW-i3-300x184.jpg 300w, http:\/\/blog.ulasimplatformu.com\/wp-content\/uploads\/2020\/08\/Karsan-Jest-Electric_BMW-i3-768x470.jpg 768w, http:\/\/blog.ulasimplatformu.com\/wp-content\/uploads\/2020\/08\/Karsan-Jest-Electric_BMW-i3-1536x940.jpg 1536w, http:\/\/blog.ulasimplatformu.com\/wp-content\/uploads\/2020\/08\/Karsan-Jest-Electric_BMW-i3.jpg 1791w\" sizes=\"(max-width: 1024px) 100vw, 1024px\" \/><\/figure>\n","protected":false},"excerpt":{"rendered":"<p>Karsan Elektrikli Ara\u00e7lar Teknoloji Laboratuvar\u0131 Kuruluyor! Geli\u015ftirdi\u011fi toplu ta\u015f\u0131ma sistemleriyle \u015fehirlere modern \u00e7\u00f6z\u00fcmler sunan ve yar\u0131m asr\u0131 geride b\u0131rakan T\u00fcrkiye\u2019nin yerli \u00fcreticisi Karsan, \u00fcretim ile ihracattaki \u00f6nc\u00fc \u00e7al\u0131\u015fmalar\u0131n\u0131n yan\u0131 s\u0131ra e\u011fitim ve istihdam odakl\u0131 yakla\u015f\u0131m\u0131yla hayata ge\u00e7irdi\u011fi i\u015fbirlikleri ile de \u00f6rnek olmaya devam ediyor. Karsan bu kapsamda; otomotiv sekt\u00f6r\u00fcnde mesleki e\u011fitime katk\u0131 sa\u011flamak amac\u0131yla Bursa [&hellip;]<\/p>\n","protected":false},"author":4,"featured_media":1305,"comment_status":"open","ping_status":"open","sticky":false,"template":"","format":"standard","meta":{"tdm_status":"","tdm_grid_status":"","spay_email":""},"categories":[2],"tags":[275,274,68,148,273,77,272,72,62],"jetpack_featured_media_url":"http:\/\/blog.ulasimplatformu.com\/wp-content\/uploads\/2020\/08\/Karsan-Jest-Electric_BMW-i3.jpg","jetpack_sharing_enabled":true,"amp_enabled":true,"_links":{"self":[{"href":"http:\/\/blog.ulasimplatformu.com\/index.php\/wp-json\/wp\/v2\/posts\/1300"}],"collection":[{"href":"http:\/\/blog.ulasimplatformu.com\/index.php\/wp-json\/wp\/v2\/posts"}],"about":[{"href":"http:\/\/blog.ulasimplatformu.com\/index.php\/wp-json\/wp\/v2\/types\/post"}],"author":[{"embeddable":true,"href":"http:\/\/blog.ulasimplatformu.com\/index.php\/wp-json\/wp\/v2\/users\/4"}],"replies":[{"embeddable":true,"href":"http:\/\/blog.ulasimplatformu.com\/index.php\/wp-json\/wp\/v2\/comments?post=1300"}],"version-history":[{"count":1,"href":"http:\/\/blog.ulasimplatformu.com\/index.php\/wp-json\/wp\/v2\/posts\/1300\/revisions"}],"predecessor-version":[{"id":1309,"href":"http:\/\/blog.ulasimplatformu.com\/index.php\/wp-json\/wp\/v2\/posts\/1300\/revisions\/1309"}],"wp:featuredmedia":[{"embeddable":true,"href":"http:\/\/blog.ulasimplatformu.com\/index.php\/wp-json\/wp\/v2\/media\/1305"}],"wp:attachment":[{"href":"http:\/\/blog.ulasimplatformu.com\/index.php\/wp-json\/wp\/v2\/media?parent=1300"}],"wp:term":[{"taxonomy":"category","embeddable":true,"href":"http:\/\/blog.ulasimplatformu.com\/index.php\/wp-json\/wp\/v2\/categories?post=1300"},{"taxonomy":"post_tag","embeddable":true,"href":"http:\/\/blog.ulasimplatformu.com\/index.php\/wp-json\/wp\/v2\/tags?post=1300"}],"curies":[{"name":"wp","href":"https:\/\/api.w.org\/{rel}","templated":true}]}}