{"id":1398,"date":"2020-08-31T22:46:49","date_gmt":"2020-08-31T19:46:49","guid":{"rendered":"http:\/\/blog.ulasimplatformu.com\/?p=1398"},"modified":"2020-08-31T22:46:56","modified_gmt":"2020-08-31T19:46:56","slug":"elektrikli-otobus-mercedes-benz-koruklu-ecitaronun-ar-gesi-turkiyede-yapildi","status":"publish","type":"post","link":"http:\/\/blog.ulasimplatformu.com\/index.php\/2020\/08\/31\/elektrikli-otobus-mercedes-benz-koruklu-ecitaronun-ar-gesi-turkiyede-yapildi\/","title":{"rendered":"Elektrikli otob\u00fcs Mercedes-Benz K\u00f6r\u00fckl\u00fc eCitaro\u2019nun AR-GE\u2019si T\u00fcrkiye\u2019de yap\u0131ld\u0131"},"content":{"rendered":"\n<ul><li><strong>\u00c7evreci ula\u015f\u0131m \u00e7\u00f6z\u00fcmlerine y\u00f6nelik \u00fcr\u00fcnlerine her ge\u00e7en g\u00fcn yenilerini ekleyen Mercedes-Benz\u2019in, elektrikli \u015fehir otob\u00fcs\u00fc eCitaro\u2019nun AR-GE faaliyetleri Mercedes-Benz T\u00fcrk AR-GE Merkezi taraf\u0131ndan y\u00fcr\u00fct\u00fcld\u00fc.<\/strong><\/li><li><strong>K\u00f6r\u00fckl\u00fc ve Solo olarak farkl\u0131 uzunluklarda, farkl\u0131 g\u00fc\u00e7 seviyeleri ve menzil sunabilen eCitaro \u015fehir otob\u00fcslerinin karoserisi, d\u0131\u015f kaplamalar\u0131, i\u00e7 donan\u0131m\u0131, belirli elektrik kapsamlar\u0131 ve diyagnoz sistemleri T\u00fcrkiye\u2019ye emanet edildi.<\/strong><\/li><li><strong>eCitaro\u2019nun yol testleri, ekipman dayan\u0131kl\u0131l\u0131k testleri ile bir\u00e7ok donan\u0131m ve altyap\u0131 \u00e7al\u0131\u015fmalar\u0131 Ho\u015fdere Otob\u00fcs AR-GE Merkezi\u2019nin sorumlulu\u011funda yap\u0131ld\u0131.<\/strong><\/li><li><strong>eCitaro\u2019nun 1.000.000 km yol ko\u015fullar\u0131na denk gelen \u015fartlar\u0131 sa\u011flayan Hidropuls sim\u00fclasyon \u00fcnitesinde kilometre dayan\u0131m testleri de T\u00fcrkiye\u2019de yap\u0131ld\u0131.<\/strong><\/li><\/ul>\n\n\n\n<p>Ak\u0131ll\u0131 ve \u00e7evreci ula\u015f\u0131m \u00e7\u00f6z\u00fcmleri alan\u0131ndaki yat\u0131r\u0131mlar\u0131n\u0131, seri \u00fcretim ara\u00e7lar ile yollara \u00e7\u0131karmay\u0131 s\u00fcrd\u00fcren Mercedes-Benz, elektrikli \u015fehir otob\u00fcs\u00fc alan\u0131nda eCitaro modelini sunuyor. Emisyonsuz ve sessiz bir s\u00fcr\u00fc\u015f sunan tamamen elektrikli Mercedes-Benz eCitaro\u2019nun d\u00fcnya tan\u0131t\u0131m\u0131 2018 y\u0131l\u0131n\u0131n sonbahar\u0131nda Uluslararas\u0131 Ticari Ara\u00e7 Fuar\u0131\u2019nda yap\u0131lm\u0131\u015ft\u0131. 2018 y\u0131l\u0131n\u0131n sonbahar\u0131nda Mannheim Otob\u00fcs Fabrikas\u0131\u2019n\u0131n \u00fcretim program\u0131na eklenen tamamen elektrikli eCitaro\u2019nun ard\u0131ndan \u015firket ge\u00e7ti\u011fimiz May\u0131s ay\u0131nda K\u00f6r\u00fckl\u00fc eCitaro\u2019yu da seri \u00fcretim program\u0131na d\u00e2hil etti. Avrupa\u2019da \u00e7ok say\u0131daki \u015fehrin belediyesi taraf\u0131ndan yeni sipari\u015fleri al\u0131nan eCitaro\u2019nun AR-GE \u00e7al\u0131\u015fmalar\u0131 Mercedes-Benz T\u00fcrk\u2019\u00fcn Ho\u015fdere Otob\u00fcs Fabrikas\u0131 kapsam\u0131ndaki AR-GE Merkezi taraf\u0131ndan y\u00fcr\u00fct\u00fcld\u00fc.<\/p>\n\n\n\n<p><strong>T\u00fcrkiye\u2019de geli\u015ftirildi, Avrupa\u2019da yollara \u00e7\u0131kt\u0131<\/strong><\/p>\n\n\n\n<p>Mercedes-Benz T\u00fcrk Ho\u015fdere AR-GE Merkezi\u2019nin Daimler otob\u00fcsleri global sorumluluklar\u0131 kapsam\u0131nda; eCitaro\u2019nun karoseri, d\u0131\u015f kaplamalar\u0131, i\u00e7 donan\u0131m\u0131, belirli elektrik kapsamlar\u0131 ve diyagnoz sistemleri Ho\u015fdere AR-GE Merkezi\u2019nde geli\u015ftirildi. eCitaro gibi yeni K\u00f6r\u00fckl\u00fc eCitaro\u2019nun da yol testleri, ekipman dayan\u0131kl\u0131l\u0131k testleri, donan\u0131m ve altyap\u0131 \u00e7al\u0131\u015fmalar\u0131 Ho\u015fdere AR-GE Merkezi\u2019nde yap\u0131ld\u0131.<\/p>\n\n\n\n<p><strong>Milyonlarca km test yap\u0131ld\u0131<\/strong><\/p>\n\n\n\n<p>T\u00fcrkiye\u2019deki Otob\u00fcs AR-GE Merkezi\u2019nde bulunan ve bir arac\u0131n 1.000.000 km yol ko\u015fullar\u0131na denk gelen \u015fartlar\u0131 sa\u011flayan Hidropuls sim\u00fclasyon \u00fcnitesinde dayan\u0131m testleri ger\u00e7ekle\u015ftirilen eCitaro; ayr\u0131ca yol testleri kapsam\u0131nda normal yol, farkl\u0131 iklim ve m\u00fc\u015fteri kullan\u0131m ko\u015fullar\u0131nda ara\u00e7lar\u0131n t\u00fcm sistem ve ekipmanlar\u0131n\u0131n fonksiyon ve uzun vade dayan\u0131kl\u0131klar\u0131n\u0131n denendi\u011fi uzun s\u00fcreli testlerden de ge\u00e7irilmesinin ard\u0131ndan yollara \u00e7\u0131kt\u0131.<\/p>\n\n\n\n<p>Bu kapsamda eCitaro\u2019nun ilk prototip arac\u0131; 2 y\u0131l s\u00fcreyle, yakla\u015f\u0131k 140.000 km &#8211; 10.000 saat boyunca; \u0130stanbul, Erzurum ve \u0130zmir gibi T\u00fcrkiye\u2019nin ekstrem iklim \u015fartlar\u0131 ve farkl\u0131 s\u00fcr\u00fc\u015f senaryolar\u0131nda kar\u015f\u0131la\u015f\u0131labilecek t\u00fcm ko\u015fullarda test edildi. T\u00fcrkiye\u2019nin global sorumlulu\u011fu kapsam\u0131nda zorlu testlerden ge\u00e7irilen tamamen elektrikli eCitaro ara\u00e7lar\u0131 Mannheim\u2019da \u00fcretilerek Avrupa\u2019n\u0131n \u00e7e\u015fitli \u015fehirlerine teslim ediliyor.<\/p>\n\n\n\n<p><strong>Yeni patentler al\u0131nd\u0131<\/strong><\/p>\n\n\n\n<p>Otob\u00fcs alan\u0131nda Daimler\u2019in global a\u011f\u0131nda sorumluluklar\u0131 bulunan Ho\u015fdere Otob\u00fcs AR-GE Merkezi, yeni tasar\u0131mlar\u0131 ve m\u00fchendislik \u00e7\u00f6z\u00fcmleriyle yeni patentleri b\u00fcnyesine katmaya devam ediyor. eCitaro i\u00e7in T\u00fcrkiye\u2019de geli\u015ftirilen \u201cYeni Tavan Konsepti\u201d bunlardan sadece bir tanesi. Mercedes-Benz T\u00fcrk AR-GE B\u00f6l\u00fcm\u00fc taraf\u0131ndan y\u00fcr\u00fct\u00fclen proje kapsam\u0131nda, eCitaro\u2019nun tavan tasar\u0131m\u0131 tamam\u0131yla yeniden yap\u0131ld\u0131. \u015eof\u00f6r kompart\u0131man\u0131n\u0131n arkas\u0131ndan ba\u015flayarak, arka cama kadar uzanan b\u00f6l\u00fcmde; tavan kapaklar\u0131, tavan orta plakalar\u0131; kap\u0131, arka cam \u00fcst\u00fc, (k\u00f6r\u00fckl\u00fc ara\u00e7larda) k\u00f6r\u00fck b\u00f6lgesi kaplamalar\u0131, kablo\/boru kanallar\u0131, i\u00e7 ayd\u0131nlatmalar, basamak ayd\u0131nlatmalar\u0131 ve hava kanallar\u0131 Mercedes-Benz T\u00fcrk AR-GE \u0130\u00e7 Donan\u0131m Ekibi taraf\u0131ndan s\u0131f\u0131rdan tasarland\u0131.<\/p>\n\n\n\n<p>eCitaro\u2019da tavan acil \u00e7\u0131k\u0131\u015f kapa\u011f\u0131 bulunmamas\u0131na kar\u015f\u0131n \u201cYeni Tavan Konsepti\u201d sayesinde, tavan\u0131n orta b\u00f6lgesinde eskiye nazaran daha geni\u015f bir alan sunuluyor. Bu \u015fekilde hem i\u00e7 tasar\u0131mda daha ferah bir g\u00f6r\u00fcn\u00fcm, hem de yeni \u201cenine ayd\u0131nlatma konsepti\u201d ile daha fazla ayd\u0131nlatma y\u00fczeyi sa\u011flan\u0131yor.<\/p>\n\n\n\n<p><strong>Patentli bir AR-GE ba\u015far\u0131s\u0131: Tekstil Hava Kanal\u0131<\/strong><\/p>\n\n\n\n<p>Mercedes-Benz T\u00fcrk AR-GE ekibinin patentli \u00fcr\u00fcn\u00fc olan Tekstil Hava Kanal\u0131, eCitaro modellerinde de kullan\u0131l\u0131yor. Klima, \u015fehir i\u00e7i ara\u00e7larda yolcu konforunun \u00e7ok \u00f6nemli bir fakt\u00f6r\u00fc olmas\u0131n\u0131n yan\u0131nda, teknik olarak da g\u00fc\u00e7 t\u00fcketimi, so\u011futma\/\u0131s\u0131tma s\u00fcresi, verimlilik gibi a\u00e7\u0131lardan zorlay\u0131c\u0131 olabiliyor. Elektrikli ara\u00e7larda bunlara ek olarak, enerji verimlili\u011fi ve g\u00fcr\u00fclt\u00fcs\u00fcz \u00e7al\u0131\u015fma bak\u0131m\u0131ndan da ilave iyile\u015ftirmelere ihtiya\u00e7 duyuluyor. eCitaro\u2019da tercih edilen CO2 so\u011futucu ak\u0131\u015fkanl\u0131 klima, \u0131s\u0131 pompas\u0131n\u0131n verimli\u011fi ile d\u00fc\u015f\u00fck ve y\u00fcksek s\u0131cakl\u0131klarda efektif \u0131s\u0131tma\/so\u011futma sa\u011flayabiliyor.<\/p>\n\n\n\n<p>eCitaro\u2019nun gereksinimlerine uygun olarak Mercedes-Benz T\u00fcrk AR-GE ekibi, kendi patentli \u00fcr\u00fcn\u00fc olan Tekstil Hava Kanal\u0131\u2019n\u0131 yeniden geli\u015ftirdi. \u00d6ncelikle titiz bir \u00e7al\u0131\u015fma ile, farkl\u0131 klima se\u00e7enekleri i\u00e7in ortak kullan\u0131labilecek optimum i\u00e7 hacim belirlendi. Klima ve hava kanal\u0131 aras\u0131ndaki mekanik ba\u011flant\u0131da uygun geometri\/y\u00fczey tayini ile kanal giri\u015finde hava kar\u0131\u015f\u0131m\u0131 ve kay\u0131plar\u0131n minimize edilmesi sim\u00fclasyonlarla sa\u011fland\u0131. Bu do\u011frultuda \u0130stanbul Teknik \u00dcniversitesi ve Stuttgart \u00dcniversitesi ile hava ak\u0131\u015f analizleri i\u00e7in ortak \u00e7al\u0131\u015fmalar y\u00fcr\u00fct\u00fcld\u00fc. Tekstil Hava Kanal\u0131, \u0131s\u0131tma ve so\u011futma fonksiyonlar\u0131nda ara\u00e7 i\u00e7inde homojen hava da\u011f\u0131l\u0131m\u0131n\u0131 sa\u011flaman\u0131n yan\u0131nda, elektrikli arac\u0131n sessiz yap\u0131s\u0131na da uygun olarak, y\u00fcksek devirlerde bile \u00f6ng\u00f6r\u00fclen dB seviyelerini yakalayabiliyor. Halefi olan eski hava kanal\u0131na oranla yakla\u015f\u0131k 100 kg a\u011f\u0131rl\u0131k avantaj\u0131 sa\u011flayan Tekstil Hava Kanal\u0131, eCitaro i\u00e7in yolcu say\u0131s\u0131 ve menzil a\u00e7\u0131s\u0131ndan da \u00f6nemli bir avantaj sa\u011fl\u0131yor. Otob\u00fcslerde hem hafiflik hem pratiklik hem de a\u011f\u0131rl\u0131k merkezinin yere yak\u0131nla\u015ft\u0131r\u0131lmas\u0131n\u0131 sa\u011flayan Tekstil Hava Kanal\u0131 ayr\u0131ca mod\u00fcler yap\u0131s\u0131yla \u00fcretim veya yedek par\u00e7a stoklama konular\u0131 haricinde lojistik a\u00e7\u0131s\u0131ndan da verimlilik sa\u011fl\u0131yor.<\/p>\n\n\n\n<p><strong>Emre Kuzucu: \u201cHo\u015fdere\u2019de eCitaro i\u00e7in ak\u0131ll\u0131 telefon uygulamas\u0131n\u0131 geli\u015ftirdik\u201d<\/strong><\/p>\n\n\n\n<p>Mercedes-Benz T\u00fcrk Otob\u00fcs AR-GE Direkt\u00f6r\u00fc Emre Kuzucu; \u201cDaimler\u2019\u0131n otob\u00fcs alan\u0131nda, her ge\u00e7en g\u00fcn yeni sorumluluklar \u00fcstlenen AR-GE merkezimiz; Avrupa ba\u015fta olmak \u00fczere d\u00fcnyan\u0131n farkl\u0131 pazarlar\u0131nda yollara \u00e7\u0131kan otob\u00fcslerin AR-GE faaliyetlerini s\u00fcrd\u00fcr\u00fcyor. eCitaro gibi mevcut karoserinin elektrikli araca adaptasyonu, ak\u00fc ta\u015f\u0131y\u0131c\u0131lar\u0131, elektrikli araca uygun modern g\u00f6r\u00fcn\u00fcm\u00fcn\u00fc sa\u011flayan d\u0131\u015f kaplamalar\u0131 Ho\u015fdere\u2019deki AR-GE merkezimizde projelendirildi. Ayr\u0131ca bunlar\u0131n hepsi K\u00f6r\u00fckl\u00fc eCitaro i\u00e7in de yine Ho\u015fdere\u2019deki AR-GE merkezimizde geli\u015ftirildi. eCitaro\u2019nun karoserisi, bataryalardan gelen a\u011f\u0131rl\u0131klar\u0131 ta\u015f\u0131yabilecek \u015fekilde adaptasyon \u00e7al\u0131\u015fmalar\u0131 ile olu\u015fturuldu. D\u0131\u015f kaplamalar dizayn b\u00f6l\u00fcm\u00fc ile birlikte y\u00fcr\u00fct\u00fclen \u00e7al\u0131\u015fmalar neticesinde eCitaro i\u00e7in yenilendi, tavanda bulunan ak\u00fcler ve di\u011fer donan\u0131mlar i\u00e7in gereken kaplamalar k\u00f6r\u00fcks\u00fcz eCitaro i\u00e7in \u00f6nceden olu\u015fturulmu\u015f mod\u00fcler yap\u0131 \u00e7er\u00e7evesinde K\u00f6r\u00fckl\u00fc eCitaro i\u00e7in de uyguland\u0131. Tavanda bulunan kaplamalar bak\u0131m ve tamirat imk\u00e2n\u0131 sa\u011flamaya, ak\u00fc de\u011fi\u015ftirme ve klima bak\u0131m\u0131na y\u00f6nelik gereken ula\u015f\u0131labilirlik imk\u00e2nlar\u0131n\u0131 sa\u011flayacak \u015fekilde, t\u00fcm tavan versiyonlar\u0131n\u0131 bir mod\u00fcler yap\u0131 \u00e7er\u00e7evesinde sa\u011flayacak \u015fekilde dizayn edildi.\u201d dedi.<\/p>\n\n\n\n<p>eCitaro\u2019nun teknolojik detaylar\u0131na da de\u011finen Emre Kuzucu; \u201cHo\u015fdere\u2019de eCitaro i\u00e7in ayr\u0131ca OMNIplus ON drive ak\u0131ll\u0131 telefon uygulamas\u0131n\u0131 geli\u015ftirdik. eCitaro\u2019ya \u00f6zel bir g\u00f6sterge paneli olan ve elektrikli ara\u00e7 \u015fof\u00f6rlerinin i\u015fini kolayla\u015ft\u0131ran ak\u0131ll\u0131 telefon uygulamas\u0131yla; \u015fof\u00f6rlere ak\u00fclerinin doluluk durumlar\u0131n\u0131, arac\u0131n menzilini ve elektrikli ara\u00e7larla ilgili \u00f6nemli bilgileri g\u00f6rebilecekleri bir ortam sa\u011flam\u0131\u015f olduk. \u015eof\u00f6rler bu uygulamaya kendi kullan\u0131c\u0131 bilgileri ile giri\u015f yap\u0131p, sorumlu olarak atand\u0131klar\u0131 ara\u00e7lardaki bilgilere ula\u015fabiliyorlar.\u201d dedi.<\/p>\n\n\n\n<p><strong>Avrupa\u2019da teslimatlara yenileri ekleniyor<\/strong><\/p>\n\n\n\n<p>Mercedes-Benz eCitaro\u2019nun ilk teslimat\u0131 18 Kas\u0131m 2019 tarihinde 56 adet olarak Almanya\u2019n\u0131n Wiesbaden kentine yap\u0131ld\u0131 ve bu Almanya\u2019da tek seferde verilen en y\u00fcksek adetli elektrikli otob\u00fcs sipari\u015fi olarak tarihe ge\u00e7ti. O tarihten bu yana; Hamburg, Berlin, Mannheim ve Heidelberg gibi kentlerin de yollar\u0131nda eCitaro kullan\u0131l\u0131yor. May\u0131s 2020\u2019den itibaren seri \u00fcretim program\u0131na al\u0131nan K\u00f6r\u00fckl\u00fc eCitaro ile beraber yeni sipari\u015fler al\u0131nmaya devam ediyor.<\/p>\n\n\n\n<figure class=\"wp-block-image size-large\"><img loading=\"lazy\" width=\"1024\" height=\"682\" src=\"http:\/\/blog.ulasimplatformu.com\/wp-content\/uploads\/2020\/08\/Mercedes-Benz-eCitaro-K\u00f6r\u00fckl\u00fc-1-1024x682.jpg\" alt=\"\" class=\"wp-image-1401\" srcset=\"http:\/\/blog.ulasimplatformu.com\/wp-content\/uploads\/2020\/08\/Mercedes-Benz-eCitaro-K\u00f6r\u00fckl\u00fc-1-1024x682.jpg 1024w, http:\/\/blog.ulasimplatformu.com\/wp-content\/uploads\/2020\/08\/Mercedes-Benz-eCitaro-K\u00f6r\u00fckl\u00fc-1-300x200.jpg 300w, http:\/\/blog.ulasimplatformu.com\/wp-content\/uploads\/2020\/08\/Mercedes-Benz-eCitaro-K\u00f6r\u00fckl\u00fc-1-768x511.jpg 768w, http:\/\/blog.ulasimplatformu.com\/wp-content\/uploads\/2020\/08\/Mercedes-Benz-eCitaro-K\u00f6r\u00fckl\u00fc-1-1536x1023.jpg 1536w, http:\/\/blog.ulasimplatformu.com\/wp-content\/uploads\/2020\/08\/Mercedes-Benz-eCitaro-K\u00f6r\u00fckl\u00fc-1.jpg 2000w\" sizes=\"(max-width: 1024px) 100vw, 1024px\" \/><\/figure>\n\n\n\n<figure class=\"wp-block-image size-large\"><img loading=\"lazy\" width=\"1024\" height=\"724\" src=\"http:\/\/blog.ulasimplatformu.com\/wp-content\/uploads\/2020\/08\/Mercedes-Benz-eCitaro-K\u00f6r\u00fckl\u00fc-2-1024x724.jpg\" alt=\"\" class=\"wp-image-1402\" srcset=\"http:\/\/blog.ulasimplatformu.com\/wp-content\/uploads\/2020\/08\/Mercedes-Benz-eCitaro-K\u00f6r\u00fckl\u00fc-2-1024x724.jpg 1024w, http:\/\/blog.ulasimplatformu.com\/wp-content\/uploads\/2020\/08\/Mercedes-Benz-eCitaro-K\u00f6r\u00fckl\u00fc-2-300x212.jpg 300w, http:\/\/blog.ulasimplatformu.com\/wp-content\/uploads\/2020\/08\/Mercedes-Benz-eCitaro-K\u00f6r\u00fckl\u00fc-2-768x543.jpg 768w, http:\/\/blog.ulasimplatformu.com\/wp-content\/uploads\/2020\/08\/Mercedes-Benz-eCitaro-K\u00f6r\u00fckl\u00fc-2-1536x1086.jpg 1536w, http:\/\/blog.ulasimplatformu.com\/wp-content\/uploads\/2020\/08\/Mercedes-Benz-eCitaro-K\u00f6r\u00fckl\u00fc-2-2048x1448.jpg 2048w\" sizes=\"(max-width: 1024px) 100vw, 1024px\" \/><\/figure>\n\n\n\n<figure class=\"wp-block-image size-large\"><img loading=\"lazy\" width=\"1024\" height=\"724\" src=\"http:\/\/blog.ulasimplatformu.com\/wp-content\/uploads\/2020\/08\/Mercedes-Benz-eCitaro-K\u00f6r\u00fckl\u00fc-3-1024x724.jpg\" alt=\"\" class=\"wp-image-1403\" srcset=\"http:\/\/blog.ulasimplatformu.com\/wp-content\/uploads\/2020\/08\/Mercedes-Benz-eCitaro-K\u00f6r\u00fckl\u00fc-3-1024x724.jpg 1024w, http:\/\/blog.ulasimplatformu.com\/wp-content\/uploads\/2020\/08\/Mercedes-Benz-eCitaro-K\u00f6r\u00fckl\u00fc-3-300x212.jpg 300w, http:\/\/blog.ulasimplatformu.com\/wp-content\/uploads\/2020\/08\/Mercedes-Benz-eCitaro-K\u00f6r\u00fckl\u00fc-3-768x543.jpg 768w, http:\/\/blog.ulasimplatformu.com\/wp-content\/uploads\/2020\/08\/Mercedes-Benz-eCitaro-K\u00f6r\u00fckl\u00fc-3-1536x1086.jpg 1536w, http:\/\/blog.ulasimplatformu.com\/wp-content\/uploads\/2020\/08\/Mercedes-Benz-eCitaro-K\u00f6r\u00fckl\u00fc-3-2048x1448.jpg 2048w\" sizes=\"(max-width: 1024px) 100vw, 1024px\" \/><\/figure>\n\n\n\n<figure class=\"wp-block-image size-large\"><img loading=\"lazy\" width=\"682\" height=\"1024\" src=\"http:\/\/blog.ulasimplatformu.com\/wp-content\/uploads\/2020\/08\/Mercedes-Benz-eCitaro-K\u00f6r\u00fckl\u00fc-4-682x1024.jpg\" alt=\"\" class=\"wp-image-1399\" srcset=\"http:\/\/blog.ulasimplatformu.com\/wp-content\/uploads\/2020\/08\/Mercedes-Benz-eCitaro-K\u00f6r\u00fckl\u00fc-4-682x1024.jpg 682w, http:\/\/blog.ulasimplatformu.com\/wp-content\/uploads\/2020\/08\/Mercedes-Benz-eCitaro-K\u00f6r\u00fckl\u00fc-4-200x300.jpg 200w, http:\/\/blog.ulasimplatformu.com\/wp-content\/uploads\/2020\/08\/Mercedes-Benz-eCitaro-K\u00f6r\u00fckl\u00fc-4-768x1152.jpg 768w, http:\/\/blog.ulasimplatformu.com\/wp-content\/uploads\/2020\/08\/Mercedes-Benz-eCitaro-K\u00f6r\u00fckl\u00fc-4-1024x1536.jpg 1024w, http:\/\/blog.ulasimplatformu.com\/wp-content\/uploads\/2020\/08\/Mercedes-Benz-eCitaro-K\u00f6r\u00fckl\u00fc-4-1365x2048.jpg 1365w, http:\/\/blog.ulasimplatformu.com\/wp-content\/uploads\/2020\/08\/Mercedes-Benz-eCitaro-K\u00f6r\u00fckl\u00fc-4.jpg 1666w\" sizes=\"(max-width: 682px) 100vw, 682px\" \/><\/figure>\n\n\n\n<figure class=\"wp-block-image size-large\"><img loading=\"lazy\" width=\"1024\" height=\"682\" src=\"http:\/\/blog.ulasimplatformu.com\/wp-content\/uploads\/2020\/08\/Mercedes-Benz-T\u00fcrk-Otob\u00fcs-AR-GE-Direkt\u00f6r\u00fc-Emre-Kuzucu-1024x682.jpg\" alt=\"\" class=\"wp-image-1400\" srcset=\"http:\/\/blog.ulasimplatformu.com\/wp-content\/uploads\/2020\/08\/Mercedes-Benz-T\u00fcrk-Otob\u00fcs-AR-GE-Direkt\u00f6r\u00fc-Emre-Kuzucu-1024x682.jpg 1024w, http:\/\/blog.ulasimplatformu.com\/wp-content\/uploads\/2020\/08\/Mercedes-Benz-T\u00fcrk-Otob\u00fcs-AR-GE-Direkt\u00f6r\u00fc-Emre-Kuzucu-300x200.jpg 300w, http:\/\/blog.ulasimplatformu.com\/wp-content\/uploads\/2020\/08\/Mercedes-Benz-T\u00fcrk-Otob\u00fcs-AR-GE-Direkt\u00f6r\u00fc-Emre-Kuzucu-768x512.jpg 768w, http:\/\/blog.ulasimplatformu.com\/wp-content\/uploads\/2020\/08\/Mercedes-Benz-T\u00fcrk-Otob\u00fcs-AR-GE-Direkt\u00f6r\u00fc-Emre-Kuzucu-1536x1024.jpg 1536w, http:\/\/blog.ulasimplatformu.com\/wp-content\/uploads\/2020\/08\/Mercedes-Benz-T\u00fcrk-Otob\u00fcs-AR-GE-Direkt\u00f6r\u00fc-Emre-Kuzucu.jpg 2000w\" sizes=\"(max-width: 1024px) 100vw, 1024px\" \/><\/figure>\n","protected":false},"excerpt":{"rendered":"<p>\u00c7evreci ula\u015f\u0131m \u00e7\u00f6z\u00fcmlerine y\u00f6nelik \u00fcr\u00fcnlerine her ge\u00e7en g\u00fcn yenilerini ekleyen Mercedes-Benz\u2019in, elektrikli \u015fehir otob\u00fcs\u00fc eCitaro\u2019nun AR-GE faaliyetleri Mercedes-Benz T\u00fcrk AR-GE Merkezi taraf\u0131ndan y\u00fcr\u00fct\u00fcld\u00fc. K\u00f6r\u00fckl\u00fc ve Solo olarak farkl\u0131 uzunluklarda, farkl\u0131 g\u00fc\u00e7 seviyeleri ve menzil sunabilen eCitaro \u015fehir otob\u00fcslerinin karoserisi, d\u0131\u015f kaplamalar\u0131, i\u00e7 donan\u0131m\u0131, belirli elektrik kapsamlar\u0131 ve diyagnoz sistemleri T\u00fcrkiye\u2019ye emanet edildi. eCitaro\u2019nun yol testleri, [&hellip;]<\/p>\n","protected":false},"author":4,"featured_media":1401,"comment_status":"open","ping_status":"open","sticky":false,"template":"","format":"standard","meta":{"tdm_status":"","tdm_grid_status":"","spay_email":""},"categories":[2],"tags":[221,319,321,320,187,103,316,104,72,62],"jetpack_featured_media_url":"http:\/\/blog.ulasimplatformu.com\/wp-content\/uploads\/2020\/08\/Mercedes-Benz-eCitaro-K\u00f6r\u00fckl\u00fc-1.jpg","jetpack_sharing_enabled":true,"amp_enabled":true,"_links":{"self":[{"href":"http:\/\/blog.ulasimplatformu.com\/index.php\/wp-json\/wp\/v2\/posts\/1398"}],"collection":[{"href":"http:\/\/blog.ulasimplatformu.com\/index.php\/wp-json\/wp\/v2\/posts"}],"about":[{"href":"http:\/\/blog.ulasimplatformu.com\/index.php\/wp-json\/wp\/v2\/types\/post"}],"author":[{"embeddable":true,"href":"http:\/\/blog.ulasimplatformu.com\/index.php\/wp-json\/wp\/v2\/users\/4"}],"replies":[{"embeddable":true,"href":"http:\/\/blog.ulasimplatformu.com\/index.php\/wp-json\/wp\/v2\/comments?post=1398"}],"version-history":[{"count":1,"href":"http:\/\/blog.ulasimplatformu.com\/index.php\/wp-json\/wp\/v2\/posts\/1398\/revisions"}],"predecessor-version":[{"id":1404,"href":"http:\/\/blog.ulasimplatformu.com\/index.php\/wp-json\/wp\/v2\/posts\/1398\/revisions\/1404"}],"wp:featuredmedia":[{"embeddable":true,"href":"http:\/\/blog.ulasimplatformu.com\/index.php\/wp-json\/wp\/v2\/media\/1401"}],"wp:attachment":[{"href":"http:\/\/blog.ulasimplatformu.com\/index.php\/wp-json\/wp\/v2\/media?parent=1398"}],"wp:term":[{"taxonomy":"category","embeddable":true,"href":"http:\/\/blog.ulasimplatformu.com\/index.php\/wp-json\/wp\/v2\/categories?post=1398"},{"taxonomy":"post_tag","embeddable":true,"href":"http:\/\/blog.ulasimplatformu.com\/index.php\/wp-json\/wp\/v2\/tags?post=1398"}],"curies":[{"name":"wp","href":"https:\/\/api.w.org\/{rel}","templated":true}]}}