{"id":1477,"date":"2020-09-29T12:40:26","date_gmt":"2020-09-29T09:40:26","guid":{"rendered":"http:\/\/blog.ulasimplatformu.com\/?p=1477"},"modified":"2020-09-29T12:40:27","modified_gmt":"2020-09-29T09:40:27","slug":"mercedes-benz-turkten-yilin-en-buyuk-kamyon-teslimati-huner-grupa-300-adet-actros-1848-ls","status":"publish","type":"post","link":"http:\/\/blog.ulasimplatformu.com\/index.php\/2020\/09\/29\/mercedes-benz-turkten-yilin-en-buyuk-kamyon-teslimati-huner-grupa-300-adet-actros-1848-ls\/","title":{"rendered":"Mercedes-Benz T\u00fcrk\u2019ten y\u0131l\u0131n en b\u00fcy\u00fck kamyon teslimat\u0131 H\u00fcner Grup\u2019a 300 adet Actros 1848 LS"},"content":{"rendered":"\n<ul><li><strong>Mercedes-Benz T\u00fcrk bu y\u0131l\u0131n en b\u00fcy\u00fck kamyon teslimat\u0131n\u0131 300 adet Actros 1848 LS ile H\u00fcner Grup\u2019a ger\u00e7ekle\u015ftirdi.<\/strong><\/li><li><strong>Bu teslimat ile H\u00fcner Grup, ilk kez filosuna Mercedes-Benz y\u0131ld\u0131zl\u0131 ara\u00e7lar ekledi.<\/strong><\/li><\/ul>\n\n\n\n<p>Faaliyetlerine 1995 y\u0131l\u0131nda \u0130stanbul\u2019da ba\u015flayan H\u00fcner Global Lojistik ve 2011 y\u0131l\u0131nda kurulan HNR Lojistik, Mercedes-Benz T\u00fcrk\u2019ten toplam 300 adetlik Actros 1848 LS \u00e7ekiciyi \u00c7\u0131ra\u011fan Palace Kempinsky\u2019de d\u00fczenlenen bir t\u00f6renle teslim ald\u0131. Mercedes-Benz T\u00fcrk ile H\u00fcner Grup aras\u0131ndaki ilk b\u00fcy\u00fck i\u015f ortakl\u0131\u011f\u0131 olan bu teslimat ayn\u0131 zamanda 2020 y\u0131l\u0131nda ger\u00e7ekle\u015ftirilen en b\u00fcy\u00fck \u00e7ekici teslimat\u0131 olma \u00f6zelli\u011fini ta\u015f\u0131yor.<\/p>\n\n\n\n<p>Mercedes-Benz T\u00fcrk Aksaray Kamyon Fabrikas\u0131\u2019nda H\u00fcner Grup\u2019un talep ve ihtiya\u00e7lar\u0131 do\u011frultusunda, \u00f6zel olarak \u00fcretilen 300 adet Actros 1848 LS \u00e7ekici, Mercedes-Benz Finansal Hizmetler\u2019in sa\u011flad\u0131\u011f\u0131 avantajl\u0131 kredi deste\u011fiyle sat\u0131n al\u0131nd\u0131. Uluslararas\u0131 nakliye faaliyetlerinde kullan\u0131lacak 300 adet \u00e7ekicinin eklenmesiyle H\u00fcner Grup filosundaki \u00e7ekici say\u0131s\u0131 521 adede y\u00fckseldi.<\/p>\n\n\n\n<p>Mercedes-Benz T\u00fcrk \u0130cra Kurulu Ba\u015fkan\u0131 S\u00fcer S\u00fcl\u00fcn ile Kamyon Pazarlama ve Sat\u0131\u015f Direkt\u00f6r\u00fc Alper Kurt\u2019un ev sahipli\u011finde 28 Eyl\u00fcl\u2019de \u00c7\u0131ra\u011fan Palace Kempinsky\u2019de d\u00fczenlenen teslimat t\u00f6reninde, Mercedes-Benz Actros 1848 LS ara\u00e7lar, H\u00fcner Grup Y\u00f6netim Kurulu Ba\u015fkan\u0131 \u0130brahim H\u00fcner, H\u00fcner Grup Y\u00f6netim Kurulu \u00dcyesi &amp; CEO\u2019su Arda H\u00fcner, H\u00fcner Grup Y\u00f6netim Kurulu \u00dcyesi Melisa H\u00fcner ve H\u00fcner Grup Genel M\u00fcd\u00fcr\u00fc Ercan Kulaks\u0131z\u2019a teslim edildi.<\/p>\n\n\n\n<p><strong>Mercedes-Benz T\u00fcrk Kamyon Pazarlama ve Sat\u0131\u015f Direkt\u00f6r\u00fc Alper Kurt<\/strong> yapt\u0131\u011f\u0131 konu\u015fmada, \u201cBu teslimat t\u00f6reninin, y\u0131l\u0131n en b\u00fcy\u00fck sat\u0131\u015f\u0131 olmas\u0131n\u0131n yan\u0131 s\u0131ra Mercedes-Benz T\u00fcrk olarak bizler i\u00e7in ayr\u0131 bir \u00f6nemi var. De\u011ferli m\u00fc\u015fterimiz H\u00fcner Grup, bu i\u015f ortakl\u0131\u011f\u0131 neticesinde ilk kez filosuna Mercedes-Benz y\u0131ld\u0131z\u0131 ta\u015f\u0131yan ara\u00e7lar ekledi. Bu k\u0131ymetli i\u015f ortakl\u0131\u011f\u0131na yak\u0131\u015f\u0131r kalite ve donan\u0131mlara sahip ara\u00e7lar\u0131m\u0131z\u0131n kendilerinin filosunda bulunmas\u0131 bizleri son derece gururland\u0131r\u0131yor. Uluslararas\u0131 lojistik alan\u0131nda faaliyet g\u00f6steren b\u00fcy\u00fck \u00f6l\u00e7ekli firmalardan olan H\u00fcner Grup\u2019a bug\u00fcn teslim edece\u011fimiz, tamam\u0131 uzun yol nakliye arac\u0131 olan Mercedes-Benz Actros\u2019lar hem yol performans\u0131 hem de 120.000 km\u2019ye \u00e7\u0131kan bak\u0131m aral\u0131klar\u0131 ve % 20 oran\u0131nda d\u00fc\u015fen bak\u0131m maliyeti avantajlar\u0131 ile ticari performans\u0131yla \u00f6ne \u00e7\u0131k\u0131yor. Aksaray Fabrikam\u0131zda m\u00fc\u015fterimizin talepleri do\u011frultusunda \u00fcretilen yeni ara\u00e7lar\u0131n\u0131n kendilerine hay\u0131rl\u0131 olmas\u0131n\u0131 diliyoruz.\u201d dedi.<\/p>\n\n\n\n<p><strong>H\u00fcner Grup Y\u00f6netim Kurulu \u00dcyesi &amp; CEO Arda H\u00fcner,<\/strong> yapt\u0131\u011f\u0131 konu\u015fmada, \u201c1995\u2019te \u0130stanbul\u2019da uluslararas\u0131 nakliye alan\u0131nda ba\u015flatt\u0131\u011f\u0131m\u0131z faaliyetlerimizi, 25 senede filosunda 521 \u00e7ekici ve 740 r\u00f6mork ile, toplamda 1.261 adet filo b\u00fcy\u00fckl\u00fc\u011f\u00fcne ula\u015farak, \u00fclkemizin en se\u00e7kin lojistik markalar\u0131 aras\u0131nda yer alarak s\u00fcrd\u00fcr\u00fcyoruz. Had\u0131mk\u00f6y\u2019de toplam 30.000 m\u00b2\u2019lik kamp\u00fcs\u00fcm\u00fcz\u00fc antrepo ve konsolidasyon depolar\u0131n\u0131n yan\u0131 s\u0131ra \u015firket merkezimiz olarak da kullanmaktay\u0131z. Ankara\u2019daki Lojistik \u00dcss\u00fc, Bursa, \u0130talya-Milano ve Almanya-M\u00fcnih\u2019teki kendi depolar\u0131m\u0131zda yine H\u00fcner Grup ismiyle m\u00fc\u015fterilerimize kesintisiz 24 saat hizmet vermekteyiz. Almanya ta\u015f\u0131malar\u0131nda ilk 3\u2019 te, \u0130talya ta\u015f\u0131malar\u0131nda ise a\u00e7\u0131k ara pazar liderli\u011fimizi s\u00fcrd\u00fcrmekteyiz. Konusunda deneyimli 600\u2019e yak\u0131n \u00e7al\u0131\u015fan\u0131m\u0131z ile birlikte 23 farkl\u0131 ana sekt\u00f6rde faaliyet g\u00f6stererek, 2.000\u2019i a\u015fk\u0131n geni\u015f m\u00fc\u015fteri portf\u00f6y\u00fcm\u00fcz ile y\u0131ll\u0131k 75 milyon avroyu a\u015fan hizmet cirosu \u00fcretmekteyiz. Filomuza yeni ekledi\u011fimiz 300 adet Actros 1848 LS ara\u00e7la g\u00fcc\u00fcm\u00fcze g\u00fc\u00e7 kataca\u011f\u0131m\u0131za eminim. Bu b\u00fcy\u00fck filo al\u0131m\u0131nda eme\u011fi ge\u00e7en t\u00fcm Mercedes-Benz T\u00fcrk y\u00f6netici ve \u00e7al\u0131\u015fanlar\u0131na, Heska Motorlu Ara\u00e7lar\u2019\u0131n de\u011ferli y\u00f6neticilerine ve \u015firketimizdeki \u00e7al\u0131\u015fma arkada\u015flar\u0131m\u0131za te\u015fekk\u00fcr ediyorum, \u015firketimiz ve \u00fclkemiz ad\u0131na hay\u0131rl\u0131 olmas\u0131n\u0131 temenni ediyorum.\u201d dedi.<\/p>\n\n\n\n<p><strong>H\u00fcner Grup Y\u00f6netim Kurulu \u00dcyesi Melisa H\u00fcner<\/strong> ise, \u201c\u015eirket tarihimizin en b\u00fcy\u00fck sat\u0131n al\u0131mlar\u0131ndan biri olan bu anla\u015fman\u0131n ger\u00e7ekle\u015fmesinde; Mercedes-Benz marka ara\u00e7lar\u0131n kalitesi, yedek par\u00e7a bulunabilirli\u011fi, yayg\u0131n servis a\u011f\u0131 ile birlikte Mercedes-Benz Actros 1848 LS\u2019lerin toplam sahip olma avantajlar\u0131, ara\u00e7lar\u0131n \u00fclkemizde \u00fcretiliyor olu\u015fu, Mercedes-Benz Finansal Hizmetler\u2019in sa\u011flad\u0131\u011f\u0131 uygun finansman \u015fartlar\u0131, s\u00fcr\u00fcc\u00fclerimizin ortak g\u00f6r\u00fc\u015fleri, Mercedes-Benz T\u00fcrk sat\u0131\u015f ekibinin bizlere yakla\u015f\u0131m\u0131 ve tam uyumu ile Mercedes-Benz Yetkili Bayii ve Heska Motorlu Ara\u00e7lar\u2019\u0131n deste\u011fi ve koordinasyonu etkili oldu. \u0130nan\u0131yorum ki, iki \u015firket aras\u0131ndaki bu ilk b\u00fcy\u00fck \u00e7apl\u0131 i\u015fbirli\u011fi ilerleyen y\u0131llarda da devam edecektir. 300 arac\u0131n filomuza kat\u0131lmas\u0131nda eme\u011fi ge\u00e7en t\u00fcm Mercedes-Benz T\u00fcrk y\u00f6neticilerine, Heska Motorlu Ara\u00e7lar\u2019a ve H\u00fcner Grup \u00fcyelerimize te\u015fekk\u00fcr ediyor, \u015firketimiz ve \u00fclkemiz ad\u0131na hay\u0131rl\u0131 olmas\u0131n\u0131 diliyorum.\u201d dedi.<\/p>\n\n\n\n<figure class=\"wp-block-image size-large\"><img loading=\"lazy\" width=\"1024\" height=\"333\" src=\"http:\/\/blog.ulasimplatformu.com\/wp-content\/uploads\/2020\/09\/H\u00fcner-Grup\u2019a-300-adet-Actros-1848-LS-2_LR-1024x333.jpg\" alt=\"\" class=\"wp-image-1485\" srcset=\"http:\/\/blog.ulasimplatformu.com\/wp-content\/uploads\/2020\/09\/H\u00fcner-Grup\u2019a-300-adet-Actros-1848-LS-2_LR-1024x333.jpg 1024w, http:\/\/blog.ulasimplatformu.com\/wp-content\/uploads\/2020\/09\/H\u00fcner-Grup\u2019a-300-adet-Actros-1848-LS-2_LR-300x98.jpg 300w, http:\/\/blog.ulasimplatformu.com\/wp-content\/uploads\/2020\/09\/H\u00fcner-Grup\u2019a-300-adet-Actros-1848-LS-2_LR-768x250.jpg 768w, http:\/\/blog.ulasimplatformu.com\/wp-content\/uploads\/2020\/09\/H\u00fcner-Grup\u2019a-300-adet-Actros-1848-LS-2_LR-1536x499.jpg 1536w, http:\/\/blog.ulasimplatformu.com\/wp-content\/uploads\/2020\/09\/H\u00fcner-Grup\u2019a-300-adet-Actros-1848-LS-2_LR.jpg 2000w\" sizes=\"(max-width: 1024px) 100vw, 1024px\" \/><\/figure>\n\n\n\n<figure class=\"wp-block-image size-large\"><img loading=\"lazy\" width=\"1024\" height=\"683\" src=\"http:\/\/blog.ulasimplatformu.com\/wp-content\/uploads\/2020\/09\/H\u00fcner-Grup\u2019a-300-adet-Actros-1848-LS-1-1024x683.jpg\" alt=\"\" class=\"wp-image-1484\" srcset=\"http:\/\/blog.ulasimplatformu.com\/wp-content\/uploads\/2020\/09\/H\u00fcner-Grup\u2019a-300-adet-Actros-1848-LS-1-1024x683.jpg 1024w, http:\/\/blog.ulasimplatformu.com\/wp-content\/uploads\/2020\/09\/H\u00fcner-Grup\u2019a-300-adet-Actros-1848-LS-1-300x200.jpg 300w, http:\/\/blog.ulasimplatformu.com\/wp-content\/uploads\/2020\/09\/H\u00fcner-Grup\u2019a-300-adet-Actros-1848-LS-1-768x512.jpg 768w, http:\/\/blog.ulasimplatformu.com\/wp-content\/uploads\/2020\/09\/H\u00fcner-Grup\u2019a-300-adet-Actros-1848-LS-1-1536x1024.jpg 1536w, http:\/\/blog.ulasimplatformu.com\/wp-content\/uploads\/2020\/09\/H\u00fcner-Grup\u2019a-300-adet-Actros-1848-LS-1.jpg 1872w\" sizes=\"(max-width: 1024px) 100vw, 1024px\" \/><\/figure>\n\n\n\n<figure class=\"wp-block-image size-large\"><img loading=\"lazy\" width=\"1024\" height=\"683\" src=\"http:\/\/blog.ulasimplatformu.com\/wp-content\/uploads\/2020\/09\/H\u00fcner-Grup\u2019a-300-adet-Actros-1848-LS_Toplu-G\u00f6rsel-1024x683.jpg\" alt=\"\" class=\"wp-image-1479\" srcset=\"http:\/\/blog.ulasimplatformu.com\/wp-content\/uploads\/2020\/09\/H\u00fcner-Grup\u2019a-300-adet-Actros-1848-LS_Toplu-G\u00f6rsel-1024x683.jpg 1024w, http:\/\/blog.ulasimplatformu.com\/wp-content\/uploads\/2020\/09\/H\u00fcner-Grup\u2019a-300-adet-Actros-1848-LS_Toplu-G\u00f6rsel-300x200.jpg 300w, http:\/\/blog.ulasimplatformu.com\/wp-content\/uploads\/2020\/09\/H\u00fcner-Grup\u2019a-300-adet-Actros-1848-LS_Toplu-G\u00f6rsel-768x512.jpg 768w, http:\/\/blog.ulasimplatformu.com\/wp-content\/uploads\/2020\/09\/H\u00fcner-Grup\u2019a-300-adet-Actros-1848-LS_Toplu-G\u00f6rsel.jpg 1248w\" sizes=\"(max-width: 1024px) 100vw, 1024px\" \/><\/figure>\n\n\n\n<figure class=\"wp-block-image size-large\"><img loading=\"lazy\" width=\"683\" height=\"1024\" src=\"http:\/\/blog.ulasimplatformu.com\/wp-content\/uploads\/2020\/09\/H\u00fcner-Grup\u2019a-300-adet-Actros-1848-LS_S\u00fcer-S\u00fcl\u00fcn-\u0130brahim-H\u00fcner-683x1024.jpg\" alt=\"\" class=\"wp-image-1478\" srcset=\"http:\/\/blog.ulasimplatformu.com\/wp-content\/uploads\/2020\/09\/H\u00fcner-Grup\u2019a-300-adet-Actros-1848-LS_S\u00fcer-S\u00fcl\u00fcn-\u0130brahim-H\u00fcner-683x1024.jpg 683w, http:\/\/blog.ulasimplatformu.com\/wp-content\/uploads\/2020\/09\/H\u00fcner-Grup\u2019a-300-adet-Actros-1848-LS_S\u00fcer-S\u00fcl\u00fcn-\u0130brahim-H\u00fcner-200x300.jpg 200w, http:\/\/blog.ulasimplatformu.com\/wp-content\/uploads\/2020\/09\/H\u00fcner-Grup\u2019a-300-adet-Actros-1848-LS_S\u00fcer-S\u00fcl\u00fcn-\u0130brahim-H\u00fcner-768x1152.jpg 768w, http:\/\/blog.ulasimplatformu.com\/wp-content\/uploads\/2020\/09\/H\u00fcner-Grup\u2019a-300-adet-Actros-1848-LS_S\u00fcer-S\u00fcl\u00fcn-\u0130brahim-H\u00fcner.jpg 832w\" sizes=\"(max-width: 683px) 100vw, 683px\" \/><\/figure>\n\n\n\n<figure class=\"wp-block-image size-large\"><img loading=\"lazy\" width=\"683\" height=\"1024\" src=\"http:\/\/blog.ulasimplatformu.com\/wp-content\/uploads\/2020\/09\/H\u00fcner-Grup\u2019a-300-adet-Actros-1848-LS_Alper-Kurt-Melisa-H\u00fcner-Arda-H\u00fcner-683x1024.jpg\" alt=\"\" class=\"wp-image-1486\" srcset=\"http:\/\/blog.ulasimplatformu.com\/wp-content\/uploads\/2020\/09\/H\u00fcner-Grup\u2019a-300-adet-Actros-1848-LS_Alper-Kurt-Melisa-H\u00fcner-Arda-H\u00fcner-683x1024.jpg 683w, http:\/\/blog.ulasimplatformu.com\/wp-content\/uploads\/2020\/09\/H\u00fcner-Grup\u2019a-300-adet-Actros-1848-LS_Alper-Kurt-Melisa-H\u00fcner-Arda-H\u00fcner-200x300.jpg 200w, http:\/\/blog.ulasimplatformu.com\/wp-content\/uploads\/2020\/09\/H\u00fcner-Grup\u2019a-300-adet-Actros-1848-LS_Alper-Kurt-Melisa-H\u00fcner-Arda-H\u00fcner-768x1152.jpg 768w, http:\/\/blog.ulasimplatformu.com\/wp-content\/uploads\/2020\/09\/H\u00fcner-Grup\u2019a-300-adet-Actros-1848-LS_Alper-Kurt-Melisa-H\u00fcner-Arda-H\u00fcner.jpg 832w\" sizes=\"(max-width: 683px) 100vw, 683px\" \/><\/figure>\n","protected":false},"excerpt":{"rendered":"<p>Mercedes-Benz T\u00fcrk bu y\u0131l\u0131n en b\u00fcy\u00fck kamyon teslimat\u0131n\u0131 300 adet Actros 1848 LS ile H\u00fcner Grup\u2019a ger\u00e7ekle\u015ftirdi. Bu teslimat ile H\u00fcner Grup, ilk kez filosuna Mercedes-Benz y\u0131ld\u0131zl\u0131 ara\u00e7lar ekledi. Faaliyetlerine 1995 y\u0131l\u0131nda \u0130stanbul\u2019da ba\u015flayan H\u00fcner Global Lojistik ve 2011 y\u0131l\u0131nda kurulan HNR Lojistik, Mercedes-Benz T\u00fcrk\u2019ten toplam 300 adetlik Actros 1848 LS \u00e7ekiciyi \u00c7\u0131ra\u011fan Palace Kempinsky\u2019de [&hellip;]<\/p>\n","protected":false},"author":4,"featured_media":1485,"comment_status":"open","ping_status":"open","sticky":false,"template":"","format":"standard","meta":{"tdm_status":"","tdm_grid_status":"","spay_email":""},"categories":[19],"tags":[364,207,366,365,363,103,276,104,229,209,72,62],"jetpack_featured_media_url":"http:\/\/blog.ulasimplatformu.com\/wp-content\/uploads\/2020\/09\/H\u00fcner-Grup\u2019a-300-adet-Actros-1848-LS-2_LR.jpg","jetpack_sharing_enabled":true,"amp_enabled":true,"_links":{"self":[{"href":"http:\/\/blog.ulasimplatformu.com\/index.php\/wp-json\/wp\/v2\/posts\/1477"}],"collection":[{"href":"http:\/\/blog.ulasimplatformu.com\/index.php\/wp-json\/wp\/v2\/posts"}],"about":[{"href":"http:\/\/blog.ulasimplatformu.com\/index.php\/wp-json\/wp\/v2\/types\/post"}],"author":[{"embeddable":true,"href":"http:\/\/blog.ulasimplatformu.com\/index.php\/wp-json\/wp\/v2\/users\/4"}],"replies":[{"embeddable":true,"href":"http:\/\/blog.ulasimplatformu.com\/index.php\/wp-json\/wp\/v2\/comments?post=1477"}],"version-history":[{"count":1,"href":"http:\/\/blog.ulasimplatformu.com\/index.php\/wp-json\/wp\/v2\/posts\/1477\/revisions"}],"predecessor-version":[{"id":1488,"href":"http:\/\/blog.ulasimplatformu.com\/index.php\/wp-json\/wp\/v2\/posts\/1477\/revisions\/1488"}],"wp:featuredmedia":[{"embeddable":true,"href":"http:\/\/blog.ulasimplatformu.com\/index.php\/wp-json\/wp\/v2\/media\/1485"}],"wp:attachment":[{"href":"http:\/\/blog.ulasimplatformu.com\/index.php\/wp-json\/wp\/v2\/media?parent=1477"}],"wp:term":[{"taxonomy":"category","embeddable":true,"href":"http:\/\/blog.ulasimplatformu.com\/index.php\/wp-json\/wp\/v2\/categories?post=1477"},{"taxonomy":"post_tag","embeddable":true,"href":"http:\/\/blog.ulasimplatformu.com\/index.php\/wp-json\/wp\/v2\/tags?post=1477"}],"curies":[{"name":"wp","href":"https:\/\/api.w.org\/{rel}","templated":true}]}}