{"id":1491,"date":"2020-10-01T11:55:42","date_gmt":"2020-10-01T08:55:42","guid":{"rendered":"http:\/\/blog.ulasimplatformu.com\/?p=1491"},"modified":"2020-10-01T11:57:11","modified_gmt":"2020-10-01T08:57:11","slug":"yerli-otomobilde-gozler-turkiyenin-uzerinde-destekler-ve-yeni-oneriler-her-gecen-gun-artiyor","status":"publish","type":"post","link":"http:\/\/blog.ulasimplatformu.com\/index.php\/2020\/10\/01\/yerli-otomobilde-gozler-turkiyenin-uzerinde-destekler-ve-yeni-oneriler-her-gecen-gun-artiyor\/","title":{"rendered":"Yerli Otomobilde G\u00f6zler T\u00fcrkiye\u2019nin \u00dczerinde! Destekler ve Yeni \u00d6neriler Her Ge\u00e7en G\u00fcn Art\u0131yor"},"content":{"rendered":"\n<p><strong>Temmuz ay\u0131nda Gemlik\u2019te temeli at\u0131lan ve \u00e7al\u0131\u015fmalara ba\u015flanan elektrikli yerli otomobil fabrikas\u0131nda hummal\u0131 bir \u00e7al\u0131\u015fma var. Gebze&#8217;deki merkezde de ekipler hi\u00e7 durmuyor. Gemlik&#8217;te fabrikan\u0131n zemin g\u00fc\u00e7lendirme \u00e7al\u0131\u015fmalar\u0131n\u0131n devam etti\u011fini s\u00f6yleyen T\u00fcrkiye&#8217;nin Otomobili TOGG&#8217;un CEO&#8217;su G\u00fcrcan Karaka\u015f, &#8220;<\/strong><strong> T\u00fcm g\u00f6zler \u00fcst\u00fcm\u00fczde 24 saat sahnedeyiz. Bu hayali ger\u00e7ekle\u015ftirmek i\u00e7in gece g\u00fcnd\u00fcz \u00e7al\u0131\u015f\u0131yoruz. Avrupa da bizi yak\u0131ndan takip ediyor, hata yapma l\u00fcks\u00fcm\u00fcz yok \u201d dedi.<\/strong><\/p>\n\n\n\n<p><strong>TEHAD : \u2018\u2019Elektrikli Ula\u015f\u0131m Bakanl\u0131\u011f\u0131 Kurulmal\u0131 \u2018\u2019<\/strong><\/p>\n\n\n\n<p><strong>T\u00fcrkiye Elektrikli ve Hibrid Ara\u00e7lar Platformu (TEHAD) Ba\u015fkan\u0131 Berkan Bayram<\/strong>, \u201cT\u00fcm d\u00fcnyada giderek artan bir h\u0131zla elektrikli ula\u015f\u0131m \u00f6nem kazanmakta, devletler t\u00fcm stratejik yat\u0131r\u0131mlar\u0131n\u0131 \u00f6zellikle pil \u00fcretimi ve \u00e7evreci ara\u00e7lara yapmaktad\u0131rlar. \u00dclkemizin de Milli Otomobil Projesinin \u2018Elektrikli\u2019 olaca\u011f\u0131ndan yola \u00e7\u0131karak, \u00f6ncelikle devlet kademesinde temsil edilebilmesi ad\u0131na bir an \u00f6nce Elektrikli Ula\u015f\u0131m Bakanl\u0131\u011f\u0131\u2019n\u0131n kurulmas\u0131 gereklili\u011fi zaruridir. Daha sonra ise t\u00fcm b\u00fcy\u00fck\u015fehir belediyelerinde de Elektrikli Ula\u015f\u0131m Daire Ba\u015fkanl\u0131k\u2019lar\u0131n\u0131n olu\u015fturulmas\u0131 ve ilgili mevzuatlar\u0131n yasal a\u00e7\u0131dan ele al\u0131narak bir an \u00f6nce hayata ge\u00e7irilmesi gerekmektedir\u201d dedi.&nbsp;&nbsp;<\/p>\n\n\n\n<p><strong>Avrupal\u0131 T\u00fcrk Firmas\u0131ndan Yerli Otomobile Dev Proje<\/strong><\/p>\n\n\n\n<p>Fransa merkezli T\u00fcrk firmas\u0131 Zifort Immatriculation, QR kodlu plaka y\u00f6ntemiyle yeni otomobilde bir ilke imza atmay\u0131 hedefliyor. Proje kapsam\u0131nda, QR kodlu plaka y\u00f6ntemiyle emniyet g\u00fc\u00e7lerinin i\u015finin kolay hale gelmesi ama\u00e7lan\u0131yor. <strong>Firman\u0131n Y\u00f6netim Kurulu Ba\u015fkan\u0131 Abdullah Demirba\u015f<\/strong> \u2018\u2019Geli\u015ftirdi\u011fimiz sistemle birlikte emniyet g\u00fc\u00e7leri taraf\u0131ndan QR kodunun okutulmas\u0131yla arac\u0131n ruhsat, muayene ve sigortas\u0131n\u0131n g\u00fcncel olup olmad\u0131\u011f\u0131 bilgileri an\u0131nda g\u00f6r\u00fcn\u00fcrken, herhangi bir \u00e7al\u0131nt\u0131 ara\u00e7 durumunda ise h\u0131zl\u0131 bir \u015fekilde m\u00fcdahale edilebilmesine olanak sa\u011flan\u0131yor. QR kod sayesinde plakan\u0131n ger\u00e7ek olup olmad\u0131\u011f\u0131n\u0131 da ayn\u0131 zamanda tescil etmi\u015f oluyoruz \u2018\u2019 diye konu\u015ftu.<\/p>\n\n\n\n<p><strong>Hedef Yerli Otomobilde Uygulanacak Yaz\u0131l\u0131m\u0131 D\u00fcnyaya \u0130hra\u00e7 Etmek<\/strong><\/p>\n\n\n\n<p><strong>Demirba\u015f<\/strong>, ilk defa bu sistemi 2 y\u0131l \u00f6nce, gelen talepten \u00f6t\u00fcr\u00fc, bir orta do\u011fu \u00fclkesi i\u00e7in geli\u015ftirdiklerini dile getirirken yerli otomobil ata\u011f\u0131yla birlikte \u00fcretimi T\u00fcrkiye\u2019 de ger\u00e7ekle\u015ftirerek ilk olarak yerli otomobilde bu yaz\u0131l\u0131m sistemini kullanmay\u0131 hedeflediklerini belirtti.\u00a0 Ayr\u0131ca \u015firket yetkilisi artan talepler do\u011frultusunda T\u00fcrkiye\u2019de olu\u015fturaca\u011f\u0131m\u0131z \u00fcretim a\u011f\u0131yla bu teknolojiyi d\u00fcnyaya ihra\u00e7 edeceklerini belirtti.<\/p>\n\n\n\n<figure class=\"wp-block-image size-large\"><img loading=\"lazy\" width=\"1000\" height=\"757\" src=\"http:\/\/blog.ulasimplatformu.com\/wp-content\/uploads\/2020\/10\/1601448520_togg.jpg\" alt=\"\" class=\"wp-image-1493\" srcset=\"http:\/\/blog.ulasimplatformu.com\/wp-content\/uploads\/2020\/10\/1601448520_togg.jpg 1000w, http:\/\/blog.ulasimplatformu.com\/wp-content\/uploads\/2020\/10\/1601448520_togg-300x227.jpg 300w, http:\/\/blog.ulasimplatformu.com\/wp-content\/uploads\/2020\/10\/1601448520_togg-768x581.jpg 768w\" sizes=\"(max-width: 1000px) 100vw, 1000px\" \/><\/figure>\n\n\n\n<figure class=\"wp-block-image size-large\"><img loading=\"lazy\" width=\"1024\" height=\"576\" src=\"http:\/\/blog.ulasimplatformu.com\/wp-content\/uploads\/2020\/10\/1601448520_togg2-1024x576.jpg\" alt=\"\" class=\"wp-image-1494\" srcset=\"http:\/\/blog.ulasimplatformu.com\/wp-content\/uploads\/2020\/10\/1601448520_togg2-1024x576.jpg 1024w, http:\/\/blog.ulasimplatformu.com\/wp-content\/uploads\/2020\/10\/1601448520_togg2-300x169.jpg 300w, http:\/\/blog.ulasimplatformu.com\/wp-content\/uploads\/2020\/10\/1601448520_togg2-768x432.jpg 768w, http:\/\/blog.ulasimplatformu.com\/wp-content\/uploads\/2020\/10\/1601448520_togg2-390x220.jpg 390w, http:\/\/blog.ulasimplatformu.com\/wp-content\/uploads\/2020\/10\/1601448520_togg2.jpg 1200w\" sizes=\"(max-width: 1024px) 100vw, 1024px\" \/><\/figure>\n\n\n\n<figure class=\"wp-block-image size-large\"><img loading=\"lazy\" width=\"1000\" height=\"750\" src=\"http:\/\/blog.ulasimplatformu.com\/wp-content\/uploads\/2020\/10\/1601448532_pleksi.jpg\" alt=\"\" class=\"wp-image-1495\" srcset=\"http:\/\/blog.ulasimplatformu.com\/wp-content\/uploads\/2020\/10\/1601448532_pleksi.jpg 1000w, http:\/\/blog.ulasimplatformu.com\/wp-content\/uploads\/2020\/10\/1601448532_pleksi-300x225.jpg 300w, http:\/\/blog.ulasimplatformu.com\/wp-content\/uploads\/2020\/10\/1601448532_pleksi-768x576.jpg 768w\" sizes=\"(max-width: 1000px) 100vw, 1000px\" \/><\/figure>\n\n\n\n<figure class=\"wp-block-image size-large\"><img loading=\"lazy\" width=\"1000\" height=\"750\" src=\"http:\/\/blog.ulasimplatformu.com\/wp-content\/uploads\/2020\/10\/1601448532_pleksi_2.jpg\" alt=\"\" class=\"wp-image-1496\" srcset=\"http:\/\/blog.ulasimplatformu.com\/wp-content\/uploads\/2020\/10\/1601448532_pleksi_2.jpg 1000w, http:\/\/blog.ulasimplatformu.com\/wp-content\/uploads\/2020\/10\/1601448532_pleksi_2-300x225.jpg 300w, http:\/\/blog.ulasimplatformu.com\/wp-content\/uploads\/2020\/10\/1601448532_pleksi_2-768x576.jpg 768w\" sizes=\"(max-width: 1000px) 100vw, 1000px\" \/><\/figure>\n\n\n\n<p><\/p>\n","protected":false},"excerpt":{"rendered":"<p>Temmuz ay\u0131nda Gemlik\u2019te temeli at\u0131lan ve \u00e7al\u0131\u015fmalara ba\u015flanan elektrikli yerli otomobil fabrikas\u0131nda hummal\u0131 bir \u00e7al\u0131\u015fma var. Gebze&#8217;deki merkezde de ekipler hi\u00e7 durmuyor. Gemlik&#8217;te fabrikan\u0131n zemin g\u00fc\u00e7lendirme \u00e7al\u0131\u015fmalar\u0131n\u0131n devam etti\u011fini s\u00f6yleyen T\u00fcrkiye&#8217;nin Otomobili TOGG&#8217;un CEO&#8217;su G\u00fcrcan Karaka\u015f, &#8220; T\u00fcm g\u00f6zler \u00fcst\u00fcm\u00fczde 24 saat sahnedeyiz. Bu hayali ger\u00e7ekle\u015ftirmek i\u00e7in gece g\u00fcnd\u00fcz \u00e7al\u0131\u015f\u0131yoruz. Avrupa da bizi yak\u0131ndan takip [&hellip;]<\/p>\n","protected":false},"author":4,"featured_media":1494,"comment_status":"open","ping_status":"open","sticky":false,"template":"","format":"standard","meta":{"tdm_status":"","tdm_grid_status":"","spay_email":""},"categories":[25],"tags":[163,275,68,280,369,72,62,367],"jetpack_featured_media_url":"http:\/\/blog.ulasimplatformu.com\/wp-content\/uploads\/2020\/10\/1601448520_togg2.jpg","jetpack_sharing_enabled":true,"amp_enabled":true,"_links":{"self":[{"href":"http:\/\/blog.ulasimplatformu.com\/index.php\/wp-json\/wp\/v2\/posts\/1491"}],"collection":[{"href":"http:\/\/blog.ulasimplatformu.com\/index.php\/wp-json\/wp\/v2\/posts"}],"about":[{"href":"http:\/\/blog.ulasimplatformu.com\/index.php\/wp-json\/wp\/v2\/types\/post"}],"author":[{"embeddable":true,"href":"http:\/\/blog.ulasimplatformu.com\/index.php\/wp-json\/wp\/v2\/users\/4"}],"replies":[{"embeddable":true,"href":"http:\/\/blog.ulasimplatformu.com\/index.php\/wp-json\/wp\/v2\/comments?post=1491"}],"version-history":[{"count":1,"href":"http:\/\/blog.ulasimplatformu.com\/index.php\/wp-json\/wp\/v2\/posts\/1491\/revisions"}],"predecessor-version":[{"id":1501,"href":"http:\/\/blog.ulasimplatformu.com\/index.php\/wp-json\/wp\/v2\/posts\/1491\/revisions\/1501"}],"wp:featuredmedia":[{"embeddable":true,"href":"http:\/\/blog.ulasimplatformu.com\/index.php\/wp-json\/wp\/v2\/media\/1494"}],"wp:attachment":[{"href":"http:\/\/blog.ulasimplatformu.com\/index.php\/wp-json\/wp\/v2\/media?parent=1491"}],"wp:term":[{"taxonomy":"category","embeddable":true,"href":"http:\/\/blog.ulasimplatformu.com\/index.php\/wp-json\/wp\/v2\/categories?post=1491"},{"taxonomy":"post_tag","embeddable":true,"href":"http:\/\/blog.ulasimplatformu.com\/index.php\/wp-json\/wp\/v2\/tags?post=1491"}],"curies":[{"name":"wp","href":"https:\/\/api.w.org\/{rel}","templated":true}]}}