{"id":1572,"date":"2020-10-13T23:55:07","date_gmt":"2020-10-13T20:55:07","guid":{"rendered":"http:\/\/blog.ulasimplatformu.com\/?p=1572"},"modified":"2020-10-13T23:55:15","modified_gmt":"2020-10-13T20:55:15","slug":"mercedes-benz-ve-setra-otobuslerinde-covid-19-pandemisine-karsi-yeni-donanimlar","status":"publish","type":"post","link":"http:\/\/blog.ulasimplatformu.com\/index.php\/2020\/10\/13\/mercedes-benz-ve-setra-otobuslerinde-covid-19-pandemisine-karsi-yeni-donanimlar\/","title":{"rendered":"Mercedes-Benz ve Setra otob\u00fcslerinde COVID-19 pandemisine kar\u015f\u0131 yeni donan\u0131mlar"},"content":{"rendered":"\n<ul><li><strong>Daimler b\u00fcnyesindeki Mercedes-Benz ve Setra markal\u0131 otob\u00fcslerde, yeni tip koronavir\u00fcs pandemisine kar\u015f\u0131, yolculuklardaki yay\u0131l\u0131m\u0131n azalt\u0131lmas\u0131 ad\u0131na baz\u0131 yenilikler sunulmaya ba<\/strong><strong>\u015f<\/strong><strong>land\u0131.<\/strong><\/li><li><strong>Otob\u00fcslerde salg\u0131na kar<\/strong><strong>\u015f\u0131<\/strong><strong> yeni iklimlendirme sistemi, antiviral etkili y\u00fcksek performansl\u0131 partik\u00fcl filtreleri, s\u00fcr\u00fcc\u00fc koruma kap\u0131lar\u0131 ve sens\u00f6rl\u00fc dezenfektan dispenserleri sunulmaya ba\u015flan\u0131yor.<\/strong><\/li><li><strong>Yeni iklimlendirme sistemi sayesinde otob\u00fcslerin i\u00e7indeki hava, her iki dakikada bir tamamen de<\/strong><strong>\u011f<\/strong><strong>i<\/strong><strong>\u015f<\/strong><strong>tirilebiliyor.<\/strong><\/li><li><strong>Yeni otob\u00fcs sipari<\/strong><strong>\u015f<\/strong><strong>leri haricinde mevcut otob\u00fcslere de eklenebilen bu donan\u0131mlar sayesinde daha g\u00fcvenli ve huzurlu yolculuklar yap\u0131labilecek.<\/strong><\/li><li><strong>Yeni donan\u0131mlar, Mercedes-Benz T\u00fcrk Ho\u015fdere Otob\u00fcs AR-GE Merkezi\u2019nin Almanya\u2019daki ekipler ile ortak \u00e7al\u0131\u015fmas\u0131 sonucunda geli\u015ftirildi.&nbsp;<\/strong><\/li><\/ul>\n\n\n\n<p>Daimler Buses kapsam\u0131nda \u00fcretilen Mercedes-Benz ve Setra markalar\u0131 her zaman \u00f6rnek niteli\u011finde g\u00fcvenlik donan\u0131mlar\u0131na sahip oldu. T\u00fcm d\u00fcnyay\u0131 etkisi alt\u0131na alan Covid-19 pandemisi sebebiyle s\u00f6z konusu markalar yeni g\u00fcvenlik \u00f6nlemlerini tan\u0131tt\u0131lar. Bunlardan ilki, standart olarak otob\u00fcslere tak\u0131lan <strong>yeni iklimlendirme sistemi<\/strong>. Bu sistem, ara\u00e7 i\u00e7erisinde h\u0131zl\u0131 hava de\u011fi\u015fimi sa\u011flayarak enfeksiyon riskine kar\u015f\u0131 koruma sunuyor. Yeni \u00f6zellikler aras\u0131nda <strong>antiviral etkili y\u00fcksek performansl\u0131 klima filtreleri<\/strong> ve ayr\u0131ca otob\u00fcsler i\u00e7in <strong>s\u00fcr\u00fcc\u00fc koruma kap\u0131lar\u0131<\/strong> ve <strong>sens\u00f6rl\u00fc dezenfektan dispenserleri<\/strong> de yer al\u0131yor. Daimler Buses, modele ba\u011fl\u0131 olarak ara\u00e7 i\u00e7erisinde maksimum taze hava ak\u0131\u015f\u0131n\u0131 y\u00fczde 33 ila 40 oran\u0131nda art\u0131ran bir opsiyonel \u00f6zelli\u011fi de sunmaya ba\u015flad\u0131. Mercedes-Benz T\u00fcrk Ho\u015fdere Otob\u00fcs AR-GE Merkezi\u2019nin Mannheim ve Neu-Ulm\u2019daki ekiplerle birlikte geli\u015ftirdi\u011fi yeni donan\u0131mlardan baz\u0131lar\u0131 mevcut ara\u00e7lara sonradan uygulanabildi\u011fi gibi, Ekim 2020 itibar\u0131yla verilen yeni sipari\u015flere de \u00fcretim a\u015famas\u0131nda eklenebiliyor.&nbsp;&nbsp;&nbsp;<\/p>\n\n\n\n<p><strong>Daimler Buses \u00dcr\u00fcn Geli\u015ftirme ve Sat\u0131n Alma Ba<\/strong><strong>\u015f<\/strong><strong>kan\u0131 Gustav Tuschen;<\/strong> \u201cEn son filtre teknolojileri ve ortalaman\u0131n \u00fczerinde taze hava de\u011fi\u015fim oran\u0131 ile yolcu otob\u00fcslerimiz, her zaman i\u00e7in g\u00fcvenli\u011fi ve konforu en \u00fcst seviyede bir araya getiriyor. Bu arada antiviral i\u015flev katmanlar\u0131n\u0131n kullan\u0131m\u0131, hijyen tedbirlerini bir kez daha \u00f6nemli \u00f6l\u00e7\u00fcde art\u0131rmam\u0131za imkan sa\u011flad\u0131. Sosyal mesafe ve maske takma kurallar\u0131na uyulmas\u0131 \u015fart\u0131yla s\u00fcr\u00fcc\u00fcler ve yolcular, yeni tip koronavir\u00fcs pandemisi s\u0131ras\u0131nda bile herhangi bir endi\u015fe duymadan ve g\u00fcvenli bir \u015fekilde seyahat edebilir.\u201d dedi.<\/p>\n\n\n\n<p><strong>Her iki dakikada bir taze hava sa<\/strong><strong>\u011f<\/strong><strong>layan yolcu otob\u00fcs\u00fc<\/strong><\/p>\n\n\n\n<p>Yolcu otob\u00fcs\u00fc, ad\u0131ndan da anla\u015f\u0131laca\u011f\u0131 \u00fczere \u00e7ok say\u0131da yolcu bulunduruyor ve bu durum daha fazla enfeksiyon riskinin bulunmas\u0131 endi\u015fesi yaratabiliyor. Ancak Mercedes-Benz ve Setra otob\u00fcslerinin standart teknolojisi, riski en aza indiriyor. Tam otomatik iklimlendirme sistemi, ara\u00e7 i\u00e7erisindeki havay\u0131 s\u00fcrekli olarak de\u011fi\u015ftiriyor. Ayak bo\u015flu\u011fundaki havaland\u0131rma, t\u00fcrb\u00fclans\u0131 engelleyen hafif, dikey bir hava ak\u0131\u015f\u0131 olu\u015fturuyor. 8 ile 26 derece aras\u0131ndaki yayg\u0131n d\u0131\u015f s\u0131cakl\u0131klarda, klima kontrol sistemi maksimum seviyede, y\u00fczde 80 ile 100 aras\u0131nda temiz hava kullan\u0131yor. Her iki dakikada bir arac\u0131n i\u00e7indeki hava s\u00fcrekli ve tamamen de\u011fi\u015fiyor. Hem d\u00fc\u015f\u00fck hem de y\u00fcksek s\u0131cakl\u0131klarda, klima kontrol sistemleri kar\u0131\u015f\u0131k hava modunda \u00e7al\u0131\u015f\u0131yor. Burada, i\u00e7erideki taze havan\u0131n yenilenmesi d\u00f6rt dakikada bir ger\u00e7ekle\u015fiyor. Kar\u015f\u0131la\u015ft\u0131rma yapmak gerekirse; ofislerde en az saatte bir ger\u00e7ekle\u015fen havan\u0131n yenilenmesi, di\u011fer ya\u015fam ortamlar\u0131nda en az iki saatte bir tamamlanabiliyor.<\/p>\n\n\n\n<p><strong>Taze hava kayna<\/strong><strong>\u011f\u0131<\/strong><strong> y\u00fczde 40\u2019a kadar art\u0131r\u0131labiliyor<\/strong><\/p>\n\n\n\n<p>Daimler Buses, gelen talep \u00fczerine pop\u00fcler Mercedes-Benz Yeni Travego, Yeni Tourismo, Setra ComfortClass 500, TopClass 500 ve S 531 DT iki katl\u0131 otob\u00fcs serilerinde, iklimlendirme sistemlerinin maksimum taze hava i\u00e7eri\u011fini, d\u0131\u015far\u0131daki s\u0131cakl\u0131k aral\u0131\u011f\u0131n\u0131n yukar\u0131 ve a\u015fa\u011f\u0131 y\u00f6nde maksimum taze hava kayna\u011f\u0131n\u0131n ayarlanabilmesi i\u00e7in y\u00fczde 33 ile 40 oran\u0131nda art\u0131r\u0131labilme se\u00e7ene\u011fini sunuyor. Yolcu otob\u00fcs\u00fc \u015firketleri i\u00e7in iklimlendirme sisteminden sa\u011flanan bu ek taze hava, s\u00fcr\u00fcc\u00fcler ve yolcular a\u00e7\u0131s\u0131ndan enfeksiyon riskini b\u00fcy\u00fck oranda azalt\u0131yor.<\/p>\n\n\n\n<p><strong>Antiviral i\u015fleve sahip standart y\u00fcksek performansl\u0131 partik\u00fcl filtresi<\/strong><\/p>\n\n\n\n<p>Antiviral i\u015fleve sahip filtre sistemleri zaten havadaki partik\u00fclleri etkin bir \u015fekilde temizlemek i\u00e7in Setra otob\u00fcslerinin klima kontrol sistemlerinde kullan\u0131l\u0131yor. Yeni aktif filtreler, bu etkiyi daha da art\u0131r\u0131yor: \u00c7ok katmanl\u0131, progresif tasar\u0131ma sahip y\u00fcksek performansl\u0131 partik\u00fcl filtreleri, bir antiviral i\u015flev katman\u0131na sahip. Bu, en ince aeresollerin filtrelenmesini sa\u011fl\u0131yor. Fiziksel testler ve mikrobiyolojik analizler de bu etkiyi do\u011fruluyor. Aktif filtreler, tavana monte klima kontrol sistemleri, hava devridaim filtreleri ve ayr\u0131ca iklim kontrol kutusu i\u00e7in kullan\u0131labiliyor.<\/p>\n\n\n\n<p>Aktif filtreler, hem yeni ara\u00e7lara hem de iyile\u015ftirme \u00e7\u00f6z\u00fcm\u00fc olarak olmak \u00fczere, mevcut Mercedes-Benz Yeni Travego, Yeni Tourismo, Setra S 531 DT \u00e7ift katl\u0131 otob\u00fcs, Setra ComfortClass 500 ve TopClass 500 yolcu otob\u00fcsleri i\u00e7in sipari\u015f verilebiliyor. Mercedes-Benz Citaro ve Conecto \u015fehir i\u00e7i otob\u00fcslere y\u00f6nelik uygun aktif filtrelerinin de 2020\u2019nin ilk \u00e7eyre\u011finde sunulmas\u0131 planlan\u0131yor. Aktif filtre ile donat\u0131lan arac\u0131n giri\u015f alan\u0131na, yolcular taraf\u0131ndan g\u00f6r\u00fclebilecek bir etiket de yap\u0131\u015ft\u0131r\u0131l\u0131yor.<\/p>\n\n\n\n<p><strong>S\u00fcr\u00fcc\u00fc koruma kap\u0131lar\u0131 \/ ay\u0131rma duvarlar\u0131<\/strong><\/p>\n\n\n\n<p>Otob\u00fcs \u015fof\u00f6rleri, ka\u00e7\u0131n\u0131lmaz bir \u015fekilde yolcularla temas halindeler. Enfeksiyonlar\u0131 \u00f6nlemek i\u00e7in Daimler Buses, ilk olarak Mercedes-Benz Citaro \u015fehir i\u00e7i otob\u00fcslerinde kullan\u0131m amac\u0131yla emniyet cam\u0131 veya y\u00fcksek kalitede plastik polikarbonattan olu\u015fan profesyonel s\u00fcr\u00fcc\u00fc koruma kap\u0131lar\u0131 geli\u015ftirdi. Bir sonraki ad\u0131mda bunlar, Setra LE Business \u015fehirleraras\u0131 otob\u00fcslerde de uygulamaya sokulmaya ba\u015flan\u0131yor.<\/p>\n\n\n\n<p>Yolcu otob\u00fcslerinin \u015fof\u00f6rleri, toplu ta\u015f\u0131mada \u00e7al\u0131\u015fan meslekta\u015flar\u0131 ile ayn\u0131 korumaya sahip olabilir. Bu nedenle s\u00fcr\u00fcc\u00fc koruma kap\u0131lar\u0131, mevcut Mercedes-Benz Yeni Tourismo serisi, Setra ComfortClass 500 ve Setra S 531 DT \u00e7ift katl\u0131 otob\u00fcsler i\u00e7in de art\u0131k sipari\u015f edilebiliyor. Bu \u00f6zellik sadece yeni ara\u00e7larda sunulmuyor. Intouro modeline y\u00f6nelik \u00e7al\u0131\u015fmalar da k\u0131sa bir zaman sonra tamamlanacak.<\/p>\n\n\n\n<p>T\u00fcm geli\u015ftirme \u00e7al\u0131\u015fmalar\u0131, bu ara\u00e7lara \u00f6zel olarak \u0130stanbul Ho\u015fdere\u2019deki Otob\u00fcs AR-GE Merkezi\u2019nin Mannheim ve Neu-Ulm\u2019daki ekipler taraf\u0131ndan birlikte \u00e7al\u0131\u015fmalar\u0131 sonucunda ger\u00e7ekle\u015ftirildi. T\u00fcm montaj denemeleri ise Almanya\u2019da yap\u0131ld\u0131. Ekim 2020 itibariyle t\u00fcm yeni otob\u00fcs sipari\u015flerinde fabrika teslimi, mevcut ara\u00e7larda ise Sat\u0131\u015f Sonras\u0131 Hizmetler taraf\u0131ndan saha \u00e7\u00f6z\u00fcm\u00fc olarak da uygulanmaya ba\u015flan\u0131yor.<\/p>\n\n\n\n<p><strong>Sens\u00f6rl\u00fc dezenfektan dispenserleri, yolcular\u0131 koruyor<\/strong><\/p>\n\n\n\n<p>Bir\u00e7ok ki\u015fi bir araya geldi\u011finde, patojenler h\u0131zl\u0131ca yay\u0131labilir. Bu nedenle, d\u00fczenli olarak el hijyeni sa\u011flanabilmesi i\u00e7in temass\u0131z dezenfektan dispenseri \u00f6nemli bir donan\u0131m olarak dikkat \u00e7ekiyor. Bu donan\u0131m, kullan\u0131c\u0131n\u0131n ellerinin cihazla temas etmesini \u00f6nl\u00fcyor ve hatta dispenser \u00fczerinden mikroplar\u0131n ge\u00e7i\u015fi de engelleniyor. Kap\u0131 mekanizmalar\u0131na monte edilebilen sens\u00f6rl\u00fc dezenfektan dispenseri, Mercedes-Benz otob\u00fcsleri i\u00e7in Ekim ay\u0131ndan itibaren sipari\u015f edilebiliyor.<\/p>\n\n\n\n<p>\u015eehir i\u00e7i otob\u00fcslerde kap\u0131 giri\u015flerindeki tutunma borular\u0131na entegre edilen dispanserlerin AR-GE \u00e7al\u0131\u015fmalar\u0131 da \u0130stanbul Ho\u015fdere\u2019deki ekipler taraf\u0131ndan ger\u00e7ekle\u015ftirildi. Di\u011fer \u00f6nlem donan\u0131mlar\u0131nda oldu\u011fu gibi, Ekim 2020 itibariyle t\u00fcm yeni \u015fehir i\u00e7i otob\u00fcs sipari\u015flerinde fabrika teslimi, mevcut ara\u00e7larda ise Sat\u0131\u015f Sonras\u0131 Hizmetler taraf\u0131ndan saha \u00e7\u00f6z\u00fcm\u00fc olarak bu \u00f6zellikler mevcut ara\u00e7lara eklenebiliyor.<\/p>\n\n\n\n<figure class=\"wp-block-image size-large\"><img loading=\"lazy\" width=\"1024\" height=\"617\" src=\"http:\/\/blog.ulasimplatformu.com\/wp-content\/uploads\/2020\/10\/Mercedes-Benz-Tourismo-1024x617.jpg\" alt=\"\" class=\"wp-image-1556\" srcset=\"http:\/\/blog.ulasimplatformu.com\/wp-content\/uploads\/2020\/10\/Mercedes-Benz-Tourismo-1024x617.jpg 1024w, http:\/\/blog.ulasimplatformu.com\/wp-content\/uploads\/2020\/10\/Mercedes-Benz-Tourismo-300x181.jpg 300w, http:\/\/blog.ulasimplatformu.com\/wp-content\/uploads\/2020\/10\/Mercedes-Benz-Tourismo-768x463.jpg 768w, http:\/\/blog.ulasimplatformu.com\/wp-content\/uploads\/2020\/10\/Mercedes-Benz-Tourismo-1536x925.jpg 1536w, http:\/\/blog.ulasimplatformu.com\/wp-content\/uploads\/2020\/10\/Mercedes-Benz-Tourismo-780x470.jpg 780w, http:\/\/blog.ulasimplatformu.com\/wp-content\/uploads\/2020\/10\/Mercedes-Benz-Tourismo.jpg 2000w\" sizes=\"(max-width: 1024px) 100vw, 1024px\" \/><\/figure>\n\n\n\n<figure class=\"wp-block-image size-large\"><img loading=\"lazy\" width=\"1024\" height=\"768\" src=\"http:\/\/blog.ulasimplatformu.com\/wp-content\/uploads\/2020\/10\/Mercedes-Benz-Antiviral-Etkili-Y\u00fcksek-Performansl\u0131-Klima-Filtreleri-2-1024x768.jpg\" alt=\"\" class=\"wp-image-1552\" srcset=\"http:\/\/blog.ulasimplatformu.com\/wp-content\/uploads\/2020\/10\/Mercedes-Benz-Antiviral-Etkili-Y\u00fcksek-Performansl\u0131-Klima-Filtreleri-2-1024x768.jpg 1024w, http:\/\/blog.ulasimplatformu.com\/wp-content\/uploads\/2020\/10\/Mercedes-Benz-Antiviral-Etkili-Y\u00fcksek-Performansl\u0131-Klima-Filtreleri-2-300x225.jpg 300w, http:\/\/blog.ulasimplatformu.com\/wp-content\/uploads\/2020\/10\/Mercedes-Benz-Antiviral-Etkili-Y\u00fcksek-Performansl\u0131-Klima-Filtreleri-2-768x576.jpg 768w, http:\/\/blog.ulasimplatformu.com\/wp-content\/uploads\/2020\/10\/Mercedes-Benz-Antiviral-Etkili-Y\u00fcksek-Performansl\u0131-Klima-Filtreleri-2-1536x1152.jpg 1536w, http:\/\/blog.ulasimplatformu.com\/wp-content\/uploads\/2020\/10\/Mercedes-Benz-Antiviral-Etkili-Y\u00fcksek-Performansl\u0131-Klima-Filtreleri-2.jpg 2000w\" sizes=\"(max-width: 1024px) 100vw, 1024px\" \/><\/figure>\n\n\n\n<figure class=\"wp-block-image size-large\"><img loading=\"lazy\" width=\"1024\" height=\"678\" src=\"http:\/\/blog.ulasimplatformu.com\/wp-content\/uploads\/2020\/10\/Mercedes-Benz-Sens\u00f6rl\u00fc-Dezenfektan-Dispenseri-1024x678.jpg\" alt=\"\" class=\"wp-image-1553\" srcset=\"http:\/\/blog.ulasimplatformu.com\/wp-content\/uploads\/2020\/10\/Mercedes-Benz-Sens\u00f6rl\u00fc-Dezenfektan-Dispenseri-1024x678.jpg 1024w, http:\/\/blog.ulasimplatformu.com\/wp-content\/uploads\/2020\/10\/Mercedes-Benz-Sens\u00f6rl\u00fc-Dezenfektan-Dispenseri-300x199.jpg 300w, http:\/\/blog.ulasimplatformu.com\/wp-content\/uploads\/2020\/10\/Mercedes-Benz-Sens\u00f6rl\u00fc-Dezenfektan-Dispenseri-768x508.jpg 768w, http:\/\/blog.ulasimplatformu.com\/wp-content\/uploads\/2020\/10\/Mercedes-Benz-Sens\u00f6rl\u00fc-Dezenfektan-Dispenseri-1536x1017.jpg 1536w, http:\/\/blog.ulasimplatformu.com\/wp-content\/uploads\/2020\/10\/Mercedes-Benz-Sens\u00f6rl\u00fc-Dezenfektan-Dispenseri-2048x1356.jpg 2048w\" sizes=\"(max-width: 1024px) 100vw, 1024px\" \/><\/figure>\n\n\n\n<figure class=\"wp-block-image size-large\"><img loading=\"lazy\" width=\"1024\" height=\"680\" src=\"http:\/\/blog.ulasimplatformu.com\/wp-content\/uploads\/2020\/10\/Mercedes-Benz-S\u00fcr\u00fcc\u00fc-Koruma-Kap\u0131lar\u0131-1-1024x680.jpg\" alt=\"\" class=\"wp-image-1554\" srcset=\"http:\/\/blog.ulasimplatformu.com\/wp-content\/uploads\/2020\/10\/Mercedes-Benz-S\u00fcr\u00fcc\u00fc-Koruma-Kap\u0131lar\u0131-1-1024x680.jpg 1024w, http:\/\/blog.ulasimplatformu.com\/wp-content\/uploads\/2020\/10\/Mercedes-Benz-S\u00fcr\u00fcc\u00fc-Koruma-Kap\u0131lar\u0131-1-300x199.jpg 300w, http:\/\/blog.ulasimplatformu.com\/wp-content\/uploads\/2020\/10\/Mercedes-Benz-S\u00fcr\u00fcc\u00fc-Koruma-Kap\u0131lar\u0131-1-768x510.jpg 768w, http:\/\/blog.ulasimplatformu.com\/wp-content\/uploads\/2020\/10\/Mercedes-Benz-S\u00fcr\u00fcc\u00fc-Koruma-Kap\u0131lar\u0131-1-1536x1020.jpg 1536w, http:\/\/blog.ulasimplatformu.com\/wp-content\/uploads\/2020\/10\/Mercedes-Benz-S\u00fcr\u00fcc\u00fc-Koruma-Kap\u0131lar\u0131-1-2048x1360.jpg 2048w\" sizes=\"(max-width: 1024px) 100vw, 1024px\" \/><\/figure>\n\n\n\n<figure class=\"wp-block-image size-large\"><img loading=\"lazy\" width=\"768\" height=\"1024\" src=\"http:\/\/blog.ulasimplatformu.com\/wp-content\/uploads\/2020\/10\/Daimler-Buses-\u00dcr\u00fcn-Geli\u015ftirme-ve-Sat\u0131n-Alma-Ba\u015fkan\u0131-Gustav-Tuschen-768x1024.jpg\" alt=\"\" class=\"wp-image-1550\" srcset=\"http:\/\/blog.ulasimplatformu.com\/wp-content\/uploads\/2020\/10\/Daimler-Buses-\u00dcr\u00fcn-Geli\u015ftirme-ve-Sat\u0131n-Alma-Ba\u015fkan\u0131-Gustav-Tuschen-768x1024.jpg 768w, http:\/\/blog.ulasimplatformu.com\/wp-content\/uploads\/2020\/10\/Daimler-Buses-\u00dcr\u00fcn-Geli\u015ftirme-ve-Sat\u0131n-Alma-Ba\u015fkan\u0131-Gustav-Tuschen-225x300.jpg 225w, http:\/\/blog.ulasimplatformu.com\/wp-content\/uploads\/2020\/10\/Daimler-Buses-\u00dcr\u00fcn-Geli\u015ftirme-ve-Sat\u0131n-Alma-Ba\u015fkan\u0131-Gustav-Tuschen-1152x1536.jpg 1152w, http:\/\/blog.ulasimplatformu.com\/wp-content\/uploads\/2020\/10\/Daimler-Buses-\u00dcr\u00fcn-Geli\u015ftirme-ve-Sat\u0131n-Alma-Ba\u015fkan\u0131-Gustav-Tuschen.jpg 1350w\" sizes=\"(max-width: 768px) 100vw, 768px\" \/><\/figure>\n","protected":false},"excerpt":{"rendered":"<p>Daimler b\u00fcnyesindeki Mercedes-Benz ve Setra markal\u0131 otob\u00fcslerde, yeni tip koronavir\u00fcs pandemisine kar\u015f\u0131, yolculuklardaki yay\u0131l\u0131m\u0131n azalt\u0131lmas\u0131 ad\u0131na baz\u0131 yenilikler sunulmaya ba\u015fland\u0131. Otob\u00fcslerde salg\u0131na kar\u015f\u0131 yeni iklimlendirme sistemi, antiviral etkili y\u00fcksek performansl\u0131 partik\u00fcl filtreleri, s\u00fcr\u00fcc\u00fc koruma kap\u0131lar\u0131 ve sens\u00f6rl\u00fc dezenfektan dispenserleri sunulmaya ba\u015flan\u0131yor. Yeni iklimlendirme sistemi sayesinde otob\u00fcslerin i\u00e7indeki hava, her iki dakikada bir tamamen de\u011fi\u015ftirilebiliyor. Yeni [&hellip;]<\/p>\n","protected":false},"author":4,"featured_media":1556,"comment_status":"open","ping_status":"open","sticky":false,"template":"","format":"standard","meta":{"tdm_status":"","tdm_grid_status":"","spay_email":""},"categories":[2],"tags":[238,243,404,405,103,316,340,104,406,403,72,62],"jetpack_featured_media_url":"http:\/\/blog.ulasimplatformu.com\/wp-content\/uploads\/2020\/10\/Mercedes-Benz-Tourismo.jpg","jetpack_sharing_enabled":true,"amp_enabled":true,"_links":{"self":[{"href":"http:\/\/blog.ulasimplatformu.com\/index.php\/wp-json\/wp\/v2\/posts\/1572"}],"collection":[{"href":"http:\/\/blog.ulasimplatformu.com\/index.php\/wp-json\/wp\/v2\/posts"}],"about":[{"href":"http:\/\/blog.ulasimplatformu.com\/index.php\/wp-json\/wp\/v2\/types\/post"}],"author":[{"embeddable":true,"href":"http:\/\/blog.ulasimplatformu.com\/index.php\/wp-json\/wp\/v2\/users\/4"}],"replies":[{"embeddable":true,"href":"http:\/\/blog.ulasimplatformu.com\/index.php\/wp-json\/wp\/v2\/comments?post=1572"}],"version-history":[{"count":1,"href":"http:\/\/blog.ulasimplatformu.com\/index.php\/wp-json\/wp\/v2\/posts\/1572\/revisions"}],"predecessor-version":[{"id":1573,"href":"http:\/\/blog.ulasimplatformu.com\/index.php\/wp-json\/wp\/v2\/posts\/1572\/revisions\/1573"}],"wp:featuredmedia":[{"embeddable":true,"href":"http:\/\/blog.ulasimplatformu.com\/index.php\/wp-json\/wp\/v2\/media\/1556"}],"wp:attachment":[{"href":"http:\/\/blog.ulasimplatformu.com\/index.php\/wp-json\/wp\/v2\/media?parent=1572"}],"wp:term":[{"taxonomy":"category","embeddable":true,"href":"http:\/\/blog.ulasimplatformu.com\/index.php\/wp-json\/wp\/v2\/categories?post=1572"},{"taxonomy":"post_tag","embeddable":true,"href":"http:\/\/blog.ulasimplatformu.com\/index.php\/wp-json\/wp\/v2\/tags?post=1572"}],"curies":[{"name":"wp","href":"https:\/\/api.w.org\/{rel}","templated":true}]}}