{"id":2190,"date":"2020-12-30T19:22:15","date_gmt":"2020-12-30T16:22:15","guid":{"rendered":"http:\/\/blog.ulasimplatformu.com\/?p=2190"},"modified":"2020-12-30T19:22:20","modified_gmt":"2020-12-30T16:22:20","slug":"mercedes-benz-2020de-de-genclere-destegine-devam-etti","status":"publish","type":"post","link":"http:\/\/blog.ulasimplatformu.com\/index.php\/2020\/12\/30\/mercedes-benz-2020de-de-genclere-destegine-devam-etti\/","title":{"rendered":"Mercedes-Benz 2020&#8217;de de gen\u00e7lere deste\u011fine devam etti"},"content":{"rendered":"\n<ul><li><strong>Mercedes-Benz, kurumsal sosyal sorumluluk projeleriyle, 2020 y\u0131l\u0131nda da T\u00fcrkiye\u2019nin gelece\u011fi olan gen\u00e7leri desteklemeyi s\u00fcrd\u00fcrd\u00fc.<\/strong><\/li><li><strong>\u015eirket, 16 y\u0131ld\u0131r \u201cHer K\u0131z\u0131m\u0131z Bir Y\u0131ld\u0131z\u201d, 6 y\u0131ld\u0131r \u201cEML\u2019miz Gelece\u011fin Y\u0131ld\u0131z\u0131\u201d ve 7 y\u0131ld\u0131r \u201cMobileKids\u201d projeleriyle toplumun farkl\u0131 alan\u0131ndaki ihtiya\u00e7lara katk\u0131 sa\u011fl\u0131yor.<\/strong><\/li><li><strong>Mercedes-Benz\u2019in toplumda kad\u0131n\u0131n her alanda hak etti\u011fi g\u00fcce kavu\u015fmas\u0131, kad\u0131nlara sosyal ve ekonomik hayatta f\u0131rsat e\u015fitli\u011fi tan\u0131nmas\u0131 hedefiyle hayata ge\u00e7irdi\u011fi \u201cHer K\u0131z\u0131m\u0131z Bir Y\u0131ld\u0131z\u201d projesinde, 2020 y\u0131l\u0131n\u0131n ilk iki ay\u0131nda farkl\u0131 \u015fehirlede \u201cY\u0131ld\u0131z K\u0131zlar\u201d\u0131n kat\u0131l\u0131m\u0131yla ki\u015fisel ve mesleki geli\u015fim at\u00f6lyeleri d\u00fczenlendi.<\/strong><\/li><li><strong>2018 y\u0131l\u0131nda ba\u015flayan \u201cBili\u015fim Teknolojileri ve Kodlama\u201d e\u011fitimleri 2020 y\u0131l\u0131nda \u00e7evirimi\u00e7i olarak devam etti. Bilgisayar sahibi olmayan t\u00fcm bursiyelere \u00e7evirimi\u00e7i e\u011fitime ula\u015fabilmeleri i\u00e7in birer tablet hediye edildi.<\/strong><\/li><li><strong>Mercedes-Benz\u2019in \u201cEML\u2019miz Gelece\u011fin Y\u0131ld\u0131z\u0131\u201d projesi kapsam\u0131nda, 2019\/2020 e\u011fitim-\u00f6\u011frenim d\u00f6nemindeki zorlu pandemi ko\u015fullar\u0131na ra\u011fmen 456 yeni \u00f6\u011frenci Mercedes-Benz Laboratuvarlar\u0131\u2019na kabul edilirken, 276 \u00f6\u011frenciye ayn\u0131 d\u00f6nemde Mercedes-Benz Yetkili Bayilerinde staj imkan\u0131 tan\u0131nd\u0131.<\/strong><\/li><li><strong>MobileKids Trafik E\u011fitim Projesi\u2019nde 2020 y\u0131l\u0131n\u0131n ilk \u00fc\u00e7 ay\u0131nda ger\u00e7ekle\u015ftirilen e\u011fitimler ile 500\u2019den fazla \u00f6\u011frenciye 6 saat s\u00fcren trafik e\u011fitimi verildi.<\/strong><\/li><\/ul>\n\n\n\n<p>Mercedes-Benz, kurumsal sosyal sorumluluk projeleriyle \u00e7ocuk ve gen\u00e7lerin temel haklar\u0131 aras\u0131nda yer alan \u201ce\u011fitim\u201d alan\u0131nda faaliyetlerini s\u00fcrd\u00fcrmeye pandemi d\u00f6neminde de devam etti. \u015eirket, \u00fc\u00e7 farkl\u0131 kurumsal sosyal sorumluluk projesiyle gen\u00e7lerin g\u00fc\u00e7lenmeleri i\u00e7in desteklerini aral\u0131ks\u0131z y\u00fcr\u00fct\u00fcyor.<\/p>\n\n\n\n<p><strong>\u201cHer K\u0131z\u0131m\u0131z Bir Y\u0131ld\u0131z\u201d projesi 16 y\u0131ld\u0131r k\u0131z \u00e7ocuklar\u0131n\u0131n e\u011fitimine katk\u0131 sa\u011fl\u0131yor gen\u00e7 kad\u0131nlar\u0131 destekliyor<\/strong><\/p>\n\n\n\n<p>Mercedes-Benz\u2019in \u00c7YDD (\u00c7a\u011fda\u015f Ya\u015fam\u0131 Destekleme Derne\u011fi) ile birlikte 2004 y\u0131l\u0131nda 17 ilde 200 k\u0131z \u00f6\u011frenciyi destekleyerek ba\u015flan\u0131lan \u201cHer K\u0131z\u0131m\u0131z Bir Y\u0131ld\u0131z\u201d projesi 16 y\u0131ld\u0131r aral\u0131ks\u0131z olarak s\u00fcrd\u00fcr\u00fcl\u00fcyor. Bu proje ile ihtiya\u00e7 sahibi k\u0131z \u00e7ocuklar\u0131n\u0131n e\u011fitimine ve gen\u00e7 kad\u0131nlar\u0131n istihdam edilebilirliklerinin artmas\u0131na katk\u0131da bulunuyor. Proje kapsam\u0131nda; T\u00fcrkiye\u2019nin 60 \u015fehrinde lise ve \u00fcniversitede okuyan 1.200 gence e\u011fitim bursu sa\u011flan\u0131yor, \u00e7e\u015fitli ki\u015fisel geli\u015fim at\u00f6lyeleri d\u00fczenleniyor ve mesleki geli\u015fim e\u011fitimleri veriliyor. Her K\u0131z\u0131m\u0131z Bir Y\u0131ld\u0131z deste\u011fi ile e\u011fitimini ba\u015far\u0131yla tamamlayan k\u0131z \u00f6\u011frencilere mezuniyetlerinin ard\u0131ndan istihdam olanaklar\u0131 da sunuluyor.<\/p>\n\n\n\n<p>2020 y\u0131l\u0131n\u0131n ilk iki ay\u0131nda \u015fehirleri dola\u015farak \u201cY\u0131ld\u0131z K\u0131zlar\u201da ki\u015fisel ve mesleki geli\u015fim at\u00f6lyesi d\u00fczenlendi. Robincode.org i\u015f birli\u011fi ile bursiyerle i\u00e7in haz\u0131rlanan \u201cTeknolojiyi Y\u00f6neten Gelece\u011fini Y\u00f6netir\u201d Mercedes-Benz Bili\u015fim Teknolojileri ve Kodlama E\u011fitim Program\u0131, online olarak 25 Temmuz\u2019da ba\u015flat\u0131ld\u0131. Eyl\u00fcl ay\u0131na kadar devam eden programda 70\u2019e yak\u0131n \u00f6\u011frenci e\u011fitim ald\u0131. E\u011fitimlerin sonunda kendi mobil uygulamalar\u0131n\u0131 yazan Y\u0131ld\u0131z K\u0131zlar, 21. y\u00fczy\u0131l becerilerini geli\u015ftirerek birer dijital vatanda\u015f olurken, gelecekte y\u00f6nlenmek istedikleri herhangi bir meslekte teknoloji ile olan ba\u011flar\u0131n\u0131 kuvvetlendiriyorlar.<\/p>\n\n\n\n<p>2020 y\u0131l\u0131nda bursiyerlerin e\u011fitime eri\u015fimlerini sa\u011flamak amac\u0131yla t\u00fcm bursiyerler ile ileti\u015fime ge\u00e7ilerek bilgisayar sahibi olmayan \u00f6\u011frencilere birer tablet hediye edildi.<\/p>\n\n\n\n<p><strong>\u201cEML\u2019miz Gelece\u011fin Y\u0131ld\u0131z\u0131\u201d projesi kalifiye teknisyenlerin yeti\u015fmesine katk\u0131 sa\u011fl\u0131yor<\/strong><\/p>\n\n\n\n<p>T\u00fcrkiye\u2019de e\u011fitimi destekleyen pek \u00e7ok uzun soluklu projeye imza atan Mercedes-Benz, kurumsal sosyal sorumluluk projesi \u201cEML\u2019miz Gelece\u011fin Y\u0131ld\u0131z\u0131\u201d kapsam\u0131nda, 2014 y\u0131l\u0131ndan g\u00fcn\u00fcm\u00fcze Mesleki ve Teknik Anadolu Liseleri\u2019nin motor b\u00f6l\u00fcmlerinin geli\u015ftirilmesi amac\u0131yla laboratuvarlar\u0131n\u0131 yeniliyor ve gerekli ekipmanlarla donat\u0131yor. Mercedes-Benz Yetkili Bayileri ile Milli E\u011fitim Bakanl\u0131\u011f\u0131\u2019n\u0131n i\u015fbirli\u011finde ger\u00e7ekle\u015ftirdi\u011fi proje kapsam\u0131nda 2019 y\u0131l\u0131nda yenilenen toplam 30 laboratuvar ile liselerdeki motor b\u00f6l\u00fcmlerinin geli\u015ftirilmesi, otomotiv sanayinin servis ve bak\u0131m hizmetlerinde ihtiya\u00e7 duydu\u011fu kalifiye teknisyenlerin yeti\u015ftirilmesi ama\u00e7lan\u0131yor. Teknolojik e\u011fitim i\u00e7in \u00f6zel ekipmanlar ile donat\u0131lan her okula, \u00fczerinde uygulamal\u0131 e\u011fitim ger\u00e7ekle\u015ftirilecek birer adet de kamyon ba\u011f\u0131\u015flan\u0131yor.<\/p>\n\n\n\n<p>Proje kapsam\u0131nda ba\u015flad\u0131\u011f\u0131 g\u00fcnden bug\u00fcne kadar Mercedes-Benz Laboratuvarlar\u0131\u2019nda 2.500\u2019e yak\u0131n \u00f6\u011frenci e\u011fitim ald\u0131; 1.200\u2019e yak\u0131n \u00f6\u011frenci Mercedes-Benz T\u00fcrk bayilerinde staj yapt\u0131, 2.026 \u00f6\u011frenci mezun oldu ve bunlar\u0131n aras\u0131ndan 134 \u00f6\u011frenci Mercedes-Benz yetkili bayilerinde i\u015fba\u015f\u0131 yapt\u0131. 2019\/2020 e\u011fitim-\u00f6\u011frenim d\u00f6nemindeki zorlu pandemi ko\u015fullar\u0131na ra\u011fmen 456 yeni \u00f6\u011frenci Mercedes-Benz Laboratuvarlar\u0131\u2019na kabul edilirken, 276 \u00f6\u011frenciye ayn\u0131 d\u00f6nemde Mercedes-Benz yetkili bayilerinde staj imk\u00e2n\u0131 sunuldu. &nbsp;<\/p>\n\n\n\n<p><strong>\u201cMobileKids Trafik E\u011fitim\u201d projesi \u00e7ocuklar\u0131n trafik bilincini artt\u0131r\u0131yor<\/strong><\/p>\n\n\n\n<p>Daimler AG\u2019nin 2001 y\u0131l\u0131nda Almanya\u2019da ba\u015flatt\u0131\u011f\u0131, 2013 y\u0131l\u0131nda ise Mercedes-Benz T\u00fcrk\u2019\u00fcn T\u00fcrkiye E\u011fitim G\u00f6n\u00fcll\u00fcleri Vakf\u0131 (TEGV) ile birlikte T\u00fcrkiye\u2019de hayata ge\u00e7irilen yol g\u00fcvenli\u011fi giri\u015fimi olan MobileKids Trafik E\u011fitim Projesi\u2019nde, 7-12 ya\u015f aras\u0131 ilk\u00f6\u011fretim \u00e7a\u011f\u0131 \u00e7ocuklar\u0131n\u0131n trafik bilgisinin ve fark\u0131ndal\u0131\u011f\u0131n\u0131n art\u0131r\u0131lmas\u0131, trafikle ilgili kavram, beceri ve tutumlar\u0131 kazanmalar\u0131 hedefleniyor. Bug\u00fcne kadar 13 ilde, 44 okulda, 25.000\u2019den fazla \u00f6\u011frenciye birebir trafik e\u011fitimi verilen projede, e\u011fitim etkinlikleri ilk\u00f6\u011fretim okullar\u0131n\u0131n bah\u00e7elerine yerle\u015ftirilen Trafik Ate\u015fb\u00f6ce\u011fi\u2019nde ger\u00e7ekle\u015ftirildi. 2021 y\u0131l\u0131n\u0131n ilk \u00fc\u00e7 ay\u0131nda ger\u00e7ekle\u015ftirilen e\u011fitimler ile 500\u2019den fazla \u00f6\u011frenciye 6 saat s\u00fcren trafik e\u011fitimi verildi.<\/p>\n\n\n\n<figure class=\"wp-block-image size-large\"><img loading=\"lazy\" width=\"1024\" height=\"684\" src=\"http:\/\/blog.ulasimplatformu.com\/wp-content\/uploads\/2020\/12\/Mercedes-Benz-EMLmiz-Gelece\u011fin-Y\u0131ld\u0131z\u0131-1024x684.jpg\" alt=\"\" class=\"wp-image-2199\" srcset=\"http:\/\/blog.ulasimplatformu.com\/wp-content\/uploads\/2020\/12\/Mercedes-Benz-EMLmiz-Gelece\u011fin-Y\u0131ld\u0131z\u0131-1024x684.jpg 1024w, http:\/\/blog.ulasimplatformu.com\/wp-content\/uploads\/2020\/12\/Mercedes-Benz-EMLmiz-Gelece\u011fin-Y\u0131ld\u0131z\u0131-300x200.jpg 300w, http:\/\/blog.ulasimplatformu.com\/wp-content\/uploads\/2020\/12\/Mercedes-Benz-EMLmiz-Gelece\u011fin-Y\u0131ld\u0131z\u0131-768x513.jpg 768w, http:\/\/blog.ulasimplatformu.com\/wp-content\/uploads\/2020\/12\/Mercedes-Benz-EMLmiz-Gelece\u011fin-Y\u0131ld\u0131z\u0131-1536x1025.jpg 1536w, http:\/\/blog.ulasimplatformu.com\/wp-content\/uploads\/2020\/12\/Mercedes-Benz-EMLmiz-Gelece\u011fin-Y\u0131ld\u0131z\u0131-2048x1367.jpg 2048w\" sizes=\"(max-width: 1024px) 100vw, 1024px\" \/><\/figure>\n\n\n\n<figure class=\"wp-block-image size-large\"><img loading=\"lazy\" width=\"1024\" height=\"683\" src=\"http:\/\/blog.ulasimplatformu.com\/wp-content\/uploads\/2020\/12\/Mercedes-Benz-Her-K\u0131z\u0131m\u0131z-Bir-Y\u0131ld\u0131z-Kodlama-E\u011fitimleri-Universite-1024x683.jpg\" alt=\"\" class=\"wp-image-2200\" srcset=\"http:\/\/blog.ulasimplatformu.com\/wp-content\/uploads\/2020\/12\/Mercedes-Benz-Her-K\u0131z\u0131m\u0131z-Bir-Y\u0131ld\u0131z-Kodlama-E\u011fitimleri-Universite-1024x683.jpg 1024w, http:\/\/blog.ulasimplatformu.com\/wp-content\/uploads\/2020\/12\/Mercedes-Benz-Her-K\u0131z\u0131m\u0131z-Bir-Y\u0131ld\u0131z-Kodlama-E\u011fitimleri-Universite-300x200.jpg 300w, http:\/\/blog.ulasimplatformu.com\/wp-content\/uploads\/2020\/12\/Mercedes-Benz-Her-K\u0131z\u0131m\u0131z-Bir-Y\u0131ld\u0131z-Kodlama-E\u011fitimleri-Universite-768x512.jpg 768w, http:\/\/blog.ulasimplatformu.com\/wp-content\/uploads\/2020\/12\/Mercedes-Benz-Her-K\u0131z\u0131m\u0131z-Bir-Y\u0131ld\u0131z-Kodlama-E\u011fitimleri-Universite-1536x1024.jpg 1536w, http:\/\/blog.ulasimplatformu.com\/wp-content\/uploads\/2020\/12\/Mercedes-Benz-Her-K\u0131z\u0131m\u0131z-Bir-Y\u0131ld\u0131z-Kodlama-E\u011fitimleri-Universite-2048x1365.jpg 2048w\" sizes=\"(max-width: 1024px) 100vw, 1024px\" \/><\/figure>\n\n\n\n<figure class=\"wp-block-image size-large\"><img loading=\"lazy\" width=\"1024\" height=\"682\" src=\"http:\/\/blog.ulasimplatformu.com\/wp-content\/uploads\/2020\/12\/Mercedes-Benz-MobileKids-Projesi-01-1024x682.jpg\" alt=\"\" class=\"wp-image-2201\" srcset=\"http:\/\/blog.ulasimplatformu.com\/wp-content\/uploads\/2020\/12\/Mercedes-Benz-MobileKids-Projesi-01-1024x682.jpg 1024w, http:\/\/blog.ulasimplatformu.com\/wp-content\/uploads\/2020\/12\/Mercedes-Benz-MobileKids-Projesi-01-300x200.jpg 300w, http:\/\/blog.ulasimplatformu.com\/wp-content\/uploads\/2020\/12\/Mercedes-Benz-MobileKids-Projesi-01-768x512.jpg 768w, http:\/\/blog.ulasimplatformu.com\/wp-content\/uploads\/2020\/12\/Mercedes-Benz-MobileKids-Projesi-01-1536x1024.jpg 1536w, http:\/\/blog.ulasimplatformu.com\/wp-content\/uploads\/2020\/12\/Mercedes-Benz-MobileKids-Projesi-01.jpg 2000w\" sizes=\"(max-width: 1024px) 100vw, 1024px\" \/><\/figure>\n","protected":false},"excerpt":{"rendered":"<p>Mercedes-Benz, kurumsal sosyal sorumluluk projeleriyle, 2020 y\u0131l\u0131nda da T\u00fcrkiye\u2019nin gelece\u011fi olan gen\u00e7leri desteklemeyi s\u00fcrd\u00fcrd\u00fc. \u015eirket, 16 y\u0131ld\u0131r \u201cHer K\u0131z\u0131m\u0131z Bir Y\u0131ld\u0131z\u201d, 6 y\u0131ld\u0131r \u201cEML\u2019miz Gelece\u011fin Y\u0131ld\u0131z\u0131\u201d ve 7 y\u0131ld\u0131r \u201cMobileKids\u201d projeleriyle toplumun farkl\u0131 alan\u0131ndaki ihtiya\u00e7lara katk\u0131 sa\u011fl\u0131yor. Mercedes-Benz\u2019in toplumda kad\u0131n\u0131n her alanda hak etti\u011fi g\u00fcce kavu\u015fmas\u0131, kad\u0131nlara sosyal ve ekonomik hayatta f\u0131rsat e\u015fitli\u011fi tan\u0131nmas\u0131 hedefiyle [&hellip;]<\/p>\n","protected":false},"author":4,"featured_media":2199,"comment_status":"open","ping_status":"open","sticky":false,"template":"","format":"standard","meta":{"tdm_status":"","tdm_grid_status":"","spay_email":""},"categories":[2],"tags":[275,686,687,103,104,688,689,72,62],"jetpack_featured_media_url":"http:\/\/blog.ulasimplatformu.com\/wp-content\/uploads\/2020\/12\/Mercedes-Benz-EMLmiz-Gelece\u011fin-Y\u0131ld\u0131z\u0131.jpg","jetpack_sharing_enabled":true,"amp_enabled":true,"_links":{"self":[{"href":"http:\/\/blog.ulasimplatformu.com\/index.php\/wp-json\/wp\/v2\/posts\/2190"}],"collection":[{"href":"http:\/\/blog.ulasimplatformu.com\/index.php\/wp-json\/wp\/v2\/posts"}],"about":[{"href":"http:\/\/blog.ulasimplatformu.com\/index.php\/wp-json\/wp\/v2\/types\/post"}],"author":[{"embeddable":true,"href":"http:\/\/blog.ulasimplatformu.com\/index.php\/wp-json\/wp\/v2\/users\/4"}],"replies":[{"embeddable":true,"href":"http:\/\/blog.ulasimplatformu.com\/index.php\/wp-json\/wp\/v2\/comments?post=2190"}],"version-history":[{"count":1,"href":"http:\/\/blog.ulasimplatformu.com\/index.php\/wp-json\/wp\/v2\/posts\/2190\/revisions"}],"predecessor-version":[{"id":2205,"href":"http:\/\/blog.ulasimplatformu.com\/index.php\/wp-json\/wp\/v2\/posts\/2190\/revisions\/2205"}],"wp:featuredmedia":[{"embeddable":true,"href":"http:\/\/blog.ulasimplatformu.com\/index.php\/wp-json\/wp\/v2\/media\/2199"}],"wp:attachment":[{"href":"http:\/\/blog.ulasimplatformu.com\/index.php\/wp-json\/wp\/v2\/media?parent=2190"}],"wp:term":[{"taxonomy":"category","embeddable":true,"href":"http:\/\/blog.ulasimplatformu.com\/index.php\/wp-json\/wp\/v2\/categories?post=2190"},{"taxonomy":"post_tag","embeddable":true,"href":"http:\/\/blog.ulasimplatformu.com\/index.php\/wp-json\/wp\/v2\/tags?post=2190"}],"curies":[{"name":"wp","href":"https:\/\/api.w.org\/{rel}","templated":true}]}}