{"id":2191,"date":"2020-12-30T19:23:06","date_gmt":"2020-12-30T16:23:06","guid":{"rendered":"http:\/\/blog.ulasimplatformu.com\/?p=2191"},"modified":"2020-12-30T19:23:12","modified_gmt":"2020-12-30T16:23:12","slug":"dhl-express-gelecegin-lojistikcileriyle-bulustu","status":"publish","type":"post","link":"http:\/\/blog.ulasimplatformu.com\/index.php\/2020\/12\/30\/dhl-express-gelecegin-lojistikcileriyle-bulustu\/","title":{"rendered":"DHL Express gelece\u011fin lojistik\u00e7ileriyle bulu\u015ftu"},"content":{"rendered":"\n<p><strong>D\u00fcnyan\u0131n lider uluslararas\u0131 h\u0131zl\u0131 hava ta\u015f\u0131mac\u0131l\u0131k \u015firketi DHL Express ve \u0130stanbul \u00dcniversitesi Lojistik kul\u00fcb\u00fc ortak bir projeye imza att\u0131. T\u00fcm lojistik \u00f6\u011frencilerinin kat\u0131l\u0131m\u0131na a\u00e7\u0131k olan ve iki g\u00fcn s\u00fcren webinar serisi boyunca DHL Express \u00fcst y\u00f6netimi gen\u00e7leri lojistik sekt\u00f6r\u00fcn\u00fcn gelece\u011fine dair ayd\u0131nlat\u0131rken onlardan gelen sorulara yan\u0131t verdi.<\/strong><\/p>\n\n\n\n<p>DHL Express ile \u0130stanbul \u00dcniversitesi Lojistik Kul\u00fcb\u00fc i\u015f birli\u011fiyle 21-23 Aral\u0131k tarihlerinde iki g\u00fcn boyunca arka arkaya yap\u0131lan oturumlarla bir webinar serisi d\u00fczenlendi. Lojistik sekt\u00f6r\u00fcn\u00fcn bilinmeyenlerinin tart\u0131\u015f\u0131ld\u0131\u011f\u0131 bulu\u015fmalarda DHL Express \u00fcst y\u00f6netim kadrosu sekt\u00f6re girmeye haz\u0131rlanan \u00f6\u011frencilere yol g\u00f6sterici tavsiyelerde bulundu. Etkinli\u011fin g\u00fcc\u00fcn\u00fc art\u0131rmak i\u00e7in ger\u00e7ekle\u015ftirilirken online tabanl\u0131 yar\u0131\u015fmalar ile de \u00f6\u011frenciler e\u011flenerek \u00f6\u011frenme f\u0131rsat\u0131 yakalad\u0131.<\/p>\n\n\n\n<p>A\u00e7\u0131l\u0131\u015f konu\u015fmas\u0131n\u0131 <strong>\u0130stanbul \u00dcniversitesi Ula\u015ft\u0131rma ve Lojistik Fak\u00fcltesi Dekan Yard\u0131mc\u0131s\u0131 Do\u00e7. Dr. Ebru Demirci<\/strong>\u2019nin ve <strong>DHL Express CEO\u2019su Claus Lassen\u2019in<\/strong> yapt\u0131\u011f\u0131 webinar serisinde sekt\u00f6r ile akademi i\u015fbirli\u011finin \u00f6nemine vurgu yap\u0131ld\u0131.<\/p>\n\n\n\n<p><strong>Demirci \u201cSekt\u00f6rle \u0130\u015fbirli\u011fi e\u011fitim kurumlar\u0131na ve \u00f6\u011frencilere g\u00fc\u00e7 kazand\u0131rmaya devam ediyor\u201d.<\/strong><\/p>\n\n\n\n<p>Demirci yapt\u0131\u011f\u0131 konu\u015fmada \u0130stanbul \u00dcniversitesi b\u00fcnyesinde 1999 y\u0131l\u0131nda kurulan Ula\u015ft\u0131rma ve Lojistik Fak\u00fcltesi lojistik ve ta\u015f\u0131mac\u0131l\u0131k sekt\u00f6r\u00fc ile i\u015fbirli\u011fine ve e\u011fitimin \u00f6nemli bir par\u00e7as\u0131 olan sekt\u00f6r tecr\u00fcbesinin \u00f6\u011frencilere aktar\u0131lmas\u0131 noktas\u0131nda hep \u00f6nc\u00fc olmu\u015f ve olmaya devam edece\u011fini belirtirken, \u201cson bir y\u0131l i\u00e7erisinde h\u0131zla geli\u015fen ve de\u011fi\u015fimin en fazla ya\u015fand\u0131\u011f\u0131 lojistik sekt\u00f6r\u00fcn\u00fcn m\u00fc\u015fterilerine y\u00f6nelik artan talebi h\u0131zl\u0131 ve etkin bir \u015fekilde kar\u015f\u0131lamas\u0131 sekt\u00f6r\u00fcn ne kadar dinamik ve de\u011fi\u015fime a\u00e7\u0131k oldu\u011funun g\u00f6stergesidir. Bu ba\u011flamda \u00f6\u011frencilerin ve yeni mezunlar\u0131n sekt\u00f6r\u00fcn dinamik yap\u0131s\u0131na uyum sa\u011flamak i\u00e7in gerekli donan\u0131mlar\u0131 elde etmeleri i\u00e7in e\u011fitimlerinin yan\u0131 s\u0131ra sekt\u00f6rle her ortamda bulu\u015fup geli\u015fmeleri takip etmeleri de \u00e7ok daha \u00f6nemli bir hale gelmi\u015ftir\u201d dedi.<\/p>\n\n\n\n<p>Sekt\u00f6r\u00fcn gelecekte beraber \u00e7al\u0131\u015faca\u011f\u0131 gen\u00e7lerle entegrasyonu ve bilgi payla\u015f\u0131m\u0131n\u0131n her ge\u00e7en g\u00fcn \u00f6nemi art\u0131rd\u0131\u011f\u0131na vurgu yapan Do\u00e7. Dr Ebru Demirci, \u201cDHL Express ile ger\u00e7ekle\u015ftirece\u011fimiz bu etkinli\u011fin gelecekte sekt\u00f6rde \u00e7al\u0131\u015facak siz de\u011ferli \u00f6\u011frencilere katk\u0131 yaratmas\u0131n\u0131 umuyorum. \u00d6\u011frencilerimize sekt\u00f6r\u00fcn dinamikleri yak\u0131ndan takip etmelerini ve kendilerini de\u011fi\u015fen ve geli\u015fen i\u015f d\u00fcnyas\u0131na haz\u0131rlamalar\u0131n\u0131 da \u00f6neriyorum\u201d diyerek s\u00f6zlerini ba\u011flad\u0131.<\/p>\n\n\n\n<p><strong>Lassen: \u201cLojisti\u011fin vazge\u00e7ilmezi dijital d\u00fcnya her zaman e\u011fitiminizin bir par\u00e7as\u0131 olsun\u201d<\/strong><\/p>\n\n\n\n<p>Claus Lassen ise a\u00e7\u0131l\u0131\u015f konu\u015fmas\u0131nda kendi kariyer geli\u015fimini \u00f6\u011frencilerle payla\u015f\u0131rken, DHL Express\u2019in d\u00fcnyadaki konumu, dijitalle\u015fmenin lojisti\u011fe pozitif etkisi gibi sekt\u00f6r\u00fcn geli\u015fimine \u0131\u015f\u0131k tutacak konulara de\u011findi: \u201cDijitalle\u015fmeyle birlikte pandeminin de etkisiyle DHL Express olarak d\u00fcnya \u00e7ap\u0131ndaki e-ticaret ticaret hacminde t\u00fcm zamanlar\u0131n en y\u00fcksek seviyelerini bekliyoruz. 2020\u2019de yakla\u015f\u0131k %35 e-ticaret hacmi b\u00fcy\u00fcmesi ya\u015fam\u0131\u015f olan d\u00fcnya, \u00f6n\u00fcm\u00fczdeki yo\u011fun sezon bunu daha da h\u0131zland\u0131racak ve ge\u00e7en y\u0131l\u0131n en yo\u011fun sezonuna k\u0131yasla y\u00fczde 50&#8217;nin \u00fczerinde daha y\u00fcksek sevkiyat miktarlar\u0131 ile sonu\u00e7lanacakt\u0131r. T\u00fcketicilerin sat\u0131n alma davran\u0131\u015flar\u0131n\u0131n de\u011fi\u015fti\u011fini s\u00f6yleyebiliriz. Ancak ayn\u0131 zamanda, B2B al\u0131c\u0131lar\u0131 da \u00f6nemli \u00f6l\u00e7\u00fcde de\u011fi\u015fti ve \u00e7evrimi\u00e7i d\u00fcnyaya gittik\u00e7e daha fazla yer de\u011fi\u015ftirdi. e-ticaret a\u00e7\u0131s\u0131ndan bak\u0131ld\u0131\u011f\u0131nda, Covid-19\u2019un 2030\u2019u 2020\u2019ye getirdi\u011fini bile s\u00f6yleyebiliriz.\u201d<\/p>\n\n\n\n<p>Ayn\u0131 zamanda \u00f6\u011frencilere DHL\u2019in e\u011fitime ve kariyer yolculu\u011funa bak\u0131\u015f\u0131n\u0131 da \u00f6zetleyen Lassen; \u201cG\u00f6rd\u00fc\u011f\u00fcn\u00fcz gibi, dijital d\u00fcnya lojisti\u011fin vazge\u00e7ilmez bir par\u00e7as\u0131 ve bunu e\u011fitiminize ne kadar \u00e7ok dahil ederseniz profesyonel gelece\u011finiz i\u00e7in o kadar kazan\u0131m sa\u011flam\u0131\u015f olursunuz. Biz DHL\u2019de yenilik\u00e7i e\u011fitimi \u00f6nemsiyoruz. Kendinizi geli\u015ftirmeniz, bilgi ve deneyim kazanman\u0131z i\u00e7in bir\u00e7ok f\u0131rsat sunuyoruz. \u0130ster global bir y\u00f6netici ister pazarlama asistan\u0131 olun ister forklift kullan\u0131n ya da u\u00e7a\u011f\u0131 u\u00e7urun, bizi biz yapan ki\u015finin siz oldu\u011funuzu asla unutmuyoruz. Bu nedenle, her bir kariyerin olabildi\u011fince tatmin edici ve ba\u015far\u0131l\u0131 olmas\u0131n\u0131 sa\u011flamak i\u00e7in \u00e7ok \u00e7al\u0131\u015f\u0131yoruz. \u00c7al\u0131\u015fanlar\u0131m\u0131z\u0131n \u00e7o\u011fu kariyerlerini \u00e7e\u015fitli rollerde ge\u00e7iriyor. T\u0131pk\u0131 benim kariyer hikayemde oldu\u011fu gibi stajyer olarak kat\u0131l\u0131yor ve farkl\u0131 departman ve b\u00f6l\u00fcmlerde (ve genellikle farkl\u0131 \u00fclkelerde) y\u00fckselme \u015fans\u0131n\u0131z oluyor. Umar\u0131m gelecekte sizlerle de \u00e7al\u0131\u015fma f\u0131rsat\u0131 buluruz\u201d dedi.<\/p>\n\n\n\n<p>200\u2019den fazla lojistik \u00f6\u011frencisinin kat\u0131ld\u0131\u011f\u0131 webinarlar sonunda t\u00fcm kat\u0131l\u0131mc\u0131lara DHL Express ve \u0130stanbul \u00dcniversitesi imzal\u0131 sertifika verildi.<\/p>\n\n\n\n<figure class=\"wp-block-gallery columns-1 is-cropped\"><ul class=\"blocks-gallery-grid\"><li class=\"blocks-gallery-item\"><figure><img loading=\"lazy\" width=\"1024\" height=\"765\" src=\"http:\/\/blog.ulasimplatformu.com\/wp-content\/uploads\/2020\/12\/DHL-Express-Turkiye-CEO-Claus-Lassen_yatay-1024x765.jpg\" alt=\"\" data-id=\"2197\" data-full-url=\"http:\/\/blog.ulasimplatformu.com\/wp-content\/uploads\/2020\/12\/DHL-Express-Turkiye-CEO-Claus-Lassen_yatay.jpg\" data-link=\"http:\/\/blog.ulasimplatformu.com\/?attachment_id=2197\" class=\"wp-image-2197\" srcset=\"http:\/\/blog.ulasimplatformu.com\/wp-content\/uploads\/2020\/12\/DHL-Express-Turkiye-CEO-Claus-Lassen_yatay-1024x765.jpg 1024w, http:\/\/blog.ulasimplatformu.com\/wp-content\/uploads\/2020\/12\/DHL-Express-Turkiye-CEO-Claus-Lassen_yatay-300x224.jpg 300w, http:\/\/blog.ulasimplatformu.com\/wp-content\/uploads\/2020\/12\/DHL-Express-Turkiye-CEO-Claus-Lassen_yatay-768x574.jpg 768w, http:\/\/blog.ulasimplatformu.com\/wp-content\/uploads\/2020\/12\/DHL-Express-Turkiye-CEO-Claus-Lassen_yatay-1536x1147.jpg 1536w, http:\/\/blog.ulasimplatformu.com\/wp-content\/uploads\/2020\/12\/DHL-Express-Turkiye-CEO-Claus-Lassen_yatay.jpg 2000w\" sizes=\"(max-width: 1024px) 100vw, 1024px\" \/><\/figure><\/li><\/ul><\/figure>\n","protected":false},"excerpt":{"rendered":"<p>D\u00fcnyan\u0131n lider uluslararas\u0131 h\u0131zl\u0131 hava ta\u015f\u0131mac\u0131l\u0131k \u015firketi DHL Express ve \u0130stanbul \u00dcniversitesi Lojistik kul\u00fcb\u00fc ortak bir projeye imza att\u0131. T\u00fcm lojistik \u00f6\u011frencilerinin kat\u0131l\u0131m\u0131na a\u00e7\u0131k olan ve iki g\u00fcn s\u00fcren webinar serisi boyunca DHL Express \u00fcst y\u00f6netimi gen\u00e7leri lojistik sekt\u00f6r\u00fcn\u00fcn gelece\u011fine dair ayd\u0131nlat\u0131rken onlardan gelen sorulara yan\u0131t verdi. DHL Express ile \u0130stanbul \u00dcniversitesi Lojistik Kul\u00fcb\u00fc i\u015f [&hellip;]<\/p>\n","protected":false},"author":4,"featured_media":2197,"comment_status":"open","ping_status":"open","sticky":false,"template":"","format":"standard","meta":{"tdm_status":"","tdm_grid_status":"","spay_email":""},"categories":[21],"tags":[694,690,692,691,693,81,72,62],"jetpack_featured_media_url":"http:\/\/blog.ulasimplatformu.com\/wp-content\/uploads\/2020\/12\/DHL-Express-Turkiye-CEO-Claus-Lassen_yatay.jpg","jetpack_sharing_enabled":true,"amp_enabled":true,"_links":{"self":[{"href":"http:\/\/blog.ulasimplatformu.com\/index.php\/wp-json\/wp\/v2\/posts\/2191"}],"collection":[{"href":"http:\/\/blog.ulasimplatformu.com\/index.php\/wp-json\/wp\/v2\/posts"}],"about":[{"href":"http:\/\/blog.ulasimplatformu.com\/index.php\/wp-json\/wp\/v2\/types\/post"}],"author":[{"embeddable":true,"href":"http:\/\/blog.ulasimplatformu.com\/index.php\/wp-json\/wp\/v2\/users\/4"}],"replies":[{"embeddable":true,"href":"http:\/\/blog.ulasimplatformu.com\/index.php\/wp-json\/wp\/v2\/comments?post=2191"}],"version-history":[{"count":1,"href":"http:\/\/blog.ulasimplatformu.com\/index.php\/wp-json\/wp\/v2\/posts\/2191\/revisions"}],"predecessor-version":[{"id":2206,"href":"http:\/\/blog.ulasimplatformu.com\/index.php\/wp-json\/wp\/v2\/posts\/2191\/revisions\/2206"}],"wp:featuredmedia":[{"embeddable":true,"href":"http:\/\/blog.ulasimplatformu.com\/index.php\/wp-json\/wp\/v2\/media\/2197"}],"wp:attachment":[{"href":"http:\/\/blog.ulasimplatformu.com\/index.php\/wp-json\/wp\/v2\/media?parent=2191"}],"wp:term":[{"taxonomy":"category","embeddable":true,"href":"http:\/\/blog.ulasimplatformu.com\/index.php\/wp-json\/wp\/v2\/categories?post=2191"},{"taxonomy":"post_tag","embeddable":true,"href":"http:\/\/blog.ulasimplatformu.com\/index.php\/wp-json\/wp\/v2\/tags?post=2191"}],"curies":[{"name":"wp","href":"https:\/\/api.w.org\/{rel}","templated":true}]}}