{"id":2723,"date":"2021-01-20T14:33:10","date_gmt":"2021-01-20T11:33:10","guid":{"rendered":"http:\/\/blog.ulasimplatformu.com\/?p=2723"},"modified":"2021-01-20T14:34:05","modified_gmt":"2021-01-20T11:34:05","slug":"omsan-lojistik-dunyada-bir-ilke-imza-atti","status":"publish","type":"post","link":"http:\/\/blog.ulasimplatformu.com\/index.php\/2021\/01\/20\/omsan-lojistik-dunyada-bir-ilke-imza-atti\/","title":{"rendered":"OMSAN Lojistik, d\u00fcnyada bir ilke imza att\u0131"},"content":{"rendered":"\n<p>T\u00fcrkiye\u2019de demiryolu tren i\u015fletmecili\u011fi yetki belgesine sahip ilk \u00f6zel tren i\u015fletmecisi olan OMSAN Lojistik, Marmaray \u00fczerinden Avrupa\u2019dan Asya\u2019ya ilk otomobil ta\u015f\u0131mac\u0131l\u0131\u011f\u0131n\u0131 ger\u00e7ekle\u015ftirerek kendi alan\u0131nda bir ilke imza att\u0131. OMSAN Lojistik, 60 metre derinli\u011fi ile rayl\u0131 sistemler taraf\u0131ndan kullan\u0131lan d\u00fcnyan\u0131n en derin bat\u0131rma t\u00fcp t\u00fcneline sahip olan Marmaray\u2019dan ge\u00e7i\u015f yaparak, d\u00fcnyada denizin alt\u0131ndan bu derinlikte otomobil ta\u015f\u0131yan ilk \u015firket unvan\u0131n\u0131n da sahibi oldu.<\/p>\n\n\n\n<p>T\u00fcrkiye\u2019de demiryolu tren i\u015fletmecili\u011fi yetki belgesine sahip ilk \u00f6zel tren i\u015fletmecisi olan OMSAN Lojistik, yeni bir ilke daha imza att\u0131. Avrupa ile Asya\u2019y\u0131 \u0130stanbul Bo\u011faz\u0131\u2019n\u0131n alt\u0131ndan birle\u015ftiren Marmaray \u00fczerinden d\u00fcnyan\u0131n ilk k\u0131talar aras\u0131 otomobil ta\u015f\u0131mac\u0131l\u0131\u011f\u0131n\u0131 ger\u00e7ekle\u015ftiren OMSAN Lojistik, 550 metre uzunlu\u011fundaki oto ta\u015f\u0131ma treni ile 200 adetten fazla Dacia Duster marka otomobili, kesintisiz demiryolu hatt\u0131nda, Romanya ve Bulgaristan \u00fczerinden \u0130zmit K\u00f6sek\u00f6y\u2019e ula\u015ft\u0131rd\u0131.<\/p>\n\n\n\n<figure class=\"wp-block-image\"><img src=\"https:\/\/www.tasimadunyasi.com\/images\/upload\/omsan_2.jpg\" alt=\"\" \/><\/figure>\n\n\n\n<p>OYAK \u015firketlerinden OMSAN Lojistik, 60 metre derinli\u011fi ile rayl\u0131 sistemler taraf\u0131ndan kullan\u0131lan d\u00fcnyan\u0131n en derin bat\u0131rma t\u00fcp t\u00fcneline sahip olan Marmaray \u00fczerinden ger\u00e7ekle\u015ftirdi\u011fi ta\u015f\u0131ma ile d\u00fcnyada denizin alt\u0131ndan bu derinlikte otomobil ta\u015f\u0131yan ilk \u015firket olarak da tarihe ge\u00e7ti. Marmaray ile aktarma yapmadan ve vas\u0131ta de\u011fi\u015ftirmeden y\u00fckleri g\u00fcvenli bir \u015fekilde var\u0131\u015f yerlerine ula\u015ft\u0131rmaya ba\u015flayan OMSAN Lojistik, 2021 y\u0131l\u0131nda uluslararas\u0131 demiryolu ta\u015f\u0131mac\u0131l\u0131\u011f\u0131na h\u0131z verecek.<\/p>\n\n\n\n<figure class=\"wp-block-image\"><img src=\"https:\/\/www.tasimadunyasi.com\/images\/upload\/omsan_1_1.jpg\" alt=\"\" \/><\/figure>\n\n\n\n<figure class=\"wp-block-image\"><img src=\"https:\/\/www.tasimadunyasi.com\/images\/upload\/OMSAN-Genel-Muduru-Comert-Varl%C4%B1k.jpg\" alt=\"\" \/><\/figure>\n\n\n\n<p><strong>\u0130hracat ve ithalat h\u0131z kazanacak<\/strong><\/p>\n\n\n\n<p><strong>OMSAN Lojistik Genel M\u00fcd\u00fcr\u00fc C\u00f6mert Varl\u0131k,<\/strong>&nbsp;Marmaray\u2019\u0131n y\u00fck ta\u015f\u0131mac\u0131l\u0131\u011f\u0131nda faaliyete ge\u00e7mesiyle birlikte aktarmaya gerek kalmadan ve vas\u0131ta de\u011fi\u015ftirmeden k\u0131talar aras\u0131 ta\u015f\u0131mac\u0131l\u0131\u011fa ba\u015flad\u0131klar\u0131n\u0131 kaydetti. Pekin\u2019den Londra\u2019ya kadar uzanan k\u0131sa, ekonomik, elveri\u015fli uluslararas\u0131 demiryolu koridorunda bulunan Marmaray\u2019\u0131n T\u00fcrk lojistik sekt\u00f6r\u00fcne \u00e7ok \u00f6nemli f\u0131rsatlar sundu\u011funu belirten Varl\u0131k, \u201cPandemi d\u00f6nemiyle birlikte g\u00fcvenilir ayn\u0131 zamanda kesintisiz ula\u015f\u0131m anlam\u0131nda daha da \u00f6nem kazanan demiryolu ta\u015f\u0131mac\u0131l\u0131\u011f\u0131, \u00fclkemizde \u00f6zellikle son d\u00f6nemde ger\u00e7ekle\u015fen teknolojik yeniliklerin ard\u0131ndan, \u00f6n\u00fcm\u00fczdeki d\u00f6nemde de en \u00e7ok tercih edilen alternatiflerden biri olacak. \u00dclkemiz ve sekt\u00f6r\u00fcm\u00fcz ad\u0131na stratejik \u00f6neme sahip Marmaray\u2019\u0131n ta\u015f\u0131mac\u0131l\u0131k i\u00e7in tam kapasite faaliyete ge\u00e7mesiyle birlikte de T\u00fcrkiye\u2019nin ihracat ve ithalat s\u00fcre\u00e7lerine, dolay\u0131s\u0131yla ekonomimize \u00f6nemli katk\u0131lar sa\u011flayaca\u011f\u0131n\u0131 d\u00fc\u015f\u00fcn\u00fcyorum. OMSAN Lojistik olarak, ba\u015far\u0131yla ger\u00e7ekle\u015ftirdi\u011fimiz bu seferin ard\u0131ndan yeni uluslararas\u0131 tren seferlerinin d\u00fczenlenmesi i\u00e7in de haz\u0131rl\u0131klar\u0131m\u0131z\u0131 s\u00fcrd\u00fcr\u00fcyoruz\u201d dedi.<\/p>\n\n\n\n<figure class=\"wp-block-image size-large\"><img loading=\"lazy\" width=\"637\" height=\"332\" src=\"http:\/\/blog.ulasimplatformu.com\/wp-content\/uploads\/2021\/01\/omsan_lojistik_dunyada_bir_ilke_imza_atti_h8499_350e9.jpg\" alt=\"\" class=\"wp-image-2724\" srcset=\"http:\/\/blog.ulasimplatformu.com\/wp-content\/uploads\/2021\/01\/omsan_lojistik_dunyada_bir_ilke_imza_atti_h8499_350e9.jpg 637w, http:\/\/blog.ulasimplatformu.com\/wp-content\/uploads\/2021\/01\/omsan_lojistik_dunyada_bir_ilke_imza_atti_h8499_350e9-300x156.jpg 300w, http:\/\/blog.ulasimplatformu.com\/wp-content\/uploads\/2021\/01\/omsan_lojistik_dunyada_bir_ilke_imza_atti_h8499_350e9-150x78.jpg 150w\" sizes=\"(max-width: 637px) 100vw, 637px\" \/><\/figure>\n","protected":false},"excerpt":{"rendered":"<p>T\u00fcrkiye\u2019de demiryolu tren i\u015fletmecili\u011fi yetki belgesine sahip ilk \u00f6zel tren i\u015fletmecisi olan OMSAN Lojistik, Marmaray \u00fczerinden Avrupa\u2019dan Asya\u2019ya ilk otomobil ta\u015f\u0131mac\u0131l\u0131\u011f\u0131n\u0131 ger\u00e7ekle\u015ftirerek kendi alan\u0131nda bir ilke imza att\u0131. OMSAN Lojistik, 60 metre derinli\u011fi ile rayl\u0131 sistemler taraf\u0131ndan kullan\u0131lan d\u00fcnyan\u0131n en derin bat\u0131rma t\u00fcp t\u00fcneline sahip olan Marmaray\u2019dan ge\u00e7i\u015f yaparak, d\u00fcnyada denizin alt\u0131ndan bu derinlikte otomobil [&hellip;]<\/p>\n","protected":false},"author":4,"featured_media":2724,"comment_status":"open","ping_status":"open","sticky":false,"template":"","format":"standard","meta":{"tdm_status":"","tdm_grid_status":"","spay_email":""},"categories":[21],"tags":[],"jetpack_featured_media_url":"http:\/\/blog.ulasimplatformu.com\/wp-content\/uploads\/2021\/01\/omsan_lojistik_dunyada_bir_ilke_imza_atti_h8499_350e9.jpg","jetpack_sharing_enabled":true,"amp_enabled":true,"_links":{"self":[{"href":"http:\/\/blog.ulasimplatformu.com\/index.php\/wp-json\/wp\/v2\/posts\/2723"}],"collection":[{"href":"http:\/\/blog.ulasimplatformu.com\/index.php\/wp-json\/wp\/v2\/posts"}],"about":[{"href":"http:\/\/blog.ulasimplatformu.com\/index.php\/wp-json\/wp\/v2\/types\/post"}],"author":[{"embeddable":true,"href":"http:\/\/blog.ulasimplatformu.com\/index.php\/wp-json\/wp\/v2\/users\/4"}],"replies":[{"embeddable":true,"href":"http:\/\/blog.ulasimplatformu.com\/index.php\/wp-json\/wp\/v2\/comments?post=2723"}],"version-history":[{"count":2,"href":"http:\/\/blog.ulasimplatformu.com\/index.php\/wp-json\/wp\/v2\/posts\/2723\/revisions"}],"predecessor-version":[{"id":2726,"href":"http:\/\/blog.ulasimplatformu.com\/index.php\/wp-json\/wp\/v2\/posts\/2723\/revisions\/2726"}],"wp:featuredmedia":[{"embeddable":true,"href":"http:\/\/blog.ulasimplatformu.com\/index.php\/wp-json\/wp\/v2\/media\/2724"}],"wp:attachment":[{"href":"http:\/\/blog.ulasimplatformu.com\/index.php\/wp-json\/wp\/v2\/media?parent=2723"}],"wp:term":[{"taxonomy":"category","embeddable":true,"href":"http:\/\/blog.ulasimplatformu.com\/index.php\/wp-json\/wp\/v2\/categories?post=2723"},{"taxonomy":"post_tag","embeddable":true,"href":"http:\/\/blog.ulasimplatformu.com\/index.php\/wp-json\/wp\/v2\/tags?post=2723"}],"curies":[{"name":"wp","href":"https:\/\/api.w.org\/{rel}","templated":true}]}}