{"id":2787,"date":"2021-01-28T18:59:59","date_gmt":"2021-01-28T15:59:59","guid":{"rendered":"http:\/\/blog.ulasimplatformu.com\/?p=2787"},"modified":"2021-01-28T19:00:02","modified_gmt":"2021-01-28T16:00:02","slug":"gefco-iklim-degisikligiyle-etkin-mucadele-sergileyerek-cdp-b-derecelendirmesi-ile-odullendirildi","status":"publish","type":"post","link":"http:\/\/blog.ulasimplatformu.com\/index.php\/2021\/01\/28\/gefco-iklim-degisikligiyle-etkin-mucadele-sergileyerek-cdp-b-derecelendirmesi-ile-odullendirildi\/","title":{"rendered":"GEFCO, \u0130klim De\u011fi\u015fikli\u011fiyle Etkin M\u00fccadele Sergileyerek CDP B Derecelendirmesi ile \u00d6d\u00fcllendirildi"},"content":{"rendered":"\n<p><strong>K\u00fcresel multimodal tedarik zinciri uzman\u0131 ve Avrupa&#8217;da lider otomotiv lojisti\u011fi tedarik\u00e7isi GEFCO, iklim de\u011fi\u015fikli\u011fiyle kararl\u0131 m\u00fccadelesi sayesinde CDP B derecesini 2020&#8217;de de korumay\u0131 ba\u015fard\u0131.<\/strong><\/p>\n\n\n\n<p>GEFCO 2019 y\u0131l\u0131ndan itibaren y\u00f6netim, politika, riskler, f\u0131rsat y\u00f6netimi, \u00e7evresel hedefler, stratejiler ve senaryo analizi de dahil olmak \u00fczere \u015firketlerin iklim eylemi performanslar\u0131 hakk\u0131nda bilgilenmelerini ama\u00e7layan, CDP anketini bu sene de yan\u0131tlad\u0131. CDP\u2019nin 14 kategorisinin bir\u00e7o\u011funda ilerleme kaydeden GEFCO, sekt\u00f6r ortalamas\u0131ndan \u00e7ok daha y\u00fcksek bir puanla anketi tamamlad\u0131.<\/p>\n\n\n\n<p>GEFCO, 2020&#8217;de Operasyonel M\u00fckemmellik ve S\u00fcrd\u00fcr\u00fclebilirlik Departman\u0131\u2019n\u0131 (OES) a\u00e7arken vurgulad\u0131\u011f\u0131 gibi, i\u015f stratejisi kategorisinde g\u00f6zle g\u00f6r\u00fcl\u00fcr bir ilerleme kaydetti ve %2 CO2&#8217;den ka\u00e7\u0131nma hedefi sayesinde emisyon azaltma giri\u015fimlerindeki somut iyile\u015ftirmelerle \u00f6n plana \u00e7\u0131kt\u0131. Bu giri\u015fimler aras\u0131nda, pek \u00e7ok Avrupa \u00fclkesinde do\u011fal gaz kamyonlar\u0131n\u0131n test edilmesi ve \u0130spanya&#8217;da daha b\u00fcy\u00fck y\u00fckler ve daha y\u00fcksek verimlilik i\u00e7in mega kamyonlar\u0131n kullan\u0131lmas\u0131 da yer al\u0131yor. GEFCO ayr\u0131ca, operasyonlar\u0131ndaki \u00e7evresel etkileri azaltmak i\u00e7in tedarik\u00e7ilerle proaktif \u00e7al\u0131\u015fmalar yaparak de\u011fer zinciri emisyon y\u00f6netiminde dikkat \u00e7ekici ba\u015far\u0131 sergiledi. \u015eirket ayr\u0131ca riskler ve y\u00f6netim alan\u0131ndaki \u00e7al\u0131\u015fmalar\u0131n\u0131 da iyile\u015ftirdi.<\/p>\n\n\n\n<figure class=\"wp-block-gallery columns-1 is-cropped\"><ul class=\"blocks-gallery-grid\"><li class=\"blocks-gallery-item\"><figure><img loading=\"lazy\" width=\"1024\" height=\"653\" src=\"http:\/\/blog.ulasimplatformu.com\/wp-content\/uploads\/2021\/01\/1611818079_012821_GEFCO_Etkili___klim_De__i__ikli__i_kapsam__nda_CDP_B_Derecelendirmesi_ile___d__llendirildi_BB__2_-1024x653.jpg\" alt=\"\" data-id=\"2790\" data-full-url=\"http:\/\/blog.ulasimplatformu.com\/wp-content\/uploads\/2021\/01\/1611818079_012821_GEFCO_Etkili___klim_De__i__ikli__i_kapsam__nda_CDP_B_Derecelendirmesi_ile___d__llendirildi_BB__2_-scaled.jpg\" data-link=\"http:\/\/blog.ulasimplatformu.com\/?attachment_id=2790\" class=\"wp-image-2790\" srcset=\"http:\/\/blog.ulasimplatformu.com\/wp-content\/uploads\/2021\/01\/1611818079_012821_GEFCO_Etkili___klim_De__i__ikli__i_kapsam__nda_CDP_B_Derecelendirmesi_ile___d__llendirildi_BB__2_-1024x653.jpg 1024w, http:\/\/blog.ulasimplatformu.com\/wp-content\/uploads\/2021\/01\/1611818079_012821_GEFCO_Etkili___klim_De__i__ikli__i_kapsam__nda_CDP_B_Derecelendirmesi_ile___d__llendirildi_BB__2_-300x191.jpg 300w, http:\/\/blog.ulasimplatformu.com\/wp-content\/uploads\/2021\/01\/1611818079_012821_GEFCO_Etkili___klim_De__i__ikli__i_kapsam__nda_CDP_B_Derecelendirmesi_ile___d__llendirildi_BB__2_-768x489.jpg 768w, http:\/\/blog.ulasimplatformu.com\/wp-content\/uploads\/2021\/01\/1611818079_012821_GEFCO_Etkili___klim_De__i__ikli__i_kapsam__nda_CDP_B_Derecelendirmesi_ile___d__llendirildi_BB__2_-1536x979.jpg 1536w, http:\/\/blog.ulasimplatformu.com\/wp-content\/uploads\/2021\/01\/1611818079_012821_GEFCO_Etkili___klim_De__i__ikli__i_kapsam__nda_CDP_B_Derecelendirmesi_ile___d__llendirildi_BB__2_-2048x1305.jpg 2048w, http:\/\/blog.ulasimplatformu.com\/wp-content\/uploads\/2021\/01\/1611818079_012821_GEFCO_Etkili___klim_De__i__ikli__i_kapsam__nda_CDP_B_Derecelendirmesi_ile___d__llendirildi_BB__2_-150x96.jpg 150w, http:\/\/blog.ulasimplatformu.com\/wp-content\/uploads\/2021\/01\/1611818079_012821_GEFCO_Etkili___klim_De__i__ikli__i_kapsam__nda_CDP_B_Derecelendirmesi_ile___d__llendirildi_BB__2_-696x444.jpg 696w, http:\/\/blog.ulasimplatformu.com\/wp-content\/uploads\/2021\/01\/1611818079_012821_GEFCO_Etkili___klim_De__i__ikli__i_kapsam__nda_CDP_B_Derecelendirmesi_ile___d__llendirildi_BB__2_-1068x681.jpg 1068w, http:\/\/blog.ulasimplatformu.com\/wp-content\/uploads\/2021\/01\/1611818079_012821_GEFCO_Etkili___klim_De__i__ikli__i_kapsam__nda_CDP_B_Derecelendirmesi_ile___d__llendirildi_BB__2_-1920x1224.jpg 1920w\" sizes=\"(max-width: 1024px) 100vw, 1024px\" \/><\/figure><\/li><\/ul><\/figure>\n\n\n\n<p><strong>GEFCO Operasyonel M\u00fckemmellik ve S\u00fcrd\u00fcr\u00fclebilirlik (OES) Ba\u015fkan Yard\u0131mc\u0131s\u0131 Anne-Brigitte Spitzbarth&nbsp;<\/strong>konu ile ilgili \u015funlar\u0131 s\u00f6yledi:&#8221;Baz\u0131 temel kategorilerde ilerlememizin takdir edilmesi ve taahh\u00fctlerimizi nas\u0131l g\u00fc\u00e7lendirebilece\u011fimize dair faydal\u0131 bilgiler elde etmek bizler i\u00e7in son derece motive edici. 2021&#8217;den itibaren g\u00fc\u00e7l\u00fc bir karbon azaltma stratejisini devreye sokmam\u0131za ve bu alanda operasyonlar\u0131m\u0131z\u0131 h\u0131zland\u0131rmam\u0131za yard\u0131mc\u0131 olmas\u0131 i\u00e7in karbon stratejisi uzman\u0131 olan Aldo Diaz-Sanchez ile \u00e7al\u0131\u015fmaya ba\u015flad\u0131k. CDP\u2019nin karbon \u00e7al\u0131\u015fmalar\u0131na istikrarl\u0131 bir \u015fekilde kat\u0131lmak bizlere \u00e7ok b\u00fcy\u00fck bir \u00f6\u011frenme ve kar\u015f\u0131la\u015ft\u0131rma olana\u011f\u0131 sa\u011fl\u0131yor. Bu sayede GEFCO olarak \u00e7al\u0131\u015fanlar\u0131m\u0131z, ortaklar\u0131m\u0131z ve m\u00fc\u015fterilerimiz i\u00e7in fark yaratabilece\u011fimiz alanlar hakk\u0131nda bilgi sahibi oluyoruz.&#8221;<\/p>\n","protected":false},"excerpt":{"rendered":"<p>K\u00fcresel multimodal tedarik zinciri uzman\u0131 ve Avrupa&#8217;da lider otomotiv lojisti\u011fi tedarik\u00e7isi GEFCO, iklim de\u011fi\u015fikli\u011fiyle kararl\u0131 m\u00fccadelesi sayesinde CDP B derecesini 2020&#8217;de de korumay\u0131 ba\u015fard\u0131. GEFCO 2019 y\u0131l\u0131ndan itibaren y\u00f6netim, politika, riskler, f\u0131rsat y\u00f6netimi, \u00e7evresel hedefler, stratejiler ve senaryo analizi de dahil olmak \u00fczere \u015firketlerin iklim eylemi performanslar\u0131 hakk\u0131nda bilgilenmelerini ama\u00e7layan, CDP anketini bu sene de [&hellip;]<\/p>\n","protected":false},"author":1,"featured_media":2791,"comment_status":"open","ping_status":"open","sticky":false,"template":"","format":"standard","meta":{"tdm_status":"","tdm_grid_status":"","spay_email":""},"categories":[21],"tags":[783,782,81,781,777,108],"jetpack_featured_media_url":"http:\/\/blog.ulasimplatformu.com\/wp-content\/uploads\/2021\/01\/1611818156_012821_GEFCO_Etkili___klim_De__i__ikli__i_kapsam__nda_CDP_B_Derecelendirmesi_ile___d__llendirildi_BB-scaled.jpg","jetpack_sharing_enabled":true,"amp_enabled":true,"_links":{"self":[{"href":"http:\/\/blog.ulasimplatformu.com\/index.php\/wp-json\/wp\/v2\/posts\/2787"}],"collection":[{"href":"http:\/\/blog.ulasimplatformu.com\/index.php\/wp-json\/wp\/v2\/posts"}],"about":[{"href":"http:\/\/blog.ulasimplatformu.com\/index.php\/wp-json\/wp\/v2\/types\/post"}],"author":[{"embeddable":true,"href":"http:\/\/blog.ulasimplatformu.com\/index.php\/wp-json\/wp\/v2\/users\/1"}],"replies":[{"embeddable":true,"href":"http:\/\/blog.ulasimplatformu.com\/index.php\/wp-json\/wp\/v2\/comments?post=2787"}],"version-history":[{"count":1,"href":"http:\/\/blog.ulasimplatformu.com\/index.php\/wp-json\/wp\/v2\/posts\/2787\/revisions"}],"predecessor-version":[{"id":2792,"href":"http:\/\/blog.ulasimplatformu.com\/index.php\/wp-json\/wp\/v2\/posts\/2787\/revisions\/2792"}],"wp:featuredmedia":[{"embeddable":true,"href":"http:\/\/blog.ulasimplatformu.com\/index.php\/wp-json\/wp\/v2\/media\/2791"}],"wp:attachment":[{"href":"http:\/\/blog.ulasimplatformu.com\/index.php\/wp-json\/wp\/v2\/media?parent=2787"}],"wp:term":[{"taxonomy":"category","embeddable":true,"href":"http:\/\/blog.ulasimplatformu.com\/index.php\/wp-json\/wp\/v2\/categories?post=2787"},{"taxonomy":"post_tag","embeddable":true,"href":"http:\/\/blog.ulasimplatformu.com\/index.php\/wp-json\/wp\/v2\/tags?post=2787"}],"curies":[{"name":"wp","href":"https:\/\/api.w.org\/{rel}","templated":true}]}}