{"id":2810,"date":"2021-01-29T15:40:51","date_gmt":"2021-01-29T12:40:51","guid":{"rendered":"http:\/\/blog.ulasimplatformu.com\/?p=2810"},"modified":"2021-01-29T15:40:57","modified_gmt":"2021-01-29T12:40:57","slug":"ekol-ile-turkiye-ve-fas-artik-daha-yakin","status":"publish","type":"post","link":"http:\/\/blog.ulasimplatformu.com\/index.php\/2021\/01\/29\/ekol-ile-turkiye-ve-fas-artik-daha-yakin\/","title":{"rendered":"EKOL \u0130LE T\u00dcRK\u0130YE VE FAS ARTIK DAHA YAKIN"},"content":{"rendered":"\n<p><strong>Ekol Lojistik, <\/strong>Fas\u2019ta yeni yap\u0131lanma \u00e7al\u0131\u015fmalar\u0131na h\u0131z veriyor.<strong> Ekol<\/strong>, \u0130zmir Alsancak Liman\u0131 ile \u0130spanya\u2019daki Tarragona Liman\u0131\u2019n\u0131 birbirine ba\u011flayan Ro-Ro hatt\u0131 \u00fczerinden <strong>Fas Tangier Liman\u0131<\/strong>\u2019na ta\u015f\u0131mac\u0131l\u0131k yapacak. Bat\u0131 Avrupa\u2019ya daha h\u0131zl\u0131 ula\u015f\u0131m sa\u011flayacak bu hatla <strong>Ekol<\/strong>, Akdeniz\u2019de etkili bir hizmet \u00fc\u00e7geni olu\u015fturmay\u0131 hedefliyor.<\/p>\n\n\n\n<p><strong>Ekol<\/strong>; T\u00fcrkiye, \u0130spanya, Fas hatt\u0131 ile T\u00fcrkiye\u2019den <strong>Fas<\/strong>\u2019a 144 saat i\u00e7erisinde teslimat ger\u00e7ekle\u015ftirecek. Akdeniz\u2019de planl\u0131 ve h\u0131zl\u0131 ta\u015f\u0131mac\u0131l\u0131k sa\u011flayan bu hizmet kapsam\u0131nda; cumartesi ak\u015fam\u0131na kadar T\u00fcrkiye&#8217;nin d\u00f6rt bir yan\u0131ndan toplanan g\u00f6nderiler hafta bitmeden cuma g\u00fcn\u00fc Fas\u2019\u0131n her yerine teslim ediliyor. Sal\u0131 ak\u015fam\u0131na kadar Fas genelinden toplanan y\u00fckler ise bir sonraki hafta ba\u015f\u0131 pazartesi g\u00fcn\u00fc T\u00fcrkiye&#8217;nin her b\u00f6lgesine da\u011f\u0131t\u0131l\u0131yor.<\/p>\n\n\n\n<p><strong>Ekol<\/strong>\u2019\u00fcn k\u0131talararas\u0131 ak\u0131lc\u0131 lojistik \u00e7\u00f6z\u00fcmlerini yeni rotalar ve yeni hizmetlerle g\u00fc\u00e7lendirdi\u011fini a\u00e7\u0131klayan <strong>Ekol T\u00fcrkiye \u00dclke M\u00fcd\u00fcr\u00fc Arzu Akyol Ekiz<\/strong> \u201c<em>Hizmet a\u011f\u0131m\u0131zdaki Fas\u2019ta yeni bir yap\u0131lanmaya gidiyoruz. Bunun ilk ad\u0131m\u0131n\u0131 ise <strong>Fas<\/strong> <strong>Tangier Liman\u0131<\/strong> \u00fczerinden sundu\u011fumuz\u00a0 ta\u015f\u0131mac\u0131l\u0131k hizmetimiz olu\u015fturuyor.\u00a0 Bu yolla m\u00fc\u015fterilerimiz i\u00e7in \u00f6nemli avantajlar yarat\u0131yoruz.<\/em><\/p>\n\n\n\n<figure class=\"wp-block-gallery columns-1 is-cropped\"><ul class=\"blocks-gallery-grid\"><li class=\"blocks-gallery-item\"><figure><img loading=\"lazy\" width=\"665\" height=\"665\" src=\"http:\/\/blog.ulasimplatformu.com\/wp-content\/uploads\/2021\/01\/arzu-ekiz-.jpg\" alt=\"\" data-id=\"2812\" data-full-url=\"http:\/\/blog.ulasimplatformu.com\/wp-content\/uploads\/2021\/01\/arzu-ekiz-.jpg\" data-link=\"http:\/\/blog.ulasimplatformu.com\/?attachment_id=2812\" class=\"wp-image-2812\" srcset=\"http:\/\/blog.ulasimplatformu.com\/wp-content\/uploads\/2021\/01\/arzu-ekiz-.jpg 665w, http:\/\/blog.ulasimplatformu.com\/wp-content\/uploads\/2021\/01\/arzu-ekiz--300x300.jpg 300w, http:\/\/blog.ulasimplatformu.com\/wp-content\/uploads\/2021\/01\/arzu-ekiz--150x150.jpg 150w\" sizes=\"(max-width: 665px) 100vw, 665px\" \/><\/figure><\/li><\/ul><\/figure>\n\n\n\n<p><em>Fas, Afrika \u00fclkeleri i\u00e7erisinde T\u00fcrkiye\u2019nin en fazla ticaret yapt\u0131\u011f\u0131 be\u015finci \u00fclke konumunda. <strong>Ekol<\/strong>, sundu\u011fu hizmetler ile bu<\/em> <em>iki \u00fclke aras\u0131ndaki ticari ili\u015fkilerin geli\u015fmesine daha da katk\u0131da bulunacakt\u0131r. \u0130lerleyen g\u00fcnlerde de hizmet a\u011f\u0131m\u0131z\u0131 b\u00fcy\u00fcterek daha geni\u015f co\u011frafyalara kaliteli ve kesintisiz hizmet sunmaya devam edece\u011fiz<\/em>.\u201d de\u011ferlendirmesinde bulundu.<\/p>\n\n\n\n<figure class=\"wp-block-gallery columns-1 is-cropped\"><ul class=\"blocks-gallery-grid\"><li class=\"blocks-gallery-item\"><figure><img loading=\"lazy\" width=\"1024\" height=\"683\" src=\"http:\/\/blog.ulasimplatformu.com\/wp-content\/uploads\/2021\/01\/liman_dorseler-1024x683.jpg\" alt=\"\" data-id=\"2814\" data-full-url=\"http:\/\/blog.ulasimplatformu.com\/wp-content\/uploads\/2021\/01\/liman_dorseler.jpg\" data-link=\"http:\/\/blog.ulasimplatformu.com\/?attachment_id=2814\" class=\"wp-image-2814\" srcset=\"http:\/\/blog.ulasimplatformu.com\/wp-content\/uploads\/2021\/01\/liman_dorseler-1024x683.jpg 1024w, http:\/\/blog.ulasimplatformu.com\/wp-content\/uploads\/2021\/01\/liman_dorseler-300x200.jpg 300w, http:\/\/blog.ulasimplatformu.com\/wp-content\/uploads\/2021\/01\/liman_dorseler-768x512.jpg 768w, http:\/\/blog.ulasimplatformu.com\/wp-content\/uploads\/2021\/01\/liman_dorseler-150x100.jpg 150w, http:\/\/blog.ulasimplatformu.com\/wp-content\/uploads\/2021\/01\/liman_dorseler-696x464.jpg 696w, http:\/\/blog.ulasimplatformu.com\/wp-content\/uploads\/2021\/01\/liman_dorseler-1068x712.jpg 1068w, http:\/\/blog.ulasimplatformu.com\/wp-content\/uploads\/2021\/01\/liman_dorseler.jpg 1500w\" sizes=\"(max-width: 1024px) 100vw, 1024px\" \/><figcaption class=\"blocks-gallery-item__caption\">Ekol Lojistik Trieste<\/figcaption><\/figure><\/li><\/ul><\/figure>\n","protected":false},"excerpt":{"rendered":"<p>Ekol Lojistik, Fas\u2019ta yeni yap\u0131lanma \u00e7al\u0131\u015fmalar\u0131na h\u0131z veriyor. Ekol, \u0130zmir Alsancak Liman\u0131 ile \u0130spanya\u2019daki Tarragona Liman\u0131\u2019n\u0131 birbirine ba\u011flayan Ro-Ro hatt\u0131 \u00fczerinden Fas Tangier Liman\u0131\u2019na ta\u015f\u0131mac\u0131l\u0131k yapacak. Bat\u0131 Avrupa\u2019ya daha h\u0131zl\u0131 ula\u015f\u0131m sa\u011flayacak bu hatla Ekol, Akdeniz\u2019de etkili bir hizmet \u00fc\u00e7geni olu\u015fturmay\u0131 hedefliyor. Ekol; T\u00fcrkiye, \u0130spanya, Fas hatt\u0131 ile T\u00fcrkiye\u2019den Fas\u2019a 144 saat i\u00e7erisinde teslimat ger\u00e7ekle\u015ftirecek. [&hellip;]<\/p>\n","protected":false},"author":1,"featured_media":2813,"comment_status":"open","ping_status":"open","sticky":false,"template":"","format":"standard","meta":{"tdm_status":"","tdm_grid_status":"","spay_email":""},"categories":[21],"tags":[791,792,794,81,795,682,793,777,108],"jetpack_featured_media_url":"http:\/\/blog.ulasimplatformu.com\/wp-content\/uploads\/2021\/01\/ekol.jpg","jetpack_sharing_enabled":true,"amp_enabled":true,"_links":{"self":[{"href":"http:\/\/blog.ulasimplatformu.com\/index.php\/wp-json\/wp\/v2\/posts\/2810"}],"collection":[{"href":"http:\/\/blog.ulasimplatformu.com\/index.php\/wp-json\/wp\/v2\/posts"}],"about":[{"href":"http:\/\/blog.ulasimplatformu.com\/index.php\/wp-json\/wp\/v2\/types\/post"}],"author":[{"embeddable":true,"href":"http:\/\/blog.ulasimplatformu.com\/index.php\/wp-json\/wp\/v2\/users\/1"}],"replies":[{"embeddable":true,"href":"http:\/\/blog.ulasimplatformu.com\/index.php\/wp-json\/wp\/v2\/comments?post=2810"}],"version-history":[{"count":1,"href":"http:\/\/blog.ulasimplatformu.com\/index.php\/wp-json\/wp\/v2\/posts\/2810\/revisions"}],"predecessor-version":[{"id":2815,"href":"http:\/\/blog.ulasimplatformu.com\/index.php\/wp-json\/wp\/v2\/posts\/2810\/revisions\/2815"}],"wp:featuredmedia":[{"embeddable":true,"href":"http:\/\/blog.ulasimplatformu.com\/index.php\/wp-json\/wp\/v2\/media\/2813"}],"wp:attachment":[{"href":"http:\/\/blog.ulasimplatformu.com\/index.php\/wp-json\/wp\/v2\/media?parent=2810"}],"wp:term":[{"taxonomy":"category","embeddable":true,"href":"http:\/\/blog.ulasimplatformu.com\/index.php\/wp-json\/wp\/v2\/categories?post=2810"},{"taxonomy":"post_tag","embeddable":true,"href":"http:\/\/blog.ulasimplatformu.com\/index.php\/wp-json\/wp\/v2\/tags?post=2810"}],"curies":[{"name":"wp","href":"https:\/\/api.w.org\/{rel}","templated":true}]}}