{"id":2828,"date":"2021-02-02T19:58:30","date_gmt":"2021-02-02T16:58:30","guid":{"rendered":"http:\/\/blog.ulasimplatformu.com\/?p=2828"},"modified":"2021-02-02T19:58:36","modified_gmt":"2021-02-02T16:58:36","slug":"temsanin-cevreci-otobusleripragi-da-elektriklendirecek","status":"publish","type":"post","link":"http:\/\/blog.ulasimplatformu.com\/index.php\/2021\/02\/02\/temsanin-cevreci-otobusleripragi-da-elektriklendirecek\/","title":{"rendered":"TEMSA\u2019n\u0131n \u00e7evreci otob\u00fcsleriPrag\u2019\u0131 da \u2018elektriklendirecek!\u2019"},"content":{"rendered":"\n<p>\u00c7ek Cumhuriyeti\u2019nin ba\u015fkenti Prag\u2019daki elektrikli otob\u00fcs ihalesini<br>kazanan TEMSA ve karde\u015f \u015firketi \u0160koda, 14 otob\u00fcsten olu\u015fan filoyu bu<br>y\u0131l\u0131n sonunda teslim edecek. Yakla\u015f\u0131k 10 milyon dolar de\u011ferindeki<br>s\u00f6zle\u015fme, ayn\u0131 zamanda TEMSA\u2019n\u0131n karde\u015f \u015firketi \u0160koda ile birlikte<br>ger\u00e7ekle\u015ftirece\u011fi ilk elektrikli otob\u00fcs teslimat\u0131 olacak.<br>T\u00fcrk m\u00fchendisli\u011finin \u00fcr\u00fcn\u00fc TEMSA markal\u0131 elektrikli ara\u00e7lar\u0131n Avrupa \u00e7\u0131karmas\u0131<br>s\u00fcr\u00fcyor. Sabanc\u0131 Holding ve PPF Group ortakl\u0131\u011f\u0131nda ilk elektrikli otob\u00fcs ihracat\u0131n\u0131<br>ge\u00e7ti\u011fimiz aylarda \u0130sve\u00e7\u2019e ger\u00e7ekle\u015ftiren \u015firket, bu kez rotay\u0131 \u00c7ek Cumhuriyeti\u2019nin<br>ba\u015fkenti Prag\u2019a \u00e7evirdi. Bu kapsamda \u0160koda Transportation b\u00fcnyesindeki \u0160koda<br>Elektrik i\u015f birli\u011fiyle Prag Ula\u015f\u0131m \u015eirketi\u2019nin elektrikli otob\u00fcs filo s\u00f6zle\u015fmesine imza atan<br>TEMSA, 14 otob\u00fcsten olu\u015fan filoyu bu y\u0131l\u0131n sonunda teslim edecek.<br>Modern, \u00e7evreci ve s\u00fcrd\u00fcr\u00fclebilir ara\u00e7lardan olu\u015fan filo, \u015fehrin karbon emisyonunu<br>azalt\u0131rken, daha temiz ve ya\u015fan\u0131labilir bir havaya kavu\u015fmas\u0131na da katk\u0131da bulunacak.<br>Yakla\u015f\u0131k 207 milyon koruna (yakla\u015f\u0131k 10 milyon dolar) de\u011ferindeki s\u00f6zle\u015fme, ayn\u0131<br>zamanda TEMSA\u2019n\u0131n karde\u015f \u015firketi \u0160koda ile birlikte ger\u00e7ekle\u015ftirece\u011fi ilk elektrikli<br>otob\u00fcs teslimat\u0131 olacak.<br>\u201c\u00dclke ekonomisi i\u00e7in anlam\u0131 b\u00fcy\u00fck\u201d<br>Prag\u2019a yap\u0131lan elektrikli otob\u00fcs ihracat\u0131n\u0131n TEMSA &#8211; Skoda Transportation i\u015f birli\u011finin<br>ilk somut \u00f6rne\u011fi oldu\u011funa dikkat \u00e7eken TEMSA CEO\u2019su Tolga Kaan Do\u011fanc\u0131o\u011flu,<br>\u201cKazan\u0131lan bu ihale ile karde\u015f \u015firketimiz Skoda Transportation ortak teknolojisiyle<br>\u00fcretti\u011fimiz elektrikli otob\u00fcslerimizi Prag Ula\u015f\u0131m \u015eirketi\u2019ne teslim edecek olman\u0131n<br>mutlulu\u011funu ya\u015f\u0131yoruz. Bu ihracat, T\u00fcrkiye ekonomisi ve T\u00fcrk sanayisi i\u00e7in de \u00e7ok<br>\u00f6nemli bir anlam ifade ediyor. Skoda Transportation\u2019\u0131n anavatan\u0131 olan \u00c7ek Cumhuriyeti,<br>d\u00fcnyada \u00e7evre dostu ara\u00e7lar ve karbon emisyonunun azalt\u0131lmas\u0131 konusunda en bilin\u00e7li<br>\u00fclkelerden biri. Teslim edece\u011fimiz 14 adetlik elektrikli ara\u00e7 filosunun, \u015fehrin modern<br>mimarisine ayak uydurmas\u0131n\u0131n yan\u0131 s\u0131ra ekonomik, konforlu, g\u00fcvenli ve \u00e7evreci<br>yap\u0131s\u0131yla da \u2018Ak\u0131ll\u0131 \u015fehirler\u2019 vizyonuna \u00f6rnek te\u015fkil edece\u011fine inan\u0131yoruz\u201d dedi.<\/p>\n\n\n\n<p>\u201cElektrikli ara\u00e7larda oyun kurucuyuz\u201d<br>TEMSA\u2019n\u0131n elektrikli ara\u00e7lar konusunda d\u00fcnyada oyun kurucu \u015firketler aras\u0131nda yer<br>alma vizyonuyla faaliyetini s\u00fcrd\u00fcrd\u00fc\u011f\u00fcne vurgu yapan Tolga Kaan Do\u011fanc\u0131o\u011flu, \u201cBu<br>kapsamda, ortak teknoloji g\u00fcc\u00fc ve bilgi birikimi sayesinde Skoda Transportation ve<br>TEMSA\u2019n\u0131n, \u00f6n\u00fcm\u00fczdeki s\u00fcre\u00e7te farkl\u0131 pazarlarda daha b\u00fcy\u00fck ba\u015far\u0131 hikayelerine de<br>imza ataca\u011f\u0131na y\u00fcrekten inan\u0131yorum\u201d ifadelerini kulland\u0131.<br>\u201c\u0130\u015fbirli\u011finin en somut ad\u0131m\u0131\u201d<br>\u0160koda Transportation Y\u00f6netim Kurulu Ba\u015fkan\u0131 ve Ba\u015fkan Petr Brzezina da TEMSA i\u015f<br>birli\u011fiyle elde edilen bu ba\u015far\u0131dan duydu\u011fu memnuniyete vurgu yapt\u0131. Brzezina, \u201c\u00c7evre<br>dostu, modern ve ayn\u0131 zamanda d\u00fc\u015f\u00fck i\u015fletme maliyetiyle ekonomiye de\u011fer katan bu<br>filoyu tedarik etmenin mutlulu\u011funu ya\u015f\u0131yoruz. Bu s\u00f6zle\u015fme, \u0160koda ve TEMSA i\u015f birli\u011fi<br>a\u00e7\u0131s\u0131ndan da ilk \u00f6nemli ad\u0131m. 12 metrelik otob\u00fcslerden olu\u015facak bu filo, sofistike bir<br>teknolojik altyap\u0131 ile modern bir tasar\u0131m deneyiminin sonucudur\u201d diye konu\u015ftu.<br>\u0160koda E\u2019CITY olarak adland\u0131r\u0131lacak elektrikli otob\u00fcsler, kolay \u015farj edilebilme ve yeni<br>nesil teknolojilerin deste\u011fiyle pil durumunun uzaktan kontrol\u00fc gibi \u00f6zellikleri ile<br>farkl\u0131la\u015f\u0131yor. \u00c7evreci ve d\u00fc\u015f\u00fck maliyet avantaj\u0131 nedeniyle \u2018gelece\u011fin teknolojisi\u2019 olarak<br>adland\u0131r\u0131lan bu \u015farj donan\u0131m\u0131, daha uzun ve konforlu bir yolculu\u011fu m\u00fcmk\u00fcn hale<br>getiriyor.<\/p>\n\n\n\n<figure class=\"wp-block-gallery columns-1 is-cropped\"><ul class=\"blocks-gallery-grid\"><li class=\"blocks-gallery-item\"><figure><img loading=\"lazy\" width=\"683\" height=\"1024\" src=\"http:\/\/blog.ulasimplatformu.com\/wp-content\/uploads\/2021\/02\/210125_SKO_retuse-fotek-Electrobus_PHA_V-tower_front_V01-683x1024.jpg\" alt=\"\" data-id=\"2829\" data-full-url=\"http:\/\/blog.ulasimplatformu.com\/wp-content\/uploads\/2021\/02\/210125_SKO_retuse-fotek-Electrobus_PHA_V-tower_front_V01.jpg\" data-link=\"http:\/\/blog.ulasimplatformu.com\/?attachment_id=2829\" class=\"wp-image-2829\" srcset=\"http:\/\/blog.ulasimplatformu.com\/wp-content\/uploads\/2021\/02\/210125_SKO_retuse-fotek-Electrobus_PHA_V-tower_front_V01-683x1024.jpg 683w, http:\/\/blog.ulasimplatformu.com\/wp-content\/uploads\/2021\/02\/210125_SKO_retuse-fotek-Electrobus_PHA_V-tower_front_V01-200x300.jpg 200w, http:\/\/blog.ulasimplatformu.com\/wp-content\/uploads\/2021\/02\/210125_SKO_retuse-fotek-Electrobus_PHA_V-tower_front_V01-768x1152.jpg 768w, http:\/\/blog.ulasimplatformu.com\/wp-content\/uploads\/2021\/02\/210125_SKO_retuse-fotek-Electrobus_PHA_V-tower_front_V01-1024x1536.jpg 1024w, http:\/\/blog.ulasimplatformu.com\/wp-content\/uploads\/2021\/02\/210125_SKO_retuse-fotek-Electrobus_PHA_V-tower_front_V01-1365x2048.jpg 1365w, http:\/\/blog.ulasimplatformu.com\/wp-content\/uploads\/2021\/02\/210125_SKO_retuse-fotek-Electrobus_PHA_V-tower_front_V01-150x225.jpg 150w, http:\/\/blog.ulasimplatformu.com\/wp-content\/uploads\/2021\/02\/210125_SKO_retuse-fotek-Electrobus_PHA_V-tower_front_V01-300x450.jpg 300w, http:\/\/blog.ulasimplatformu.com\/wp-content\/uploads\/2021\/02\/210125_SKO_retuse-fotek-Electrobus_PHA_V-tower_front_V01-696x1044.jpg 696w, http:\/\/blog.ulasimplatformu.com\/wp-content\/uploads\/2021\/02\/210125_SKO_retuse-fotek-Electrobus_PHA_V-tower_front_V01-1068x1602.jpg 1068w, http:\/\/blog.ulasimplatformu.com\/wp-content\/uploads\/2021\/02\/210125_SKO_retuse-fotek-Electrobus_PHA_V-tower_front_V01.jpg 1434w\" sizes=\"(max-width: 683px) 100vw, 683px\" \/><\/figure><\/li><\/ul><\/figure>\n\n\n\n<p>E&#8217;City Hakk\u0131nda:<br>Yeni elektrikli otob\u00fcs E&#8217;City, 12 metre uzunlu\u011funda ve 80 km\/s h\u0131z\u0131nda tasar\u0131ma sahip.<br>Bir \u015farjla 100 kilometreden fazla garantili menzile sahip ara\u00e7, tamamen al\u00e7ak tabanl\u0131,<br>emisyonsuz, pille \u00e7al\u0131\u015f\u0131r \u00f6zellikte. \u015earj g\u00fcc\u00fc 150kW&#8217;a kadar olan arac\u0131n \u015farj\u0131 ise, ara\u00e7ta<br>bulunan \u00e7ift kollu bir pantograf ve do\u011frudan 600V \/ 750V DC a\u011f\u0131ndan yerle\u015fik galvanik<br>olarak izole edilmi\u015f bir \u015farj cihaz\u0131 kullan\u0131larak ger\u00e7ekle\u015ftiriliyor. Depodaki priz<br>sayesinde gece \u015farj etme se\u00e7ene\u011fi de bulunan ara\u00e7ta, klima ve \u0131s\u0131tma \u00f6zelli\u011fi tamamen<br>elektronik olup y\u00fcksek g\u00fcvenlik gereksinimleri nedeniyle s\u00fcr\u00fcc\u00fc kabini kapal\u0131d\u0131r. Bebek<br>arabalar\u0131, tekerlekli sandalyeler ve hareket kabiliyeti k\u0131s\u0131tl\u0131 yolcular i\u00e7in \u00f6zel alanlar\u0131n<br>da bulundu\u011fu ara\u00e7, \u00f6n\u00fcm\u00fczdeki g\u00fcnlerde otomatik yolcu say\u0131m\u0131 ve panjur ekipman\u0131 da<br>dahil olmak \u00fczere modern bir bilgi ve check-in sistemi ile donat\u0131larak araca yolcu<br>g\u00fcvenli\u011fi i\u00e7in kamera sistemi de dahil edilecek.<\/p>\n","protected":false},"excerpt":{"rendered":"<p>\u00c7ek Cumhuriyeti\u2019nin ba\u015fkenti Prag\u2019daki elektrikli otob\u00fcs ihalesinikazanan TEMSA ve karde\u015f \u015firketi \u0160koda, 14 otob\u00fcsten olu\u015fan filoyu buy\u0131l\u0131n sonunda teslim edecek. Yakla\u015f\u0131k 10 milyon dolar de\u011ferindekis\u00f6zle\u015fme, ayn\u0131 zamanda TEMSA\u2019n\u0131n karde\u015f \u015firketi \u0160koda ile birlikteger\u00e7ekle\u015ftirece\u011fi ilk elektrikli otob\u00fcs teslimat\u0131 olacak.T\u00fcrk m\u00fchendisli\u011finin \u00fcr\u00fcn\u00fc TEMSA markal\u0131 elektrikli ara\u00e7lar\u0131n Avrupa \u00e7\u0131karmas\u0131s\u00fcr\u00fcyor. Sabanc\u0131 Holding ve PPF Group ortakl\u0131\u011f\u0131nda ilk elektrikli otob\u00fcs [&hellip;]<\/p>\n","protected":false},"author":1,"featured_media":2830,"comment_status":"open","ping_status":"open","sticky":false,"template":"","format":"standard","meta":{"tdm_status":"","tdm_grid_status":"","spay_email":""},"categories":[24],"tags":[799,800],"jetpack_featured_media_url":"http:\/\/blog.ulasimplatformu.com\/wp-content\/uploads\/2021\/02\/Tolga-Kaan-Dogancioglu-1-scaled.jpg","jetpack_sharing_enabled":true,"amp_enabled":true,"_links":{"self":[{"href":"http:\/\/blog.ulasimplatformu.com\/index.php\/wp-json\/wp\/v2\/posts\/2828"}],"collection":[{"href":"http:\/\/blog.ulasimplatformu.com\/index.php\/wp-json\/wp\/v2\/posts"}],"about":[{"href":"http:\/\/blog.ulasimplatformu.com\/index.php\/wp-json\/wp\/v2\/types\/post"}],"author":[{"embeddable":true,"href":"http:\/\/blog.ulasimplatformu.com\/index.php\/wp-json\/wp\/v2\/users\/1"}],"replies":[{"embeddable":true,"href":"http:\/\/blog.ulasimplatformu.com\/index.php\/wp-json\/wp\/v2\/comments?post=2828"}],"version-history":[{"count":1,"href":"http:\/\/blog.ulasimplatformu.com\/index.php\/wp-json\/wp\/v2\/posts\/2828\/revisions"}],"predecessor-version":[{"id":2831,"href":"http:\/\/blog.ulasimplatformu.com\/index.php\/wp-json\/wp\/v2\/posts\/2828\/revisions\/2831"}],"wp:featuredmedia":[{"embeddable":true,"href":"http:\/\/blog.ulasimplatformu.com\/index.php\/wp-json\/wp\/v2\/media\/2830"}],"wp:attachment":[{"href":"http:\/\/blog.ulasimplatformu.com\/index.php\/wp-json\/wp\/v2\/media?parent=2828"}],"wp:term":[{"taxonomy":"category","embeddable":true,"href":"http:\/\/blog.ulasimplatformu.com\/index.php\/wp-json\/wp\/v2\/categories?post=2828"},{"taxonomy":"post_tag","embeddable":true,"href":"http:\/\/blog.ulasimplatformu.com\/index.php\/wp-json\/wp\/v2\/tags?post=2828"}],"curies":[{"name":"wp","href":"https:\/\/api.w.org\/{rel}","templated":true}]}}