{"id":3232,"date":"2021-04-15T14:15:40","date_gmt":"2021-04-15T11:15:40","guid":{"rendered":"http:\/\/blog.ulasimplatformu.com\/?p=3232"},"modified":"2021-04-15T14:15:48","modified_gmt":"2021-04-15T11:15:48","slug":"ford-trucks-pazara-umutla-bakiyor-2021de-rekor-hedefliyor","status":"publish","type":"post","link":"http:\/\/blog.ulasimplatformu.com\/index.php\/2021\/04\/15\/ford-trucks-pazara-umutla-bakiyor-2021de-rekor-hedefliyor\/","title":{"rendered":"Ford Trucks pazara umutla bak\u0131yor, 2021\u2019de rekor hedefliyor"},"content":{"rendered":"\n<p><strong>2021\u2019i yeni \u00fcr\u00fcn ve geli\u015ftirmelerle kar\u015f\u0131layan Ford Trucks, pandeminin zorlay\u0131c\u0131 etkilerine ra\u011fmen ba\u015far\u0131larla geride b\u0131rakt\u0131\u011f\u0131 2020\u2019nin ard\u0131ndan \u00f6n\u00fcm\u00fczdeki d\u00f6nem i\u00e7in yeni pazarlara ad\u0131m atarak a\u011f\u0131r ticari pazar\u0131nda global b\u00fcy\u00fcmesini h\u0131z kesmeden s\u00fcrd\u00fcr\u00fcyor.&nbsp;<\/strong><\/p>\n\n\n\n<p>A\u011f\u0131r ticari sekt\u00f6r\u00fcnde gerek m\u00fchendislik tecr\u00fcbesi gerekse de 60 y\u0131ll\u0131k miras\u0131 ile \u00f6ne \u00e7\u0131kan&nbsp;<strong>Ford Trucks<\/strong>, bir yandan yurt d\u0131\u015f\u0131nda yeni pazarlara ad\u0131m atmaya haz\u0131rlan\u0131rken, di\u011fer yandan m\u00fc\u015fterilerine sundu\u011fu yeni \u00fcr\u00fcn ve hizmetlerle i\u00e7 pazardaki b\u00fcy\u00fcmesini s\u00fcrd\u00fcr\u00fcyor.<\/p>\n\n\n\n<p><strong>Turfan: \u201cA\u011f\u0131r ticari pazar\u0131, 2020 y\u0131l\u0131nda oldu\u011fu gibi 2021\u2019de de y\u00fckseli\u015fe devam ediyor\u201d<\/strong><\/p>\n\n\n\n<p>T\u00fcrkiye a\u011f\u0131r ticari pazar\u0131 ekseninde, &nbsp;Ford Trucks\u2019\u0131n ilk 3 aydaki performans\u0131n\u0131 ve global b\u00fcy\u00fcme planlar\u0131n\u0131 payla\u015fan&nbsp;<strong>Ford Trucks Genel M\u00fcd\u00fcr Yard\u0131mc\u0131s\u0131 Serhan Turfan<\/strong>, pandemi ile birlikte a\u011f\u0131r ticari end\u00fcstrisinde ini\u015flerin \u00e7\u0131k\u0131\u015flar\u0131n ya\u015fand\u0131\u011f\u0131 zorlu ancak ba\u015far\u0131l\u0131 bir d\u00f6nemi geride b\u0131rakt\u0131klar\u0131n\u0131 kaydederek, \u015funlar\u0131 s\u00f6yledi:<\/p>\n\n\n\n<p>\u201cPandemiyle beraber fiziksel yap\u0131lan bir\u00e7ok al\u0131\u015fveri\u015f e-ticarete kayarken, bu da do\u011fal olarak lojistik ve nakliye ihtiyac\u0131n\u0131 art\u0131rd\u0131. Pandeminin bu etkisine paralel olarak, \u00f6zellikle kamyon, \u00e7ekici talebinde art\u0131\u015f devam ediyor. A\u011f\u0131r ticari end\u00fcstrisi, 2021\u2019e b\u00fcy\u00fcme ivmesiyle ba\u015flad\u0131, \u00f6n\u00fcm\u00fczdeki d\u00f6nem bu b\u00fcy\u00fcmenin devam edece\u011fini \u00f6ng\u00f6rmekteyiz. 2021 y\u0131l\u0131 ilk \u00e7eyrekte 6.100 adet sat\u0131\u015fa ula\u015fan a\u011f\u0131r ticari pazar\u0131 bir \u00f6nceki y\u0131l\u0131n ayn\u0131 d\u00f6nemine g\u00f6re %150 b\u00fcy\u00fcme g\u00f6sterdi. \u00c7ekici segmenti %66\u2019l\u0131k pay ile bu b\u00fcy\u00fcmede \u00f6nemli rol oynad\u0131. Ford Trucks olarak biz de 2021 y\u0131l\u0131na h\u0131zl\u0131 bir ba\u015flang\u0131\u00e7 yaparak ilk 3 ay sonunda %30\u2019un \u00fczerinde Pazar pay\u0131 elde ettik.\u201d&nbsp;<\/p>\n\n\n\n<p><strong>\u201cUluslararas\u0131 pazarlarda en y\u00fcksek ilk \u00e7eyrek sat\u0131\u015f adetlerine ula\u015ft\u0131k\u201d<\/strong><\/p>\n\n\n\n<p>Ford Trucks\u2019\u0131n\u00a0uluslararas\u0131 pazarlarda sat\u0131\u015f rakamlar\u0131n\u0131n g\u00fc\u00e7lendi\u011fini belirten Turfan, \u201cUluslararas\u0131 pazarlarda sat\u0131\u015f adetlerimizi bir \u00f6nceki y\u0131l\u0131n ayn\u0131 d\u00f6nemine g\u00f6re %137 art\u0131rarak en y\u00fcksek ihracat adetlerine ula\u015ft\u0131k\u201d dedi ve global b\u00fcy\u00fcme planlar\u0131n\u0131 ise h\u0131z kesmeden s\u00fcrd\u00fcrd\u00fcklerini aktard\u0131:\u00a0\u201cOrta ve Do\u011fu Avrupa&#8217;daki geni\u015flememizi 2018&#8217;de tamamlam\u0131\u015ft\u0131k. Bat\u0131 Avrupa&#8217;daki yap\u0131lanmam\u0131za ise 2019\u2019da \u0130spanya, Portekiz ve \u0130talya&#8217;daki distrib\u00fct\u00f6rlerimizi atayarak ba\u015flad\u0131k. Mart ay\u0131nda Bel\u00e7ika&#8217;daki ilk distrib\u00fct\u00f6r\u00fcm\u00fcz\u00fc atayarak pazara girdik. S\u0131rada Almanya, Fransa, Hollanda ve L\u00fcksemburg var. \u00d6zellikle, Almanya bizim i\u00e7in en \u00f6nemli pazarlardan biri ve buradaki g\u00f6r\u00fc\u015fmelerimizde son faza ge\u00e7tik. \u00c7ok k\u0131sa bir s\u00fcre i\u00e7inde Almanya pazar\u0131na girmeyi hedefliyoruz\u201d dedi.<\/p>\n\n\n\n<figure class=\"wp-block-gallery columns-1 is-cropped\"><ul class=\"blocks-gallery-grid\"><li class=\"blocks-gallery-item\"><figure><img loading=\"lazy\" width=\"1024\" height=\"697\" src=\"http:\/\/blog.ulasimplatformu.com\/wp-content\/uploads\/2021\/04\/1618476029_Ford_Trucks_F_MAX-1024x697.jpg\" alt=\"\" data-id=\"3233\" data-full-url=\"http:\/\/blog.ulasimplatformu.com\/wp-content\/uploads\/2021\/04\/1618476029_Ford_Trucks_F_MAX-scaled.jpg\" data-link=\"http:\/\/blog.ulasimplatformu.com\/?attachment_id=3233\" class=\"wp-image-3233\" srcset=\"http:\/\/blog.ulasimplatformu.com\/wp-content\/uploads\/2021\/04\/1618476029_Ford_Trucks_F_MAX-1024x697.jpg 1024w, http:\/\/blog.ulasimplatformu.com\/wp-content\/uploads\/2021\/04\/1618476029_Ford_Trucks_F_MAX-300x204.jpg 300w, http:\/\/blog.ulasimplatformu.com\/wp-content\/uploads\/2021\/04\/1618476029_Ford_Trucks_F_MAX-768x523.jpg 768w, http:\/\/blog.ulasimplatformu.com\/wp-content\/uploads\/2021\/04\/1618476029_Ford_Trucks_F_MAX-1536x1046.jpg 1536w, http:\/\/blog.ulasimplatformu.com\/wp-content\/uploads\/2021\/04\/1618476029_Ford_Trucks_F_MAX-2048x1395.jpg 2048w, http:\/\/blog.ulasimplatformu.com\/wp-content\/uploads\/2021\/04\/1618476029_Ford_Trucks_F_MAX-150x102.jpg 150w, http:\/\/blog.ulasimplatformu.com\/wp-content\/uploads\/2021\/04\/1618476029_Ford_Trucks_F_MAX-696x474.jpg 696w, http:\/\/blog.ulasimplatformu.com\/wp-content\/uploads\/2021\/04\/1618476029_Ford_Trucks_F_MAX-1068x727.jpg 1068w, http:\/\/blog.ulasimplatformu.com\/wp-content\/uploads\/2021\/04\/1618476029_Ford_Trucks_F_MAX-1920x1308.jpg 1920w\" sizes=\"(max-width: 1024px) 100vw, 1024px\" \/><\/figure><\/li><\/ul><\/figure>\n\n\n\n<p>Ford Trucks\u2019\u0131n Uluslararas\u0131 ve Rusya\u2019da Y\u0131l\u0131n Kamyonu \u00f6d\u00fcll\u00fc arac\u0131 F-MAX\u2019in donmu\u015f g\u00f6l \u00fczerindeki h\u0131z rekoru ile ilgili g\u00f6r\u00fcnt\u00fclere;&nbsp;<a href=\"https:\/\/www.youtube.com\/watch?v=Vo2NIVNt3ic\" target=\"_blank\" rel=\"noreferrer noopener\">https:\/\/www.youtube.com\/watch?v=Vo2NIVNt3ic<\/a>&nbsp;adresinden ula\u015f\u0131labiliyor.<\/p>\n\n\n\n<p><strong>G\u00d6R\u00dcNT\u00dc L\u0130NK\u0130:&nbsp;<a href=\"https:\/\/www.youtube.com\/watch?v=Vo2NIVNt3ic\" target=\"_blank\" rel=\"noreferrer noopener\">https:\/\/www.youtube.com\/watch?v=Vo2NIVNt3ic<\/a><\/strong><\/p>\n","protected":false},"excerpt":{"rendered":"<p>2021\u2019i yeni \u00fcr\u00fcn ve geli\u015ftirmelerle kar\u015f\u0131layan Ford Trucks, pandeminin zorlay\u0131c\u0131 etkilerine ra\u011fmen ba\u015far\u0131larla geride b\u0131rakt\u0131\u011f\u0131 2020\u2019nin ard\u0131ndan \u00f6n\u00fcm\u00fczdeki d\u00f6nem i\u00e7in yeni pazarlara ad\u0131m atarak a\u011f\u0131r ticari pazar\u0131nda global b\u00fcy\u00fcmesini h\u0131z kesmeden s\u00fcrd\u00fcr\u00fcyor.&nbsp; A\u011f\u0131r ticari sekt\u00f6r\u00fcnde gerek m\u00fchendislik tecr\u00fcbesi gerekse de 60 y\u0131ll\u0131k miras\u0131 ile \u00f6ne \u00e7\u0131kan&nbsp;Ford Trucks, bir yandan yurt d\u0131\u015f\u0131nda yeni pazarlara ad\u0131m atmaya [&hellip;]<\/p>\n","protected":false},"author":1,"featured_media":3234,"comment_status":"open","ping_status":"open","sticky":false,"template":"","format":"standard","meta":{"tdm_status":"","tdm_grid_status":"","spay_email":""},"categories":[27],"tags":[845,843,848,40,834],"jetpack_featured_media_url":"http:\/\/blog.ulasimplatformu.com\/wp-content\/uploads\/2021\/04\/1618476030_Ford_Trucks_GMY_Serhan_Turfan.jpg","jetpack_sharing_enabled":true,"amp_enabled":true,"_links":{"self":[{"href":"http:\/\/blog.ulasimplatformu.com\/index.php\/wp-json\/wp\/v2\/posts\/3232"}],"collection":[{"href":"http:\/\/blog.ulasimplatformu.com\/index.php\/wp-json\/wp\/v2\/posts"}],"about":[{"href":"http:\/\/blog.ulasimplatformu.com\/index.php\/wp-json\/wp\/v2\/types\/post"}],"author":[{"embeddable":true,"href":"http:\/\/blog.ulasimplatformu.com\/index.php\/wp-json\/wp\/v2\/users\/1"}],"replies":[{"embeddable":true,"href":"http:\/\/blog.ulasimplatformu.com\/index.php\/wp-json\/wp\/v2\/comments?post=3232"}],"version-history":[{"count":1,"href":"http:\/\/blog.ulasimplatformu.com\/index.php\/wp-json\/wp\/v2\/posts\/3232\/revisions"}],"predecessor-version":[{"id":3235,"href":"http:\/\/blog.ulasimplatformu.com\/index.php\/wp-json\/wp\/v2\/posts\/3232\/revisions\/3235"}],"wp:featuredmedia":[{"embeddable":true,"href":"http:\/\/blog.ulasimplatformu.com\/index.php\/wp-json\/wp\/v2\/media\/3234"}],"wp:attachment":[{"href":"http:\/\/blog.ulasimplatformu.com\/index.php\/wp-json\/wp\/v2\/media?parent=3232"}],"wp:term":[{"taxonomy":"category","embeddable":true,"href":"http:\/\/blog.ulasimplatformu.com\/index.php\/wp-json\/wp\/v2\/categories?post=3232"},{"taxonomy":"post_tag","embeddable":true,"href":"http:\/\/blog.ulasimplatformu.com\/index.php\/wp-json\/wp\/v2\/tags?post=3232"}],"curies":[{"name":"wp","href":"https:\/\/api.w.org\/{rel}","templated":true}]}}