{"id":4044,"date":"2021-09-07T20:21:04","date_gmt":"2021-09-07T17:21:04","guid":{"rendered":"http:\/\/blog.ulasimplatformu.com\/?p=4044"},"modified":"2021-09-07T20:21:14","modified_gmt":"2021-09-07T17:21:14","slug":"otokar-iett-ihalesi-icin-yerli-metrobus-uretecek","status":"publish","type":"post","link":"http:\/\/blog.ulasimplatformu.com\/index.php\/2021\/09\/07\/otokar-iett-ihalesi-icin-yerli-metrobus-uretecek\/","title":{"rendered":"Otokar, \u0130ETT ihalesi i\u00e7in yerli metrob\u00fcs \u00fcretecek"},"content":{"rendered":"\n<p><strong>\u0130ETT Genel M\u00fcd\u00fcrl\u00fc\u011f\u00fc taraf\u0131ndan a\u00e7\u0131lan 100 adetlik metrob\u00fcs al\u0131m ihalesinde s\u00f6zle\u015fme a\u015famas\u0131na gelindi. \u0130hale i\u00e7in en iyi teklifi veren Otokar&#8217;a davet mektubu iletildi. Modern otob\u00fcsleri ile 50&#8217;den fazla \u00fclkede milyonlarca yolcuya toplu ta\u015f\u0131mada \u00fcst d\u00fczey konfor ve g\u00fcvenlik sunan Otokar, \u0130stanbullular i\u00e7in 21 metre uzunlu\u011funda, 200 yolcu kapasiteli metrob\u00fcs \u00fcretecek. \u00d6n\u00fcm\u00fczdeki 10 g\u00fcn i\u00e7erisinde imzalanacak s\u00f6zle\u015fme gere\u011fi Otokar, \u0130ETT&#8217;ye 3 y\u0131l boyunca sat\u0131\u015f sonras\u0131 hizmeti de sunacak.<\/strong><\/p>\n\n\n\n<p>Ko\u00e7 Toplulu\u011fu \u015firketlerinden T\u00fcrkiye\u2019nin lider otob\u00fcs \u00fcreticisi Otokar\u2019a, \u0130ETT Genel M\u00fcd\u00fcrl\u00fc\u011f\u00fc taraf\u0131ndan a\u00e7\u0131lan 100 adetlik metrob\u00fcs ihalesinin s\u00f6zle\u015fmeye davet mektubu iletildi. Son y\u0131llarda T\u00fcrkiye&#8217;deki pek \u00e7ok b\u00fcy\u00fck\u015fehir belediyesi taraf\u0131ndan ve Avrupa&#8217;da Fransa, \u0130talya, \u0130spanya, Almanya, Romanya gibi \u00fclkelerde tercih edilen Otokar, \u0130stanbul&#8217;un toplu ula\u015f\u0131m\u0131nda \u00fcst d\u00fczey konfor sunmak i\u00e7in milli tasar\u0131m ve yerli \u00fcretim metrob\u00fcs \u00fcretece\u011fini duyurdu. Toplam de\u011feri 606 milyon TL olan ve 10 g\u00fcn i\u00e7erisinde imzalanacak s\u00f6zle\u015fmeye konu olan yeni ara\u00e7 KENT XL olarak a\u00e7\u0131kland\u0131. 21 metre uzunlu\u011funda, 200 yolcu kapasiteli KENT XL i\u00e7in Otokar, \u0130ETT&#8217;ye 3 y\u0131l boyunca sat\u0131\u015f sonras\u0131 hizmeti de sunacak. Teslimatlar\u0131n partiler halinde 2022 y\u0131l\u0131 i\u00e7erisinde tamamlanmas\u0131 planlan\u0131yor.<\/p>\n\n\n\n<p><strong>T\u00dcRK M\u00dcHEND\u0130SLERDEN \u0130STANBULA \u00d6ZEL YEN\u0130 METROB\u00dcS<\/strong><\/p>\n\n\n\n<p>Toplu ta\u015f\u0131mada k\u00fcresel \u00e7apta deneyime sahip olan Otokar\u2019\u0131n, uzun y\u0131llard\u0131r hizmet verdi\u011fi \u0130stanbul\u2019da e\u015fsiz bir deneyime sahip oldu\u011funa dikkat \u00e7eken <strong>Otokar Genel M\u00fcd\u00fcr\u00fc<\/strong> <strong>Serdar G\u00f6rg\u00fc\u00e7<\/strong>; \u201c2012 y\u0131l\u0131ndan bu yana 1000\u2019den fazla \u015fehir i\u00e7i otob\u00fcs\u00fcm\u00fcz \u0130ETT b\u00fcnyesinde ba\u015far\u0131yla hizmet veriyor, \u0130stanbullular\u0131 ta\u015f\u0131yor. T\u00fcrkiye\u2019nin otob\u00fcs \u00fcreticisi olarak mega kent \u0130stanbul&#8217;un \u015fartlar\u0131n\u0131, yollar\u0131n\u0131, toplu ta\u015f\u0131madaki zorluklar\u0131 \u00e7ok iyi biliyor, yedi tepe \u0130stanbul&#8217;u \u00e7ok iyi tan\u0131yoruz. \u0130stanbul&#8217;un toplu ula\u015f\u0131m\u0131nda al\u0131nacak sorumlulu\u011fun fark\u0131nday\u0131z. Bu deneyimimizi \u00fcr\u00fcn geli\u015ftirme \u00e7al\u0131\u015fmalar\u0131m\u0131za da yans\u0131tt\u0131k. Bu do\u011frultuda T\u00fcrkiye&#8217;de ve d\u00fcnyan\u0131n d\u00f6rt bir yan\u0131nda her g\u00fcn milyonlarca yolcuya g\u00fcvenli hizmet veren KENT&#8217;in 21 metrelik metrob\u00fcs versiyonunu geli\u015ftirdik\u201d dedi.<\/p>\n\n\n\n<p><strong>\u201cULA\u015eIMDA STANDARTLARI Y\u00dcKSELTMEY\u0130 HEDEFL\u0130YORUZ\u201d<\/strong><\/p>\n\n\n\n<p>T\u00fcrk m\u00fchendislerinin tasarlad\u0131\u011f\u0131, T\u00fcrk i\u015f\u00e7isinin \u00fcretece\u011fi milli tasar\u0131m ve yerli \u00fcretim metrob\u00fcslerin \u0130stanbullulara yak\u0131\u015facak, \u015fehir i\u00e7i seyahat konforunu \u00fcst d\u00fczeye ta\u015f\u0131mak \u00fczere geli\u015ftirildi\u011fine dikkat \u00e7eken <strong>Serdar G\u00f6rg\u00fc\u00e7<\/strong> \u015f\u00f6yle konu\u015ftu; &#8220;Otokar olarak bir kez daha \u0130ETT\u2019ye hizmet verecek olman\u0131n gururunu ya\u015f\u0131yoruz. Ge\u00e7mi\u015fte kazand\u0131\u011f\u0131m\u0131z ihaleler kapsam\u0131nda \u0130ETT b\u00fcnyesindeki ara\u00e7lar\u0131m\u0131za 5 y\u0131l boyunca sat\u0131\u015f sonras\u0131 hizmeti sunmu\u015f; i\u015fletme maliyetlerinin de azalt\u0131lmas\u0131na katk\u0131 sa\u011flam\u0131\u015ft\u0131k. O d\u00f6nemde kurulan alt yap\u0131 sayesinde otob\u00fcslerin servise verilme oran\u0131, periyodik bak\u0131mlar dahil tutuldu\u011funda bile y\u00fczde 99 oran\u0131nda ger\u00e7ekle\u015fmi\u015fti. Yani KENT otob\u00fcsleri o d\u00f6nemde de hi\u00e7bir aksama ya\u015famadan her g\u00fcn servislerine d\u00fczenli olarak \u00e7\u0131kt\u0131, vatanda\u015flar\u0131m\u0131za hizmetine kesintisiz devam etti. Bu oran, bug\u00fcn bile Avrupa&#8217;n\u0131n, hatta d\u00fcnya ortalamas\u0131n\u0131n \u00e7ok \u00e7ok \u00fczerinde&#8230; \u0130stanbul gibi bir metropolde hizmet vermek t\u00fcm yerli \u00fcreticiler i\u00e7in b\u00fcy\u00fck bir referans oluyor; T\u00fcrk firmalar\u0131n\u0131n yurtd\u0131\u015f\u0131ndaki rekabet g\u00fcc\u00fcn\u00fc art\u0131r\u0131yor. \u0130stanbul, Avrupa\u2019da pek \u00e7ok ihalede bizim gururla ba\u015far\u0131 \u00f6rne\u011fi olarak anlatt\u0131\u011f\u0131m\u0131z, en b\u00fcy\u00fck referans\u0131m\u0131z oldu. \u0130ETT taraf\u0131ndan tekrar \u0130stanbul\u2019a hizmet etmek \u00fczere g\u00f6revlendirilmek bize mutluluk veriyor. \u0130stanbul \u015fartlar\u0131 i\u00e7in en ideal metrob\u00fcs\u00fc geli\u015ftirdik. Ula\u015f\u0131mdaki standartlar\u0131 y\u00fckseltmeyi hedefledi\u011fimiz ara\u00e7lar\u0131m\u0131z\u0131n sat\u0131\u015f sonras\u0131 hizmetleri i\u00e7in de her daim \u0130stanbul&#8217;un yan\u0131nda olaca\u011f\u0131z.&#8221;<\/p>\n\n\n\n<p><strong>Y\u00dcKSEK TA\u015eIMA KAPAS\u0130TES\u0130, KOLAY \u0130N\u0130\u015e B\u0130N\u0130\u015e<\/strong><\/p>\n\n\n\n<p>Yenilik\u00e7i otob\u00fcsleriyle d\u00fcnyan\u0131n 50\u2019den fazla \u00fclkesinde milyonlarca yolcuya konforlu, g\u00fcvenli seyahat imkan\u0131 sunan Otokar&#8217;\u0131n ara\u00e7 ailesine katt\u0131\u011f\u0131 21 metre uzunlu\u011fundaki ve 200 yolcu kapasitesi bulunan yeni arac\u0131 KENT XL, sahip oldu\u011fu \u00f6zelliklerle b\u00fcy\u00fck\u015fehirlerin artan toplu ta\u015f\u0131mac\u0131l\u0131k ihtiyac\u0131n\u0131 kar\u015f\u0131layacak. K\u00fcresel \u00e7apta ve T\u00fcrkiye&#8217;de \u015fehir i\u00e7i ta\u015f\u0131mac\u0131l\u0131kta kullan\u0131lan KENT otob\u00fcsleriyle elde edilen birikimle geli\u015ftirilen KENT XL, y\u00fcksek performans\u0131, dayan\u0131kl\u0131l\u0131\u011f\u0131, d\u00fc\u015f\u00fck yak\u0131t t\u00fcketimi, \u00fcst seviyede emniyet ve konfor seviyesi ile toplu ula\u015f\u0131mda yeni bir d\u00f6nem ba\u015flatacak. Yolcular\u0131n h\u0131zl\u0131 bir \u015fekilde metrob\u00fcse binmesine ve inmesine imk\u00e2n veren geni\u015f, g\u00fcvenli ve d\u0131\u015fa a\u00e7\u0131lan kap\u0131lara sahip olan ara\u00e7, basamaks\u0131z tasar\u0131m\u0131 ve kolay ula\u015f\u0131labilir koltuklar\u0131yla toplu ta\u015f\u0131mada engelleri de ortadan kald\u0131racak. KENT XL; y\u00fcksek tavan yap\u0131s\u0131, ferah i\u00e7 hacmi ve g\u00fc\u00e7l\u00fc klimas\u0131 ile \u015fehir i\u00e7i toplu ta\u015f\u0131mac\u0131l\u0131kta \u00fcst d\u00fczey keyif vadediyor. Ara\u00e7, y\u00fcksek \u0131s\u0131 ve ses yal\u0131t\u0131m\u0131yla da fark yarat\u0131yor.<\/p>\n\n\n\n<p><strong>D\u00dc\u015e\u00dcK \u0130\u015eLETME G\u0130DERLER\u0130, \u00dcST D\u00dcZEY G\u00dcVENL\u0130K<\/strong><\/p>\n\n\n\n<p>KENT XL, yeni nesil uygulamalar\u0131yla y\u00fcksek motor g\u00fcc\u00fc ve torku sunuyor. Ara\u00e7taki Super Eco s\u00fcr\u00fc\u015f modu vites ge\u00e7i\u015f aral\u0131klar\u0131n\u0131 optimize ederken yak\u0131t t\u00fcketimini d\u00fc\u015f\u00fcr\u00fcyor. Farkl\u0131 \u015fehirlerdeki rampa, yol yap\u0131s\u0131 ve hava ko\u015fullar\u0131 g\u00f6zetilerek geli\u015ftirilen KENT XL, s\u00fcr\u00fc\u015f esnas\u0131nda \u00e7evresini tarayan, yaya ve bisiklet alg\u0131layan, k\u00f6r noktalar\u0131 tespit edip tehlike an\u0131nda \u015fof\u00f6r\u00fc ikaz eden uyar\u0131 sistemleriyle de donat\u0131ld\u0131. Ba\u011f\u0131ms\u0131z 4\u2019\u00fcnc\u00fc aks\u0131 KENT XL\u2019ye sadece y\u00fcksek yolcu kapasitesi ve geni\u015f i\u00e7 hacim sunmakla kalm\u0131yor. Direksiyonlanabilir ba\u011f\u0131ms\u0131z s\u00fcspansiyonlu 4\u2019\u00fcnc\u00fc aks yap\u0131s\u0131 ile KENT XL\u2019de d\u00fc\u015f\u00fck d\u00f6n\u00fc\u015f yar\u0131\u00e7ap\u0131 elde ediliyor ve BRT hatt\u0131 yol g\u00fczergah\u0131na uyumlu y\u00fcksek manevra kabiliyeti sunuluyor. KENT XL\u2019de d\u00f6n\u00fc\u015f esnas\u0131nda savrulmay\u0131 engelleyen, motorun g\u00fcc\u00fcn\u00fc ve torkunu otomatik olarak limitleyen, elektronik k\u00f6r\u00fck y\u00f6netim sistemi ile de y\u00fcksek g\u00fcvenlik sunuluyor.<\/p>\n\n\n\n<figure class=\"wp-block-image size-large\"><img loading=\"lazy\" width=\"1024\" height=\"683\" src=\"http:\/\/blog.ulasimplatformu.com\/wp-content\/uploads\/2021\/09\/1630939803_Otokar_KENT_XL_Metrobus_Gorsel2-1024x683.jpg\" alt=\"\" class=\"wp-image-4052\" srcset=\"http:\/\/blog.ulasimplatformu.com\/wp-content\/uploads\/2021\/09\/1630939803_Otokar_KENT_XL_Metrobus_Gorsel2-1024x683.jpg 1024w, http:\/\/blog.ulasimplatformu.com\/wp-content\/uploads\/2021\/09\/1630939803_Otokar_KENT_XL_Metrobus_Gorsel2-300x200.jpg 300w, http:\/\/blog.ulasimplatformu.com\/wp-content\/uploads\/2021\/09\/1630939803_Otokar_KENT_XL_Metrobus_Gorsel2-768x512.jpg 768w, http:\/\/blog.ulasimplatformu.com\/wp-content\/uploads\/2021\/09\/1630939803_Otokar_KENT_XL_Metrobus_Gorsel2-1536x1024.jpg 1536w, http:\/\/blog.ulasimplatformu.com\/wp-content\/uploads\/2021\/09\/1630939803_Otokar_KENT_XL_Metrobus_Gorsel2-150x100.jpg 150w, http:\/\/blog.ulasimplatformu.com\/wp-content\/uploads\/2021\/09\/1630939803_Otokar_KENT_XL_Metrobus_Gorsel2-696x464.jpg 696w, http:\/\/blog.ulasimplatformu.com\/wp-content\/uploads\/2021\/09\/1630939803_Otokar_KENT_XL_Metrobus_Gorsel2-1068x712.jpg 1068w, http:\/\/blog.ulasimplatformu.com\/wp-content\/uploads\/2021\/09\/1630939803_Otokar_KENT_XL_Metrobus_Gorsel2.jpg 1600w\" sizes=\"(max-width: 1024px) 100vw, 1024px\" \/><\/figure>\n\n\n\n<figure class=\"wp-block-image size-large\"><img loading=\"lazy\" width=\"1024\" height=\"588\" src=\"http:\/\/blog.ulasimplatformu.com\/wp-content\/uploads\/2021\/09\/1630939797_Otokar_KENT_XL_Metrobus_Gorsel1-1024x588.jpg\" alt=\"\" class=\"wp-image-4051\" srcset=\"http:\/\/blog.ulasimplatformu.com\/wp-content\/uploads\/2021\/09\/1630939797_Otokar_KENT_XL_Metrobus_Gorsel1-1024x588.jpg 1024w, http:\/\/blog.ulasimplatformu.com\/wp-content\/uploads\/2021\/09\/1630939797_Otokar_KENT_XL_Metrobus_Gorsel1-300x172.jpg 300w, http:\/\/blog.ulasimplatformu.com\/wp-content\/uploads\/2021\/09\/1630939797_Otokar_KENT_XL_Metrobus_Gorsel1-768x441.jpg 768w, http:\/\/blog.ulasimplatformu.com\/wp-content\/uploads\/2021\/09\/1630939797_Otokar_KENT_XL_Metrobus_Gorsel1-1536x882.jpg 1536w, http:\/\/blog.ulasimplatformu.com\/wp-content\/uploads\/2021\/09\/1630939797_Otokar_KENT_XL_Metrobus_Gorsel1-150x86.jpg 150w, http:\/\/blog.ulasimplatformu.com\/wp-content\/uploads\/2021\/09\/1630939797_Otokar_KENT_XL_Metrobus_Gorsel1-696x400.jpg 696w, http:\/\/blog.ulasimplatformu.com\/wp-content\/uploads\/2021\/09\/1630939797_Otokar_KENT_XL_Metrobus_Gorsel1-1068x613.jpg 1068w, http:\/\/blog.ulasimplatformu.com\/wp-content\/uploads\/2021\/09\/1630939797_Otokar_KENT_XL_Metrobus_Gorsel1.jpg 1600w\" sizes=\"(max-width: 1024px) 100vw, 1024px\" \/><\/figure>\n","protected":false},"excerpt":{"rendered":"<p>\u0130ETT Genel M\u00fcd\u00fcrl\u00fc\u011f\u00fc taraf\u0131ndan a\u00e7\u0131lan 100 adetlik metrob\u00fcs al\u0131m ihalesinde s\u00f6zle\u015fme a\u015famas\u0131na gelindi. \u0130hale i\u00e7in en iyi teklifi veren Otokar&#8217;a davet mektubu iletildi. Modern otob\u00fcsleri ile 50&#8217;den fazla \u00fclkede milyonlarca yolcuya toplu ta\u015f\u0131mada \u00fcst d\u00fczey konfor ve g\u00fcvenlik sunan Otokar, \u0130stanbullular i\u00e7in 21 metre uzunlu\u011funda, 200 yolcu kapasiteli metrob\u00fcs \u00fcretecek. \u00d6n\u00fcm\u00fczdeki 10 g\u00fcn i\u00e7erisinde imzalanacak [&hellip;]<\/p>\n","protected":false},"author":4,"featured_media":4051,"comment_status":"open","ping_status":"open","sticky":false,"template":"","format":"standard","meta":{"tdm_status":"","tdm_grid_status":"","spay_email":""},"categories":[24],"tags":[],"jetpack_featured_media_url":"http:\/\/blog.ulasimplatformu.com\/wp-content\/uploads\/2021\/09\/1630939797_Otokar_KENT_XL_Metrobus_Gorsel1.jpg","jetpack_sharing_enabled":true,"amp_enabled":true,"_links":{"self":[{"href":"http:\/\/blog.ulasimplatformu.com\/index.php\/wp-json\/wp\/v2\/posts\/4044"}],"collection":[{"href":"http:\/\/blog.ulasimplatformu.com\/index.php\/wp-json\/wp\/v2\/posts"}],"about":[{"href":"http:\/\/blog.ulasimplatformu.com\/index.php\/wp-json\/wp\/v2\/types\/post"}],"author":[{"embeddable":true,"href":"http:\/\/blog.ulasimplatformu.com\/index.php\/wp-json\/wp\/v2\/users\/4"}],"replies":[{"embeddable":true,"href":"http:\/\/blog.ulasimplatformu.com\/index.php\/wp-json\/wp\/v2\/comments?post=4044"}],"version-history":[{"count":1,"href":"http:\/\/blog.ulasimplatformu.com\/index.php\/wp-json\/wp\/v2\/posts\/4044\/revisions"}],"predecessor-version":[{"id":4055,"href":"http:\/\/blog.ulasimplatformu.com\/index.php\/wp-json\/wp\/v2\/posts\/4044\/revisions\/4055"}],"wp:featuredmedia":[{"embeddable":true,"href":"http:\/\/blog.ulasimplatformu.com\/index.php\/wp-json\/wp\/v2\/media\/4051"}],"wp:attachment":[{"href":"http:\/\/blog.ulasimplatformu.com\/index.php\/wp-json\/wp\/v2\/media?parent=4044"}],"wp:term":[{"taxonomy":"category","embeddable":true,"href":"http:\/\/blog.ulasimplatformu.com\/index.php\/wp-json\/wp\/v2\/categories?post=4044"},{"taxonomy":"post_tag","embeddable":true,"href":"http:\/\/blog.ulasimplatformu.com\/index.php\/wp-json\/wp\/v2\/tags?post=4044"}],"curies":[{"name":"wp","href":"https:\/\/api.w.org\/{rel}","templated":true}]}}