{"id":4057,"date":"2021-09-08T22:35:59","date_gmt":"2021-09-08T19:35:59","guid":{"rendered":"http:\/\/blog.ulasimplatformu.com\/?p=4057"},"modified":"2021-09-08T22:36:04","modified_gmt":"2021-09-08T19:36:04","slug":"teknolojiyi-odagina-alan-temsadan-avrupanin-kalbine-elektrikli-cikarma","status":"publish","type":"post","link":"http:\/\/blog.ulasimplatformu.com\/index.php\/2021\/09\/08\/teknolojiyi-odagina-alan-temsadan-avrupanin-kalbine-elektrikli-cikarma\/","title":{"rendered":"Teknolojiyi oda\u011f\u0131na alan TEMSA\u2019dan Avrupa\u2019n\u0131n kalbine \u2018Elektrikli\u2019 \u00e7\u0131karma"},"content":{"rendered":"\n<p><strong>Son d\u00f6nemde ger\u00e7ekle\u015ftirdi\u011fi elektrikli otob\u00fcs ihracatlar\u0131 ve anla\u015fmalar\u0131yla dikkat \u00e7eken TEMSA, Almanya\u2019n\u0131n M\u00fcnih \u015fehrinde d\u00fczenlenen IAA Mobility 2021 Fuar\u0131\u2019nda Avenue Electron ve MD9 electriCITY ara\u00e7lar\u0131 ile &nbsp;shuttle hizmeti verdi. Fuarda, Adana\u2019da \u00fcretilen ve elektrikli ara\u00e7lar\u0131n kalbi olarak nitelendirilen batarya paketlerini de sergileyen TEMSA, ak\u0131ll\u0131 \u015fehirler vizyonunu da kat\u0131l\u0131mc\u0131larla payla\u015ft\u0131.<\/strong><\/p>\n\n\n\n<p>Sabanc\u0131 Holding ve PPF Grup \u00e7at\u0131s\u0131 alt\u0131nda faaliyet g\u00f6steren TEMSA, yerli teknolojilerini d\u00fcnyayla bulu\u015fturmaya devam ediyor. Otob\u00fcs ve midib\u00fcs pazar\u0131nda T\u00fcrkiye\u2019nin pazar lideri konumunda bulunan; y\u00fczde 100 T\u00fcrk m\u00fchendisleri taraf\u0131ndan geli\u015ftirilen 15 bini a\u015fk\u0131n arac\u0131n\u0131 d\u00fcnyan\u0131n 66 \u00fclkesine ihra\u00e7 eden TEMSA, M\u00fcnih\u2019te d\u00fczenlenen ve Avrupa otomotiv pazar\u0131n\u0131n en \u00f6nemli organizasyonlar\u0131 aras\u0131nda g\u00f6sterilen IAA Mobility 2021 Fuar\u0131\u2019nda Avenue Electron ve MD9 electriCITY ara\u00e7lar\u0131n\u0131n yan\u0131 s\u0131ra kendi b\u00fcnyesinde \u00fcretmeye ba\u015flad\u0131\u011f\u0131 batarya paketlerini da sergiledi. TEMSA\u2019n\u0131n stand\u0131nda sergiledi\u011fi Avenue Electron ve MD9 electriCITY ara\u00e7lar\u0131, ayn\u0131 zamanda fuar alan\u0131nda ula\u015f\u0131m hizmeti verirken, kat\u0131l\u0131mc\u0131lardan b\u00fcy\u00fck be\u011feni toplad\u0131.<\/p>\n\n\n\n<p><strong>Daha ak\u0131ll\u0131 bir gelecek i\u00e7in \u00e7al\u0131\u015f\u0131yoruz<\/strong><\/p>\n\n\n\n<p>Fuarda d\u00fczenlenen bas\u0131n toplant\u0131s\u0131nda konu\u015fan <strong>TEMSA CEO\u2019su Tolga Kaan Do\u011fanc\u0131o\u011flu,<\/strong> d\u00fcnya otomotiv end\u00fcstrisinin art\u0131k ak\u0131ll\u0131 \u015fehirler etraf\u0131nda \u015fekillendi\u011finin alt\u0131n\u0131 \u00e7izerek, \u201cAk\u0131ll\u0131 \u015fehirler ayn\u0131 zamanda bug\u00fcn sekt\u00f6r\u00fcn b\u00fcy\u00fcmesindeki en b\u00fcy\u00fck itici g\u00fc\u00e7 konumunda. Yak\u0131n bir gelecekte, ak\u0131ll\u0131 \u015fehirlerin toplu ula\u015f\u0131m anlay\u0131\u015f\u0131n\u0131 ba\u015ftan a\u015fa\u011f\u0131 de\u011fi\u015ftirece\u011fini s\u00f6ylemek m\u00fcmk\u00fcn. Biz de TEMSA\u2019y\u0131 geli\u015fen teknolojiye \u00f6nc\u00fcl\u00fck eden, ak\u0131ll\u0131 \u00fcr\u00fcnlerini ak\u0131ll\u0131 fabrikada \u00fcreten bir \u015firket olarak konumland\u0131r\u0131yoruz. TEMSA olarak geli\u015ftirdi\u011fimiz bu \u00fcr\u00fcn gam\u0131m\u0131z ile otomotiv end\u00fcstrisinin gelece\u011fini \u015fekillendirecek \u2018smart mobility\u2019 \u00e7\u00f6z\u00fcmlerine katk\u0131da bulunuyoruz. Bununla beraber, insan\u0131 oda\u011fa alan ak\u0131ll\u0131 \u015fehir vizyonumuzla; \u00e7ok daha ak\u0131ll\u0131, \u00e7ok daha temiz bir gelecek i\u00e7in \u00e7al\u0131\u015f\u0131yoruz. TEMSA olarak, yak\u0131n gelecekte toplu ula\u015f\u0131m anlay\u0131\u015f\u0131n\u0131 ba\u015ftan a\u015fa\u011f\u0131 de\u011fi\u015ftirecek olan \u2018ak\u0131ll\u0131 \u015fehirler\u2019in \u00f6nemli bir par\u00e7as\u0131 olaca\u011f\u0131z diyebilirim. TEMSA olarak son d\u00f6nemde yapt\u0131\u011f\u0131m\u0131z t\u00fcm yat\u0131r\u0131mlar\u0131n arkas\u0131nda bu vizyonumuz var. Elektrikli ara\u00e7lar da bu vizyonun en \u00f6nemli b\u00f6l\u00fcm\u00fcn\u00fc olu\u015fturuyor. Bug\u00fcn burada sergiledi\u011fimiz bu ara\u00e7lar bu vizyonun en \u00f6nemli yans\u0131mas\u0131\u201d dedi.<\/p>\n\n\n\n<p><strong>Elektrikli ara\u00e7 teknolojilerinde d\u00fcnyan\u0131n say\u0131l\u0131 \u015firketleri aras\u0131nday\u0131z<\/strong><strong><\/strong><\/p>\n\n\n\n<p>Teknolojik geli\u015fmelerin t\u00fcm sekt\u00f6rlerin d\u00f6n\u00fc\u015fmesine, yeni i\u015f modellerinin ortaya \u00e7\u0131kmas\u0131na sebep oldu\u011funa dikkat \u00e7eken Do\u011fanc\u0131o\u011flu \u015f\u00f6yle devam etti: \u201cSekt\u00f6rler aras\u0131ndaki yak\u0131nla\u015fma h\u0131z kazan\u0131yor. Gelece\u011fin \u015firketi olabilmek i\u00e7in de bu d\u00f6n\u00fc\u015f\u00fcm\u00fc benimsemek ve hayata ge\u00e7irmek gerekiyor. Otomotiv sekt\u00f6r\u00fc bu de\u011fi\u015fimden en fazla etkilenen sekt\u00f6rlerin ba\u015f\u0131nda geliyor. Teknoloji ve dijitalle\u015fme, ula\u015f\u0131m\u0131 yeniden \u015fekillendiriyor. M\u00fc\u015fteri beklentileri y\u00fckseliyor; rekabet art\u0131yor; fark yaratabilen \u00f6ne \u00e7\u0131k\u0131yor. Biz de bu s\u00fcre\u00e7te, TEMSA olarak teknoloji odakl\u0131 bir otomotiv \u015firketinden \u00e7ok, otomotiv odakl\u0131 bir teknoloji \u015firketi olarak yolumuza devam ediyoruz. Art\u0131k sadece bir otob\u00fcs \u00fcreticisi de\u011fil, ayn\u0131 zamanda bir servis sa\u011flay\u0131c\u0131 olmam\u0131z gerekti\u011fini \u00e7ok iyi biliyoruz. Dolay\u0131s\u0131yla TEMSA b\u00fcnyesinde ciddi bir teknolojik d\u00f6n\u00fc\u015f\u00fcm hamlesi ba\u015flatt\u0131k ve TEMSA\u2019y\u0131 bir otomotiv \u015firketinden \u00e7ok, otomotiv odakl\u0131 bir teknoloji \u015firketi olarak tasarlad\u0131k. Son d\u00f6nemde yapt\u0131\u011f\u0131m\u0131z ve yapmay\u0131 planlad\u0131\u011f\u0131m\u0131z t\u00fcm yat\u0131r\u0131mlar\u0131n temelinde teknoloji var. Her y\u0131l ciromuzun y\u00fczde 4\u2019\u00fcn\u00fc TEMSA Ar-Ge merkezimize aktar\u0131yoruz. Bug\u00fcn TEMSA olarak, elektrikli ara\u00e7 teknolojilerinde d\u00fcnyan\u0131n say\u0131l\u0131 \u015firketleri aras\u0131nda yer ald\u0131\u011f\u0131m\u0131z\u0131, kimi co\u011frafyalarda pazar\u0131n tek oyuncusu oldu\u011fumuzu b\u00fcy\u00fck bir gururla s\u00f6yleyebiliriz.\u201d<\/p>\n\n\n\n<p><strong>Elektrikli ara\u00e7 seferberli\u011fine haz\u0131r\u0131z<\/strong><strong><\/strong><\/p>\n\n\n\n<p>\u0130sve\u00e7 ba\u015fta olmak \u00fczere farkl\u0131 \u00fclkelere elektrikli ara\u00e7 ihracatlar\u0131na ba\u015flad\u0131klar\u0131n\u0131 ifade eden Do\u011fanc\u0131o\u011flu, T\u00fcrkiye\u2019de de bu konuda bir fark\u0131ndal\u0131k olu\u015fturman\u0131n \u00f6nemine dikkat \u00e7ekti. TEMSA\u2019n\u0131n gerek altyap\u0131s\u0131 gerekse teknoloji birikimiyle T\u00fcrkiye\u2019de ba\u015flat\u0131lacak bir elektrikli ara\u00e7 seferberli\u011fine haz\u0131r oldu\u011funu vurgulayan Do\u011fanc\u0131o\u011flu, \u201cGe\u00e7ti\u011fimiz haftalarda, ASELSAN ile geli\u015ftirdi\u011fimiz ilk yerli elektrikli arac\u0131m\u0131z\u0131n Samsun\u2019da yollara \u00e7\u0131kmas\u0131 i\u00e7in gerekli imzalar at\u0131ld\u0131. Farkl\u0131 elektrikli modellerimiz de \u015fu anda T\u00fcrkiye\u2019nin farkl\u0131 b\u00f6lgelerinde test s\u00fcr\u00fc\u015flerini ger\u00e7ekle\u015ftiriyor. Ald\u0131\u011f\u0131m\u0131z geri d\u00f6n\u00fc\u015fler de bizi son derece mutlu ediyor, gururland\u0131r\u0131yor. Bug\u00fcn TEMSA \u0130sve\u00e7\u2019e elektrikli ara\u00e7 ihracat\u0131 yapabilen; k\u00fcresel \u015firket vizyonuyla Mersin\u2019den Kaliforniya\u2019ya kadar \u00e7ok farkl\u0131 b\u00f6lgelerde elektrikli ara\u00e7lar\u0131n\u0131 yollara \u00e7\u0131karabilen bir teknoloji \u015firketine d\u00f6n\u00fc\u015fm\u00fc\u015f durumda. Bu birikimi \u00fclkemizin s\u00fcrd\u00fcr\u00fclebilir gelece\u011fi i\u00e7in kullanmaktan mutluluk duyaca\u011f\u0131z\u201d \u015feklinde konu\u015ftu.<\/p>\n\n\n\n<figure class=\"wp-block-image size-large\"><img loading=\"lazy\" width=\"1024\" height=\"683\" src=\"http:\/\/blog.ulasimplatformu.com\/wp-content\/uploads\/2021\/09\/Shuttle_Blue-lane-1024x683.jpg\" alt=\"\" class=\"wp-image-4059\" srcset=\"http:\/\/blog.ulasimplatformu.com\/wp-content\/uploads\/2021\/09\/Shuttle_Blue-lane-1024x683.jpg 1024w, http:\/\/blog.ulasimplatformu.com\/wp-content\/uploads\/2021\/09\/Shuttle_Blue-lane-300x200.jpg 300w, http:\/\/blog.ulasimplatformu.com\/wp-content\/uploads\/2021\/09\/Shuttle_Blue-lane-768x512.jpg 768w, http:\/\/blog.ulasimplatformu.com\/wp-content\/uploads\/2021\/09\/Shuttle_Blue-lane-1536x1024.jpg 1536w, http:\/\/blog.ulasimplatformu.com\/wp-content\/uploads\/2021\/09\/Shuttle_Blue-lane-2048x1365.jpg 2048w, http:\/\/blog.ulasimplatformu.com\/wp-content\/uploads\/2021\/09\/Shuttle_Blue-lane-150x100.jpg 150w, http:\/\/blog.ulasimplatformu.com\/wp-content\/uploads\/2021\/09\/Shuttle_Blue-lane-696x464.jpg 696w, http:\/\/blog.ulasimplatformu.com\/wp-content\/uploads\/2021\/09\/Shuttle_Blue-lane-1068x712.jpg 1068w, http:\/\/blog.ulasimplatformu.com\/wp-content\/uploads\/2021\/09\/Shuttle_Blue-lane-1920x1280.jpg 1920w\" sizes=\"(max-width: 1024px) 100vw, 1024px\" \/><\/figure>\n\n\n\n<figure class=\"wp-block-image size-large\"><img loading=\"lazy\" width=\"683\" height=\"1024\" src=\"http:\/\/blog.ulasimplatformu.com\/wp-content\/uploads\/2021\/09\/TEMSA-CEOsu-Tolga-Kaan-Dogancioglu-683x1024.jpg\" alt=\"\" class=\"wp-image-4060\" srcset=\"http:\/\/blog.ulasimplatformu.com\/wp-content\/uploads\/2021\/09\/TEMSA-CEOsu-Tolga-Kaan-Dogancioglu-683x1024.jpg 683w, http:\/\/blog.ulasimplatformu.com\/wp-content\/uploads\/2021\/09\/TEMSA-CEOsu-Tolga-Kaan-Dogancioglu-200x300.jpg 200w, http:\/\/blog.ulasimplatformu.com\/wp-content\/uploads\/2021\/09\/TEMSA-CEOsu-Tolga-Kaan-Dogancioglu-768x1152.jpg 768w, http:\/\/blog.ulasimplatformu.com\/wp-content\/uploads\/2021\/09\/TEMSA-CEOsu-Tolga-Kaan-Dogancioglu-1024x1536.jpg 1024w, http:\/\/blog.ulasimplatformu.com\/wp-content\/uploads\/2021\/09\/TEMSA-CEOsu-Tolga-Kaan-Dogancioglu-1365x2048.jpg 1365w, http:\/\/blog.ulasimplatformu.com\/wp-content\/uploads\/2021\/09\/TEMSA-CEOsu-Tolga-Kaan-Dogancioglu-150x225.jpg 150w, http:\/\/blog.ulasimplatformu.com\/wp-content\/uploads\/2021\/09\/TEMSA-CEOsu-Tolga-Kaan-Dogancioglu-300x450.jpg 300w, http:\/\/blog.ulasimplatformu.com\/wp-content\/uploads\/2021\/09\/TEMSA-CEOsu-Tolga-Kaan-Dogancioglu-696x1044.jpg 696w, http:\/\/blog.ulasimplatformu.com\/wp-content\/uploads\/2021\/09\/TEMSA-CEOsu-Tolga-Kaan-Dogancioglu-1068x1602.jpg 1068w, http:\/\/blog.ulasimplatformu.com\/wp-content\/uploads\/2021\/09\/TEMSA-CEOsu-Tolga-Kaan-Dogancioglu-1920x2880.jpg 1920w, http:\/\/blog.ulasimplatformu.com\/wp-content\/uploads\/2021\/09\/TEMSA-CEOsu-Tolga-Kaan-Dogancioglu-scaled.jpg 1707w\" sizes=\"(max-width: 683px) 100vw, 683px\" \/><\/figure>\n\n\n\n<figure class=\"wp-block-image size-large\"><img loading=\"lazy\" width=\"1024\" height=\"576\" src=\"http:\/\/blog.ulasimplatformu.com\/wp-content\/uploads\/2021\/09\/IAA2021.jpeg\" alt=\"\" class=\"wp-image-4061\" srcset=\"http:\/\/blog.ulasimplatformu.com\/wp-content\/uploads\/2021\/09\/IAA2021.jpeg 1024w, http:\/\/blog.ulasimplatformu.com\/wp-content\/uploads\/2021\/09\/IAA2021-300x169.jpeg 300w, http:\/\/blog.ulasimplatformu.com\/wp-content\/uploads\/2021\/09\/IAA2021-768x432.jpeg 768w, http:\/\/blog.ulasimplatformu.com\/wp-content\/uploads\/2021\/09\/IAA2021-150x84.jpeg 150w, http:\/\/blog.ulasimplatformu.com\/wp-content\/uploads\/2021\/09\/IAA2021-696x392.jpeg 696w\" sizes=\"(max-width: 1024px) 100vw, 1024px\" \/><\/figure>\n\n\n\n<figure class=\"wp-block-image size-large\"><img loading=\"lazy\" width=\"1024\" height=\"683\" src=\"http:\/\/blog.ulasimplatformu.com\/wp-content\/uploads\/2021\/09\/IAA2021-1024x683.jpg\" alt=\"\" class=\"wp-image-4062\" srcset=\"http:\/\/blog.ulasimplatformu.com\/wp-content\/uploads\/2021\/09\/IAA2021-1024x683.jpg 1024w, http:\/\/blog.ulasimplatformu.com\/wp-content\/uploads\/2021\/09\/IAA2021-300x200.jpg 300w, http:\/\/blog.ulasimplatformu.com\/wp-content\/uploads\/2021\/09\/IAA2021-768x512.jpg 768w, http:\/\/blog.ulasimplatformu.com\/wp-content\/uploads\/2021\/09\/IAA2021-1536x1024.jpg 1536w, http:\/\/blog.ulasimplatformu.com\/wp-content\/uploads\/2021\/09\/IAA2021-2048x1366.jpg 2048w, http:\/\/blog.ulasimplatformu.com\/wp-content\/uploads\/2021\/09\/IAA2021-150x100.jpg 150w, http:\/\/blog.ulasimplatformu.com\/wp-content\/uploads\/2021\/09\/IAA2021-696x464.jpg 696w, http:\/\/blog.ulasimplatformu.com\/wp-content\/uploads\/2021\/09\/IAA2021-1068x712.jpg 1068w, http:\/\/blog.ulasimplatformu.com\/wp-content\/uploads\/2021\/09\/IAA2021-1920x1280.jpg 1920w\" sizes=\"(max-width: 1024px) 100vw, 1024px\" \/><\/figure>\n","protected":false},"excerpt":{"rendered":"<p>Son d\u00f6nemde ger\u00e7ekle\u015ftirdi\u011fi elektrikli otob\u00fcs ihracatlar\u0131 ve anla\u015fmalar\u0131yla dikkat \u00e7eken TEMSA, Almanya\u2019n\u0131n M\u00fcnih \u015fehrinde d\u00fczenlenen IAA Mobility 2021 Fuar\u0131\u2019nda Avenue Electron ve MD9 electriCITY ara\u00e7lar\u0131 ile &nbsp;shuttle hizmeti verdi. Fuarda, Adana\u2019da \u00fcretilen ve elektrikli ara\u00e7lar\u0131n kalbi olarak nitelendirilen batarya paketlerini de sergileyen TEMSA, ak\u0131ll\u0131 \u015fehirler vizyonunu da kat\u0131l\u0131mc\u0131larla payla\u015ft\u0131. Sabanc\u0131 Holding ve PPF Grup \u00e7at\u0131s\u0131 [&hellip;]<\/p>\n","protected":false},"author":4,"featured_media":4061,"comment_status":"open","ping_status":"open","sticky":false,"template":"","format":"standard","meta":{"tdm_status":"","tdm_grid_status":"","spay_email":""},"categories":[2],"tags":[],"jetpack_featured_media_url":"http:\/\/blog.ulasimplatformu.com\/wp-content\/uploads\/2021\/09\/IAA2021.jpeg","jetpack_sharing_enabled":true,"amp_enabled":true,"_links":{"self":[{"href":"http:\/\/blog.ulasimplatformu.com\/index.php\/wp-json\/wp\/v2\/posts\/4057"}],"collection":[{"href":"http:\/\/blog.ulasimplatformu.com\/index.php\/wp-json\/wp\/v2\/posts"}],"about":[{"href":"http:\/\/blog.ulasimplatformu.com\/index.php\/wp-json\/wp\/v2\/types\/post"}],"author":[{"embeddable":true,"href":"http:\/\/blog.ulasimplatformu.com\/index.php\/wp-json\/wp\/v2\/users\/4"}],"replies":[{"embeddable":true,"href":"http:\/\/blog.ulasimplatformu.com\/index.php\/wp-json\/wp\/v2\/comments?post=4057"}],"version-history":[{"count":1,"href":"http:\/\/blog.ulasimplatformu.com\/index.php\/wp-json\/wp\/v2\/posts\/4057\/revisions"}],"predecessor-version":[{"id":4068,"href":"http:\/\/blog.ulasimplatformu.com\/index.php\/wp-json\/wp\/v2\/posts\/4057\/revisions\/4068"}],"wp:featuredmedia":[{"embeddable":true,"href":"http:\/\/blog.ulasimplatformu.com\/index.php\/wp-json\/wp\/v2\/media\/4061"}],"wp:attachment":[{"href":"http:\/\/blog.ulasimplatformu.com\/index.php\/wp-json\/wp\/v2\/media?parent=4057"}],"wp:term":[{"taxonomy":"category","embeddable":true,"href":"http:\/\/blog.ulasimplatformu.com\/index.php\/wp-json\/wp\/v2\/categories?post=4057"},{"taxonomy":"post_tag","embeddable":true,"href":"http:\/\/blog.ulasimplatformu.com\/index.php\/wp-json\/wp\/v2\/tags?post=4057"}],"curies":[{"name":"wp","href":"https:\/\/api.w.org\/{rel}","templated":true}]}}