{"id":4085,"date":"2021-09-14T20:21:09","date_gmt":"2021-09-14T17:21:09","guid":{"rendered":"http:\/\/blog.ulasimplatformu.com\/?p=4085"},"modified":"2021-09-14T20:21:15","modified_gmt":"2021-09-14T17:21:15","slug":"kocaelinin-yeni-otobusleri-geldi","status":"publish","type":"post","link":"http:\/\/blog.ulasimplatformu.com\/index.php\/2021\/09\/14\/kocaelinin-yeni-otobusleri-geldi\/","title":{"rendered":"Kocaeli\u2019nin yeni otob\u00fcsleri geldi"},"content":{"rendered":"\n<p>Kocaeli B\u00fcy\u00fck\u015fehir Belediyesi\u2019nin kente kazand\u0131raca\u011f\u0131 129 otob\u00fcsten 20\u2019si Kocaeli\u2019ye ula\u015ft\u0131. \u0130lk partisi gelen otob\u00fcslerin kalan k\u0131sm\u0131 par\u00e7alar halinde Kocaeli\u2019ye getirilerek B\u00fcy\u00fck\u015fehir yetkililerine teslim edilecek. 84 adet 12 metre ve 36 adet k\u00f6r\u00fckl\u00fc CNG (S\u0131k\u0131\u015ft\u0131r\u0131lm\u0131\u015f do\u011falgaz) yak\u0131tl\u0131 ve al\u00e7ak tabanl\u0131 (A grubu) BMC, 7 adet 12 metrelik (C grubu) Mercedes ve 2 adet 8 metrelik (B grubu) Otokar marka otob\u00fcs\u00fcn y\u0131l sonuna kadar B\u00fcy\u00fck\u015fehir\u2019e teslim edilmesi planlan\u0131yor.<\/p>\n\n\n\n<p>Kocaeli B\u00fcy\u00fck\u015fehir Belediye Ba\u015fkan\u0131 Do\u00e7. Dr.TahirB\u00fcy\u00fckak\u0131n, m\u00fcjdeli haberi d\u00fcn ak\u015fam saatlerinde sosyal medya hesaplar\u0131ndan duyurarak, \u201cYeni otob\u00fcslerimiz geliyor\u201ddedi. #\u00c7al\u0131\u015f\u0131ncaOluyor etiketiyle payla\u015f\u0131mda bulunan Ba\u015fkan B\u00fcy\u00fckak\u0131n, \u201cBu daha ba\u015flang\u0131\u00e7\u201d ifadelerini kullanarak ara\u00e7lar\u0131n seyir halindeki g\u00f6rsellerini payla\u015ft\u0131.<\/p>\n\n\n\n<p>Ba\u015fkan B\u00fcy\u00fckak\u0131n, 6 Eyl\u00fcl\u2019de yapt\u0131\u011f\u0131 payla\u015f\u0131mda da \u201cYeni otob\u00fcsler haz\u0131rlan\u0131yor&#8230;\u00c7ok Yak\u0131nda\u201d diyerek otob\u00fcslerin yak\u0131nda zamanda teslim edilece\u011fi mesaj\u0131n\u0131 vermi\u015fti.Yeni otob\u00fcsler, trafik y\u00fck\u00fcn\u00fc azalt\u0131rken daha konforlu ula\u015f\u0131m imk\u00e2n\u0131 sunacak.<\/p>\n\n\n\n<p>Kaynak: www.tasimadunyasi.com<\/p>\n\n\n\n<figure class=\"wp-block-image size-large\"><img loading=\"lazy\" width=\"633\" height=\"330\" src=\"http:\/\/blog.ulasimplatformu.com\/wp-content\/uploads\/2021\/09\/j1.jpg\" alt=\"\" class=\"wp-image-4086\" srcset=\"http:\/\/blog.ulasimplatformu.com\/wp-content\/uploads\/2021\/09\/j1.jpg 633w, http:\/\/blog.ulasimplatformu.com\/wp-content\/uploads\/2021\/09\/j1-300x156.jpg 300w, http:\/\/blog.ulasimplatformu.com\/wp-content\/uploads\/2021\/09\/j1-150x78.jpg 150w\" sizes=\"(max-width: 633px) 100vw, 633px\" \/><\/figure>\n\n\n\n<figure class=\"wp-block-image size-large\"><img loading=\"lazy\" width=\"613\" height=\"321\" src=\"http:\/\/blog.ulasimplatformu.com\/wp-content\/uploads\/2021\/09\/j2.jpg\" alt=\"\" class=\"wp-image-4087\" srcset=\"http:\/\/blog.ulasimplatformu.com\/wp-content\/uploads\/2021\/09\/j2.jpg 613w, http:\/\/blog.ulasimplatformu.com\/wp-content\/uploads\/2021\/09\/j2-300x157.jpg 300w, http:\/\/blog.ulasimplatformu.com\/wp-content\/uploads\/2021\/09\/j2-150x79.jpg 150w\" sizes=\"(max-width: 613px) 100vw, 613px\" \/><\/figure>\n\n\n\n<figure class=\"wp-block-image size-large\"><img loading=\"lazy\" width=\"625\" height=\"418\" src=\"http:\/\/blog.ulasimplatformu.com\/wp-content\/uploads\/2021\/09\/j3.png\" alt=\"\" class=\"wp-image-4088\" srcset=\"http:\/\/blog.ulasimplatformu.com\/wp-content\/uploads\/2021\/09\/j3.png 625w, http:\/\/blog.ulasimplatformu.com\/wp-content\/uploads\/2021\/09\/j3-300x201.png 300w, http:\/\/blog.ulasimplatformu.com\/wp-content\/uploads\/2021\/09\/j3-150x100.png 150w\" sizes=\"(max-width: 625px) 100vw, 625px\" \/><\/figure>\n","protected":false},"excerpt":{"rendered":"<p>Kocaeli B\u00fcy\u00fck\u015fehir Belediyesi\u2019nin kente kazand\u0131raca\u011f\u0131 129 otob\u00fcsten 20\u2019si Kocaeli\u2019ye ula\u015ft\u0131. \u0130lk partisi gelen otob\u00fcslerin kalan k\u0131sm\u0131 par\u00e7alar halinde Kocaeli\u2019ye getirilerek B\u00fcy\u00fck\u015fehir yetkililerine teslim edilecek. 84 adet 12 metre ve 36 adet k\u00f6r\u00fckl\u00fc CNG (S\u0131k\u0131\u015ft\u0131r\u0131lm\u0131\u015f do\u011falgaz) yak\u0131tl\u0131 ve al\u00e7ak tabanl\u0131 (A grubu) BMC, 7 adet 12 metrelik (C grubu) Mercedes ve 2 adet 8 metrelik (B [&hellip;]<\/p>\n","protected":false},"author":4,"featured_media":4086,"comment_status":"open","ping_status":"open","sticky":false,"template":"","format":"standard","meta":{"tdm_status":"","tdm_grid_status":"","spay_email":""},"categories":[19,24],"tags":[],"jetpack_featured_media_url":"http:\/\/blog.ulasimplatformu.com\/wp-content\/uploads\/2021\/09\/j1.jpg","jetpack_sharing_enabled":true,"amp_enabled":true,"_links":{"self":[{"href":"http:\/\/blog.ulasimplatformu.com\/index.php\/wp-json\/wp\/v2\/posts\/4085"}],"collection":[{"href":"http:\/\/blog.ulasimplatformu.com\/index.php\/wp-json\/wp\/v2\/posts"}],"about":[{"href":"http:\/\/blog.ulasimplatformu.com\/index.php\/wp-json\/wp\/v2\/types\/post"}],"author":[{"embeddable":true,"href":"http:\/\/blog.ulasimplatformu.com\/index.php\/wp-json\/wp\/v2\/users\/4"}],"replies":[{"embeddable":true,"href":"http:\/\/blog.ulasimplatformu.com\/index.php\/wp-json\/wp\/v2\/comments?post=4085"}],"version-history":[{"count":1,"href":"http:\/\/blog.ulasimplatformu.com\/index.php\/wp-json\/wp\/v2\/posts\/4085\/revisions"}],"predecessor-version":[{"id":4089,"href":"http:\/\/blog.ulasimplatformu.com\/index.php\/wp-json\/wp\/v2\/posts\/4085\/revisions\/4089"}],"wp:featuredmedia":[{"embeddable":true,"href":"http:\/\/blog.ulasimplatformu.com\/index.php\/wp-json\/wp\/v2\/media\/4086"}],"wp:attachment":[{"href":"http:\/\/blog.ulasimplatformu.com\/index.php\/wp-json\/wp\/v2\/media?parent=4085"}],"wp:term":[{"taxonomy":"category","embeddable":true,"href":"http:\/\/blog.ulasimplatformu.com\/index.php\/wp-json\/wp\/v2\/categories?post=4085"},{"taxonomy":"post_tag","embeddable":true,"href":"http:\/\/blog.ulasimplatformu.com\/index.php\/wp-json\/wp\/v2\/tags?post=4085"}],"curies":[{"name":"wp","href":"https:\/\/api.w.org\/{rel}","templated":true}]}}