{"id":4092,"date":"2021-09-15T20:41:04","date_gmt":"2021-09-15T17:41:04","guid":{"rendered":"http:\/\/blog.ulasimplatformu.com\/?p=4092"},"modified":"2021-09-15T20:41:10","modified_gmt":"2021-09-15T17:41:10","slug":"mega-kent-istanbulun-100-yeni-otokar-metrobusu-icin-imzalar-atildi","status":"publish","type":"post","link":"http:\/\/blog.ulasimplatformu.com\/index.php\/2021\/09\/15\/mega-kent-istanbulun-100-yeni-otokar-metrobusu-icin-imzalar-atildi\/","title":{"rendered":"Mega kent \u0130stanbul&#8217;un 100 yeni Otokar metrob\u00fcs\u00fc i\u00e7in imzalar at\u0131ld\u0131"},"content":{"rendered":"\n<p><strong>\u0130ETT Genel M\u00fcd\u00fcrl\u00fc\u011f\u00fc taraf\u0131ndan a\u00e7\u0131lan 100 adetlik metrob\u00fcs al\u0131m\u0131 i\u00e7in Otokar&#8217;\u0131n kazand\u0131\u011f\u0131 ihalenin imzalar\u0131 at\u0131ld\u0131. \u0130stanbullular\u0131 ta\u015f\u0131yacak yeni metrob\u00fcsler i\u00e7in \u0130ETT Metrob\u00fcs Garaj\u0131\u2019nda ger\u00e7ekle\u015fen imza t\u00f6reni \u0130stanbul B\u00fcy\u00fck\u015fehir Belediye Ba\u015fkan\u0131 Ekrem \u0130mamo\u011flu, \u0130ETT Genel M\u00fcd\u00fcr\u00fc Alper Bilgili ve Otokar Genel M\u00fcd\u00fcr\u00fc Serdar G\u00f6rg\u00fc\u00e7&#8217;\u00fcn kat\u0131l\u0131m\u0131yla ger\u00e7ekle\u015fti. \u0130stanbul ula\u015f\u0131m\u0131nda standartlar\u0131 y\u00fckseltecek yerli metrob\u00fcs\u00fc geli\u015ftiren Otokar, yeni ara\u00e7lar\u0131n teslimat\u0131n\u0131 partiler halinde 2022 y\u0131l\u0131 i\u00e7erisinde tamamlayacak. Otokar, \u0130ETT&#8217;ye 3 y\u0131l boyunca sat\u0131\u015f sonras\u0131 hizmeti de sunacak.<\/strong><\/p>\n\n\n\n<p>Ko\u00e7 Toplulu\u011fu \u015firketlerinden Otokar, T\u00fcrkiye&#8217;nin d\u00f6rt bir yan\u0131nda belediyelerin toplu ta\u015f\u0131ma filolar\u0131n\u0131 yenilik\u00e7i ve \u00e7evre dostu ara\u00e7lar\u0131yla g\u00fc\u00e7lendirmeye devam ediyor. \u00dcretti\u011fi ara\u00e7larla 50&#8217;yi a\u015fk\u0131n \u00fclkede b\u00fcy\u00fck be\u011feni toplayan Otokar, \u0130ETT&#8217;nin 100 adet metrob\u00fcs al\u0131m\u0131 ve ara\u00e7lar\u0131n 3 y\u0131l boyunca sat\u0131\u015f sonras\u0131 hizmetlerinin sa\u011flanmas\u0131na ili\u015fkin, toplam de\u011feri 606 milyon TL olan ihaleyi kazand\u0131. \u0130ETT\u2019nin Edirnekap\u0131\u2019daki metrob\u00fcs garaj\u0131nda ger\u00e7ekle\u015fen imza t\u00f6reni \u0130stanbul B\u00fcy\u00fck\u015fehir Belediye Ba\u015fkan\u0131 <strong>Ekrem \u0130mamo\u011flu<\/strong>, \u0130ETT Genel M\u00fcd\u00fcr\u00fc <strong>Alper Bilgili <\/strong>ve Otokar Genel M\u00fcd\u00fcr\u00fc <strong>Serdar G\u00f6rg\u00fc\u00e7<\/strong>&#8216;\u00fcn kat\u0131l\u0131m\u0131yla ger\u00e7ekle\u015fti.<\/p>\n\n\n\n<p>Son y\u0131llarda T\u00fcrkiye&#8217;deki pek \u00e7ok b\u00fcy\u00fck\u015fehir belediyesi taraf\u0131ndan ve Avrupa&#8217;da Fransa, \u0130talya, \u0130spanya, Almanya, Romanya gibi \u00fclkelerde tercih edilen Otokar, \u0130stanbul toplu ula\u015f\u0131m\u0131 i\u00e7in KENT&#8217;in 21 metrelik metrob\u00fcs versiyonu olan KENT XL&#8217;yi geli\u015ftirdi. \u0130stanbul&#8217;un toplu ula\u015f\u0131m\u0131nda \u00fcst d\u00fczey konfor sunacak olan 100 adet KENT XL metrob\u00fcs, 2022 y\u0131ll\u0131na kadar partiler halinde teslim edilecek. Otokar s\u00f6zle\u015fme gere\u011fi 3 y\u0131l boyunca ara\u00e7lar\u0131n sat\u0131\u015f sonras\u0131 hizmetlerini de sunacak.<\/p>\n\n\n\n<p><strong>\u201cHER DA\u0130M \u0130STANBUL&#8217;UN YANINDAYIZ\u201d<\/strong><\/p>\n\n\n\n<p>D\u00fczenlenen t\u00f6rende Otokar\u2019\u0131n metrob\u00fcslelerini T\u00fcrk m\u00fchendislerince tasarland\u0131\u011f\u0131, T\u00fcrk i\u015f\u00e7ileri taraf\u0131ndan \u00fcretilece\u011fini belirten <strong>Otokar Genel M\u00fcd\u00fcr\u00fc Serdar G\u00f6rg\u00fc\u00e7<\/strong>; &#8220;\u0130stanbul B\u00fcy\u00fck\u015fehir Belediyesi ve \u0130ETT \u00fcst y\u00f6netimine bizlere olan g\u00fcveni i\u00e7in t\u00fcm Otokar \u00e7al\u0131\u015fanlar\u0131 ad\u0131na te\u015fekk\u00fcr ederim. 2012 y\u0131l\u0131ndan bu yana 1000\u2019den fazla \u015fehir i\u00e7i otob\u00fcs\u00fcm\u00fcz \u0130ETT b\u00fcnyesinde ba\u015far\u0131yla hizmet veriyor, \u0130stanbullular\u0131 ta\u015f\u0131yor. Mega kent \u0130stanbul&#8217;un \u015fartlar\u0131n\u0131, yollar\u0131n\u0131, toplu ta\u015f\u0131madaki zorluklar\u0131 \u00e7ok iyi biliyoruz; bu b\u00fcy\u00fck sorumlulu\u011fun fark\u0131nday\u0131z. \u00dcretece\u011fimiz metrob\u00fcslerle \u015fehir i\u00e7i seyahat konforunu art\u0131r\u0131rken; sat\u0131\u015f sonras\u0131 hizmetlerimizle i\u015fletme maliyetlerinin azalt\u0131lmas\u0131na katk\u0131 sa\u011flayaca\u011f\u0131z. Her daim \u0130stanbul&#8217;un yan\u0131nda olaca\u011f\u0131z. Yeni Otokar otob\u00fcslerimizin \u0130stanbul\u2019a hay\u0131rl\u0131 olmas\u0131n\u0131 diliyorum&#8221; dedi.<\/p>\n\n\n\n<p>Ger\u00e7ekle\u015fen imza t\u00f6reni sonras\u0131nda Otokar Genel M\u00fcd\u00fcr\u00fc Serdar G\u00f6rg\u00fc\u00e7, \u0130stanbul B\u00fcy\u00fck\u015fehir Belediye Ba\u015fkan\u0131 Ekrem \u0130mamo\u011flu&#8217;na yerli metrob\u00fcs\u00fcn maketini takdim etti. Kat\u0131l\u0131mc\u0131lar t\u00f6ren sonras\u0131nda \u0130stanbul\u2019un yeni metrob\u00fcs\u00fcn\u00fc inceleyip, test etti.<\/p>\n\n\n\n<p><strong>T\u00dcRK\u0130YE&#8217;N\u0130N YERL\u0130 METROB\u00dcS\u00dc<\/strong><\/p>\n\n\n\n<p>Otokar&#8217;\u0131n ara\u00e7 ailesine katt\u0131\u011f\u0131 21 metre uzunlu\u011fundaki ve 200 yolcu kapasitesi bulunan T\u00fcrkiye&#8217;nin yerli metrob\u00fcs\u00fc KENT XL, y\u00fcksek performans\u0131, dayan\u0131kl\u0131l\u0131\u011f\u0131, d\u00fc\u015f\u00fck yak\u0131t t\u00fcketimi, \u00fcst seviyede emniyet ve konfor seviyesi ile toplu ula\u015f\u0131mda yeni bir d\u00f6nem ba\u015flatacak. Yolcular\u0131n h\u0131zl\u0131 bir \u015fekilde metrob\u00fcse binmesine ve inmesine imk\u00e2n veren geni\u015f, g\u00fcvenli ve d\u0131\u015fa a\u00e7\u0131lan kap\u0131lara sahip olan ara\u00e7, basamaks\u0131z tasar\u0131m\u0131 ve kolay ula\u015f\u0131labilir koltuklar\u0131yla toplu ta\u015f\u0131mada engelleri de ortadan kald\u0131r\u0131yor. KENT XL; y\u00fcksek tavan yap\u0131s\u0131, ferah i\u00e7 hacmi ve g\u00fc\u00e7l\u00fc klimas\u0131 ile \u015fehir i\u00e7i toplu ta\u015f\u0131mac\u0131l\u0131kta \u00fcst d\u00fczey keyif vadediyor. Ara\u00e7, y\u00fcksek \u0131s\u0131 ve ses yal\u0131t\u0131m\u0131yla da fark yarat\u0131yor.<\/p>\n\n\n\n<p><strong>\u00dcST D\u00dcZEY KONFOR VE G\u00dcVENL\u0130K SUNUYOR<\/strong><\/p>\n\n\n\n<p>Y\u00fcksek motor g\u00fcc\u00fc ve torku sunan ara\u00e7, Super Eco s\u00fcr\u00fc\u015f moduyla vites ge\u00e7i\u015f aral\u0131klar\u0131n\u0131 optimize edip, yak\u0131t t\u00fcketimini d\u00fc\u015f\u00fcr\u00fcyor. \u0130stanbul&#8217;un yol ve hava ko\u015fullar\u0131 g\u00f6zetilerek geli\u015ftirilen KENT XL, direksiyonlanabilir ba\u011f\u0131ms\u0131z s\u00fcspansiyonlu 4\u2019\u00fcnc\u00fc aks yap\u0131s\u0131 ile y\u00fcksek manevra kabiliyeti sunuyor. D\u00f6n\u00fc\u015flerde savrulmay\u0131 engelleyen, motorun g\u00fcc\u00fcn\u00fc ve torkunu otomatik olarak limitleyen, elektronik k\u00f6r\u00fck y\u00f6netim sistemiyle y\u00fcksek g\u00fcvenlik sunan Otokar KENT XL, s\u00fcr\u00fc\u015f esnas\u0131nda \u00e7evresini taray\u0131p, yaya ve bisiklet alg\u0131l\u0131yor. Ara\u00e7, k\u00f6r noktalar\u0131 tespit ederek edip tehlike an\u0131nda \u015fof\u00f6r\u00fc ikaz eden uyar\u0131 sistemlerini de \u00fczerinde bar\u0131nd\u0131r\u0131yor.<\/p>\n\n\n\n<p><strong><em>OTOKAR HAKKINDA<\/em><\/strong><\/p>\n\n\n\n<p><em>Otokar, kendi teknoloji, tasar\u0131m ve uygulamalar\u0131 ile m\u00fc\u015fterilerinin ihtiya\u00e7lar\u0131na uygun \u00f6zel \u00e7\u00f6z\u00fcmler sunmaktad\u0131r. Ko\u00e7 Toplulu\u011fu b\u00fcnyesinde yer alan Otokar, ticari ara\u00e7larda otob\u00fcs ve hafif kamyon \u00fcretmektedir. <\/em><strong><\/strong><\/p>\n\n\n\n<figure class=\"wp-block-image size-large\"><img loading=\"lazy\" width=\"1024\" height=\"576\" src=\"http:\/\/blog.ulasimplatformu.com\/wp-content\/uploads\/2021\/09\/1631693918_Otokar_IETT_Imza_Toreni_Gorsel1-1024x576.jpg\" alt=\"\" class=\"wp-image-4102\" srcset=\"http:\/\/blog.ulasimplatformu.com\/wp-content\/uploads\/2021\/09\/1631693918_Otokar_IETT_Imza_Toreni_Gorsel1-1024x576.jpg 1024w, http:\/\/blog.ulasimplatformu.com\/wp-content\/uploads\/2021\/09\/1631693918_Otokar_IETT_Imza_Toreni_Gorsel1-300x169.jpg 300w, http:\/\/blog.ulasimplatformu.com\/wp-content\/uploads\/2021\/09\/1631693918_Otokar_IETT_Imza_Toreni_Gorsel1-768x432.jpg 768w, http:\/\/blog.ulasimplatformu.com\/wp-content\/uploads\/2021\/09\/1631693918_Otokar_IETT_Imza_Toreni_Gorsel1-1536x864.jpg 1536w, http:\/\/blog.ulasimplatformu.com\/wp-content\/uploads\/2021\/09\/1631693918_Otokar_IETT_Imza_Toreni_Gorsel1-150x84.jpg 150w, http:\/\/blog.ulasimplatformu.com\/wp-content\/uploads\/2021\/09\/1631693918_Otokar_IETT_Imza_Toreni_Gorsel1-696x392.jpg 696w, http:\/\/blog.ulasimplatformu.com\/wp-content\/uploads\/2021\/09\/1631693918_Otokar_IETT_Imza_Toreni_Gorsel1-1068x601.jpg 1068w, http:\/\/blog.ulasimplatformu.com\/wp-content\/uploads\/2021\/09\/1631693918_Otokar_IETT_Imza_Toreni_Gorsel1.jpg 1600w\" sizes=\"(max-width: 1024px) 100vw, 1024px\" \/><\/figure>\n\n\n\n<figure class=\"wp-block-image size-large\"><img loading=\"lazy\" width=\"1024\" height=\"576\" src=\"http:\/\/blog.ulasimplatformu.com\/wp-content\/uploads\/2021\/09\/1631693920_Otokar_IETT_Imza_Toreni_Gorsel2-1024x576.jpg\" alt=\"\" class=\"wp-image-4103\" srcset=\"http:\/\/blog.ulasimplatformu.com\/wp-content\/uploads\/2021\/09\/1631693920_Otokar_IETT_Imza_Toreni_Gorsel2-1024x576.jpg 1024w, http:\/\/blog.ulasimplatformu.com\/wp-content\/uploads\/2021\/09\/1631693920_Otokar_IETT_Imza_Toreni_Gorsel2-300x169.jpg 300w, http:\/\/blog.ulasimplatformu.com\/wp-content\/uploads\/2021\/09\/1631693920_Otokar_IETT_Imza_Toreni_Gorsel2-768x432.jpg 768w, http:\/\/blog.ulasimplatformu.com\/wp-content\/uploads\/2021\/09\/1631693920_Otokar_IETT_Imza_Toreni_Gorsel2-1536x864.jpg 1536w, http:\/\/blog.ulasimplatformu.com\/wp-content\/uploads\/2021\/09\/1631693920_Otokar_IETT_Imza_Toreni_Gorsel2-150x84.jpg 150w, http:\/\/blog.ulasimplatformu.com\/wp-content\/uploads\/2021\/09\/1631693920_Otokar_IETT_Imza_Toreni_Gorsel2-696x392.jpg 696w, http:\/\/blog.ulasimplatformu.com\/wp-content\/uploads\/2021\/09\/1631693920_Otokar_IETT_Imza_Toreni_Gorsel2-1068x601.jpg 1068w, http:\/\/blog.ulasimplatformu.com\/wp-content\/uploads\/2021\/09\/1631693920_Otokar_IETT_Imza_Toreni_Gorsel2.jpg 1600w\" sizes=\"(max-width: 1024px) 100vw, 1024px\" \/><\/figure>\n\n\n\n<figure class=\"wp-block-image size-large\"><img loading=\"lazy\" width=\"1024\" height=\"576\" src=\"http:\/\/blog.ulasimplatformu.com\/wp-content\/uploads\/2021\/09\/1631693922_Otokar_IETT_Imza_Toreni_Gorsel4-1024x576.jpg\" alt=\"\" class=\"wp-image-4093\" srcset=\"http:\/\/blog.ulasimplatformu.com\/wp-content\/uploads\/2021\/09\/1631693922_Otokar_IETT_Imza_Toreni_Gorsel4-1024x576.jpg 1024w, http:\/\/blog.ulasimplatformu.com\/wp-content\/uploads\/2021\/09\/1631693922_Otokar_IETT_Imza_Toreni_Gorsel4-300x169.jpg 300w, http:\/\/blog.ulasimplatformu.com\/wp-content\/uploads\/2021\/09\/1631693922_Otokar_IETT_Imza_Toreni_Gorsel4-768x432.jpg 768w, http:\/\/blog.ulasimplatformu.com\/wp-content\/uploads\/2021\/09\/1631693922_Otokar_IETT_Imza_Toreni_Gorsel4-1536x864.jpg 1536w, http:\/\/blog.ulasimplatformu.com\/wp-content\/uploads\/2021\/09\/1631693922_Otokar_IETT_Imza_Toreni_Gorsel4-150x84.jpg 150w, http:\/\/blog.ulasimplatformu.com\/wp-content\/uploads\/2021\/09\/1631693922_Otokar_IETT_Imza_Toreni_Gorsel4-696x392.jpg 696w, http:\/\/blog.ulasimplatformu.com\/wp-content\/uploads\/2021\/09\/1631693922_Otokar_IETT_Imza_Toreni_Gorsel4-1068x601.jpg 1068w, http:\/\/blog.ulasimplatformu.com\/wp-content\/uploads\/2021\/09\/1631693922_Otokar_IETT_Imza_Toreni_Gorsel4.jpg 1600w\" sizes=\"(max-width: 1024px) 100vw, 1024px\" \/><\/figure>\n\n\n\n<figure class=\"wp-block-image size-large\"><img loading=\"lazy\" width=\"1024\" height=\"576\" src=\"http:\/\/blog.ulasimplatformu.com\/wp-content\/uploads\/2021\/09\/1631693921_Otokar_IETT_Imza_Toreni_Gorsel3-1024x576.jpg\" alt=\"\" class=\"wp-image-4104\" srcset=\"http:\/\/blog.ulasimplatformu.com\/wp-content\/uploads\/2021\/09\/1631693921_Otokar_IETT_Imza_Toreni_Gorsel3-1024x576.jpg 1024w, http:\/\/blog.ulasimplatformu.com\/wp-content\/uploads\/2021\/09\/1631693921_Otokar_IETT_Imza_Toreni_Gorsel3-300x169.jpg 300w, http:\/\/blog.ulasimplatformu.com\/wp-content\/uploads\/2021\/09\/1631693921_Otokar_IETT_Imza_Toreni_Gorsel3-768x432.jpg 768w, http:\/\/blog.ulasimplatformu.com\/wp-content\/uploads\/2021\/09\/1631693921_Otokar_IETT_Imza_Toreni_Gorsel3-1536x864.jpg 1536w, http:\/\/blog.ulasimplatformu.com\/wp-content\/uploads\/2021\/09\/1631693921_Otokar_IETT_Imza_Toreni_Gorsel3-150x84.jpg 150w, http:\/\/blog.ulasimplatformu.com\/wp-content\/uploads\/2021\/09\/1631693921_Otokar_IETT_Imza_Toreni_Gorsel3-696x392.jpg 696w, http:\/\/blog.ulasimplatformu.com\/wp-content\/uploads\/2021\/09\/1631693921_Otokar_IETT_Imza_Toreni_Gorsel3-1068x601.jpg 1068w, http:\/\/blog.ulasimplatformu.com\/wp-content\/uploads\/2021\/09\/1631693921_Otokar_IETT_Imza_Toreni_Gorsel3.jpg 1600w\" sizes=\"(max-width: 1024px) 100vw, 1024px\" \/><\/figure>\n","protected":false},"excerpt":{"rendered":"<p>\u0130ETT Genel M\u00fcd\u00fcrl\u00fc\u011f\u00fc taraf\u0131ndan a\u00e7\u0131lan 100 adetlik metrob\u00fcs al\u0131m\u0131 i\u00e7in Otokar&#8217;\u0131n kazand\u0131\u011f\u0131 ihalenin imzalar\u0131 at\u0131ld\u0131. \u0130stanbullular\u0131 ta\u015f\u0131yacak yeni metrob\u00fcsler i\u00e7in \u0130ETT Metrob\u00fcs Garaj\u0131\u2019nda ger\u00e7ekle\u015fen imza t\u00f6reni \u0130stanbul B\u00fcy\u00fck\u015fehir Belediye Ba\u015fkan\u0131 Ekrem \u0130mamo\u011flu, \u0130ETT Genel M\u00fcd\u00fcr\u00fc Alper Bilgili ve Otokar Genel M\u00fcd\u00fcr\u00fc Serdar G\u00f6rg\u00fc\u00e7&#8217;\u00fcn kat\u0131l\u0131m\u0131yla ger\u00e7ekle\u015fti. \u0130stanbul ula\u015f\u0131m\u0131nda standartlar\u0131 y\u00fckseltecek yerli metrob\u00fcs\u00fc geli\u015ftiren Otokar, yeni ara\u00e7lar\u0131n [&hellip;]<\/p>\n","protected":false},"author":4,"featured_media":4104,"comment_status":"open","ping_status":"open","sticky":false,"template":"","format":"standard","meta":{"tdm_status":"","tdm_grid_status":"","spay_email":""},"categories":[24],"tags":[],"jetpack_featured_media_url":"http:\/\/blog.ulasimplatformu.com\/wp-content\/uploads\/2021\/09\/1631693921_Otokar_IETT_Imza_Toreni_Gorsel3.jpg","jetpack_sharing_enabled":true,"amp_enabled":true,"_links":{"self":[{"href":"http:\/\/blog.ulasimplatformu.com\/index.php\/wp-json\/wp\/v2\/posts\/4092"}],"collection":[{"href":"http:\/\/blog.ulasimplatformu.com\/index.php\/wp-json\/wp\/v2\/posts"}],"about":[{"href":"http:\/\/blog.ulasimplatformu.com\/index.php\/wp-json\/wp\/v2\/types\/post"}],"author":[{"embeddable":true,"href":"http:\/\/blog.ulasimplatformu.com\/index.php\/wp-json\/wp\/v2\/users\/4"}],"replies":[{"embeddable":true,"href":"http:\/\/blog.ulasimplatformu.com\/index.php\/wp-json\/wp\/v2\/comments?post=4092"}],"version-history":[{"count":1,"href":"http:\/\/blog.ulasimplatformu.com\/index.php\/wp-json\/wp\/v2\/posts\/4092\/revisions"}],"predecessor-version":[{"id":4105,"href":"http:\/\/blog.ulasimplatformu.com\/index.php\/wp-json\/wp\/v2\/posts\/4092\/revisions\/4105"}],"wp:featuredmedia":[{"embeddable":true,"href":"http:\/\/blog.ulasimplatformu.com\/index.php\/wp-json\/wp\/v2\/media\/4104"}],"wp:attachment":[{"href":"http:\/\/blog.ulasimplatformu.com\/index.php\/wp-json\/wp\/v2\/media?parent=4092"}],"wp:term":[{"taxonomy":"category","embeddable":true,"href":"http:\/\/blog.ulasimplatformu.com\/index.php\/wp-json\/wp\/v2\/categories?post=4092"},{"taxonomy":"post_tag","embeddable":true,"href":"http:\/\/blog.ulasimplatformu.com\/index.php\/wp-json\/wp\/v2\/tags?post=4092"}],"curies":[{"name":"wp","href":"https:\/\/api.w.org\/{rel}","templated":true}]}}