{"id":4270,"date":"2021-11-03T15:33:58","date_gmt":"2021-11-03T12:33:58","guid":{"rendered":"http:\/\/blog.ulasimplatformu.com\/?p=4270"},"modified":"2021-11-03T15:34:06","modified_gmt":"2021-11-03T12:34:06","slug":"hirvatistanin-tarihi-sokaklari-e-jestle-elektrikleniyor","status":"publish","type":"post","link":"http:\/\/blog.ulasimplatformu.com\/index.php\/2021\/11\/03\/hirvatistanin-tarihi-sokaklari-e-jestle-elektrikleniyor\/","title":{"rendered":"H\u0131rvatistan\u2019\u0131n Tarihi Sokaklar\u0131 e-Jest\u2019le Elektrikleniyor"},"content":{"rendered":"\n<p><strong>Karsan, y\u00fczde 100 elektrikli \u00fcr\u00fcn gam\u0131yla \u015fehirlerin \u00e7evreci ula\u015f\u0131m tercihi olmaya devam ediyor. \u00d6zellikle Avrupa\u2019n\u0131n tarihi dar sokaklar\u0131 e-Jest ile \u00e7evreci bir ula\u015f\u0131m \u00e7\u00f6z\u00fcm\u00fcne kavu\u015fuyor. Markan\u0131n e-ATA lansman\u0131yla birlikte duyurdu\u011fu, elektrikli toplu ta\u015f\u0131ma \u00e7\u00f6z\u00fcmlerindeki yeni yolculu\u011fu \u201cKarsan Electric Evolution\u201d kapsam\u0131nda ismi de\u011fi\u015fen e-Jest, son olarak H\u0131rvatistan\u2019\u0131n Split Belediyesi\u2019nde hizmet vermeye ba\u015flad\u0131. 6 metre s\u0131n\u0131f\u0131ndaki \u00f6zg\u00fcn boyutlar\u0131, y\u00fcksek manevra kabiliyeti ve menzil performans\u0131yla \u00f6ne \u00e7\u0131kan e-Jest ayn\u0131 zamanda H\u0131rvatistan\u2019daki y\u00fczde 100 elektrikli ilk Karsan modeli oldu.<\/strong><\/p>\n\n\n\n<p>T\u00fcrkiye\u2019de yer alan fabrikas\u0131nda \u00e7a\u011f\u0131n mobilite ihtiya\u00e7lar\u0131na uygun ula\u015ft\u0131rma \u00e7\u00f6z\u00fcmleri sunan Karsan, y\u00fczde 100 elektrikli \u00fcr\u00fcn gam\u0131yla \u015fehirlerin \u00e7evreci ula\u015f\u0131m tercihi olmaya devam ediyor. \u00d6zellikle Avrupa\u2019n\u0131n tarihi dar sokaklar\u0131 e-Jest ile \u00e7evreci bir ula\u015f\u0131m \u00e7\u00f6z\u00fcm\u00fcne kavu\u015fuyor. Markan\u0131n elektrikli toplu ta\u015f\u0131ma \u00e7\u00f6z\u00fcmlerindeki yeni yolculu\u011fu \u201cKarsan Electric Evolution\u201d kapsam\u0131nda ismi de\u011fi\u015fen e-Jest, son olarak H\u0131rvatistan\u2019\u0131n Split Belediyesi\u2019nde hizmet vermeye ba\u015flad\u0131. 6 metre s\u0131n\u0131f\u0131ndaki \u00f6zg\u00fcn boyutlar\u0131, y\u00fcksek manevra kabiliyeti ve menzil performans\u0131yla \u00f6ne \u00e7\u0131kan e-Jest ayn\u0131 zamanda H\u0131rvatistan\u2019daki 100% elektrikli ilk Karsan modeli oldu.<\/p>\n\n\n\n<p>Konuyla ilgili bilgiler veren Karsan \u0130hracat Genel M\u00fcd\u00fcr Yard\u0131mc\u0131s\u0131 Deniz \u00c7etin, \u201cKarsan elektrikli ara\u00e7lar\u0131m\u0131z Avrupa\u2019n\u0131n 30\u2019dan fazla \u015fehrinde yol almaya devam ediyor. 2020 y\u0131l\u0131nda pazarda segmentinin lideri olan e-Jest de g\u00fcn ge\u00e7tik\u00e7e tasar\u0131m\u0131 ve performans\u0131yla be\u011fenilmeyi s\u00fcrd\u00fcr\u00fcyor. Bu kapsamda son olarak H\u0131rvatistan\u2019\u0131n en b\u00fcy\u00fck ikinci \u015fehri olan Split\u2019e teslim etti\u011fimiz e-Jest arac\u0131 ile Adriyatik k\u0131y\u0131lar\u0131nda hizmet verecek olmaktan mutluluk duyuyoruz\u201d \u015feklinde konu\u015ftu.<\/p>\n\n\n\n<p><strong>210 km\u2019ye kadar menzil sunuyor<\/strong><\/p>\n\n\n\n<p>Y\u00fcksek manevra kabiliyeti ve benzersiz yolcu konforuyla kendini kan\u0131tlayan e-Jest, 170 HP g\u00fc\u00e7 ve 290 Nm tork \u00fcreten BMW \u00fcretimi elektrikli motor ve yine BMW \u00fcretimi 44 ve 88 kWh bataryalarla tercih edilebiliyor. 210 km\u2019ye kadar menzil sunarak bu anlamda 6 metrelik k\u00fc\u00e7\u00fck otob\u00fcs s\u0131n\u0131f\u0131n\u0131n en iyi performans\u0131n\u0131 g\u00f6steren e-Jest\u2019in enerji geri kazan\u0131m\u0131 sa\u011flayan rejeneratif fren sistemi sayesinde bataryalar\u0131 y\u00fczde 25 oran\u0131nda kendi kendini \u015farj edebiliyor. 10,1 in\u00e7lik multimedya dokunmatik ekran\u0131, tamamen dijital g\u00f6sterge paneli, anahtars\u0131z \u00e7al\u0131\u015ft\u0131rma, USB \u00e7\u0131k\u0131\u015flar\u0131 ile donat\u0131lan ve talebe ba\u011fl\u0131 olarak WI-FI uyumlu altyap\u0131 sa\u011flayan e-Jest, 4 tekerlekte ba\u011f\u0131ms\u0131z s\u00fcspansiyon sistemiyle de binek otomobil konforunu aratm\u0131yor.\u00a0<\/p>\n\n\n\n<figure class=\"wp-block-image size-large\"><img loading=\"lazy\" width=\"1024\" height=\"682\" src=\"http:\/\/blog.ulasimplatformu.com\/wp-content\/uploads\/2021\/11\/Karsan-Jest-Electric-2-1024x682.jpg\" alt=\"\" class=\"wp-image-4265\" srcset=\"http:\/\/blog.ulasimplatformu.com\/wp-content\/uploads\/2021\/11\/Karsan-Jest-Electric-2-1024x682.jpg 1024w, http:\/\/blog.ulasimplatformu.com\/wp-content\/uploads\/2021\/11\/Karsan-Jest-Electric-2-300x200.jpg 300w, http:\/\/blog.ulasimplatformu.com\/wp-content\/uploads\/2021\/11\/Karsan-Jest-Electric-2-768x512.jpg 768w, http:\/\/blog.ulasimplatformu.com\/wp-content\/uploads\/2021\/11\/Karsan-Jest-Electric-2-1536x1024.jpg 1536w, http:\/\/blog.ulasimplatformu.com\/wp-content\/uploads\/2021\/11\/Karsan-Jest-Electric-2-2048x1365.jpg 2048w, http:\/\/blog.ulasimplatformu.com\/wp-content\/uploads\/2021\/11\/Karsan-Jest-Electric-2-150x100.jpg 150w, http:\/\/blog.ulasimplatformu.com\/wp-content\/uploads\/2021\/11\/Karsan-Jest-Electric-2-696x464.jpg 696w, http:\/\/blog.ulasimplatformu.com\/wp-content\/uploads\/2021\/11\/Karsan-Jest-Electric-2-1068x712.jpg 1068w, http:\/\/blog.ulasimplatformu.com\/wp-content\/uploads\/2021\/11\/Karsan-Jest-Electric-2-1920x1279.jpg 1920w\" sizes=\"(max-width: 1024px) 100vw, 1024px\" \/><\/figure>\n\n\n\n<figure class=\"wp-block-image size-large\"><img loading=\"lazy\" width=\"1024\" height=\"723\" src=\"http:\/\/blog.ulasimplatformu.com\/wp-content\/uploads\/2021\/11\/Karsan-Jest-Electric-1-1024x723.jpg\" alt=\"\" class=\"wp-image-4266\" srcset=\"http:\/\/blog.ulasimplatformu.com\/wp-content\/uploads\/2021\/11\/Karsan-Jest-Electric-1-1024x723.jpg 1024w, http:\/\/blog.ulasimplatformu.com\/wp-content\/uploads\/2021\/11\/Karsan-Jest-Electric-1-300x212.jpg 300w, http:\/\/blog.ulasimplatformu.com\/wp-content\/uploads\/2021\/11\/Karsan-Jest-Electric-1-768x543.jpg 768w, http:\/\/blog.ulasimplatformu.com\/wp-content\/uploads\/2021\/11\/Karsan-Jest-Electric-1-1536x1085.jpg 1536w, http:\/\/blog.ulasimplatformu.com\/wp-content\/uploads\/2021\/11\/Karsan-Jest-Electric-1-2048x1447.jpg 2048w, http:\/\/blog.ulasimplatformu.com\/wp-content\/uploads\/2021\/11\/Karsan-Jest-Electric-1-150x106.jpg 150w, http:\/\/blog.ulasimplatformu.com\/wp-content\/uploads\/2021\/11\/Karsan-Jest-Electric-1-696x492.jpg 696w, http:\/\/blog.ulasimplatformu.com\/wp-content\/uploads\/2021\/11\/Karsan-Jest-Electric-1-1068x755.jpg 1068w, http:\/\/blog.ulasimplatformu.com\/wp-content\/uploads\/2021\/11\/Karsan-Jest-Electric-1-1920x1356.jpg 1920w\" sizes=\"(max-width: 1024px) 100vw, 1024px\" \/><\/figure>\n","protected":false},"excerpt":{"rendered":"<p>Karsan, y\u00fczde 100 elektrikli \u00fcr\u00fcn gam\u0131yla \u015fehirlerin \u00e7evreci ula\u015f\u0131m tercihi olmaya devam ediyor. \u00d6zellikle Avrupa\u2019n\u0131n tarihi dar sokaklar\u0131 e-Jest ile \u00e7evreci bir ula\u015f\u0131m \u00e7\u00f6z\u00fcm\u00fcne kavu\u015fuyor. Markan\u0131n e-ATA lansman\u0131yla birlikte duyurdu\u011fu, elektrikli toplu ta\u015f\u0131ma \u00e7\u00f6z\u00fcmlerindeki yeni yolculu\u011fu \u201cKarsan Electric Evolution\u201d kapsam\u0131nda ismi de\u011fi\u015fen e-Jest, son olarak H\u0131rvatistan\u2019\u0131n Split Belediyesi\u2019nde hizmet vermeye ba\u015flad\u0131. 6 metre s\u0131n\u0131f\u0131ndaki \u00f6zg\u00fcn [&hellip;]<\/p>\n","protected":false},"author":4,"featured_media":4266,"comment_status":"open","ping_status":"open","sticky":false,"template":"","format":"standard","meta":{"tdm_status":"","tdm_grid_status":"","spay_email":""},"categories":[19],"tags":[],"jetpack_featured_media_url":"http:\/\/blog.ulasimplatformu.com\/wp-content\/uploads\/2021\/11\/Karsan-Jest-Electric-1-scaled.jpg","jetpack_sharing_enabled":true,"amp_enabled":true,"_links":{"self":[{"href":"http:\/\/blog.ulasimplatformu.com\/index.php\/wp-json\/wp\/v2\/posts\/4270"}],"collection":[{"href":"http:\/\/blog.ulasimplatformu.com\/index.php\/wp-json\/wp\/v2\/posts"}],"about":[{"href":"http:\/\/blog.ulasimplatformu.com\/index.php\/wp-json\/wp\/v2\/types\/post"}],"author":[{"embeddable":true,"href":"http:\/\/blog.ulasimplatformu.com\/index.php\/wp-json\/wp\/v2\/users\/4"}],"replies":[{"embeddable":true,"href":"http:\/\/blog.ulasimplatformu.com\/index.php\/wp-json\/wp\/v2\/comments?post=4270"}],"version-history":[{"count":1,"href":"http:\/\/blog.ulasimplatformu.com\/index.php\/wp-json\/wp\/v2\/posts\/4270\/revisions"}],"predecessor-version":[{"id":4301,"href":"http:\/\/blog.ulasimplatformu.com\/index.php\/wp-json\/wp\/v2\/posts\/4270\/revisions\/4301"}],"wp:featuredmedia":[{"embeddable":true,"href":"http:\/\/blog.ulasimplatformu.com\/index.php\/wp-json\/wp\/v2\/media\/4266"}],"wp:attachment":[{"href":"http:\/\/blog.ulasimplatformu.com\/index.php\/wp-json\/wp\/v2\/media?parent=4270"}],"wp:term":[{"taxonomy":"category","embeddable":true,"href":"http:\/\/blog.ulasimplatformu.com\/index.php\/wp-json\/wp\/v2\/categories?post=4270"},{"taxonomy":"post_tag","embeddable":true,"href":"http:\/\/blog.ulasimplatformu.com\/index.php\/wp-json\/wp\/v2\/tags?post=4270"}],"curies":[{"name":"wp","href":"https:\/\/api.w.org\/{rel}","templated":true}]}}