{"id":4789,"date":"2021-12-13T19:59:00","date_gmt":"2021-12-13T16:59:00","guid":{"rendered":"http:\/\/blog.ulasimplatformu.com\/?p=4789"},"modified":"2021-12-13T19:59:07","modified_gmt":"2021-12-13T16:59:07","slug":"baskent-icin-ozel-olarak-uretilen-28-adet-otokar-kent-koruklu-torenle-hizmete-basladi","status":"publish","type":"post","link":"http:\/\/blog.ulasimplatformu.com\/index.php\/2021\/12\/13\/baskent-icin-ozel-olarak-uretilen-28-adet-otokar-kent-koruklu-torenle-hizmete-basladi\/","title":{"rendered":"Ba\u015fkent i\u00e7in \u00f6zel olarak \u00fcretilen 28 adet Otokar Kent K\u00f6r\u00fckl\u00fc t\u00f6renle hizmete ba\u015flad\u0131"},"content":{"rendered":"\n<p><\/p>\n\n\n\n<p><strong>Otokar, toplu ula\u015f\u0131mda son y\u0131llar\u0131n en b\u00fcy\u00fck d\u00f6n\u00fc\u015f\u00fcm \u00e7al\u0131\u015fmas\u0131n\u0131 ger\u00e7ekle\u015ftiren Ankara B\u00fcy\u00fck\u015fehir Belediyesi&#8217;nin may\u0131s ay\u0131nda sonu\u00e7lanan ihale kapsam\u0131nda 28 adetlik otob\u00fcs teslimat\u0131n\u0131 k\u0131sa s\u00fcrede tamamlad\u0131. T\u00fcrkiye&#8217;nin yan\u0131 s\u0131ra ba\u015fta Avrupa olmak \u00fczere pek \u00e7ok \u00fclkede toplu ta\u015f\u0131man\u0131n g\u00f6zdesi olan Otokar KENT LF K\u00f6r\u00fckl\u00fcler, Cumhuriyet Halk Partisi Genel Ba\u015fkan\u0131 Kemal K\u0131l\u0131\u00e7daro\u011flu, \u0130yi Parti Genel Ba\u015fkan\u0131 Meral Ak\u015fener, Demokrat Parti Genel Ba\u015fkan\u0131 G\u00fcltekin Uysal, Ankara B\u00fcy\u00fck\u015fehir Belediye Ba\u015fkan\u0131 Mansur Yava\u015f, EGO Genel M\u00fcd\u00fcr\u00fc Nihat Alka\u015f ve Otokar Genel M\u00fcd\u00fcr\u00fc Serdar G\u00f6rg\u00fc\u00e7&#8217;\u00fcn kat\u0131ld\u0131\u011f\u0131 t\u00f6renle hizmete ba\u015flad\u0131.<\/strong><\/p>\n\n\n\n<p>Ko\u00e7 Toplulu\u011fu \u015firketlerinden Otokar, T\u00fcrkiye&#8217;nin d\u00f6rt bir yan\u0131nda belediyelerin toplu ta\u015f\u0131ma filolar\u0131n\u0131 g\u00fc\u00e7lendirmeye devam ediyor. \u00dcretti\u011fi ara\u00e7lar\u0131yla Avrupa ba\u015fta olmak \u00fczere 50&#8217;yi a\u015fk\u0131n \u00fclkede b\u00fcy\u00fck be\u011feni toplayan ve ula\u015f\u0131ma nefes ald\u0131ran Otokar, y\u0131l\u0131n en b\u00fcy\u00fck teslimatlar\u0131ndan birini daha tamamlad\u0131. &#8220;\u00d6nceli\u011fimiz insan&#8221; s\u00f6ylemiyle hayata ge\u00e7irdi\u011fi projelerde d\u00fcnyan\u0131n say\u0131l\u0131 metropolleri aras\u0131nda yerini sa\u011flamla\u015ft\u0131ran Ankara i\u00e7in EGO Genel M\u00fcd\u00fcrl\u00fc\u011f\u00fc ile yapt\u0131\u011f\u0131 28 adet k\u00f6r\u00fckl\u00fc otob\u00fcs al\u0131m\u0131 kapsam\u0131nda May\u0131s ay\u0131nda s\u00f6zle\u015fme imzalayan Otokar, KENT LF K\u00f6r\u00fckl\u00fcleri teslim etti. Otokar, s\u00f6zle\u015fme do\u011frultusunda ara\u00e7lar\u0131n 2 y\u0131l boyunca sat\u0131\u015f sonras\u0131 hizmetlerini de sa\u011flayacak.<\/p>\n\n\n\n<p>Son y\u0131llarda \u00fclkemizdeki pek \u00e7ok b\u00fcy\u00fck\u015fehir belediyesinin yan\u0131 s\u0131ra \u0130talya, Almanya, \u0130spanya, S\u0131rbistan, Romanya, Slovakya ba\u015fta olmak \u00fczere bir \u00e7ok \u00fclkede toplu ta\u015f\u0131man\u0131n g\u00f6zdesi olan KENT LF K\u00f6r\u00fckl\u00fc otob\u00fcslerin teslimat\u0131 alt\u0131 ay gibi k\u0131sa s\u00fcrede tamamland\u0131. Ba\u015fkentlilere ula\u015f\u0131mda daha ferah, modern, huzurlu ve g\u00fcvenli hizmet sunmak i\u00e7in ger\u00e7ekle\u015ftiren otob\u00fcs al\u0131m\u0131n\u0131n teslimat t\u00f6reni Cumhuriyet Halk Partisi Genel Ba\u015fkan\u0131 <strong>Kemal K\u0131l\u0131\u00e7daro\u011flu<\/strong>, \u0130yi Parti Genel Ba\u015fkan\u0131<strong> Meral Ak\u015fener<\/strong>, Demokrat Parti Genel Ba\u015fkan\u0131 <strong>G\u00fcltekin Uysal<\/strong>, Ankara B\u00fcy\u00fck\u015fehir Belediye Ba\u015fkan\u0131 <strong>Mansur Yava\u015f<\/strong>, EGO Genel M\u00fcd\u00fcr\u00fc <strong>Nihat Alka\u015f<\/strong> ve Otokar Genel M\u00fcd\u00fcr\u00fc <strong>Serdar G\u00f6rg\u00fc\u00e7<\/strong>&#8216;\u00fcn kat\u0131l\u0131m\u0131 ile ger\u00e7ekle\u015fti. Ba\u015fkent&#8217;in toplu ula\u015f\u0131mdaki yenilik\u00e7i anlay\u0131\u015f\u0131n\u0131 yans\u0131tacak, modern tasar\u0131m\u0131n\u0131n yan\u0131 s\u0131ra \u00fcst\u00fcn teknik \u00f6zellikleriyle de dikkat \u00e7eken 28 KENT LF K\u00f6r\u00fckl\u00fc, d\u00fczenlenen t\u00f6renin ard\u0131ndan Ankara sokaklar\u0131nda g\u00f6reve ba\u015flad\u0131.<\/p>\n\n\n\n<p><strong>\u201cOTOB\u00dcSLER ANKARA MODERN TA\u015eIMACILI\u011eININ YEN\u0130 Y\u00dcZ\u00dc OLACAK\u201d<\/strong><\/p>\n\n\n\n<p>Ankara B\u00fcy\u00fck\u015fehir Belediyesi ve EGO Genel M\u00fcd\u00fcrl\u00fc\u011f\u00fc&#8217;n\u00fcn hayata ge\u00e7irdi\u011fi toplu ula\u015f\u0131mda d\u00f6n\u00fc\u015f\u00fcm \u00e7al\u0131\u015fmas\u0131nda Otokar&#8217;\u0131n Ankara toplu ta\u015f\u0131mas\u0131na hizmet etmekten gurur ve mutluluk duydu\u011funu belirten <strong>Otokar Genel M\u00fcd\u00fcr\u00fc Serdar G\u00f6rg\u00fc\u00e7<\/strong>; \u201cAnkara B\u00fcy\u00fck\u015fehir Belediye Ba\u015fkan\u0131m\u0131z Mansur Yava\u015f ba\u015fta olmak \u00fczere B\u00fcy\u00fck\u015fehir Belediyesi ve EGO y\u00f6netiminin, Ba\u015fkent halk\u0131n\u0131n bizlere g\u00f6sterdi\u011fi g\u00fcven i\u00e7in t\u00fcm Otokar \u00e7al\u0131\u015fanlar\u0131 ad\u0131na te\u015fekk\u00fcr ederim. T\u00fcrkiye\u2019nin m\u00fchendislerinin tasarlad\u0131\u011f\u0131, \u00fclkemiz topraklar\u0131nda \u00fcretilen otob\u00fcslerimizi, bu sefer de Ankara i\u00e7in \u00f6zenle \u00fcrettik. Modern tasar\u0131m\u0131yla ba\u015fkentimize yak\u0131\u015facak konforlu ve \u00e7evreci Otokar Kent otob\u00fcslerimizi bug\u00fcn gururla teslim ediyoruz. 2 y\u0131l boyunca verece\u011fimiz sat\u0131\u015f sonras\u0131 hizmetle de Ankaral\u0131lara yak\u0131\u015f\u0131r bir ula\u015f\u0131m sa\u011flayaca\u011f\u0131z. Otob\u00fcslerimizin Ankara B\u00fcy\u00fck\u015fehir Belediyesi\u2019ne, EGO Genel M\u00fcd\u00fcrl\u00fc\u011f\u00fc&#8217;ne, Ankara halk\u0131na hay\u0131rl\u0131 olmas\u0131n\u0131 dilerim\u201d dedi.<\/p>\n\n\n\n<p><strong>50\u2019DEN FAZLA \u00dcLKEDE M\u0130LYONLARCA YOLCUYU G\u00dcVENL\u0130 TA\u015eIYOR<\/strong><\/p>\n\n\n\n<p>Sekt\u00f6rde 58\u2019inci y\u0131l\u0131n\u0131 kutlayan Otokar\u2019\u0131n 35 binden fazla otob\u00fcs\u00fc, 50\u2019den fazla \u00fclkede milyonlarca yolcuyu ta\u015f\u0131yor; tasar\u0131m\u0131, konforu, teknolojisi ve g\u00fcc\u00fc ile kullan\u0131c\u0131lar\u0131n be\u011fenisini kazan\u0131yor. Toplu ta\u015f\u0131maya \u00f6zel olarak geli\u015ftirilen Otokar otob\u00fcsleri, i\u00e7 ve d\u0131\u015f modern g\u00f6r\u00fcnt\u00fcs\u00fc, \u00e7evreci motoru ve \u00fcst\u00fcn yol tutu\u015funun yan\u0131 s\u0131ra d\u00fc\u015f\u00fck i\u015fletme maliyetleriyle de \u00f6n plana \u00e7\u0131k\u0131yor. Otokar&#8217;\u0131n 18 metre uzunlu\u011fundaki KENT K\u00f6r\u00fckl\u00fc otob\u00fcs\u00fc, basamaks\u0131z al\u00e7ak giri\u015f taban\u0131 ile h\u0131zl\u0131 ve kolay ini\u015f-bini\u015f imk\u00e2n\u0131 sa\u011flarken, geni\u015f i\u00e7 hacmi ile yolcular\u0131na e\u015fsiz konfor sunuyor. Her mevsim ferah bir yolculuk sunan Otokar otob\u00fcsleri, ABS, ASR, disk frenler ve kap\u0131larda s\u0131k\u0131\u015fmay\u0131 \u00f6nleyici sistem gibi \u00fcst\u00fcn g\u00fcvenlik sistemleriyle de kullan\u0131c\u0131 ve yolcular\u0131na maksimum g\u00fcvenlik vadediyor.<\/p>\n\n\n\n<figure class=\"wp-block-image size-large\"><img loading=\"lazy\" width=\"1024\" height=\"639\" src=\"http:\/\/blog.ulasimplatformu.com\/wp-content\/uploads\/2021\/12\/1639397697_Otokar_Kent_EGO_1-1024x639.jpg\" alt=\"\" class=\"wp-image-4793\" srcset=\"http:\/\/blog.ulasimplatformu.com\/wp-content\/uploads\/2021\/12\/1639397697_Otokar_Kent_EGO_1-1024x639.jpg 1024w, http:\/\/blog.ulasimplatformu.com\/wp-content\/uploads\/2021\/12\/1639397697_Otokar_Kent_EGO_1-300x187.jpg 300w, http:\/\/blog.ulasimplatformu.com\/wp-content\/uploads\/2021\/12\/1639397697_Otokar_Kent_EGO_1-768x479.jpg 768w, http:\/\/blog.ulasimplatformu.com\/wp-content\/uploads\/2021\/12\/1639397697_Otokar_Kent_EGO_1-1536x958.jpg 1536w, http:\/\/blog.ulasimplatformu.com\/wp-content\/uploads\/2021\/12\/1639397697_Otokar_Kent_EGO_1-150x94.jpg 150w, http:\/\/blog.ulasimplatformu.com\/wp-content\/uploads\/2021\/12\/1639397697_Otokar_Kent_EGO_1-696x434.jpg 696w, http:\/\/blog.ulasimplatformu.com\/wp-content\/uploads\/2021\/12\/1639397697_Otokar_Kent_EGO_1-1068x666.jpg 1068w, http:\/\/blog.ulasimplatformu.com\/wp-content\/uploads\/2021\/12\/1639397697_Otokar_Kent_EGO_1.jpg 1600w\" sizes=\"(max-width: 1024px) 100vw, 1024px\" \/><\/figure>\n\n\n\n<figure class=\"wp-block-image size-large\"><img loading=\"lazy\" width=\"1024\" height=\"705\" src=\"http:\/\/blog.ulasimplatformu.com\/wp-content\/uploads\/2021\/12\/1639397712_Otokar_Kent_EGO_2-1024x705.jpg\" alt=\"\" class=\"wp-image-4794\" srcset=\"http:\/\/blog.ulasimplatformu.com\/wp-content\/uploads\/2021\/12\/1639397712_Otokar_Kent_EGO_2-1024x705.jpg 1024w, http:\/\/blog.ulasimplatformu.com\/wp-content\/uploads\/2021\/12\/1639397712_Otokar_Kent_EGO_2-300x207.jpg 300w, http:\/\/blog.ulasimplatformu.com\/wp-content\/uploads\/2021\/12\/1639397712_Otokar_Kent_EGO_2-768x529.jpg 768w, http:\/\/blog.ulasimplatformu.com\/wp-content\/uploads\/2021\/12\/1639397712_Otokar_Kent_EGO_2-1536x1058.jpg 1536w, http:\/\/blog.ulasimplatformu.com\/wp-content\/uploads\/2021\/12\/1639397712_Otokar_Kent_EGO_2-150x103.jpg 150w, http:\/\/blog.ulasimplatformu.com\/wp-content\/uploads\/2021\/12\/1639397712_Otokar_Kent_EGO_2-218x150.jpg 218w, http:\/\/blog.ulasimplatformu.com\/wp-content\/uploads\/2021\/12\/1639397712_Otokar_Kent_EGO_2-696x479.jpg 696w, http:\/\/blog.ulasimplatformu.com\/wp-content\/uploads\/2021\/12\/1639397712_Otokar_Kent_EGO_2-1068x736.jpg 1068w, http:\/\/blog.ulasimplatformu.com\/wp-content\/uploads\/2021\/12\/1639397712_Otokar_Kent_EGO_2.jpg 1600w\" sizes=\"(max-width: 1024px) 100vw, 1024px\" \/><\/figure>\n","protected":false},"excerpt":{"rendered":"<p>Otokar, toplu ula\u015f\u0131mda son y\u0131llar\u0131n en b\u00fcy\u00fck d\u00f6n\u00fc\u015f\u00fcm \u00e7al\u0131\u015fmas\u0131n\u0131 ger\u00e7ekle\u015ftiren Ankara B\u00fcy\u00fck\u015fehir Belediyesi&#8217;nin may\u0131s ay\u0131nda sonu\u00e7lanan ihale kapsam\u0131nda 28 adetlik otob\u00fcs teslimat\u0131n\u0131 k\u0131sa s\u00fcrede tamamlad\u0131. T\u00fcrkiye&#8217;nin yan\u0131 s\u0131ra ba\u015fta Avrupa olmak \u00fczere pek \u00e7ok \u00fclkede toplu ta\u015f\u0131man\u0131n g\u00f6zdesi olan Otokar KENT LF K\u00f6r\u00fckl\u00fcler, Cumhuriyet Halk Partisi Genel Ba\u015fkan\u0131 Kemal K\u0131l\u0131\u00e7daro\u011flu, \u0130yi Parti Genel Ba\u015fkan\u0131 Meral [&hellip;]<\/p>\n","protected":false},"author":4,"featured_media":4794,"comment_status":"open","ping_status":"open","sticky":false,"template":"","format":"standard","meta":{"tdm_status":"","tdm_grid_status":"","spay_email":""},"categories":[19],"tags":[],"jetpack_featured_media_url":"http:\/\/blog.ulasimplatformu.com\/wp-content\/uploads\/2021\/12\/1639397712_Otokar_Kent_EGO_2.jpg","jetpack_sharing_enabled":true,"amp_enabled":true,"_links":{"self":[{"href":"http:\/\/blog.ulasimplatformu.com\/index.php\/wp-json\/wp\/v2\/posts\/4789"}],"collection":[{"href":"http:\/\/blog.ulasimplatformu.com\/index.php\/wp-json\/wp\/v2\/posts"}],"about":[{"href":"http:\/\/blog.ulasimplatformu.com\/index.php\/wp-json\/wp\/v2\/types\/post"}],"author":[{"embeddable":true,"href":"http:\/\/blog.ulasimplatformu.com\/index.php\/wp-json\/wp\/v2\/users\/4"}],"replies":[{"embeddable":true,"href":"http:\/\/blog.ulasimplatformu.com\/index.php\/wp-json\/wp\/v2\/comments?post=4789"}],"version-history":[{"count":1,"href":"http:\/\/blog.ulasimplatformu.com\/index.php\/wp-json\/wp\/v2\/posts\/4789\/revisions"}],"predecessor-version":[{"id":4796,"href":"http:\/\/blog.ulasimplatformu.com\/index.php\/wp-json\/wp\/v2\/posts\/4789\/revisions\/4796"}],"wp:featuredmedia":[{"embeddable":true,"href":"http:\/\/blog.ulasimplatformu.com\/index.php\/wp-json\/wp\/v2\/media\/4794"}],"wp:attachment":[{"href":"http:\/\/blog.ulasimplatformu.com\/index.php\/wp-json\/wp\/v2\/media?parent=4789"}],"wp:term":[{"taxonomy":"category","embeddable":true,"href":"http:\/\/blog.ulasimplatformu.com\/index.php\/wp-json\/wp\/v2\/categories?post=4789"},{"taxonomy":"post_tag","embeddable":true,"href":"http:\/\/blog.ulasimplatformu.com\/index.php\/wp-json\/wp\/v2\/tags?post=4789"}],"curies":[{"name":"wp","href":"https:\/\/api.w.org\/{rel}","templated":true}]}}