{"id":4969,"date":"2022-01-22T10:16:22","date_gmt":"2022-01-22T07:16:22","guid":{"rendered":"http:\/\/blog.ulasimplatformu.com\/?p=4969"},"modified":"2022-01-22T10:16:28","modified_gmt":"2022-01-22T07:16:28","slug":"anadolu-isuzuda-organizasyon-degisikligi","status":"publish","type":"post","link":"http:\/\/blog.ulasimplatformu.com\/index.php\/2022\/01\/22\/anadolu-isuzuda-organizasyon-degisikligi\/","title":{"rendered":"Anadolu Isuzu\u2019da Organizasyon De\u011fi\u015fikli\u011fi"},"content":{"rendered":"\n<p><strong>Anadolu Isuzu\u2019da Genel M\u00fcd\u00fcrl\u00fc\u011fe ba\u011fl\u0131 iki yeni grup direkt\u00f6rl\u00fc\u011f\u00fc olu\u015fturuldu. \u201cTicari Fonksiyonlar Grup Direkt\u00f6rl\u00fc\u011f\u00fc\u201dn\u00fc Hakan Kefo\u011flu \u00fcstlenirken, \u201cOperasyonel Fonksiyonlar Grup Direkt\u00f6rl\u00fc\u011f\u00fc\u201dne Hakan \u00d6zen\u00e7 atand\u0131.<\/strong><\/p>\n\n\n\n<p>T\u00fcrkiye\u2019nin ticari ara\u00e7 markas\u0131 Anadolu Isuzu\u2019da ger\u00e7ekle\u015ftirilen organizasyon de\u011fi\u015fikli\u011fi kapsam\u0131nda, Genel M\u00fcd\u00fcrl\u00fc\u011fe ba\u011fl\u0131 \u201cTicari Fonksiyonlar Grup Direkt\u00f6rl\u00fc\u011f\u00fc\u201d ve \u201cOperasyonel Fonksiyonlar Grup Direkt\u00f6rl\u00fc\u011f\u00fc\u201d olu\u015fturuldu. \u201cTicari Fonksiyonlar Grup Direkt\u00f6rl\u00fc\u011f\u00fc\u201dn\u00fc 2015\u2019ten bu yana \u0130hracat Direkt\u00f6r\u00fc olarak g\u00f6rev yapan Hakan Kefo\u011flu \u00fcstlenirken, \u201cOperasyonel Fonksiyonlar Grup Direkt\u00f6rl\u00fc\u011f\u00fc\u201dne Sat\u0131\u015f Sonras\u0131 Hizmetler Direkt\u00f6r\u00fc olarak g\u00f6rev yapan Hakan \u00d6zen\u00e7 atand\u0131.<\/p>\n\n\n\n<p>Yeni yap\u0131lanma kapsam\u0131nda; Yurti\u00e7i Sat\u0131\u015f ve Uluslararas\u0131 Sat\u0131\u015f Direkt\u00f6rl\u00fckleri, Pazarlama \u0130leti\u015fimi ve Bayi Geli\u015ftirme M\u00fcd\u00fcrl\u00fc\u011f\u00fc Ticari Fonksiyonlar Grup Direkt\u00f6rl\u00fc\u011f\u00fc b\u00fcnyesinde faaliyet g\u00f6sterecek.<\/p>\n\n\n\n<p>Hakan \u00d6zen\u00e7 y\u00f6netimindeki \u201cOperasyonel Fonksiyonlar Grup Direkt\u00f6rl\u00fc\u011f\u00fc\u201d b\u00fcnyesinde ise Tedarik Zinciri, Teknik ve Sat\u0131\u015f Sonras\u0131 Hizmetler Direkt\u00f6rl\u00fckleri yer alacak.<\/p>\n\n\n\n<p><strong>Hakan Kefo\u011flu &#8211; Ticari Fonksiyonlar Grup Direkt\u00f6r\u00fc<\/strong><\/p>\n\n\n\n<p>\u0130stanbul Alman Lisesi\u2019nin ard\u0131ndan 2003\u2019te Ko\u00e7 \u00dcniversitesi \u0130\u015fletme B\u00f6l\u00fcm\u00fc\u2019nden mezun olan Hakan Kefo\u011flu, 2001-2004 y\u0131llar\u0131 aras\u0131nda IBS Dan\u0131\u015fmanl\u0131k\u2019ta Dan\u0131\u015fman, 2005-2009 y\u0131llar\u0131 aras\u0131nda Mey \u0130\u00e7ki D\u0131\u015f Ticaret Departman\u0131\u2019nda \u00e7e\u015fitli g\u00f6revlerde, 2009-2010 y\u0131llar\u0131 aras\u0131nda Doluca \u015earap\u00e7\u0131l\u0131k\u2019ta \u0130hracat ve Ulusal Zincir Ma\u011fazalar M\u00fcd\u00fcr\u00fc, 2010-2015 y\u0131llar\u0131 aras\u0131nda ise Anadolu Grubu\u2019na ait Komili ve K\u0131rlang\u0131\u00e7 markalar\u0131n\u0131 b\u00fcnyesinde bulunduran Ana G\u0131da A.\u015e.\u2019de s\u0131ras\u0131yla \u0130hracat Geli\u015ftirme M\u00fcd\u00fcr\u00fc ve \u0130hracat M\u00fcd\u00fcr\u00fc olarak g\u00f6rev yapt\u0131. 2020 y\u0131l\u0131nda ABD ve Fransa\u2019da INSEAD \u00dcniversitesi\u2019nin Y\u00f6netici E\u011fitim Program\u0131na kat\u0131lan ve 2015\u2019ten itibaren Anadolu Isuzu \u0130hracat Direkt\u00f6r\u00fc olarak g\u00f6rev yapan Kefo\u011flu, Ocak 2022 itibariyle Ticari Fonksiyonlar Grup Direkt\u00f6r\u00fc olarak atand\u0131.<\/p>\n\n\n\n<p><strong>Hakan \u00d6zen\u00e7 &#8211; Operasyonel Fonksiyonlar Grup Direkt\u00f6r\u00fc<\/strong><\/p>\n\n\n\n<p>Ankara Atat\u00fcrk Anadolu Lisesi\u2019nin ard\u0131ndan 1990 y\u0131l\u0131nda ODT\u00dc Makina M\u00fchendisli\u011fi B\u00f6l\u00fcm\u00fc\u2019nden mezun olan Hakan \u00d6zen\u00e7, 2006 y\u0131l\u0131nda Sabanc\u0131 \u00dcniversitesi\u2019nde Y\u00f6netim \u00fczerine Y\u00fcksek Lisans e\u011fitimini (EMBA) tamamlad\u0131. 1994-2006 y\u0131llar\u0131 aras\u0131nda Anadolu Isuzu\u2019da s\u0131ras\u0131yla Kalite Kontrol M\u00fchendisi, Kalite Kontrol \u015eefi, Malzeme \u0130kmal \u015eefi, Otob\u00fcs \u00dcretim \u015eefi, \u00dcretim M\u00fcd\u00fcr\u00fc pozisyonlar\u0131nda g\u00f6rev alan \u00d6zen\u00e7, 2007-2013 y\u0131llar\u0131 aras\u0131nda ise Ar-Ge M\u00fcd\u00fcr\u00fc olarak g\u00f6rev yapt\u0131. 2014-2020 y\u0131llar\u0131 aras\u0131nda \u00dcretim, Kalite Kontrol, \u00dcretim Planlama ve Stok Kontrol b\u00f6l\u00fcmlerinden sorumlu Teknik Direkt\u00f6r, 2020-2022 y\u0131llar\u0131 aras\u0131nda Sat\u0131\u015f Sonras\u0131 Hizmetler Direkt\u00f6r\u00fc olarak g\u00f6rev yapan Hakan \u00d6zen\u00e7, Ocak 2022 itibariyle Operasyonel Fonksiyonlar Grup Direkt\u00f6r\u00fc olarak atand\u0131.<\/p>\n\n\n\n<figure class=\"wp-block-image size-large\"><img loading=\"lazy\" width=\"1024\" height=\"683\" src=\"http:\/\/blog.ulasimplatformu.com\/wp-content\/uploads\/2022\/01\/1642665525_Hakan___zen__-1024x683.jpg\" alt=\"\" class=\"wp-image-4981\" srcset=\"http:\/\/blog.ulasimplatformu.com\/wp-content\/uploads\/2022\/01\/1642665525_Hakan___zen__-1024x683.jpg 1024w, http:\/\/blog.ulasimplatformu.com\/wp-content\/uploads\/2022\/01\/1642665525_Hakan___zen__-300x200.jpg 300w, http:\/\/blog.ulasimplatformu.com\/wp-content\/uploads\/2022\/01\/1642665525_Hakan___zen__-768x512.jpg 768w, http:\/\/blog.ulasimplatformu.com\/wp-content\/uploads\/2022\/01\/1642665525_Hakan___zen__-1536x1024.jpg 1536w, http:\/\/blog.ulasimplatformu.com\/wp-content\/uploads\/2022\/01\/1642665525_Hakan___zen__-2048x1366.jpg 2048w, http:\/\/blog.ulasimplatformu.com\/wp-content\/uploads\/2022\/01\/1642665525_Hakan___zen__-150x100.jpg 150w, http:\/\/blog.ulasimplatformu.com\/wp-content\/uploads\/2022\/01\/1642665525_Hakan___zen__-696x464.jpg 696w, http:\/\/blog.ulasimplatformu.com\/wp-content\/uploads\/2022\/01\/1642665525_Hakan___zen__-1068x712.jpg 1068w, http:\/\/blog.ulasimplatformu.com\/wp-content\/uploads\/2022\/01\/1642665525_Hakan___zen__-1920x1280.jpg 1920w\" sizes=\"(max-width: 1024px) 100vw, 1024px\" \/><\/figure>\n\n\n\n<figure class=\"wp-block-image size-large\"><img loading=\"lazy\" width=\"1024\" height=\"683\" src=\"http:\/\/blog.ulasimplatformu.com\/wp-content\/uploads\/2022\/01\/1642665523_Hakan_Kefo__lu-1024x683.jpg\" alt=\"\" class=\"wp-image-4980\" srcset=\"http:\/\/blog.ulasimplatformu.com\/wp-content\/uploads\/2022\/01\/1642665523_Hakan_Kefo__lu-1024x683.jpg 1024w, http:\/\/blog.ulasimplatformu.com\/wp-content\/uploads\/2022\/01\/1642665523_Hakan_Kefo__lu-300x200.jpg 300w, http:\/\/blog.ulasimplatformu.com\/wp-content\/uploads\/2022\/01\/1642665523_Hakan_Kefo__lu-768x512.jpg 768w, http:\/\/blog.ulasimplatformu.com\/wp-content\/uploads\/2022\/01\/1642665523_Hakan_Kefo__lu-1536x1024.jpg 1536w, http:\/\/blog.ulasimplatformu.com\/wp-content\/uploads\/2022\/01\/1642665523_Hakan_Kefo__lu-2048x1366.jpg 2048w, http:\/\/blog.ulasimplatformu.com\/wp-content\/uploads\/2022\/01\/1642665523_Hakan_Kefo__lu-150x100.jpg 150w, http:\/\/blog.ulasimplatformu.com\/wp-content\/uploads\/2022\/01\/1642665523_Hakan_Kefo__lu-696x464.jpg 696w, http:\/\/blog.ulasimplatformu.com\/wp-content\/uploads\/2022\/01\/1642665523_Hakan_Kefo__lu-1068x712.jpg 1068w, http:\/\/blog.ulasimplatformu.com\/wp-content\/uploads\/2022\/01\/1642665523_Hakan_Kefo__lu-1920x1280.jpg 1920w\" sizes=\"(max-width: 1024px) 100vw, 1024px\" \/><\/figure>\n","protected":false},"excerpt":{"rendered":"<p>Anadolu Isuzu\u2019da Genel M\u00fcd\u00fcrl\u00fc\u011fe ba\u011fl\u0131 iki yeni grup direkt\u00f6rl\u00fc\u011f\u00fc olu\u015fturuldu. \u201cTicari Fonksiyonlar Grup Direkt\u00f6rl\u00fc\u011f\u00fc\u201dn\u00fc Hakan Kefo\u011flu \u00fcstlenirken, \u201cOperasyonel Fonksiyonlar Grup Direkt\u00f6rl\u00fc\u011f\u00fc\u201dne Hakan \u00d6zen\u00e7 atand\u0131. T\u00fcrkiye\u2019nin ticari ara\u00e7 markas\u0131 Anadolu Isuzu\u2019da ger\u00e7ekle\u015ftirilen organizasyon de\u011fi\u015fikli\u011fi kapsam\u0131nda, Genel M\u00fcd\u00fcrl\u00fc\u011fe ba\u011fl\u0131 \u201cTicari Fonksiyonlar Grup Direkt\u00f6rl\u00fc\u011f\u00fc\u201d ve \u201cOperasyonel Fonksiyonlar Grup Direkt\u00f6rl\u00fc\u011f\u00fc\u201d olu\u015fturuldu. \u201cTicari Fonksiyonlar Grup Direkt\u00f6rl\u00fc\u011f\u00fc\u201dn\u00fc 2015\u2019ten bu yana \u0130hracat [&hellip;]<\/p>\n","protected":false},"author":4,"featured_media":4981,"comment_status":"open","ping_status":"open","sticky":false,"template":"","format":"standard","meta":{"tdm_status":"","tdm_grid_status":"","spay_email":""},"categories":[2],"tags":[],"jetpack_featured_media_url":"http:\/\/blog.ulasimplatformu.com\/wp-content\/uploads\/2022\/01\/1642665525_Hakan___zen__-scaled.jpg","jetpack_sharing_enabled":true,"amp_enabled":true,"_links":{"self":[{"href":"http:\/\/blog.ulasimplatformu.com\/index.php\/wp-json\/wp\/v2\/posts\/4969"}],"collection":[{"href":"http:\/\/blog.ulasimplatformu.com\/index.php\/wp-json\/wp\/v2\/posts"}],"about":[{"href":"http:\/\/blog.ulasimplatformu.com\/index.php\/wp-json\/wp\/v2\/types\/post"}],"author":[{"embeddable":true,"href":"http:\/\/blog.ulasimplatformu.com\/index.php\/wp-json\/wp\/v2\/users\/4"}],"replies":[{"embeddable":true,"href":"http:\/\/blog.ulasimplatformu.com\/index.php\/wp-json\/wp\/v2\/comments?post=4969"}],"version-history":[{"count":1,"href":"http:\/\/blog.ulasimplatformu.com\/index.php\/wp-json\/wp\/v2\/posts\/4969\/revisions"}],"predecessor-version":[{"id":4986,"href":"http:\/\/blog.ulasimplatformu.com\/index.php\/wp-json\/wp\/v2\/posts\/4969\/revisions\/4986"}],"wp:featuredmedia":[{"embeddable":true,"href":"http:\/\/blog.ulasimplatformu.com\/index.php\/wp-json\/wp\/v2\/media\/4981"}],"wp:attachment":[{"href":"http:\/\/blog.ulasimplatformu.com\/index.php\/wp-json\/wp\/v2\/media?parent=4969"}],"wp:term":[{"taxonomy":"category","embeddable":true,"href":"http:\/\/blog.ulasimplatformu.com\/index.php\/wp-json\/wp\/v2\/categories?post=4969"},{"taxonomy":"post_tag","embeddable":true,"href":"http:\/\/blog.ulasimplatformu.com\/index.php\/wp-json\/wp\/v2\/tags?post=4969"}],"curies":[{"name":"wp","href":"https:\/\/api.w.org\/{rel}","templated":true}]}}