{"id":4970,"date":"2022-01-22T10:16:52","date_gmt":"2022-01-22T07:16:52","guid":{"rendered":"http:\/\/blog.ulasimplatformu.com\/?p=4970"},"modified":"2022-01-22T10:16:59","modified_gmt":"2022-01-22T07:16:59","slug":"yildirim-turizmin-13-adet-mercedes-benz-sprinter-minibus-siparisi-teslim-edildi","status":"publish","type":"post","link":"http:\/\/blog.ulasimplatformu.com\/index.php\/2022\/01\/22\/yildirim-turizmin-13-adet-mercedes-benz-sprinter-minibus-siparisi-teslim-edildi\/","title":{"rendered":"Y\u0131ld\u0131r\u0131m Turizm\u2019in 13 adet Mercedes-Benz Sprinter Minib\u00fcs sipari\u015fi teslim edildi"},"content":{"rendered":"\n<p>Temelleri, 1996 y\u0131l\u0131nda, Esat Y\u0131ld\u0131r\u0131m\u2019\u0131n bireysel olarak personel ve \u00f6\u011frenci servisi faaliyetlerine ba\u015flamas\u0131yla at\u0131lan, \u0130stanbul, Kayseri, \u0130zmir, Sivas b\u00f6lgelerinde personel, okul ve turizm ta\u015f\u0131mac\u0131l\u0131\u011f\u0131 alan\u0131nda faaliyet g\u00f6steren Y\u0131ld\u0131r\u0131m Turizm, filosunu Aral\u0131k 2021\u2019de sat\u0131n almas\u0131n\u0131 ger\u00e7ekle\u015ftirdi\u011fi 13 Yeni Mercedes-Benz Sprinter ara\u00e7 ile yeniledi.<\/p>\n\n\n\n<p>8\u2019i personel servisi, 5\u2019i de okul minib\u00fcs\u00fc olmak \u00fczere 13 Yeni Mercedes-Benz Sprinter\u2019in teslimat t\u00f6reni, 19 Ocak \u00c7ar\u015famba g\u00fcn\u00fc, G\u00fclsoy Otomotiv Florya\u2019da, Mercedes-Benz Hafif Ticari Ara\u00e7lar y\u00f6neticileri ve Y\u0131ld\u0131r\u0131m Turizm yetkililerinin kat\u0131l\u0131m\u0131yla ger\u00e7ekle\u015ftirildi. T\u00f6rende, Y\u0131ld\u0131r\u0131m Turizm CEO\u2019su\/Y\u00f6netim Kurulu Ba\u015fkan\u0131 Esat Y\u0131ld\u0131r\u0131m ve Y\u0131ld\u0131r\u0131m Turizm Filo Sorumlusu Macit Y\u0131ld\u0131r\u0131m\u2019a ara\u00e7lar\u0131n\u0131; Mercedes-Benz Otomotiv Hafif Ticari Ara\u00e7lar Sat\u0131\u015f M\u00fcd\u00fcr\u00fc Serdar Yaprak, Mercedes-Benz Otomotiv Hafif Ticari Ara\u00e7lar \u0130kinci El Sat\u0131\u015f M\u00fcd\u00fcr\u00fc Faruk \u00d6zer, Mercedes-Benz Otomotiv Hafif Ticari Ara\u00e7lar Filo Sat\u0131\u015f Koordinat\u00f6r\u00fc Cihangir Eradag\u00f6r, G\u00fclsoy Otomotiv Genel M\u00fcd\u00fcr\u00fc \u0130smet Emre G\u00fclsoy ve G\u00fclsoy Otomotiv Hafif Ticari Ara\u00e7lar Sat\u0131\u015f M\u00fcd\u00fcr\u00fc Ebru Ta\u015fk\u0131n Kocagil teslim etti.<\/p>\n\n\n\n<p><strong>Mercedes-Benz Hafif Ticari Ara\u00e7lar Sat\u0131\u015f M\u00fcd\u00fcr\u00fc Serdar Yaprak:<\/strong> \u201c2020\u2019de oldu\u011fu gibi 2021 y\u0131l\u0131n\u0131 da yolcu ta\u015f\u0131mac\u0131l\u0131\u011f\u0131 alan\u0131nda lider olarak tamamlayarak 2022\u2019deki teslimatlar\u0131m\u0131za Y\u0131ld\u0131r\u0131m Turizm ile ba\u015fl\u0131yoruz. 2021\u2019de T\u00fcrkiye\u2019deki 25. y\u0131l\u0131n\u0131 kutlad\u0131\u011f\u0131m\u0131z Sprinter, 1996\u2019dan g\u00fcn\u00fcm\u00fcze hem personel hem de okul servisi alanlar\u0131nda sekt\u00f6r\u00fcm\u00fcz\u00fcn \u00f6ncelikli tercihi olmay\u0131 s\u00fcrd\u00fcr\u00fcyor. Sprinter ara\u00e7lar\u0131m\u0131z, konfor ve g\u00fcvenlik \u00f6zelliklerinin yan\u0131 s\u0131ra uygun i\u015fletme maliyetleri ve d\u00fc\u015f\u00fck yak\u0131t t\u00fcketimiyle de m\u00fc\u015fterilerimizin vazge\u00e7ilmezi oldu. Yeni Sprinter\u2019de bunlara ek olarak Minib\u00fcs, Panelvan ve Kamyonet olmak \u00fczere 3 ana se\u00e7enekte 1.700\u2019\u00fc a\u015fk\u0131n farkl\u0131 opsiyon sunuyoruz. Filosunu Mercedes-Benz Sprinter ile g\u00fc\u00e7lendiren Y\u0131ld\u0131r\u0131m Turizm\u2019e yeni ara\u00e7lar\u0131n\u0131n \u015firketlerine hay\u0131rl\u0131 olmas\u0131n\u0131 diliyor, t\u00fcm G\u00fclsoy Otomotiv \u00e7al\u0131\u015fanlar\u0131na te\u015fekk\u00fcrlerimi sunuyorum.\u201d dedi.<\/p>\n\n\n\n<p><strong>Y\u0131ld\u0131r\u0131m Turizm CEO\u2019su Esat Y\u0131ld\u0131r\u0131m: <\/strong>\u201cTemellerini bizzat 1996\u2019da att\u0131\u011f\u0131m Y\u0131ld\u0131r\u0131m Turizm, 1998 y\u0131l\u0131nda Y\u0131ld\u0131r\u0131m Turizm Ta\u015f. Ser. Hiz. \u0130n\u015f. Ltd. \u015eirketi ad\u0131 alt\u0131nda kurumsalla\u015fm\u0131\u015ft\u0131r. \u015eirketimizin 24 y\u0131ll\u0131k ba\u015far\u0131l\u0131 yolculu\u011funa katk\u0131s\u0131 olan \u00f6ncelikle \u00e7al\u0131\u015fanlar\u0131m\u0131za, tedarik\u00e7ilerimize ve referanslar\u0131yla m\u00fc\u015fteri portf\u00f6y\u00fcm\u00fcz\u00fc art\u0131ran, uzun y\u0131llard\u0131r hizmet verdi\u011fimiz m\u00fc\u015fterilerimize te\u015fekk\u00fcrlerimi sunar\u0131m. Ara\u00e7 park\u0131m\u0131z\u0131n yakla\u015f\u0131k y\u00fczde 80\u2019ini olu\u015fturan hafif ticari ara\u00e7 s\u0131n\u0131f\u0131nda tercihimizi 2011 y\u0131l\u0131ndan itibaren Mercedes-Benz markas\u0131ndan yana kullan\u0131yoruz. Hem s\u00fcr\u00fcc\u00fclerimiz hem de yolcular\u0131m\u0131z\u0131n ihtiya\u00e7lar\u0131na \u00fcst d\u00fczeyde cevap verebilen Sprinter\u2019\u0131n yeni nesli ile s\u00fcrd\u00fcr\u00fclebilir i\u015f birli\u011fimizi 13 adet Sprinter ara\u00e7 alarak devam ettiriyoruz. Konusunda uzmanla\u015fm\u0131\u015f g\u00fcvenilir kadromuz ve s\u00fcrekli yenilenen ara\u00e7 filomuzla personel, \u00f6\u011frenci ve di\u011fer t\u00fcm ula\u015f\u0131m alanlar\u0131nda kaliteli hizmet ve m\u00fc\u015fteri memnuniyeti ilkemizle yolumuza devam ediyoruz. Yeni Mercedes-Benz Sprinter Minib\u00fcslerimizi teslim eden t\u00fcm Mercedes-Benz ekibine ve G\u00fclsoy Otomotiv\u2019e te\u015fekk\u00fcr ediyor, ara\u00e7lar\u0131m\u0131z\u0131n hepimize hay\u0131rl\u0131 olmas\u0131n\u0131 diliyorum.\u201d<\/p>\n\n\n\n<p><strong>Mercedes-Benz Sprinter<\/strong><\/p>\n\n\n\n<p>T\u00fcrkiye\u2019de sat\u0131\u015fa sunuldu\u011fu 1996 y\u0131l\u0131ndan g\u00fcn\u00fcm\u00fcze, hafif ticari ara\u00e7lar s\u0131n\u0131f\u0131nda fark yaratan Mercedes-Benz Sprinter; May\u0131s 2019 itibar\u0131yla yenilenerek \u201cSprinter Sana Yak\u0131\u015f\u0131r\u201d slogan\u0131 ile sat\u0131\u015fa sunuldu. Minib\u00fcs, Panelvan ve Kamyonet olmak \u00fczere 3 ana se\u00e7enekte 1.700\u2019\u00fc a\u015fk\u0131n farkl\u0131 se\u00e7ene\u011fi sunulan Yeni Sprinter, m\u00fc\u015fterilerin talep ve beklentilerini kar\u015f\u0131lamak \u00fczere tasarland\u0131. Arac\u0131n temelini, maksimum seviyede mod\u00fcler bir yap\u0131 konsepti olu\u015fturuyor. Bu mod\u00fcler yap\u0131 konsepti ile \u015fehir i\u00e7i ve \u015fehir d\u0131\u015f\u0131 yolcu ta\u015f\u0131mac\u0131l\u0131\u011f\u0131 yapan, okul ve personel servisi hizmeti veren, nakliye ve kurye hizmetleri ger\u00e7ekle\u015ftiren firmalar i\u00e7in yeni \u00e7\u00f6z\u00fcm \u00f6nerileri sunuluyor.<\/p>\n\n\n\n<p><strong>Yeni nesil Sprinter Minib\u00fcs\u2019te 10+1\u2019den 22+1 ki\u015fiye kadar farkl\u0131 se\u00e7enekler<\/strong><\/p>\n\n\n\n<p>T\u00fcrkiye\u2019deki 25 y\u0131l\u0131 a\u015fk\u0131n Sprinter deneyiminin ard\u0131ndan Yeni Sprinter Minib\u00fcs; ister personel, ister okul arac\u0131 olarak, 10+1\u2019den 22+1 ki\u015fiye kadar sunmu\u015f oldu\u011fu s\u0131n\u0131f\u0131n\u0131n en geni\u015f \u00fcr\u00fcn yelpazesi ve standart olarak sundu\u011fu ayarlanabilir 3 noktal\u0131 emniyet kemerli yenilenen koltuklar\u0131 ile her ko\u015fulda g\u00fcvenli bir ortam yarat\u0131yor. Yeni Sprinter\u2019de hem \u00f6n hem de yolcu b\u00f6l\u00fcm\u00fc i\u00e7in ayr\u0131 klima sistemi, yeni i\u00e7 yan kaplamalar, arka hoparl\u00f6rler, her koltuk s\u0131ras\u0131 i\u00e7in USB giri\u015fleri ve telefon koyma yerleri ile de konforlu yolculuk deneyimi art\u0131yor.<\/p>\n\n\n\n<p>Yeni Sprinter\u2019in 5 ton azami y\u00fckl\u00fc a\u011f\u0131rl\u0131\u011fa sahip ara\u00e7larda kal\u0131n teker se\u00e7ene\u011fi yer al\u0131yor. Bu \u00f6zellik sayesinde ara\u00e7lar y\u00fcksek yolcu ve ta\u015f\u0131ma kapasitelerinde bile daha d\u00fc\u015f\u00fck bir yak\u0131t t\u00fcketimi sa\u011fl\u0131yor.<\/p>\n\n\n\n<p>Yeni Sprinter Minib\u00fcs, sahip oldu\u011fu elektrik destekli deri direksiyon simidi, s\u00fcspansiyonlu s\u00fcr\u00fcc\u00fc koltu\u011fu ve h\u0131z sabitleyici se\u00e7ene\u011fi ile s\u00fcr\u00fc\u015f konforunu art\u0131r\u0131rken; USB ve Bluetooth ara y\u00fczl\u00fc, y\u00fcksek \u00e7\u00f6z\u00fcn\u00fcrl\u00fckl\u00fc, geni\u015f dokunmatik ekranl\u0131, ak\u0131ll\u0131 telefon entegrasyonlu Mercedes-Benz multimedya sistemi ile de s\u00fcr\u00fc\u015f keyfine e\u011flence kat\u0131yor. Yeni Sprinter Minib\u00fcs modellerinde standart olarak sunulan multifonksiyonel direksiyon sayesinde, hem 5 in\u00e7 ekrana sahip renkli g\u00f6sterge panelindeki, hem de 10 in\u00e7lik y\u00fcksek \u00e7\u00f6z\u00fcn\u00fcrl\u00fckl\u00fc dokunmatik multimedya sistemindeki fonksiyonlara eri\u015fim sa\u011flan\u0131yor.<\/p>\n\n\n\n<p><strong>Teknolojik \u00f6zellikleriyle segmentinde konforlu bir deneyim<\/strong><\/p>\n\n\n\n<p>Yeni Mercedes-Benz Sprinter\u2019de arkadan iti\u015f ya da \u00f6nden \u00e7eki\u015f se\u00e7enekleri sunuluyor. \u00d6nden \u00e7eki\u015fli ara\u00e7lar, arkadan iti\u015fli ara\u00e7larla kar\u015f\u0131la\u015ft\u0131r\u0131ld\u0131\u011f\u0131nda arac\u0131n y\u00fck ta\u015f\u0131ma kapasitesi 50 kg art\u0131yor. Ayr\u0131ca \u00f6nden \u00e7eki\u015fli ara\u00e7lar\u0131n 80 mm daha al\u00e7ak olan y\u00fckleme e\u015fi\u011fi de ticari kullan\u0131mda y\u00fcklemeyi \u00f6nemli oranda kolayla\u015ft\u0131r\u0131yor ve kullan\u0131m konforunu art\u0131r\u0131yor.<\/p>\n\n\n\n<p>\u00d6nden \u00e7eki\u015fli Sprinter modellerinde sunulan 9 kademeli tork konvert\u00f6rl\u00fc otomatik \u015fanz\u0131man, ticari ara\u00e7 pazar\u0131nda \u00f6nemli bir yenilik olarak dikkat \u00e7ekerken, kendini kan\u0131tlam\u0131\u015f 6 ileri manuel \u015fanz\u0131man da Yeni Sprinter\u2019in \u00f6ne \u00e7\u0131kan \u00f6zellikleri aras\u0131nda yer al\u0131yor. Otomatik \u015fanz\u0131man\u0131n vites oranlar\u0131 yak\u0131t ekonomisi ile atak s\u00fcr\u00fc\u015f \u00f6zellikleri aras\u0131nda m\u00fcmk\u00fcn olan en iyi dengeyi sa\u011fl\u0131yor. Yeni \u015fanz\u0131man\u0131n beraberinde getirdi\u011fi bir di\u011fer \u00f6nemli avantaj ise daha d\u00fc\u015f\u00fck ses seviyesine ba\u011fl\u0131 olarak artan yol konforu. Geli\u015ftirilmi\u015f 6 ileri manuel \u015fanz\u0131man ise vites kolunda rahats\u0131z edici titre\u015fimlerin \u00f6n\u00fcne ge\u00e7en yap\u0131s\u0131yla kullan\u0131m konforunu destekliyor.<\/p>\n\n\n\n<p>Yeni nesil Sprinter\u2019de ergonomik tasar\u0131ml\u0131 konforlu koltuklar, anahtars\u0131z \u00e7al\u0131\u015ft\u0131rma ve optimize edilen iklimlendirme sistemi, \u00f6ne \u00e7\u0131kan yenilikler aras\u0131nda yer al\u0131yor. Ayr\u0131ca, kullan\u0131m amac\u0131na g\u00f6re \u015fekillendirilebilen saklama alanlar\u0131 da kullan\u0131c\u0131lar\u0131n kabin i\u00e7inde d\u00fczeni sa\u011flamas\u0131n\u0131 kolayla\u015ft\u0131r\u0131yor.<\/p>\n\n\n\n<p><strong>Yeni nesil Sprinter ile g\u00fcvenlik donan\u0131mlar\u0131nda y\u00fcksek standart<\/strong><\/p>\n\n\n\n<p>Yeni Mercedes-Benz Sprinter, g\u00fcvenlik alan\u0131nda y\u00fcksek standartlar sunuyor. Mesafe takip sistemi DISTRONIC, \u201cAktif Fren Asistan\u0131\u201d, \u201cAktif \u015eerit Takip Asistan\u0131\u201d ve yorgunluk uyar\u0131s\u0131 \u201cATTENTION ASSIST\u201d gibi elektronik asistanlar s\u00fcr\u00fc\u015f g\u00fcvenli\u011finde s\u00fcr\u00fcc\u00fcye destek oluyor. Bu donan\u0131mlara ek olarak, g\u00f6r\u00fcnt\u00fcy\u00fc i\u00e7 dikiz aynas\u0131na aktaran \u201cGeri G\u00f6r\u00fc\u015f Kameras\u0131\u201d, 360 derece g\u00f6r\u00fc\u015f a\u00e7\u0131s\u0131na sahip modern park yard\u0131mc\u0131s\u0131 veya cam silme i\u015flemi esnas\u0131nda maksimum g\u00f6r\u00fc\u015f alan\u0131 sunan entegre \u201cYa\u011fmur Tipi Silecek Sistemi\u201d, yeni nesil Sprinter ile birlikte yeni s\u00fcr\u00fc\u015f destek sistemleri olarak sunuluyor.<\/p>\n\n\n\n<figure class=\"wp-block-image size-large\"><img loading=\"lazy\" width=\"1024\" height=\"683\" src=\"http:\/\/blog.ulasimplatformu.com\/wp-content\/uploads\/2022\/01\/Yildirim-Turizme-13-adet-Mercedes-Benz-Sprinter-teslimati_03-1024x683.jpg\" alt=\"\" class=\"wp-image-4975\" srcset=\"http:\/\/blog.ulasimplatformu.com\/wp-content\/uploads\/2022\/01\/Yildirim-Turizme-13-adet-Mercedes-Benz-Sprinter-teslimati_03-1024x683.jpg 1024w, http:\/\/blog.ulasimplatformu.com\/wp-content\/uploads\/2022\/01\/Yildirim-Turizme-13-adet-Mercedes-Benz-Sprinter-teslimati_03-300x200.jpg 300w, http:\/\/blog.ulasimplatformu.com\/wp-content\/uploads\/2022\/01\/Yildirim-Turizme-13-adet-Mercedes-Benz-Sprinter-teslimati_03-768x512.jpg 768w, http:\/\/blog.ulasimplatformu.com\/wp-content\/uploads\/2022\/01\/Yildirim-Turizme-13-adet-Mercedes-Benz-Sprinter-teslimati_03-1536x1024.jpg 1536w, http:\/\/blog.ulasimplatformu.com\/wp-content\/uploads\/2022\/01\/Yildirim-Turizme-13-adet-Mercedes-Benz-Sprinter-teslimati_03-2048x1365.jpg 2048w, http:\/\/blog.ulasimplatformu.com\/wp-content\/uploads\/2022\/01\/Yildirim-Turizme-13-adet-Mercedes-Benz-Sprinter-teslimati_03-150x100.jpg 150w, http:\/\/blog.ulasimplatformu.com\/wp-content\/uploads\/2022\/01\/Yildirim-Turizme-13-adet-Mercedes-Benz-Sprinter-teslimati_03-696x464.jpg 696w, http:\/\/blog.ulasimplatformu.com\/wp-content\/uploads\/2022\/01\/Yildirim-Turizme-13-adet-Mercedes-Benz-Sprinter-teslimati_03-1068x712.jpg 1068w, http:\/\/blog.ulasimplatformu.com\/wp-content\/uploads\/2022\/01\/Yildirim-Turizme-13-adet-Mercedes-Benz-Sprinter-teslimati_03-1920x1280.jpg 1920w\" sizes=\"(max-width: 1024px) 100vw, 1024px\" \/><\/figure>\n\n\n\n<figure class=\"wp-block-image size-large\"><img loading=\"lazy\" width=\"1024\" height=\"683\" src=\"http:\/\/blog.ulasimplatformu.com\/wp-content\/uploads\/2022\/01\/Yildirim-Turizme-13-adet-Mercedes-Benz-Sprinter-teslimati_02-1024x683.jpg\" alt=\"\" class=\"wp-image-4974\" srcset=\"http:\/\/blog.ulasimplatformu.com\/wp-content\/uploads\/2022\/01\/Yildirim-Turizme-13-adet-Mercedes-Benz-Sprinter-teslimati_02-1024x683.jpg 1024w, http:\/\/blog.ulasimplatformu.com\/wp-content\/uploads\/2022\/01\/Yildirim-Turizme-13-adet-Mercedes-Benz-Sprinter-teslimati_02-300x200.jpg 300w, http:\/\/blog.ulasimplatformu.com\/wp-content\/uploads\/2022\/01\/Yildirim-Turizme-13-adet-Mercedes-Benz-Sprinter-teslimati_02-768x512.jpg 768w, http:\/\/blog.ulasimplatformu.com\/wp-content\/uploads\/2022\/01\/Yildirim-Turizme-13-adet-Mercedes-Benz-Sprinter-teslimati_02-1536x1024.jpg 1536w, http:\/\/blog.ulasimplatformu.com\/wp-content\/uploads\/2022\/01\/Yildirim-Turizme-13-adet-Mercedes-Benz-Sprinter-teslimati_02-2048x1365.jpg 2048w, http:\/\/blog.ulasimplatformu.com\/wp-content\/uploads\/2022\/01\/Yildirim-Turizme-13-adet-Mercedes-Benz-Sprinter-teslimati_02-150x100.jpg 150w, http:\/\/blog.ulasimplatformu.com\/wp-content\/uploads\/2022\/01\/Yildirim-Turizme-13-adet-Mercedes-Benz-Sprinter-teslimati_02-696x464.jpg 696w, http:\/\/blog.ulasimplatformu.com\/wp-content\/uploads\/2022\/01\/Yildirim-Turizme-13-adet-Mercedes-Benz-Sprinter-teslimati_02-1068x712.jpg 1068w, http:\/\/blog.ulasimplatformu.com\/wp-content\/uploads\/2022\/01\/Yildirim-Turizme-13-adet-Mercedes-Benz-Sprinter-teslimati_02-1920x1280.jpg 1920w\" sizes=\"(max-width: 1024px) 100vw, 1024px\" \/><\/figure>\n\n\n\n<figure class=\"wp-block-image size-large\"><img loading=\"lazy\" width=\"1024\" height=\"683\" src=\"http:\/\/blog.ulasimplatformu.com\/wp-content\/uploads\/2022\/01\/Yildirim-Turizme-13-adet-Mercedes-Benz-Sprinter-teslimati_01-1024x683.jpg\" alt=\"\" class=\"wp-image-4973\" srcset=\"http:\/\/blog.ulasimplatformu.com\/wp-content\/uploads\/2022\/01\/Yildirim-Turizme-13-adet-Mercedes-Benz-Sprinter-teslimati_01-1024x683.jpg 1024w, http:\/\/blog.ulasimplatformu.com\/wp-content\/uploads\/2022\/01\/Yildirim-Turizme-13-adet-Mercedes-Benz-Sprinter-teslimati_01-300x200.jpg 300w, http:\/\/blog.ulasimplatformu.com\/wp-content\/uploads\/2022\/01\/Yildirim-Turizme-13-adet-Mercedes-Benz-Sprinter-teslimati_01-768x512.jpg 768w, http:\/\/blog.ulasimplatformu.com\/wp-content\/uploads\/2022\/01\/Yildirim-Turizme-13-adet-Mercedes-Benz-Sprinter-teslimati_01-1536x1024.jpg 1536w, http:\/\/blog.ulasimplatformu.com\/wp-content\/uploads\/2022\/01\/Yildirim-Turizme-13-adet-Mercedes-Benz-Sprinter-teslimati_01-2048x1365.jpg 2048w, http:\/\/blog.ulasimplatformu.com\/wp-content\/uploads\/2022\/01\/Yildirim-Turizme-13-adet-Mercedes-Benz-Sprinter-teslimati_01-150x100.jpg 150w, http:\/\/blog.ulasimplatformu.com\/wp-content\/uploads\/2022\/01\/Yildirim-Turizme-13-adet-Mercedes-Benz-Sprinter-teslimati_01-696x464.jpg 696w, http:\/\/blog.ulasimplatformu.com\/wp-content\/uploads\/2022\/01\/Yildirim-Turizme-13-adet-Mercedes-Benz-Sprinter-teslimati_01-1068x712.jpg 1068w, http:\/\/blog.ulasimplatformu.com\/wp-content\/uploads\/2022\/01\/Yildirim-Turizme-13-adet-Mercedes-Benz-Sprinter-teslimati_01-1920x1280.jpg 1920w\" sizes=\"(max-width: 1024px) 100vw, 1024px\" \/><\/figure>\n","protected":false},"excerpt":{"rendered":"<p>Temelleri, 1996 y\u0131l\u0131nda, Esat Y\u0131ld\u0131r\u0131m\u2019\u0131n bireysel olarak personel ve \u00f6\u011frenci servisi faaliyetlerine ba\u015flamas\u0131yla at\u0131lan, \u0130stanbul, Kayseri, \u0130zmir, Sivas b\u00f6lgelerinde personel, okul ve turizm ta\u015f\u0131mac\u0131l\u0131\u011f\u0131 alan\u0131nda faaliyet g\u00f6steren Y\u0131ld\u0131r\u0131m Turizm, filosunu Aral\u0131k 2021\u2019de sat\u0131n almas\u0131n\u0131 ger\u00e7ekle\u015ftirdi\u011fi 13 Yeni Mercedes-Benz Sprinter ara\u00e7 ile yeniledi. 8\u2019i personel servisi, 5\u2019i de okul minib\u00fcs\u00fc olmak \u00fczere 13 Yeni Mercedes-Benz Sprinter\u2019in [&hellip;]<\/p>\n","protected":false},"author":4,"featured_media":4975,"comment_status":"open","ping_status":"open","sticky":false,"template":"","format":"standard","meta":{"tdm_status":"","tdm_grid_status":"","spay_email":""},"categories":[19],"tags":[],"jetpack_featured_media_url":"http:\/\/blog.ulasimplatformu.com\/wp-content\/uploads\/2022\/01\/Yildirim-Turizme-13-adet-Mercedes-Benz-Sprinter-teslimati_03.jpg","jetpack_sharing_enabled":true,"amp_enabled":true,"_links":{"self":[{"href":"http:\/\/blog.ulasimplatformu.com\/index.php\/wp-json\/wp\/v2\/posts\/4970"}],"collection":[{"href":"http:\/\/blog.ulasimplatformu.com\/index.php\/wp-json\/wp\/v2\/posts"}],"about":[{"href":"http:\/\/blog.ulasimplatformu.com\/index.php\/wp-json\/wp\/v2\/types\/post"}],"author":[{"embeddable":true,"href":"http:\/\/blog.ulasimplatformu.com\/index.php\/wp-json\/wp\/v2\/users\/4"}],"replies":[{"embeddable":true,"href":"http:\/\/blog.ulasimplatformu.com\/index.php\/wp-json\/wp\/v2\/comments?post=4970"}],"version-history":[{"count":1,"href":"http:\/\/blog.ulasimplatformu.com\/index.php\/wp-json\/wp\/v2\/posts\/4970\/revisions"}],"predecessor-version":[{"id":4987,"href":"http:\/\/blog.ulasimplatformu.com\/index.php\/wp-json\/wp\/v2\/posts\/4970\/revisions\/4987"}],"wp:featuredmedia":[{"embeddable":true,"href":"http:\/\/blog.ulasimplatformu.com\/index.php\/wp-json\/wp\/v2\/media\/4975"}],"wp:attachment":[{"href":"http:\/\/blog.ulasimplatformu.com\/index.php\/wp-json\/wp\/v2\/media?parent=4970"}],"wp:term":[{"taxonomy":"category","embeddable":true,"href":"http:\/\/blog.ulasimplatformu.com\/index.php\/wp-json\/wp\/v2\/categories?post=4970"},{"taxonomy":"post_tag","embeddable":true,"href":"http:\/\/blog.ulasimplatformu.com\/index.php\/wp-json\/wp\/v2\/tags?post=4970"}],"curies":[{"name":"wp","href":"https:\/\/api.w.org\/{rel}","templated":true}]}}