{"id":5170,"date":"2022-02-10T21:15:50","date_gmt":"2022-02-10T18:15:50","guid":{"rendered":"http:\/\/blog.ulasimplatformu.com\/?p=5170"},"modified":"2022-02-10T21:15:54","modified_gmt":"2022-02-10T18:15:54","slug":"dfds-akdeniz-is-birimi-ile-agir-nakliyeciler-dernegi-arasindaki-anlasma-ile-agir-vasitalar-karayolu-yerine-deniz-ulasimindan-faydalanacak","status":"publish","type":"post","link":"http:\/\/blog.ulasimplatformu.com\/index.php\/2022\/02\/10\/dfds-akdeniz-is-birimi-ile-agir-nakliyeciler-dernegi-arasindaki-anlasma-ile-agir-vasitalar-karayolu-yerine-deniz-ulasimindan-faydalanacak\/","title":{"rendered":"DFDS Akdeniz \u0130\u015f Birimi ile A\u011f\u0131r Nakliyeciler Derne\u011fi aras\u0131ndaki anla\u015fma ile a\u011f\u0131r vas\u0131talar karayolu yerine deniz ula\u015f\u0131m\u0131ndan faydalanacak"},"content":{"rendered":"\n<h1><em>DFDS Akdeniz \u0130\u015f Birimi ile A\u011f\u0131r Nakliyeciler Derne\u011fi aras\u0131nda ger\u00e7ekle\u015ftirilen sa\u011flad\u0131\u011f\u0131 anla\u015fma ile \u0130stanbul Asya ve Avrupa yakas\u0131 aras\u0131ndaki t\u00fcm m\u00fc\u015fterilerin ta\u015f\u0131malar\u0131n\u0131 yapt\u0131\u011f\u0131 Pendik\/Kumcular-Ambarl\u0131\/Kumport Limanlar\u0131 aras\u0131ndaki kabotaj seferlerinden b\u00fct\u00fcn dahili nakliyeciler faydalanacak.<\/em><\/h1>\n\n\n\n<p>DFDS Akdeniz \u0130\u015f Birimi, 20 Ocak 2022 tarihi itibar\u0131yla A\u011f\u0131r Nakliyeciler Derne\u011fi (AND) ile sa\u011flad\u0131\u011f\u0131 anla\u015fma do\u011frultusunda \u0130stanbul, Asya ve Avrupa&#8217;da bulunan t\u00fcm m\u00fc\u015fterilerine Pendik\/Kumcular-Ambarl\u0131\/Kumport seferlerini ba\u015flatt\u0131. Pendik\/Anadolu Yakas\u0131 ve Ambarl\u0131-Kumport\/Avrupa Yakas\u0131 aras\u0131ndaki bu d\u00fczenli seferlerden i\u00e7 ula\u015f\u0131m ara\u00e7lar\u0131 yararlanacak.<\/p>\n\n\n\n<p><strong>DFDS Akdeniz \u0130\u015f Birimi Sat\u0131\u015f ve \u0130\u015f Geli\u015ftirme Direkt\u00f6r\u00fc \u00d6nder Ba\u015fbo\u011fa <\/strong>anla\u015fma ile ilgili \u015f\u00f6yle konu\u015ftu:\u201cDFDS ile A\u011f\u0131r Nakliyeciler Derne\u011fi aras\u0131nda yap\u0131lan bu anla\u015fma, \u0130stanbul&#8217;da \u00f6zellikle Anadolu-Avrupa istikametinde \u00f6zel ara\u00e7larla gabari d\u0131\u015f\u0131 ta\u015f\u0131malar\u0131 \u0130stanbul trafi\u011fine girmeden Pendik-Ambarl\u0131 aras\u0131nda d\u00fczenli feribot seferlerimizi kullanarak daha kolay hale getirmeyi ama\u00e7l\u0131yor. B\u00f6ylece feribot seferlerimizin doluluk oran\u0131 artacak, a\u011f\u0131r ta\u015f\u0131mac\u0131l\u0131k yapan firmalara avantajl\u0131 fiyatlar ve operasyon kolayl\u0131\u011f\u0131 sa\u011flanacakt\u0131r. \u00dclkemizin en b\u00fcy\u00fck metropol\u00fc olan \u0130stanbul&#8217;da a\u011f\u0131r vas\u0131talar\u0131n karayolu yerine deniz ula\u015f\u0131m imkanlar\u0131n\u0131 kullanmas\u0131n\u0131 sa\u011flayaca\u011f\u0131z. Bunun vatanda\u015flar\u0131m\u0131z\u0131n hayat\u0131n\u0131 kolayla\u015ft\u0131racak bir katk\u0131 sa\u011flayaca\u011f\u0131n\u0131 d\u00fc\u015f\u00fcn\u00fcyoruz. A\u011f\u0131r Nakliyeciler Derne\u011fi Ba\u015fkan\u0131 Yasin Bayraktar&#8217;a ve bu kapsamda i\u015f birli\u011fi yapt\u0131\u011f\u0131m\u0131z y\u00f6netim kurulu \u00fcyelerine te\u015fekk\u00fcr ediyorum.&#8221;<\/p>\n\n\n\n<p><strong>A\u011f\u0131r Nakliyeciler Derne\u011fi Y\u00f6netim Kurulu Ba\u015fkan\u0131 Yasin Bayraktar<\/strong> ger\u00e7ekle\u015ftirilen anla\u015fma hakk\u0131nda \u015funlar\u0131 s\u00f6yledi: \u201cAND olarak DFDS ile yapt\u0131\u011f\u0131m\u0131z bu anla\u015fma ile \u00fcyelerimizin i\u015fini kolayla\u015ft\u0131rmay\u0131 ama\u00e7l\u0131yoruz. \u0130stanbul&#8217;da karayolu g\u00fczergah\u0131na alternatif olan denizyolu ula\u015f\u0131m imkanlar\u0131n\u0131n artmas\u0131 ve ula\u015f\u0131m sekt\u00f6r\u00fc i\u00e7in yeni g\u00fczergahlar olu\u015fturmas\u0131ndan memnuniyet duyuyoruz. Bu noktada bu i\u015f birli\u011finin \u00fcyelerimize hay\u0131rl\u0131 olmas\u0131n\u0131 diliyorum\u201d dedi.<\/p>\n\n\n\n<p><strong>DFDS Hakk\u0131nda: <\/strong>DFDS, Avrupa&#8217;da ta\u015f\u0131mac\u0131l\u0131k ve nakliye hizmetleri sunmaktad\u0131r. 8.000&#8217;den fazla nakliyeci, DFDS\u2019nin gemi ve liman terminali hizmetlerine ek olarak esnek ta\u015f\u0131mac\u0131l\u0131k ve lojistik \u00e7\u00f6z\u00fcmlerine g\u00fcveniyor. DFDS\u2019nin 10.000 binden fazla \u00e7al\u0131\u015fan\u0131, 20\u2019den fazla \u00fclkeden olu\u015fan a\u011f\u0131nda yer alan gemilerde ve ofislerde g\u00f6rev al\u0131yor. 1866 y\u0131l\u0131nda kurulmu\u015f olan ve merkezi Kopenhag\u2019da bulunan DFDS, Nasdaq Kopenhag&#8217;da i\u015flem g\u00f6r\u00fcyor.<\/p>\n\n\n\n<figure class=\"wp-block-gallery columns-1 is-cropped\"><ul class=\"blocks-gallery-grid\"><li class=\"blocks-gallery-item\"><figure><img loading=\"lazy\" width=\"768\" height=\"1024\" src=\"https:\/\/blog.ulasimplatformu.com\/wp-content\/uploads\/2022\/02\/1644337943_IMG_20220120_WA0003-768x1024.jpg\" alt=\"\" data-id=\"5174\" data-full-url=\"https:\/\/blog.ulasimplatformu.com\/wp-content\/uploads\/2022\/02\/1644337943_IMG_20220120_WA0003.jpg\" data-link=\"https:\/\/blog.ulasimplatformu.com\/?attachment_id=5174\" class=\"wp-image-5174\" srcset=\"http:\/\/blog.ulasimplatformu.com\/wp-content\/uploads\/2022\/02\/1644337943_IMG_20220120_WA0003-768x1024.jpg 768w, http:\/\/blog.ulasimplatformu.com\/wp-content\/uploads\/2022\/02\/1644337943_IMG_20220120_WA0003-225x300.jpg 225w, http:\/\/blog.ulasimplatformu.com\/wp-content\/uploads\/2022\/02\/1644337943_IMG_20220120_WA0003-1152x1536.jpg 1152w, http:\/\/blog.ulasimplatformu.com\/wp-content\/uploads\/2022\/02\/1644337943_IMG_20220120_WA0003-150x200.jpg 150w, http:\/\/blog.ulasimplatformu.com\/wp-content\/uploads\/2022\/02\/1644337943_IMG_20220120_WA0003-300x400.jpg 300w, http:\/\/blog.ulasimplatformu.com\/wp-content\/uploads\/2022\/02\/1644337943_IMG_20220120_WA0003-696x928.jpg 696w, http:\/\/blog.ulasimplatformu.com\/wp-content\/uploads\/2022\/02\/1644337943_IMG_20220120_WA0003-1068x1424.jpg 1068w, http:\/\/blog.ulasimplatformu.com\/wp-content\/uploads\/2022\/02\/1644337943_IMG_20220120_WA0003.jpg 1536w\" sizes=\"(max-width: 768px) 100vw, 768px\" \/><\/figure><\/li><\/ul><\/figure>\n","protected":false},"excerpt":{"rendered":"<p>DFDS Akdeniz \u0130\u015f Birimi ile A\u011f\u0131r Nakliyeciler Derne\u011fi aras\u0131nda ger\u00e7ekle\u015ftirilen sa\u011flad\u0131\u011f\u0131 anla\u015fma ile \u0130stanbul Asya ve Avrupa yakas\u0131 aras\u0131ndaki t\u00fcm m\u00fc\u015fterilerin ta\u015f\u0131malar\u0131n\u0131 yapt\u0131\u011f\u0131 Pendik\/Kumcular-Ambarl\u0131\/Kumport Limanlar\u0131 aras\u0131ndaki kabotaj seferlerinden b\u00fct\u00fcn dahili nakliyeciler faydalanacak. DFDS Akdeniz \u0130\u015f Birimi, 20 Ocak 2022 tarihi itibar\u0131yla A\u011f\u0131r Nakliyeciler Derne\u011fi (AND) ile sa\u011flad\u0131\u011f\u0131 anla\u015fma do\u011frultusunda \u0130stanbul, Asya ve Avrupa&#8217;da bulunan t\u00fcm [&hellip;]<\/p>\n","protected":false},"author":4,"featured_media":5177,"comment_status":"open","ping_status":"open","sticky":false,"template":"","format":"standard","meta":{"tdm_status":"","tdm_grid_status":"","spay_email":""},"categories":[21],"tags":[],"jetpack_featured_media_url":"http:\/\/blog.ulasimplatformu.com\/wp-content\/uploads\/2022\/02\/1644337946_IMG_20220120_WA0009.jpg","jetpack_sharing_enabled":true,"amp_enabled":true,"_links":{"self":[{"href":"http:\/\/blog.ulasimplatformu.com\/index.php\/wp-json\/wp\/v2\/posts\/5170"}],"collection":[{"href":"http:\/\/blog.ulasimplatformu.com\/index.php\/wp-json\/wp\/v2\/posts"}],"about":[{"href":"http:\/\/blog.ulasimplatformu.com\/index.php\/wp-json\/wp\/v2\/types\/post"}],"author":[{"embeddable":true,"href":"http:\/\/blog.ulasimplatformu.com\/index.php\/wp-json\/wp\/v2\/users\/4"}],"replies":[{"embeddable":true,"href":"http:\/\/blog.ulasimplatformu.com\/index.php\/wp-json\/wp\/v2\/comments?post=5170"}],"version-history":[{"count":1,"href":"http:\/\/blog.ulasimplatformu.com\/index.php\/wp-json\/wp\/v2\/posts\/5170\/revisions"}],"predecessor-version":[{"id":5187,"href":"http:\/\/blog.ulasimplatformu.com\/index.php\/wp-json\/wp\/v2\/posts\/5170\/revisions\/5187"}],"wp:featuredmedia":[{"embeddable":true,"href":"http:\/\/blog.ulasimplatformu.com\/index.php\/wp-json\/wp\/v2\/media\/5177"}],"wp:attachment":[{"href":"http:\/\/blog.ulasimplatformu.com\/index.php\/wp-json\/wp\/v2\/media?parent=5170"}],"wp:term":[{"taxonomy":"category","embeddable":true,"href":"http:\/\/blog.ulasimplatformu.com\/index.php\/wp-json\/wp\/v2\/categories?post=5170"},{"taxonomy":"post_tag","embeddable":true,"href":"http:\/\/blog.ulasimplatformu.com\/index.php\/wp-json\/wp\/v2\/tags?post=5170"}],"curies":[{"name":"wp","href":"https:\/\/api.w.org\/{rel}","templated":true}]}}