{"id":5375,"date":"2022-03-05T09:39:31","date_gmt":"2022-03-05T06:39:31","guid":{"rendered":"http:\/\/blog.ulasimplatformu.com\/?p=5375"},"modified":"2022-03-05T09:39:36","modified_gmt":"2022-03-05T06:39:36","slug":"mercedes-benz-turk-transaktas-global-lojistike-100-adet-1853-ls-teslim-etti","status":"publish","type":"post","link":"http:\/\/blog.ulasimplatformu.com\/index.php\/2022\/03\/05\/mercedes-benz-turk-transaktas-global-lojistike-100-adet-1853-ls-teslim-etti\/","title":{"rendered":"Mercedes-Benz T\u00fcrk, Transakta\u015f Global Lojistik\u2019e 100 adet 1853 LS teslim etti"},"content":{"rendered":"\n<ul><li><strong>Mercedes-Benz T\u00fcrk, Transakta<\/strong><strong>\u015f<\/strong><strong> Global Lojistik<\/strong><strong>\u2019<\/strong><strong>e 100 adet 1853 LS teslim etti.<\/strong><\/li><li><strong>Ger\u00e7ekle<\/strong><strong>\u015f<\/strong><strong>tirilen teslimat ile birlikte, Transakta<\/strong><strong>\u015f<\/strong><strong> Global Lojistik<\/strong><strong>\u2019<\/strong><strong>in 2017 y<\/strong><strong>\u0131<\/strong><strong>l<\/strong><strong>\u0131<\/strong><strong>ndan bu yana Mercedes-Benz T<\/strong><strong>\u00fc<\/strong><strong>rk<\/strong><strong>\u2019<\/strong><strong>ten sat<\/strong><strong>\u0131<\/strong><strong>n ald<\/strong><strong>\u0131<\/strong><strong>\u011f<\/strong><strong>\u0131<\/strong><strong> toplam ara<\/strong><strong>\u00e7<\/strong><strong> say<\/strong><strong>\u0131<\/strong><strong>s<\/strong><strong>\u0131<\/strong><strong> 200 adedi a<\/strong><strong>\u015f<\/strong><strong>t<\/strong><strong>\u0131<\/strong><strong>.<\/strong><\/li><li><strong>Transakta<\/strong><strong>\u015f<\/strong><strong> Global Lojistik, teslim ald\u0131<\/strong><strong>\u011f<\/strong><strong>\u0131<\/strong><strong> 100 adet yeni Mercedes-Benz y<\/strong><strong>\u0131<\/strong><strong>ld<\/strong><strong>\u0131<\/strong><strong>zl<\/strong><strong>\u0131<\/strong><strong> arac<\/strong><strong>\u0131<\/strong><strong>n<\/strong><strong>\u0131<\/strong><strong> uluslararas<\/strong><strong>\u0131<\/strong><strong> nakliye alan<\/strong><strong>\u0131<\/strong><strong>nda kullanacak.<\/strong><\/li><\/ul>\n\n\n\n<p>Transakta\u015f Global Lojistik, 20 farkl\u0131 renkte ve 10\u2019u Plus paket olmak \u00fczere toplam 100 adet 1853 LS\u2019yi d\u00fczenlenen t\u00f6renle teslim ald\u0131. Ta\u015f\u0131mac\u0131l\u0131k faaliyetlerini 1995 y\u0131l\u0131ndan bu yana aral\u0131ks\u0131z olarak s\u00fcrd\u00fcren Transakta\u015f Global Lojistik\u2019in ara\u00e7 filosunda 150 adedi a\u015fk\u0131n Mercedes-Benz Actros modellerinden bulunuyor.<\/p>\n\n\n\n<p>Mercedes-Benz Finansal Hizmetler\u2019in sa\u011flad\u0131\u011f\u0131 kredi ve takas olanaklar\u0131 ile yap\u0131lan sat\u0131\u015f\u0131n ard\u0131ndan Kapadokya\u2019da ger\u00e7ekle\u015ftirilen teslimatta; Transakta\u015f Global Lojistik Kurucusu Ahmet Akta\u015f ara\u00e7lar\u0131n\u0131, Mercedes-Benz T\u00fcrk Kamyon Filo Sat\u0131\u015f Grup M\u00fcd\u00fcr\u00fc Yusuf Ad\u0131g\u00fczel ve Koluman Tarsus Kamyon Sat\u0131\u015f M\u00fcd\u00fcr\u00fc Onur Kahyalar\u2019dan teslim ald\u0131.<\/p>\n\n\n\n<p>Ba\u015fta Avrupa ve Orta Do\u011fu olmak \u00fczere uluslararas\u0131 nakliye alan\u0131nda hizmet veren Mersin merkezli Transakta\u015f Global Lojistik ile Mercedes-Benz T\u00fcrk aras\u0131nda 2017\u2019den itibaren s\u00fcren i\u015f birli\u011fi, 100 adetlik teslimatla g\u00fc\u00e7lenerek devam ediyor. Tamamlanan teslimatla birlikte, Transakta\u015f Global Lojistik\u2019in 2017 y\u0131l\u0131ndan bu yana Mercedes-Benz T\u00fcrk\u2019ten sat\u0131n ald\u0131\u011f\u0131 toplam ara\u00e7 say\u0131s\u0131 200 adedi a\u015ft\u0131.<\/p>\n\n\n\n<p><strong>Mercedes-Benz T\u00fcrk Kamyon Filo Sat\u0131<\/strong><strong>\u015f<\/strong><strong> Grup M<\/strong><strong>\u00fc<\/strong><strong>d<\/strong><strong>\u00fc<\/strong><strong>r<\/strong><strong>\u00fc<\/strong><strong> Yusuf Ad\u0131g\u00fczel<\/strong>, konu hakk\u0131nda yapt\u0131\u011f\u0131 a\u00e7\u0131klamada, \u201cBug\u00fcn, Transakta\u015f Global Lojistik\u2019in talebi \u00fczerine farkl\u0131 opsiyonlarla Aksaray Kamyon Fabrikas\u0131\u2019nda \u00fcretti\u011fimiz 100 adet Actros 1853 LS\u2019yi teslim etmekten dolay\u0131 \u00e7ok mutluyuz. Bu \u00f6zel kamyonlar\u0131m\u0131z\u0131n Transakta\u015f Global Lojistik\u2019e hay\u0131rl\u0131 olmas\u0131n\u0131 diliyor, sat\u0131\u015fta eme\u011fi ge\u00e7en herkese te\u015fekk\u00fcrlerimi sunuyorum.\u201d dedi.<\/p>\n\n\n\n<p><strong>Transakta<\/strong><strong>\u015f<\/strong><strong> Global Lojistik Kurucusu Ahmet Akta<\/strong><strong>\u015f<\/strong><strong>, <\/strong>teslimat s\u0131ras\u0131nda yapt\u0131\u011f\u0131 konu\u015fmada; \u201cGe\u00e7ti\u011fimiz y\u0131l, Aksaray Kamyon Fabrikas\u0131\u2019nda \u00fcretilen 300.000\u2019inci kamyon olan Actros 1851 Plus\u2019\u0131 filomuza dahil etmi\u015ftik. Bug\u00fcn ise 100 adet Actros 1853 LS&#8217;yi teslim al\u0131yoruz. Y\u00fcksek standartlar\u0131, kalitesi, g\u00fcvenli\u011fi, performans\u0131, yak\u0131t tasarrufu, d\u00fc\u015f\u00fck i\u015fletme maliyetleri sebebiyle \u015fof\u00f6rlerimizin \u00f6ncelikli tercihi olan Mercedes-Benz Actors modellerini filomuza katmaya devam edece\u011fiz. \u0130steklerimiz do\u011frultusunda \u00fcretilen bu \u00f6zel Actros 1853&#8217;LS&#8217;lerin filomuza dahil edilmesinde eme\u011fi ge\u00e7en Mercedes-Benz T\u00fcrk yetkililerine, Mercedes-Benz T\u00fcrk Bayii Koluman Tarsus\u2019a ve kredilendirilmesindeki destekleri i\u00e7in Mercedes-Benz Finansal Hizmetler\u2019e t\u00fcm \u015firketimiz ad\u0131na \u00e7ok te\u015fekk\u00fcr ederim.\u201d \u015feklinde konu\u015ftu.<\/p>\n\n\n\n<figure class=\"wp-block-image size-large\"><img loading=\"lazy\" width=\"1024\" height=\"683\" src=\"http:\/\/blog.ulasimplatformu.com\/wp-content\/uploads\/2022\/03\/Mercedes-Benz-Turk-Transaktas-Global-Lojistike-100-adet-1853-LS-teslim-etti_01-1024x683.jpg\" alt=\"\" class=\"wp-image-5376\" srcset=\"http:\/\/blog.ulasimplatformu.com\/wp-content\/uploads\/2022\/03\/Mercedes-Benz-Turk-Transaktas-Global-Lojistike-100-adet-1853-LS-teslim-etti_01-1024x683.jpg 1024w, http:\/\/blog.ulasimplatformu.com\/wp-content\/uploads\/2022\/03\/Mercedes-Benz-Turk-Transaktas-Global-Lojistike-100-adet-1853-LS-teslim-etti_01-300x200.jpg 300w, http:\/\/blog.ulasimplatformu.com\/wp-content\/uploads\/2022\/03\/Mercedes-Benz-Turk-Transaktas-Global-Lojistike-100-adet-1853-LS-teslim-etti_01-768x512.jpg 768w, http:\/\/blog.ulasimplatformu.com\/wp-content\/uploads\/2022\/03\/Mercedes-Benz-Turk-Transaktas-Global-Lojistike-100-adet-1853-LS-teslim-etti_01-1536x1024.jpg 1536w, http:\/\/blog.ulasimplatformu.com\/wp-content\/uploads\/2022\/03\/Mercedes-Benz-Turk-Transaktas-Global-Lojistike-100-adet-1853-LS-teslim-etti_01-2048x1366.jpg 2048w, http:\/\/blog.ulasimplatformu.com\/wp-content\/uploads\/2022\/03\/Mercedes-Benz-Turk-Transaktas-Global-Lojistike-100-adet-1853-LS-teslim-etti_01-150x100.jpg 150w, http:\/\/blog.ulasimplatformu.com\/wp-content\/uploads\/2022\/03\/Mercedes-Benz-Turk-Transaktas-Global-Lojistike-100-adet-1853-LS-teslim-etti_01-696x464.jpg 696w, http:\/\/blog.ulasimplatformu.com\/wp-content\/uploads\/2022\/03\/Mercedes-Benz-Turk-Transaktas-Global-Lojistike-100-adet-1853-LS-teslim-etti_01-1068x712.jpg 1068w, http:\/\/blog.ulasimplatformu.com\/wp-content\/uploads\/2022\/03\/Mercedes-Benz-Turk-Transaktas-Global-Lojistike-100-adet-1853-LS-teslim-etti_01-1920x1280.jpg 1920w\" sizes=\"(max-width: 1024px) 100vw, 1024px\" \/><\/figure>\n\n\n\n<figure class=\"wp-block-image size-large\"><img loading=\"lazy\" width=\"1024\" height=\"683\" src=\"http:\/\/blog.ulasimplatformu.com\/wp-content\/uploads\/2022\/03\/Mercedes-Benz-Turk-Transaktas-Global-Lojistike-100-adet-1853-LS-teslim-etti_02-1024x683.jpg\" alt=\"\" class=\"wp-image-5377\" srcset=\"http:\/\/blog.ulasimplatformu.com\/wp-content\/uploads\/2022\/03\/Mercedes-Benz-Turk-Transaktas-Global-Lojistike-100-adet-1853-LS-teslim-etti_02-1024x683.jpg 1024w, http:\/\/blog.ulasimplatformu.com\/wp-content\/uploads\/2022\/03\/Mercedes-Benz-Turk-Transaktas-Global-Lojistike-100-adet-1853-LS-teslim-etti_02-300x200.jpg 300w, http:\/\/blog.ulasimplatformu.com\/wp-content\/uploads\/2022\/03\/Mercedes-Benz-Turk-Transaktas-Global-Lojistike-100-adet-1853-LS-teslim-etti_02-768x512.jpg 768w, http:\/\/blog.ulasimplatformu.com\/wp-content\/uploads\/2022\/03\/Mercedes-Benz-Turk-Transaktas-Global-Lojistike-100-adet-1853-LS-teslim-etti_02-1536x1024.jpg 1536w, http:\/\/blog.ulasimplatformu.com\/wp-content\/uploads\/2022\/03\/Mercedes-Benz-Turk-Transaktas-Global-Lojistike-100-adet-1853-LS-teslim-etti_02-2048x1366.jpg 2048w, http:\/\/blog.ulasimplatformu.com\/wp-content\/uploads\/2022\/03\/Mercedes-Benz-Turk-Transaktas-Global-Lojistike-100-adet-1853-LS-teslim-etti_02-150x100.jpg 150w, http:\/\/blog.ulasimplatformu.com\/wp-content\/uploads\/2022\/03\/Mercedes-Benz-Turk-Transaktas-Global-Lojistike-100-adet-1853-LS-teslim-etti_02-696x464.jpg 696w, http:\/\/blog.ulasimplatformu.com\/wp-content\/uploads\/2022\/03\/Mercedes-Benz-Turk-Transaktas-Global-Lojistike-100-adet-1853-LS-teslim-etti_02-1068x712.jpg 1068w, http:\/\/blog.ulasimplatformu.com\/wp-content\/uploads\/2022\/03\/Mercedes-Benz-Turk-Transaktas-Global-Lojistike-100-adet-1853-LS-teslim-etti_02-1920x1280.jpg 1920w\" sizes=\"(max-width: 1024px) 100vw, 1024px\" \/><\/figure>\n\n\n\n<figure class=\"wp-block-image size-large\"><img loading=\"lazy\" width=\"1024\" height=\"683\" src=\"http:\/\/blog.ulasimplatformu.com\/wp-content\/uploads\/2022\/03\/Mercedes-Benz-Turk-Transaktas-Global-Lojistike-100-adet-1853-LS-teslim-etti_03-1024x683.jpg\" alt=\"\" class=\"wp-image-5378\" srcset=\"http:\/\/blog.ulasimplatformu.com\/wp-content\/uploads\/2022\/03\/Mercedes-Benz-Turk-Transaktas-Global-Lojistike-100-adet-1853-LS-teslim-etti_03-1024x683.jpg 1024w, http:\/\/blog.ulasimplatformu.com\/wp-content\/uploads\/2022\/03\/Mercedes-Benz-Turk-Transaktas-Global-Lojistike-100-adet-1853-LS-teslim-etti_03-300x200.jpg 300w, http:\/\/blog.ulasimplatformu.com\/wp-content\/uploads\/2022\/03\/Mercedes-Benz-Turk-Transaktas-Global-Lojistike-100-adet-1853-LS-teslim-etti_03-768x512.jpg 768w, http:\/\/blog.ulasimplatformu.com\/wp-content\/uploads\/2022\/03\/Mercedes-Benz-Turk-Transaktas-Global-Lojistike-100-adet-1853-LS-teslim-etti_03-1536x1024.jpg 1536w, http:\/\/blog.ulasimplatformu.com\/wp-content\/uploads\/2022\/03\/Mercedes-Benz-Turk-Transaktas-Global-Lojistike-100-adet-1853-LS-teslim-etti_03-2048x1366.jpg 2048w, http:\/\/blog.ulasimplatformu.com\/wp-content\/uploads\/2022\/03\/Mercedes-Benz-Turk-Transaktas-Global-Lojistike-100-adet-1853-LS-teslim-etti_03-150x100.jpg 150w, http:\/\/blog.ulasimplatformu.com\/wp-content\/uploads\/2022\/03\/Mercedes-Benz-Turk-Transaktas-Global-Lojistike-100-adet-1853-LS-teslim-etti_03-696x464.jpg 696w, http:\/\/blog.ulasimplatformu.com\/wp-content\/uploads\/2022\/03\/Mercedes-Benz-Turk-Transaktas-Global-Lojistike-100-adet-1853-LS-teslim-etti_03-1068x712.jpg 1068w, http:\/\/blog.ulasimplatformu.com\/wp-content\/uploads\/2022\/03\/Mercedes-Benz-Turk-Transaktas-Global-Lojistike-100-adet-1853-LS-teslim-etti_03-1920x1280.jpg 1920w\" sizes=\"(max-width: 1024px) 100vw, 1024px\" \/><\/figure>\n\n\n\n<figure class=\"wp-block-image size-large\"><img loading=\"lazy\" width=\"1024\" height=\"683\" src=\"http:\/\/blog.ulasimplatformu.com\/wp-content\/uploads\/2022\/03\/Mercedes-Benz-Turk-Transaktas-Global-Lojistike-100-adet-1853-LS-teslim-etti_04-1024x683.jpg\" alt=\"\" class=\"wp-image-5379\" srcset=\"http:\/\/blog.ulasimplatformu.com\/wp-content\/uploads\/2022\/03\/Mercedes-Benz-Turk-Transaktas-Global-Lojistike-100-adet-1853-LS-teslim-etti_04-1024x683.jpg 1024w, http:\/\/blog.ulasimplatformu.com\/wp-content\/uploads\/2022\/03\/Mercedes-Benz-Turk-Transaktas-Global-Lojistike-100-adet-1853-LS-teslim-etti_04-300x200.jpg 300w, http:\/\/blog.ulasimplatformu.com\/wp-content\/uploads\/2022\/03\/Mercedes-Benz-Turk-Transaktas-Global-Lojistike-100-adet-1853-LS-teslim-etti_04-768x512.jpg 768w, http:\/\/blog.ulasimplatformu.com\/wp-content\/uploads\/2022\/03\/Mercedes-Benz-Turk-Transaktas-Global-Lojistike-100-adet-1853-LS-teslim-etti_04-1536x1024.jpg 1536w, http:\/\/blog.ulasimplatformu.com\/wp-content\/uploads\/2022\/03\/Mercedes-Benz-Turk-Transaktas-Global-Lojistike-100-adet-1853-LS-teslim-etti_04-2048x1366.jpg 2048w, http:\/\/blog.ulasimplatformu.com\/wp-content\/uploads\/2022\/03\/Mercedes-Benz-Turk-Transaktas-Global-Lojistike-100-adet-1853-LS-teslim-etti_04-150x100.jpg 150w, http:\/\/blog.ulasimplatformu.com\/wp-content\/uploads\/2022\/03\/Mercedes-Benz-Turk-Transaktas-Global-Lojistike-100-adet-1853-LS-teslim-etti_04-696x464.jpg 696w, http:\/\/blog.ulasimplatformu.com\/wp-content\/uploads\/2022\/03\/Mercedes-Benz-Turk-Transaktas-Global-Lojistike-100-adet-1853-LS-teslim-etti_04-1068x712.jpg 1068w, http:\/\/blog.ulasimplatformu.com\/wp-content\/uploads\/2022\/03\/Mercedes-Benz-Turk-Transaktas-Global-Lojistike-100-adet-1853-LS-teslim-etti_04-1920x1280.jpg 1920w\" sizes=\"(max-width: 1024px) 100vw, 1024px\" \/><\/figure>\n","protected":false},"excerpt":{"rendered":"<p>Mercedes-Benz T\u00fcrk, Transakta\u015f Global Lojistik\u2019e 100 adet 1853 LS teslim etti. Ger\u00e7ekle\u015ftirilen teslimat ile birlikte, Transakta\u015f Global Lojistik\u2019in 2017 y\u0131l\u0131ndan bu yana Mercedes-Benz T\u00fcrk\u2019ten sat\u0131n ald\u0131\u011f\u0131 toplam ara\u00e7 say\u0131s\u0131 200 adedi a\u015ft\u0131. Transakta\u015f Global Lojistik, teslim ald\u0131\u011f\u0131 100 adet yeni Mercedes-Benz y\u0131ld\u0131zl\u0131 arac\u0131n\u0131 uluslararas\u0131 nakliye alan\u0131nda kullanacak. Transakta\u015f Global Lojistik, 20 farkl\u0131 renkte ve 10\u2019u [&hellip;]<\/p>\n","protected":false},"author":4,"featured_media":5376,"comment_status":"open","ping_status":"open","sticky":false,"template":"","format":"standard","meta":{"tdm_status":"","tdm_grid_status":"","spay_email":""},"categories":[19],"tags":[],"jetpack_featured_media_url":"http:\/\/blog.ulasimplatformu.com\/wp-content\/uploads\/2022\/03\/Mercedes-Benz-Turk-Transaktas-Global-Lojistike-100-adet-1853-LS-teslim-etti_01.jpg","jetpack_sharing_enabled":true,"amp_enabled":true,"_links":{"self":[{"href":"http:\/\/blog.ulasimplatformu.com\/index.php\/wp-json\/wp\/v2\/posts\/5375"}],"collection":[{"href":"http:\/\/blog.ulasimplatformu.com\/index.php\/wp-json\/wp\/v2\/posts"}],"about":[{"href":"http:\/\/blog.ulasimplatformu.com\/index.php\/wp-json\/wp\/v2\/types\/post"}],"author":[{"embeddable":true,"href":"http:\/\/blog.ulasimplatformu.com\/index.php\/wp-json\/wp\/v2\/users\/4"}],"replies":[{"embeddable":true,"href":"http:\/\/blog.ulasimplatformu.com\/index.php\/wp-json\/wp\/v2\/comments?post=5375"}],"version-history":[{"count":1,"href":"http:\/\/blog.ulasimplatformu.com\/index.php\/wp-json\/wp\/v2\/posts\/5375\/revisions"}],"predecessor-version":[{"id":5380,"href":"http:\/\/blog.ulasimplatformu.com\/index.php\/wp-json\/wp\/v2\/posts\/5375\/revisions\/5380"}],"wp:featuredmedia":[{"embeddable":true,"href":"http:\/\/blog.ulasimplatformu.com\/index.php\/wp-json\/wp\/v2\/media\/5376"}],"wp:attachment":[{"href":"http:\/\/blog.ulasimplatformu.com\/index.php\/wp-json\/wp\/v2\/media?parent=5375"}],"wp:term":[{"taxonomy":"category","embeddable":true,"href":"http:\/\/blog.ulasimplatformu.com\/index.php\/wp-json\/wp\/v2\/categories?post=5375"},{"taxonomy":"post_tag","embeddable":true,"href":"http:\/\/blog.ulasimplatformu.com\/index.php\/wp-json\/wp\/v2\/tags?post=5375"}],"curies":[{"name":"wp","href":"https:\/\/api.w.org\/{rel}","templated":true}]}}