{"id":5611,"date":"2022-04-07T10:03:25","date_gmt":"2022-04-07T07:03:25","guid":{"rendered":"http:\/\/blog.ulasimplatformu.com\/?p=5611"},"modified":"2022-04-07T10:03:30","modified_gmt":"2022-04-07T07:03:30","slug":"anadolu-isuzudan-hirvatistan-pazarina-12-adet-kendo-interliner-otobus-ihracati","status":"publish","type":"post","link":"http:\/\/blog.ulasimplatformu.com\/index.php\/2022\/04\/07\/anadolu-isuzudan-hirvatistan-pazarina-12-adet-kendo-interliner-otobus-ihracati\/","title":{"rendered":"Anadolu Isuzu\u2019dan H\u0131rvatistan pazar\u0131na 12 adet Kendo\/Interliner otob\u00fcs ihracat\u0131"},"content":{"rendered":"\n<p><strong>T\u00fcrkiye\u2019nin ticari ara\u00e7 markas\u0131 Anadolu Isuzu, Do\u011fu Avrupa\u2019n\u0131n \u00f6nemli pazarlar\u0131ndan H\u0131rvatistan\u2019a 12 adet Kendo\/Interliner otob\u00fcs\u00fcn teslimat\u0131n\u0131 ger\u00e7ekle\u015ftirdi.<\/strong><\/p>\n\n\n\n<p>2021 y\u0131l\u0131nda rekor ihracat rakamlar\u0131na imza atan Anadolu Isuzu, yeni y\u0131ldaki hedefleri do\u011frultusunda yurt d\u0131\u015f\u0131nda yeni pazarlara a\u00e7\u0131l\u0131rken mevcut pazarlardaki varl\u0131\u011f\u0131n\u0131 da g\u00fc\u00e7lendirmeye devam ediyor. Anadolu Isuzu, son olarak Do\u011fu Avrupa b\u00f6lgesinin \u00f6nde gelen pazarlar\u0131ndan olan H\u0131rvatistan\u2019a 12 adet Kendo\/Interliner otob\u00fcs\u00fcn teslimat\u0131n\u0131 ger\u00e7ekle\u015ftirdi. Yakla\u015f\u0131k 20 y\u0131ld\u0131r H\u0131rvatistan\u2019da aktif faaliyetlerini s\u00fcrd\u00fcren Anadolu Isuzu\u2019nun bug\u00fcne kadar bu \u00fclkeye ihra\u00e7 etti\u011fi ara\u00e7 say\u0131s\u0131 250\u2019ye ula\u015ft\u0131. Anadolu Isuzu\u2019nun teslimat\u0131n\u0131 ger\u00e7ekle\u015ftirdi\u011fi otob\u00fcsler \u00f6zellikle turizm ta\u015f\u0131mac\u0131l\u0131\u011f\u0131 alan\u0131nda g\u00fc\u00e7l\u00fc bir pazar konumunda olan H\u0131rvatistan\u2019\u0131n farkl\u0131 \u015fehirlerinde toplu ta\u015f\u0131ma ve \u015fehir i\u00e7i ula\u015f\u0131m alan\u0131nda kullan\u0131lacak.<\/p>\n\n\n\n<p><strong>Anadolu Isuzu Ticari Fonksiyonlar Grup Direkt\u00f6r\u00fc Hakan Kefo\u011flu konuyla ilgili a\u00e7\u0131klamas\u0131nda \u015fu de\u011ferlendirmede bulundu:<\/strong><\/p>\n\n\n\n<p>\u201cAnadolu Isuzu olarak 2022 y\u0131l\u0131na ili\u015fkin \u015firket hedeflerimiz do\u011frultusunda yurt d\u0131\u015f\u0131nda yeni pazarlara a\u00e7\u0131l\u0131rken mevcut pazarlardaki varl\u0131\u011f\u0131m\u0131z\u0131 da g\u00fc\u00e7lendirmeye devam ediyoruz. \u015eekerp\u0131nar\u2019daki tesislerimizde, modern kentlerin en g\u00fcncel talep ve ihtiya\u00e7lar\u0131n\u0131 dikkate alarak geli\u015ftirip \u00fcretti\u011fimiz Kendo\/Interliner modelimiz \u00f6zellikle Avrupa pazarlar\u0131nda b\u00fcy\u00fck bir ilgi g\u00f6r\u00fcyor. \u00dcst\u00fcn \u00f6zellikleri ve \u00f6zg\u00fcn, yenilik\u00e7i aerodinamik tasar\u0131m\u0131yla bug\u00fcne kadar yurt i\u00e7inde ve yurt d\u0131\u015f\u0131nda bir\u00e7ok prestijli \u00f6d\u00fcle lay\u0131k g\u00f6r\u00fclen Kendo\/Interliner \u00fcr\u00fcn ailemizin ihracat rakamlar\u0131n\u0131 daha da y\u00fckseltmeye devam edece\u011fiz.\u201d\u00a0<\/p>\n\n\n\n<figure class=\"wp-block-gallery columns-1 is-cropped\"><ul class=\"blocks-gallery-grid\"><li class=\"blocks-gallery-item\"><figure><img loading=\"lazy\" width=\"1024\" height=\"768\" src=\"http:\/\/blog.ulasimplatformu.com\/wp-content\/uploads\/2022\/04\/1649231508_G__rsel1-1024x768.jpg\" alt=\"\" data-id=\"5613\" data-full-url=\"http:\/\/blog.ulasimplatformu.com\/wp-content\/uploads\/2022\/04\/1649231508_G__rsel1.jpg\" data-link=\"http:\/\/blog.ulasimplatformu.com\/?attachment_id=5613\" class=\"wp-image-5613\" srcset=\"http:\/\/blog.ulasimplatformu.com\/wp-content\/uploads\/2022\/04\/1649231508_G__rsel1-1024x768.jpg 1024w, http:\/\/blog.ulasimplatformu.com\/wp-content\/uploads\/2022\/04\/1649231508_G__rsel1-300x225.jpg 300w, http:\/\/blog.ulasimplatformu.com\/wp-content\/uploads\/2022\/04\/1649231508_G__rsel1-768x576.jpg 768w, http:\/\/blog.ulasimplatformu.com\/wp-content\/uploads\/2022\/04\/1649231508_G__rsel1-1536x1152.jpg 1536w, http:\/\/blog.ulasimplatformu.com\/wp-content\/uploads\/2022\/04\/1649231508_G__rsel1-2048x1536.jpg 2048w, http:\/\/blog.ulasimplatformu.com\/wp-content\/uploads\/2022\/04\/1649231508_G__rsel1-150x113.jpg 150w, http:\/\/blog.ulasimplatformu.com\/wp-content\/uploads\/2022\/04\/1649231508_G__rsel1-696x522.jpg 696w, http:\/\/blog.ulasimplatformu.com\/wp-content\/uploads\/2022\/04\/1649231508_G__rsel1-1068x801.jpg 1068w, http:\/\/blog.ulasimplatformu.com\/wp-content\/uploads\/2022\/04\/1649231508_G__rsel1-1920x1440.jpg 1920w\" sizes=\"(max-width: 1024px) 100vw, 1024px\" \/><\/figure><\/li><\/ul><\/figure>\n\n\n\n<p><strong>Kendo\/Interliner, modern ula\u015f\u0131m ihtiya\u00e7lar\u0131na \u00e7\u00f6z\u00fcm getiriyor<\/strong><\/p>\n\n\n\n<p>Anadolu Isuzu\u2019nun H\u0131rvatistan\u2019a teslimat\u0131n\u0131 ger\u00e7ekle\u015ftirdi\u011fi Kendo\/Interliner 12.3 modeli y\u00fcksek motor g\u00fcc\u00fc, tam otomatik \u015fanz\u0131man\u0131 ile engel tan\u0131m\u0131yor, yolcusuna ve s\u00fcr\u00fcc\u00fcs\u00fcne ula\u015f\u0131mda konfor sunuyor. Geni\u015f bagaj kapasitesi ile \u00f6ne \u00e7\u0131kan Kendo\/Interliner, 12.3 metre uzunlu\u011fu, y\u00fcksek manevra kabiliyeti, 59 yolcu koltu\u011fu kapasitesi ve ayakta yolcu ta\u015f\u0131ma \u00f6zelli\u011fi ile i\u015fletmecisine y\u00fcksek katk\u0131 sa\u011fl\u0131yor. Anadolu Isuzu\u2019nun Ar-Ge merkezinde geli\u015ftirilen ve ak\u0131ll\u0131 g\u00fcvenlik sistemlerine sahip olan Kendo\/Interliner, s\u00fcr\u00fcc\u00fc ve s\u00fcr\u00fc\u015f puanlama sistemi gibi geli\u015fmi\u015f \u00f6zellikleri, farkl\u0131 s\u00fcr\u00fc\u015f modlar\u0131 ve d\u00fc\u015f\u00fck yak\u0131t t\u00fcketimi ile segmentinde \u00f6ne \u00e7\u0131k\u0131yor. Yenilik\u00e7i aerodinamik tasar\u0131m\u0131 ile be\u011feni toplayan Kendo\/Interliner 12.3, \u00f6zg\u00fcn tasar\u0131m\u0131yla da yurt i\u00e7inde ve d\u0131\u015f\u0131nda \u00f6nemli \u00f6d\u00fcller ald\u0131. Ak\u0131lc\u0131 ve g\u00f6z al\u0131c\u0131 tasar\u0131m \u00f6zellikleri ile segmentine \u00f6nc\u00fcl\u00fck eden Kendo \/ Interliner 12.3 modeli, 2021 y\u0131l\u0131nda Design T\u00fcrkiye End\u00fcstriyel Tasar\u0131m \u00d6d\u00fclleri yar\u0131\u015fmas\u0131nda Ula\u015f\u0131m Ara\u00e7lar\u0131 kategorisinde \u0130yi Tasar\u0131m \u00d6d\u00fcl\u00fcn\u00fc \u00f6d\u00fcl\u00fcn\u00fc kazand\u0131. Kendo \/ Interliner 12.3 ayr\u0131ca 2020 y\u0131l\u0131nda \u0130talya merkezli tasar\u0131m yar\u0131\u015fmas\u0131 A\u2019 Design Award yar\u0131\u015fmas\u0131nda \u2018Gold A\u2019 Design \u00f6d\u00fcl\u00fcne; Avrupa\u2019da yarat\u0131c\u0131l\u0131\u011f\u0131 te\u015fvik etmek amac\u0131yla d\u00fczenlenen tasar\u0131m yar\u0131\u015fmas\u0131 BIG SEE Awards 2021\u2019de \u00dcr\u00fcn Tasar\u0131m\u0131 kategorisinde \u00f6d\u00fcle lay\u0131k g\u00f6r\u00fcld\u00fc.<\/p>\n\n\n\n<p><\/p>\n\n\n\n<figure class=\"wp-block-gallery columns-1 is-cropped\"><ul class=\"blocks-gallery-grid\"><li class=\"blocks-gallery-item\"><figure><img loading=\"lazy\" width=\"1024\" height=\"768\" src=\"http:\/\/blog.ulasimplatformu.com\/wp-content\/uploads\/2022\/04\/1649231510_G__rsel2-1024x768.jpg\" alt=\"\" data-id=\"5614\" data-full-url=\"http:\/\/blog.ulasimplatformu.com\/wp-content\/uploads\/2022\/04\/1649231510_G__rsel2.jpg\" data-link=\"http:\/\/blog.ulasimplatformu.com\/?attachment_id=5614\" class=\"wp-image-5614\" srcset=\"http:\/\/blog.ulasimplatformu.com\/wp-content\/uploads\/2022\/04\/1649231510_G__rsel2-1024x768.jpg 1024w, http:\/\/blog.ulasimplatformu.com\/wp-content\/uploads\/2022\/04\/1649231510_G__rsel2-300x225.jpg 300w, http:\/\/blog.ulasimplatformu.com\/wp-content\/uploads\/2022\/04\/1649231510_G__rsel2-768x576.jpg 768w, http:\/\/blog.ulasimplatformu.com\/wp-content\/uploads\/2022\/04\/1649231510_G__rsel2-1536x1152.jpg 1536w, http:\/\/blog.ulasimplatformu.com\/wp-content\/uploads\/2022\/04\/1649231510_G__rsel2-2048x1536.jpg 2048w, http:\/\/blog.ulasimplatformu.com\/wp-content\/uploads\/2022\/04\/1649231510_G__rsel2-150x113.jpg 150w, http:\/\/blog.ulasimplatformu.com\/wp-content\/uploads\/2022\/04\/1649231510_G__rsel2-696x522.jpg 696w, http:\/\/blog.ulasimplatformu.com\/wp-content\/uploads\/2022\/04\/1649231510_G__rsel2-1068x801.jpg 1068w, http:\/\/blog.ulasimplatformu.com\/wp-content\/uploads\/2022\/04\/1649231510_G__rsel2-1920x1440.jpg 1920w\" sizes=\"(max-width: 1024px) 100vw, 1024px\" \/><\/figure><\/li><\/ul><\/figure>\n","protected":false},"excerpt":{"rendered":"<p>T\u00fcrkiye\u2019nin ticari ara\u00e7 markas\u0131 Anadolu Isuzu, Do\u011fu Avrupa\u2019n\u0131n \u00f6nemli pazarlar\u0131ndan H\u0131rvatistan\u2019a 12 adet Kendo\/Interliner otob\u00fcs\u00fcn teslimat\u0131n\u0131 ger\u00e7ekle\u015ftirdi. 2021 y\u0131l\u0131nda rekor ihracat rakamlar\u0131na imza atan Anadolu Isuzu, yeni y\u0131ldaki hedefleri do\u011frultusunda yurt d\u0131\u015f\u0131nda yeni pazarlara a\u00e7\u0131l\u0131rken mevcut pazarlardaki varl\u0131\u011f\u0131n\u0131 da g\u00fc\u00e7lendirmeye devam ediyor. Anadolu Isuzu, son olarak Do\u011fu Avrupa b\u00f6lgesinin \u00f6nde gelen pazarlar\u0131ndan olan H\u0131rvatistan\u2019a 12 [&hellip;]<\/p>\n","protected":false},"author":1,"featured_media":5613,"comment_status":"open","ping_status":"open","sticky":false,"template":"","format":"standard","meta":{"tdm_status":"","tdm_grid_status":"","spay_email":""},"categories":[19,26],"tags":[873,884,721,40],"jetpack_featured_media_url":"http:\/\/blog.ulasimplatformu.com\/wp-content\/uploads\/2022\/04\/1649231508_G__rsel1.jpg","jetpack_sharing_enabled":true,"amp_enabled":true,"_links":{"self":[{"href":"http:\/\/blog.ulasimplatformu.com\/index.php\/wp-json\/wp\/v2\/posts\/5611"}],"collection":[{"href":"http:\/\/blog.ulasimplatformu.com\/index.php\/wp-json\/wp\/v2\/posts"}],"about":[{"href":"http:\/\/blog.ulasimplatformu.com\/index.php\/wp-json\/wp\/v2\/types\/post"}],"author":[{"embeddable":true,"href":"http:\/\/blog.ulasimplatformu.com\/index.php\/wp-json\/wp\/v2\/users\/1"}],"replies":[{"embeddable":true,"href":"http:\/\/blog.ulasimplatformu.com\/index.php\/wp-json\/wp\/v2\/comments?post=5611"}],"version-history":[{"count":2,"href":"http:\/\/blog.ulasimplatformu.com\/index.php\/wp-json\/wp\/v2\/posts\/5611\/revisions"}],"predecessor-version":[{"id":5616,"href":"http:\/\/blog.ulasimplatformu.com\/index.php\/wp-json\/wp\/v2\/posts\/5611\/revisions\/5616"}],"wp:featuredmedia":[{"embeddable":true,"href":"http:\/\/blog.ulasimplatformu.com\/index.php\/wp-json\/wp\/v2\/media\/5613"}],"wp:attachment":[{"href":"http:\/\/blog.ulasimplatformu.com\/index.php\/wp-json\/wp\/v2\/media?parent=5611"}],"wp:term":[{"taxonomy":"category","embeddable":true,"href":"http:\/\/blog.ulasimplatformu.com\/index.php\/wp-json\/wp\/v2\/categories?post=5611"},{"taxonomy":"post_tag","embeddable":true,"href":"http:\/\/blog.ulasimplatformu.com\/index.php\/wp-json\/wp\/v2\/tags?post=5611"}],"curies":[{"name":"wp","href":"https:\/\/api.w.org\/{rel}","templated":true}]}}