{"id":6420,"date":"2022-09-20T10:35:01","date_gmt":"2022-09-20T07:35:01","guid":{"rendered":"http:\/\/blog.ulasimplatformu.com\/?p=6420"},"modified":"2022-09-20T10:35:10","modified_gmt":"2022-09-20T07:35:10","slug":"mercedes-benz-turk-otobus-kaptanlariyla-ankarada-bir-araya-geldi","status":"publish","type":"post","link":"http:\/\/blog.ulasimplatformu.com\/index.php\/2022\/09\/20\/mercedes-benz-turk-otobus-kaptanlariyla-ankarada-bir-araya-geldi\/","title":{"rendered":"Mercedes-Benz T\u00fcrk, otob\u00fcs kaptanlar\u0131yla Ankara&#8217;da bir araya geldi"},"content":{"rendered":"\n<ul><li><strong>Mercedes-Benz T\u00fcrk, Ankara A\u015eT\u0130 Otogar\u0131\u2019nda otob\u00fcs kaptanlar\u0131 i\u00e7in \u00f6zel bir etkinlik d\u00fczenledi.<\/strong><\/li><li><strong>&#8220;Yollar\u0131n Ger\u00e7ek Kahramanlar\u0131na Sayg\u0131yla&#8221; slogan\u0131 ile ger\u00e7ekle\u015ftirilen etkinlikte, otob\u00fcs kaptanlar\u0131 kendilerine \u00f6zel haz\u0131rlanan aktivitelerle keyifli bir g\u00fcn ge\u00e7irdiler.<\/strong><\/li><\/ul>\n\n\n\n<p>Ho\u015fdere Otob\u00fcs Fabrikas\u0131\u2019nda \u00fcretti\u011fi son teknolojiye sahip seyahat otob\u00fcsleri ile uzun y\u0131llard\u0131r pazardaki \u00f6nc\u00fc konumunu koruyan Mercedes-Benz T\u00fcrk, yolcular\u0131n g\u00fcvenle seyahat etmeleri konusunda hayati bir rol \u00fcstlenen otob\u00fcs kaptanlar\u0131yla bir araya geldi. Eyl\u00fcl ay\u0131nda Ankara A\u015eT\u0130 Otogar\u0131 &#8211; Otob\u00fcs Park Alan\u0131\u2019nda ger\u00e7ekle\u015ftirilen etkinlikte, otob\u00fcs kaptanlar\u0131n\u0131n kendilerine \u00f6zel haz\u0131rlanan aktivitelerle keyifli bir \u015fekilde vakit ge\u00e7irmeleri sa\u011fland\u0131. Etkinlik kapsam\u0131nda, t\u00fcm yolcu koltuklar\u0131 \u00fc\u00e7 noktal\u0131 emniyet kemerleri ile donat\u0131lan Mercedes-Benz Travego 16 2+1 otob\u00fcs\u00fc yak\u0131ndan inceleme f\u0131rsat\u0131n\u0131 yakalayan kaptanlar, yenilikler hakk\u0131nda yetkililerden bilgi alma \u015fans\u0131na da sahip oldular.<\/p>\n\n\n\n<p>Otob\u00fcs kaptanlar\u0131n\u0131n \u00f6d\u00fcll\u00fc oyun ve yar\u0131\u015fmalarla e\u011flenceli bir g\u00fcn ge\u00e7irdi\u011fi etkinlik kapsam\u0131nda; otob\u00fcs \u00f6n\u00fcnde karikat\u00fcr \u00e7izimi ve etkinlik g\u00fcn\u00fcne \u00f6zel foto\u011fraf panosunda hat\u0131ra foto\u011fraf\u0131 \u00e7ekimi yap\u0131l\u0131rken, isme \u00f6zel Mercedes-Benz formas\u0131 gibi \u00e7e\u015fitli hediyeler de verildi.<\/p>\n\n\n\n<p><strong>15 y\u0131ldan uzun s\u00fcredir otob\u00fcs kaptanlar\u0131na e\u011fitim veriyor<\/strong><\/p>\n\n\n\n<p>Kamu, filo ve bireysel otob\u00fcs m\u00fc\u015fterilerine y\u00f6nelik 15 y\u0131ldan uzun s\u00fcredir \u201cOtob\u00fcs S\u00fcr\u00fcc\u00fc E\u011fitimleri\u201d d\u00fczenleyen Mercedes Benz T\u00fcrk, \u201cOtob\u00fcs S\u00fcr\u00fcc\u00fc E\u011fitim Program\u0131\u201dna 2022 y\u0131l\u0131nda da devam ediyor. G\u00fcvenli, ekonomik, konforlu ve ileri g\u00f6r\u00fc\u015fl\u00fc yeni ara\u00e7 s\u00fcr\u00fc\u015f tarz\u0131n\u0131n \u00fclke \u00e7ap\u0131nda yayg\u0131nla\u015ft\u0131r\u0131lmas\u0131n\u0131 hedefleyen e\u011fitimlerden, son 5 y\u0131lda sadece seyahat otob\u00fcsleri sekt\u00f6r\u00fcnden yakla\u015f\u0131k 3.000 kaptan yararland\u0131.<\/p>\n\n\n\n<p>Otob\u00fcs S\u00fcr\u00fcc\u00fc E\u011fitimleri, \u201cEkonomik Ara\u00e7 Kullan\u0131m E\u011fitimi\u201d ve \u201cAra\u00e7 Tan\u0131t\u0131m E\u011fitimi\u201d olmak \u00fczere iki farkl\u0131 kapsamda d\u00fczenleniyor. Otob\u00fcs s\u00fcr\u00fcc\u00fcleri ve \u015firketler, \u0130stanbul Had\u0131mk\u00f6y\u2019de bulunan Mercedes-Benz T\u00fcrk Pazarlama Merkezi Kamp\u00fcs\u00fc i\u00e7erisinde yer alan Mercedes-Benz T\u00fcrk E\u011fitim Merkezi\u2019nde veya tercihe ba\u011fl\u0131 olarak firma tesislerinde, mobil olarak d\u00fczenlenen teorik ve pratik e\u011fitimlerden yararlanabiliyorlar.<\/p>\n\n\n\n<p>Ara\u00e7lar\u0131n teknik tan\u0131t\u0131m\u0131n\u0131n yap\u0131ld\u0131\u011f\u0131 \u201cAra\u00e7 Tan\u0131t\u0131m E\u011fitimi\u201d ile Mercedes-Benz\u2019in yeni otob\u00fcs teknolojilerinin verimli kullan\u0131lmas\u0131 ama\u00e7lan\u0131yor. Verilen e\u011fitimlerle; s\u00fcr\u00fc\u015f ve yolcu ta\u015f\u0131ma performans\u0131n\u0131n art\u0131r\u0131lmas\u0131, s\u00fcr\u00fcc\u00fcler ve yolcular i\u00e7in konforun art\u0131r\u0131lmas\u0131, konfor sistemlerinin do\u011fru i\u015fletimi sayesinde s\u00fcr\u00fcc\u00fcn\u00fcn kondisyonunun ve dolay\u0131s\u0131yla s\u00fcr\u00fc\u015f emniyetinin sa\u011flanmas\u0131 da hedefleniyor. E\u011fitim sonras\u0131nda elde edilen geli\u015fimler, firmalara m\u00fc\u015fteri memnuniyeti olarak geri d\u00f6n\u00fcyor.<\/p>\n\n\n\n<p>\u201cEkonomik Ara\u00e7 Kullan\u0131m E\u011fitimi\u201dnde ise, Mercedes-Benz\u2019in yeni otob\u00fcs s\u00fcr\u00fc\u015f asistan sistemleri, Euro 6 motor ve Powershift \u015fanz\u0131man teknolojisinin verimli kullan\u0131lmas\u0131n\u0131n yan\u0131nda, yeni s\u00fcr\u00fc\u015f felsefesi sayesinde m\u00fc\u015fteri k\u00e2rl\u0131l\u0131\u011f\u0131n\u0131n ve verimlili\u011finin art\u0131r\u0131lmas\u0131; yak\u0131t, bak\u0131m ve sarf malzeme giderlerinin azalt\u0131lmas\u0131 hedefleniyor.<\/p>\n\n\n\n<figure class=\"wp-block-image size-large\"><img loading=\"lazy\" width=\"1024\" height=\"682\" src=\"http:\/\/blog.ulasimplatformu.com\/wp-content\/uploads\/2022\/09\/Mercedes-Benz-Turk-otobus-kaptanlariyla-Ankarada-bir-araya-geldi_01-1024x682.jpg\" alt=\"\" class=\"wp-image-6429\" srcset=\"http:\/\/blog.ulasimplatformu.com\/wp-content\/uploads\/2022\/09\/Mercedes-Benz-Turk-otobus-kaptanlariyla-Ankarada-bir-araya-geldi_01-1024x682.jpg 1024w, http:\/\/blog.ulasimplatformu.com\/wp-content\/uploads\/2022\/09\/Mercedes-Benz-Turk-otobus-kaptanlariyla-Ankarada-bir-araya-geldi_01-300x200.jpg 300w, http:\/\/blog.ulasimplatformu.com\/wp-content\/uploads\/2022\/09\/Mercedes-Benz-Turk-otobus-kaptanlariyla-Ankarada-bir-araya-geldi_01-768x512.jpg 768w, http:\/\/blog.ulasimplatformu.com\/wp-content\/uploads\/2022\/09\/Mercedes-Benz-Turk-otobus-kaptanlariyla-Ankarada-bir-araya-geldi_01-1536x1024.jpg 1536w, http:\/\/blog.ulasimplatformu.com\/wp-content\/uploads\/2022\/09\/Mercedes-Benz-Turk-otobus-kaptanlariyla-Ankarada-bir-araya-geldi_01-150x100.jpg 150w, http:\/\/blog.ulasimplatformu.com\/wp-content\/uploads\/2022\/09\/Mercedes-Benz-Turk-otobus-kaptanlariyla-Ankarada-bir-araya-geldi_01-696x464.jpg 696w, http:\/\/blog.ulasimplatformu.com\/wp-content\/uploads\/2022\/09\/Mercedes-Benz-Turk-otobus-kaptanlariyla-Ankarada-bir-araya-geldi_01-1068x712.jpg 1068w, http:\/\/blog.ulasimplatformu.com\/wp-content\/uploads\/2022\/09\/Mercedes-Benz-Turk-otobus-kaptanlariyla-Ankarada-bir-araya-geldi_01-1920x1280.jpg 1920w, http:\/\/blog.ulasimplatformu.com\/wp-content\/uploads\/2022\/09\/Mercedes-Benz-Turk-otobus-kaptanlariyla-Ankarada-bir-araya-geldi_01.jpg 2000w\" sizes=\"(max-width: 1024px) 100vw, 1024px\" \/><\/figure>\n\n\n\n<figure class=\"wp-block-image size-large\"><img loading=\"lazy\" width=\"683\" height=\"1024\" src=\"http:\/\/blog.ulasimplatformu.com\/wp-content\/uploads\/2022\/09\/Mercedes-Benz-Turk-otobus-kaptanlariyla-Ankarada-bir-araya-geldi_04-683x1024.jpg\" alt=\"\" class=\"wp-image-6430\" srcset=\"http:\/\/blog.ulasimplatformu.com\/wp-content\/uploads\/2022\/09\/Mercedes-Benz-Turk-otobus-kaptanlariyla-Ankarada-bir-araya-geldi_04-683x1024.jpg 683w, http:\/\/blog.ulasimplatformu.com\/wp-content\/uploads\/2022\/09\/Mercedes-Benz-Turk-otobus-kaptanlariyla-Ankarada-bir-araya-geldi_04-200x300.jpg 200w, http:\/\/blog.ulasimplatformu.com\/wp-content\/uploads\/2022\/09\/Mercedes-Benz-Turk-otobus-kaptanlariyla-Ankarada-bir-araya-geldi_04-768x1152.jpg 768w, http:\/\/blog.ulasimplatformu.com\/wp-content\/uploads\/2022\/09\/Mercedes-Benz-Turk-otobus-kaptanlariyla-Ankarada-bir-araya-geldi_04-150x225.jpg 150w, http:\/\/blog.ulasimplatformu.com\/wp-content\/uploads\/2022\/09\/Mercedes-Benz-Turk-otobus-kaptanlariyla-Ankarada-bir-araya-geldi_04-300x450.jpg 300w, http:\/\/blog.ulasimplatformu.com\/wp-content\/uploads\/2022\/09\/Mercedes-Benz-Turk-otobus-kaptanlariyla-Ankarada-bir-araya-geldi_04-696x1044.jpg 696w, http:\/\/blog.ulasimplatformu.com\/wp-content\/uploads\/2022\/09\/Mercedes-Benz-Turk-otobus-kaptanlariyla-Ankarada-bir-araya-geldi_04.jpg 1000w\" sizes=\"(max-width: 683px) 100vw, 683px\" \/><\/figure>\n\n\n\n<figure class=\"wp-block-image size-large\"><img loading=\"lazy\" width=\"1024\" height=\"682\" src=\"http:\/\/blog.ulasimplatformu.com\/wp-content\/uploads\/2022\/09\/Mercedes-Benz-Turk-otobus-kaptanlariyla-Ankarada-bir-araya-geldi_05-1024x682.jpg\" alt=\"\" class=\"wp-image-6431\" srcset=\"http:\/\/blog.ulasimplatformu.com\/wp-content\/uploads\/2022\/09\/Mercedes-Benz-Turk-otobus-kaptanlariyla-Ankarada-bir-araya-geldi_05-1024x682.jpg 1024w, http:\/\/blog.ulasimplatformu.com\/wp-content\/uploads\/2022\/09\/Mercedes-Benz-Turk-otobus-kaptanlariyla-Ankarada-bir-araya-geldi_05-300x200.jpg 300w, http:\/\/blog.ulasimplatformu.com\/wp-content\/uploads\/2022\/09\/Mercedes-Benz-Turk-otobus-kaptanlariyla-Ankarada-bir-araya-geldi_05-768x512.jpg 768w, http:\/\/blog.ulasimplatformu.com\/wp-content\/uploads\/2022\/09\/Mercedes-Benz-Turk-otobus-kaptanlariyla-Ankarada-bir-araya-geldi_05-1536x1024.jpg 1536w, http:\/\/blog.ulasimplatformu.com\/wp-content\/uploads\/2022\/09\/Mercedes-Benz-Turk-otobus-kaptanlariyla-Ankarada-bir-araya-geldi_05-150x100.jpg 150w, http:\/\/blog.ulasimplatformu.com\/wp-content\/uploads\/2022\/09\/Mercedes-Benz-Turk-otobus-kaptanlariyla-Ankarada-bir-araya-geldi_05-696x464.jpg 696w, http:\/\/blog.ulasimplatformu.com\/wp-content\/uploads\/2022\/09\/Mercedes-Benz-Turk-otobus-kaptanlariyla-Ankarada-bir-araya-geldi_05-1068x712.jpg 1068w, http:\/\/blog.ulasimplatformu.com\/wp-content\/uploads\/2022\/09\/Mercedes-Benz-Turk-otobus-kaptanlariyla-Ankarada-bir-araya-geldi_05-1920x1280.jpg 1920w, http:\/\/blog.ulasimplatformu.com\/wp-content\/uploads\/2022\/09\/Mercedes-Benz-Turk-otobus-kaptanlariyla-Ankarada-bir-araya-geldi_05.jpg 2000w\" sizes=\"(max-width: 1024px) 100vw, 1024px\" \/><\/figure>\n\n\n\n<figure class=\"wp-block-image size-large\"><img loading=\"lazy\" width=\"1024\" height=\"765\" src=\"http:\/\/blog.ulasimplatformu.com\/wp-content\/uploads\/2022\/09\/Mercedes-Benz-Turk-otobus-kaptanlariyla-Ankarada-bir-araya-geldi_02-1024x765.jpg\" alt=\"\" class=\"wp-image-6432\" srcset=\"http:\/\/blog.ulasimplatformu.com\/wp-content\/uploads\/2022\/09\/Mercedes-Benz-Turk-otobus-kaptanlariyla-Ankarada-bir-araya-geldi_02-1024x765.jpg 1024w, http:\/\/blog.ulasimplatformu.com\/wp-content\/uploads\/2022\/09\/Mercedes-Benz-Turk-otobus-kaptanlariyla-Ankarada-bir-araya-geldi_02-300x224.jpg 300w, http:\/\/blog.ulasimplatformu.com\/wp-content\/uploads\/2022\/09\/Mercedes-Benz-Turk-otobus-kaptanlariyla-Ankarada-bir-araya-geldi_02-768x574.jpg 768w, http:\/\/blog.ulasimplatformu.com\/wp-content\/uploads\/2022\/09\/Mercedes-Benz-Turk-otobus-kaptanlariyla-Ankarada-bir-araya-geldi_02-1536x1147.jpg 1536w, http:\/\/blog.ulasimplatformu.com\/wp-content\/uploads\/2022\/09\/Mercedes-Benz-Turk-otobus-kaptanlariyla-Ankarada-bir-araya-geldi_02-150x112.jpg 150w, http:\/\/blog.ulasimplatformu.com\/wp-content\/uploads\/2022\/09\/Mercedes-Benz-Turk-otobus-kaptanlariyla-Ankarada-bir-araya-geldi_02-696x520.jpg 696w, http:\/\/blog.ulasimplatformu.com\/wp-content\/uploads\/2022\/09\/Mercedes-Benz-Turk-otobus-kaptanlariyla-Ankarada-bir-araya-geldi_02-1068x798.jpg 1068w, http:\/\/blog.ulasimplatformu.com\/wp-content\/uploads\/2022\/09\/Mercedes-Benz-Turk-otobus-kaptanlariyla-Ankarada-bir-araya-geldi_02-1920x1434.jpg 1920w, http:\/\/blog.ulasimplatformu.com\/wp-content\/uploads\/2022\/09\/Mercedes-Benz-Turk-otobus-kaptanlariyla-Ankarada-bir-araya-geldi_02.jpg 2000w\" sizes=\"(max-width: 1024px) 100vw, 1024px\" \/><\/figure>\n\n\n\n<figure class=\"wp-block-image size-large\"><img loading=\"lazy\" width=\"683\" height=\"1024\" src=\"http:\/\/blog.ulasimplatformu.com\/wp-content\/uploads\/2022\/09\/Mercedes-Benz-Turk-otobus-kaptanlariyla-Ankarada-bir-araya-geldi_03-683x1024.jpg\" alt=\"\" class=\"wp-image-6433\" srcset=\"http:\/\/blog.ulasimplatformu.com\/wp-content\/uploads\/2022\/09\/Mercedes-Benz-Turk-otobus-kaptanlariyla-Ankarada-bir-araya-geldi_03-683x1024.jpg 683w, http:\/\/blog.ulasimplatformu.com\/wp-content\/uploads\/2022\/09\/Mercedes-Benz-Turk-otobus-kaptanlariyla-Ankarada-bir-araya-geldi_03-200x300.jpg 200w, http:\/\/blog.ulasimplatformu.com\/wp-content\/uploads\/2022\/09\/Mercedes-Benz-Turk-otobus-kaptanlariyla-Ankarada-bir-araya-geldi_03-768x1152.jpg 768w, http:\/\/blog.ulasimplatformu.com\/wp-content\/uploads\/2022\/09\/Mercedes-Benz-Turk-otobus-kaptanlariyla-Ankarada-bir-araya-geldi_03-150x225.jpg 150w, http:\/\/blog.ulasimplatformu.com\/wp-content\/uploads\/2022\/09\/Mercedes-Benz-Turk-otobus-kaptanlariyla-Ankarada-bir-araya-geldi_03-300x450.jpg 300w, http:\/\/blog.ulasimplatformu.com\/wp-content\/uploads\/2022\/09\/Mercedes-Benz-Turk-otobus-kaptanlariyla-Ankarada-bir-araya-geldi_03-696x1044.jpg 696w, http:\/\/blog.ulasimplatformu.com\/wp-content\/uploads\/2022\/09\/Mercedes-Benz-Turk-otobus-kaptanlariyla-Ankarada-bir-araya-geldi_03.jpg 1000w\" sizes=\"(max-width: 683px) 100vw, 683px\" \/><\/figure>\n","protected":false},"excerpt":{"rendered":"<p>Mercedes-Benz T\u00fcrk, Ankara A\u015eT\u0130 Otogar\u0131\u2019nda otob\u00fcs kaptanlar\u0131 i\u00e7in \u00f6zel bir etkinlik d\u00fczenledi. &#8220;Yollar\u0131n Ger\u00e7ek Kahramanlar\u0131na Sayg\u0131yla&#8221; slogan\u0131 ile ger\u00e7ekle\u015ftirilen etkinlikte, otob\u00fcs kaptanlar\u0131 kendilerine \u00f6zel haz\u0131rlanan aktivitelerle keyifli bir g\u00fcn ge\u00e7irdiler. Ho\u015fdere Otob\u00fcs Fabrikas\u0131\u2019nda \u00fcretti\u011fi son teknolojiye sahip seyahat otob\u00fcsleri ile uzun y\u0131llard\u0131r pazardaki \u00f6nc\u00fc konumunu koruyan Mercedes-Benz T\u00fcrk, yolcular\u0131n g\u00fcvenle seyahat etmeleri konusunda hayati bir [&hellip;]<\/p>\n","protected":false},"author":4,"featured_media":6429,"comment_status":"open","ping_status":"open","sticky":false,"template":"","format":"standard","meta":{"tdm_status":"","tdm_grid_status":"","spay_email":""},"categories":[2],"tags":[],"jetpack_featured_media_url":"http:\/\/blog.ulasimplatformu.com\/wp-content\/uploads\/2022\/09\/Mercedes-Benz-Turk-otobus-kaptanlariyla-Ankarada-bir-araya-geldi_01.jpg","jetpack_sharing_enabled":true,"amp_enabled":true,"_links":{"self":[{"href":"http:\/\/blog.ulasimplatformu.com\/index.php\/wp-json\/wp\/v2\/posts\/6420"}],"collection":[{"href":"http:\/\/blog.ulasimplatformu.com\/index.php\/wp-json\/wp\/v2\/posts"}],"about":[{"href":"http:\/\/blog.ulasimplatformu.com\/index.php\/wp-json\/wp\/v2\/types\/post"}],"author":[{"embeddable":true,"href":"http:\/\/blog.ulasimplatformu.com\/index.php\/wp-json\/wp\/v2\/users\/4"}],"replies":[{"embeddable":true,"href":"http:\/\/blog.ulasimplatformu.com\/index.php\/wp-json\/wp\/v2\/comments?post=6420"}],"version-history":[{"count":1,"href":"http:\/\/blog.ulasimplatformu.com\/index.php\/wp-json\/wp\/v2\/posts\/6420\/revisions"}],"predecessor-version":[{"id":6452,"href":"http:\/\/blog.ulasimplatformu.com\/index.php\/wp-json\/wp\/v2\/posts\/6420\/revisions\/6452"}],"wp:featuredmedia":[{"embeddable":true,"href":"http:\/\/blog.ulasimplatformu.com\/index.php\/wp-json\/wp\/v2\/media\/6429"}],"wp:attachment":[{"href":"http:\/\/blog.ulasimplatformu.com\/index.php\/wp-json\/wp\/v2\/media?parent=6420"}],"wp:term":[{"taxonomy":"category","embeddable":true,"href":"http:\/\/blog.ulasimplatformu.com\/index.php\/wp-json\/wp\/v2\/categories?post=6420"},{"taxonomy":"post_tag","embeddable":true,"href":"http:\/\/blog.ulasimplatformu.com\/index.php\/wp-json\/wp\/v2\/tags?post=6420"}],"curies":[{"name":"wp","href":"https:\/\/api.w.org\/{rel}","templated":true}]}}