{"id":6421,"date":"2022-09-20T10:35:55","date_gmt":"2022-09-20T07:35:55","guid":{"rendered":"http:\/\/blog.ulasimplatformu.com\/?p=6421"},"modified":"2022-09-20T10:35:59","modified_gmt":"2022-09-20T07:35:59","slug":"daimler-truck-gelecek-vizyonunu-2022-iaa-ticari-araclar-fuarinda-tanitiyor","status":"publish","type":"post","link":"http:\/\/blog.ulasimplatformu.com\/index.php\/2022\/09\/20\/daimler-truck-gelecek-vizyonunu-2022-iaa-ticari-araclar-fuarinda-tanitiyor\/","title":{"rendered":"Daimler Truck, gelecek vizyonunu 2022 IAA Ticari Ara\u00e7lar Fuar\u0131\u2019nda tan\u0131t\u0131yor"},"content":{"rendered":"\n<ul><li><strong>Daimler Truck, 2022 IAA Ticari Ara\u00e7lar Fuar\u0131\u2019nda sergiledi\u011fi kamyon modellerinin yan\u0131 s\u0131ra gelece\u011fe \u0131\u015f\u0131k tutan yenilik\u00e7i \u00e7\u00f6z\u00fcmleriyle sekt\u00f6re y\u00f6n vermeye devam ediyor.<\/strong><\/li><li><strong>Hannover&#8217;deki IAA Transportation 2022 Bas\u0131n G\u00fcnleri&#8217;nde NMC\u00b03 bataryal\u0131 Mercedes-Benz eCitaro pr\u00f6miyerini kutlad\u0131.<\/strong><\/li><li><strong>Fuarda, Mercedes-Benz T\u00fcrk Aksaray Kamyon Fabrikas\u0131\u2019nda \u00fcretilen Actros L modeli de ziyaret\u00e7ilerle bulu\u015fuyor.<\/strong><\/li><li><strong>IAA Transportation 2022 Bas\u0131n G\u00fcnleri&#8217;nde Setra ComfortClass ve TopClass modellerinin pr\u00f6miyerleri ger\u00e7ekle\u015ftiriliyor.<\/strong><\/li><\/ul>\n\n\n\n<p>Daimler Truck, Almanya\u2019n\u0131n Hannover kentinde 19 \u2013 25 Eyl\u00fcl 2022 tarihleri aras\u0131nda ziyaret\u00e7ilerini a\u011f\u0131rlayacak olan IAA Ticari Ara\u00e7 Fuar\u0131\u2019nda, kamyon modellerinin yan\u0131 s\u0131ra gelece\u011fe \u0131\u015f\u0131k tutan yenilik\u00e7i \u00e7\u00f6z\u00fcmlerini sergiliyor. Marka, sundu\u011fu teknolojilerle g\u00fcvenlik, konfor ve \u00e7evrecilik noktas\u0131nda sekt\u00f6re y\u00f6n vermeye devam ediyor.<\/p>\n\n\n\n<p>Daimler Truck, fuarda ba\u015fta Mercedes-Benz Actros L, Mercedes-Benz eActros LongHaul, Mercedes-Benz eActros 300 ve Mercedes-Benz GenH2 modelleri olmak \u00fczere bir\u00e7ok kamyonunu sergiledi.<\/p>\n\n\n\n<p><strong>Uzun mesafe ta\u015f\u0131mac\u0131l\u0131\u011f\u0131n amiral gemisi Actros L<\/strong><\/p>\n\n\n\n<p>Mercedes-Benz T\u00fcrk Aksaray Kamyon Fabrikas\u0131\u2019nda \u00fcretilen Mercedes-Benz Actros L, premium dizel kamyon segmentinde bir kez daha yeni standartlar belirliyor. Actros serisinin en \u00fcst versiyonu, bir kez daha Mercedes-Benz Trucks&#8217;\u0131n her zaman m\u00fc\u015fterilerinin ve s\u00fcr\u00fcc\u00fclerinin ihtiya\u00e7lar\u0131na odaklanma iddias\u0131n\u0131n alt\u0131n\u0131 \u00e7iziyor. StreamSpace, BigSpace ve GigaSpace versiyonlar\u0131 bulunan 2,50 metre geni\u015fli\u011findeki kabin, Mercedes-Benz Actros L\u2019nin \u00fcst d\u00fczey s\u00fcr\u00fc\u015f konforu iddias\u0131n\u0131 ortaya koyuyor. Kabinin d\u00fcz zemini konforlu bir atmosfer sa\u011fl\u0131yor. \u0130yile\u015ftirilmi\u015f ses ve \u0131s\u0131 yal\u0131t\u0131m\u0131, g\u00fcr\u00fclt\u00fc seviyesini azalt\u0131yor ve hem s\u00fcr\u00fc\u015f esnas\u0131nda hem de dinlenme esnas\u0131nda kabin i\u00e7inde ge\u00e7en s\u00fcreyi daha da keyifli hale getiriyor.<\/p>\n\n\n\n<p>Mercedes-Benz Actros L\u2019de geli\u015fmi\u015f s\u00fcr\u00fc\u015f destek sistemleri s\u00fcr\u00fc\u015f g\u00fcvenli\u011fine katk\u0131 sa\u011fl\u0131yor. Yaya alg\u0131lama \u00f6zelli\u011fine sahip be\u015finci nesil acil durum fren yard\u0131mc\u0131s\u0131 Aktif Fren Asistan\u0131 (ABA 5), \u015eeritte Kalma Asistan\u0131 ve ikinci nesil MirrorCam d\u0131\u015f\u0131nda donan\u0131m se\u00e7ene\u011fi olarak Seviye 2 k\u0131smen otomatik s\u00fcr\u00fc\u015f i\u00e7in ikinci nesil Active Drive Assist (ADA 2) veya Aktif Sideguard Assist (ASGA) bunlardan baz\u0131lar\u0131.<\/p>\n\n\n\n<p>Fuarda ayr\u0131ca Mercedes-Benz Actros L\u2019nin s\u0131n\u0131rl\u0131 \u00fcretime sahip Edition 3 versiyonu da tan\u0131t\u0131l\u0131yor.<\/p>\n\n\n\n<h2><strong>NMC\u00b03 bataryal\u0131 Mercedes-Benz eCitaro IAA Transportation 2022 Bas\u0131n G\u00fcnleri&#8217;nde pr\u00f6miyerini kutlad\u0131<\/strong><\/h2>\n\n\n\n<p>Daimler Buses, tamamen elektrikli \u015fehir otob\u00fcsleri i\u00e7in batarya teknolojisinin h\u0131zl\u0131 geli\u015fimine kat\u0131lmas\u0131na katk\u0131 sa\u011fl\u0131yor. Hannover&#8217;deki IAA Transportation 2022 Bas\u0131n G\u00fcnleri&#8217;nde pr\u00f6miyerini kutlayan NMC\u00b03 bataryal\u0131 Mercedes-Benz eCitaro ile bu durum kan\u0131tlan\u0131yor.<\/p>\n\n\n\n<p>Mercedes-Benz eCitaro&#8217;nun 2018&#8217;deki d\u00fcnya pr\u00f6miyerinde al\u0131c\u0131lar\u0131n\u0131n her zaman en yeni batarya teknolojisinden yararlanaca\u011f\u0131n\u0131 belirten Daimler Buses, NMC 3 bataryalar\u0131n\u0131 ara\u00e7ta sunmaya ba\u015flayacak. 2022 y\u0131l\u0131n\u0131n son \u00e7eyre\u011finde Mercedes-Benz eCitaro\u2019da sunulmas\u0131 hedeflenen bataryalar sayesinde daha uzun menzil sa\u011flan\u0131rken, bataryalar da daha mod\u00fcler bir yap\u0131ya kavu\u015facak.&nbsp;<\/p>\n\n\n\n<p><strong>Yeni nesil Setra ComfortClass ve TopClass\u2019\u0131n d\u00fcnya pr\u00f6miyeri ger\u00e7ekle\u015fti<\/strong><\/p>\n\n\n\n<p>Premium marka Setra&#8217;n\u0131n yeni nesil otob\u00fcsleri ComfortClass ve TopClass modelleri IAA Ticari Ara\u00e7 Fuar\u0131\u2019nda d\u00fcnya pr\u00f6miyerini yapt\u0131.&nbsp; Yeni nesil ComfortClass ve TopClass, markan\u0131n yeni aile y\u00fcz\u00fcn\u00fc ta\u015f\u0131yor.<\/p>\n\n\n\n<p>Yeni Setra modellerinde d\u0131\u015f tasar\u0131mdaki yenili\u011fe ek olarak bir\u00e7ok teknolojik \u00f6zellik sunuluyor. Bu sistemler Setra modellerini daha g\u00fcvenli, daha konforlu, daha kullan\u0131c\u0131 dostu, daha ekonomik ve \u00e7evre dostu hale getiriyor. Setra ComfortClass ve TopClass, mesafesinin korunmas\u0131na ve arac\u0131n \u015feritte kalmas\u0131na aktif olarak yard\u0131mc\u0131 olan yeni Aktif S\u00fcr\u00fc\u015f Deste\u011fi 2 (ADA 2) ve acil fren destek sistemi Aktif Fren Deste\u011fi 5 (ABA 5) ile donat\u0131lan Avrupa&#8217;daki ilk otob\u00fcs olma \u00f6zelli\u011fini de ta\u015f\u0131yor.<\/p>\n\n\n\n<p>Fuarda konuklar, Setra ComfortClass ve TopClass ile Mercedes-Benz Benz Intouro K hybrid modelinin s\u00fcr\u00fc\u015f deneyimi etkinliklerine kat\u0131larak bu yeni otob\u00fcsleri yolda deneyimleme \u015fans\u0131na eri\u015fti.<\/p>\n\n\n\n<figure class=\"wp-block-image size-large\"><img loading=\"lazy\" width=\"1024\" height=\"697\" src=\"http:\/\/blog.ulasimplatformu.com\/wp-content\/uploads\/2022\/09\/Mercedes-Benz-Actros-L_01-1-1024x697.jpg\" alt=\"\" class=\"wp-image-6434\" srcset=\"http:\/\/blog.ulasimplatformu.com\/wp-content\/uploads\/2022\/09\/Mercedes-Benz-Actros-L_01-1-1024x697.jpg 1024w, http:\/\/blog.ulasimplatformu.com\/wp-content\/uploads\/2022\/09\/Mercedes-Benz-Actros-L_01-1-300x204.jpg 300w, http:\/\/blog.ulasimplatformu.com\/wp-content\/uploads\/2022\/09\/Mercedes-Benz-Actros-L_01-1-768x523.jpg 768w, http:\/\/blog.ulasimplatformu.com\/wp-content\/uploads\/2022\/09\/Mercedes-Benz-Actros-L_01-1-1536x1045.jpg 1536w, http:\/\/blog.ulasimplatformu.com\/wp-content\/uploads\/2022\/09\/Mercedes-Benz-Actros-L_01-1-150x102.jpg 150w, http:\/\/blog.ulasimplatformu.com\/wp-content\/uploads\/2022\/09\/Mercedes-Benz-Actros-L_01-1-696x474.jpg 696w, http:\/\/blog.ulasimplatformu.com\/wp-content\/uploads\/2022\/09\/Mercedes-Benz-Actros-L_01-1-1068x727.jpg 1068w, http:\/\/blog.ulasimplatformu.com\/wp-content\/uploads\/2022\/09\/Mercedes-Benz-Actros-L_01-1-1920x1307.jpg 1920w, http:\/\/blog.ulasimplatformu.com\/wp-content\/uploads\/2022\/09\/Mercedes-Benz-Actros-L_01-1.jpg 2000w\" sizes=\"(max-width: 1024px) 100vw, 1024px\" \/><\/figure>\n\n\n\n<figure class=\"wp-block-image size-large\"><img loading=\"lazy\" width=\"1024\" height=\"682\" src=\"http:\/\/blog.ulasimplatformu.com\/wp-content\/uploads\/2022\/09\/Mercedes-Benz-eCitaro-NMC-3-1024x682.jpg\" alt=\"\" class=\"wp-image-6435\" srcset=\"http:\/\/blog.ulasimplatformu.com\/wp-content\/uploads\/2022\/09\/Mercedes-Benz-eCitaro-NMC-3-1024x682.jpg 1024w, http:\/\/blog.ulasimplatformu.com\/wp-content\/uploads\/2022\/09\/Mercedes-Benz-eCitaro-NMC-3-300x200.jpg 300w, http:\/\/blog.ulasimplatformu.com\/wp-content\/uploads\/2022\/09\/Mercedes-Benz-eCitaro-NMC-3-768x512.jpg 768w, http:\/\/blog.ulasimplatformu.com\/wp-content\/uploads\/2022\/09\/Mercedes-Benz-eCitaro-NMC-3-1536x1024.jpg 1536w, http:\/\/blog.ulasimplatformu.com\/wp-content\/uploads\/2022\/09\/Mercedes-Benz-eCitaro-NMC-3-150x100.jpg 150w, http:\/\/blog.ulasimplatformu.com\/wp-content\/uploads\/2022\/09\/Mercedes-Benz-eCitaro-NMC-3-696x464.jpg 696w, http:\/\/blog.ulasimplatformu.com\/wp-content\/uploads\/2022\/09\/Mercedes-Benz-eCitaro-NMC-3-1068x712.jpg 1068w, http:\/\/blog.ulasimplatformu.com\/wp-content\/uploads\/2022\/09\/Mercedes-Benz-eCitaro-NMC-3-1920x1280.jpg 1920w, http:\/\/blog.ulasimplatformu.com\/wp-content\/uploads\/2022\/09\/Mercedes-Benz-eCitaro-NMC-3.jpg 2000w\" sizes=\"(max-width: 1024px) 100vw, 1024px\" \/><\/figure>\n\n\n\n<figure class=\"wp-block-image size-large\"><img loading=\"lazy\" width=\"1024\" height=\"660\" src=\"http:\/\/blog.ulasimplatformu.com\/wp-content\/uploads\/2022\/09\/SetraTopClass-Setra-ComfortClass-1024x660.jpg\" alt=\"\" class=\"wp-image-6436\" srcset=\"http:\/\/blog.ulasimplatformu.com\/wp-content\/uploads\/2022\/09\/SetraTopClass-Setra-ComfortClass-1024x660.jpg 1024w, http:\/\/blog.ulasimplatformu.com\/wp-content\/uploads\/2022\/09\/SetraTopClass-Setra-ComfortClass-300x193.jpg 300w, http:\/\/blog.ulasimplatformu.com\/wp-content\/uploads\/2022\/09\/SetraTopClass-Setra-ComfortClass-768x495.jpg 768w, http:\/\/blog.ulasimplatformu.com\/wp-content\/uploads\/2022\/09\/SetraTopClass-Setra-ComfortClass-1536x990.jpg 1536w, http:\/\/blog.ulasimplatformu.com\/wp-content\/uploads\/2022\/09\/SetraTopClass-Setra-ComfortClass-150x97.jpg 150w, http:\/\/blog.ulasimplatformu.com\/wp-content\/uploads\/2022\/09\/SetraTopClass-Setra-ComfortClass-696x449.jpg 696w, http:\/\/blog.ulasimplatformu.com\/wp-content\/uploads\/2022\/09\/SetraTopClass-Setra-ComfortClass-1068x688.jpg 1068w, http:\/\/blog.ulasimplatformu.com\/wp-content\/uploads\/2022\/09\/SetraTopClass-Setra-ComfortClass-1920x1237.jpg 1920w, http:\/\/blog.ulasimplatformu.com\/wp-content\/uploads\/2022\/09\/SetraTopClass-Setra-ComfortClass.jpg 2000w\" sizes=\"(max-width: 1024px) 100vw, 1024px\" \/><\/figure>\n","protected":false},"excerpt":{"rendered":"<p>Daimler Truck, 2022 IAA Ticari Ara\u00e7lar Fuar\u0131\u2019nda sergiledi\u011fi kamyon modellerinin yan\u0131 s\u0131ra gelece\u011fe \u0131\u015f\u0131k tutan yenilik\u00e7i \u00e7\u00f6z\u00fcmleriyle sekt\u00f6re y\u00f6n vermeye devam ediyor. Hannover&#8217;deki IAA Transportation 2022 Bas\u0131n G\u00fcnleri&#8217;nde NMC\u00b03 bataryal\u0131 Mercedes-Benz eCitaro pr\u00f6miyerini kutlad\u0131. Fuarda, Mercedes-Benz T\u00fcrk Aksaray Kamyon Fabrikas\u0131\u2019nda \u00fcretilen Actros L modeli de ziyaret\u00e7ilerle bulu\u015fuyor. IAA Transportation 2022 Bas\u0131n G\u00fcnleri&#8217;nde Setra ComfortClass ve [&hellip;]<\/p>\n","protected":false},"author":4,"featured_media":6436,"comment_status":"open","ping_status":"open","sticky":false,"template":"","format":"standard","meta":{"tdm_status":"","tdm_grid_status":"","spay_email":""},"categories":[2],"tags":[],"jetpack_featured_media_url":"http:\/\/blog.ulasimplatformu.com\/wp-content\/uploads\/2022\/09\/SetraTopClass-Setra-ComfortClass.jpg","jetpack_sharing_enabled":true,"amp_enabled":true,"_links":{"self":[{"href":"http:\/\/blog.ulasimplatformu.com\/index.php\/wp-json\/wp\/v2\/posts\/6421"}],"collection":[{"href":"http:\/\/blog.ulasimplatformu.com\/index.php\/wp-json\/wp\/v2\/posts"}],"about":[{"href":"http:\/\/blog.ulasimplatformu.com\/index.php\/wp-json\/wp\/v2\/types\/post"}],"author":[{"embeddable":true,"href":"http:\/\/blog.ulasimplatformu.com\/index.php\/wp-json\/wp\/v2\/users\/4"}],"replies":[{"embeddable":true,"href":"http:\/\/blog.ulasimplatformu.com\/index.php\/wp-json\/wp\/v2\/comments?post=6421"}],"version-history":[{"count":1,"href":"http:\/\/blog.ulasimplatformu.com\/index.php\/wp-json\/wp\/v2\/posts\/6421\/revisions"}],"predecessor-version":[{"id":6453,"href":"http:\/\/blog.ulasimplatformu.com\/index.php\/wp-json\/wp\/v2\/posts\/6421\/revisions\/6453"}],"wp:featuredmedia":[{"embeddable":true,"href":"http:\/\/blog.ulasimplatformu.com\/index.php\/wp-json\/wp\/v2\/media\/6436"}],"wp:attachment":[{"href":"http:\/\/blog.ulasimplatformu.com\/index.php\/wp-json\/wp\/v2\/media?parent=6421"}],"wp:term":[{"taxonomy":"category","embeddable":true,"href":"http:\/\/blog.ulasimplatformu.com\/index.php\/wp-json\/wp\/v2\/categories?post=6421"},{"taxonomy":"post_tag","embeddable":true,"href":"http:\/\/blog.ulasimplatformu.com\/index.php\/wp-json\/wp\/v2\/tags?post=6421"}],"curies":[{"name":"wp","href":"https:\/\/api.w.org\/{rel}","templated":true}]}}