{"id":6538,"date":"2022-09-22T20:58:26","date_gmt":"2022-09-22T17:58:26","guid":{"rendered":"http:\/\/blog.ulasimplatformu.com\/?p=6538"},"modified":"2022-09-22T20:58:32","modified_gmt":"2022-09-22T17:58:32","slug":"alisan-lojistik-filosunu-buyutmeye-devam-ediyor","status":"publish","type":"post","link":"http:\/\/blog.ulasimplatformu.com\/index.php\/2022\/09\/22\/alisan-lojistik-filosunu-buyutmeye-devam-ediyor\/","title":{"rendered":"ALI\u015eAN LOJ\u0130ST\u0130K F\u0130LOSUNU B\u00dcY\u00dcTMEYE DEVAM ED\u0130YOR"},"content":{"rendered":"\n<p>Tehlikeli kimyasallar dahil olmak \u00fczere, kimya sanayisi ile h\u0131zl\u0131 t\u00fcketim \u00fcr\u00fcnleri, g\u0131da, tar\u0131m ve daha bir\u00e7ok sekt\u00f6rdeki m\u00fc\u015fterilerine sundu\u011fu uluslararas\u0131 nakliye, depo \/ antrepo, yurt i\u00e7i nakliye d\u00f6kme, &nbsp;likit ve enerji ta\u015f\u0131mac\u0131l\u0131\u011f\u0131, katma de\u011ferli hizmetler gibi uzmanl\u0131klar\u0131yla dikkat \u00e7eken Al\u0131\u015fan Lojistik, yeni yat\u0131r\u0131mlar\u0131 do\u011frultusunda filosunu g\u00fc\u00e7lendirmeye devam ediyor.<\/p>\n\n\n\n<p>T\u00fcrkiye\u2019nin ilk 500 \u015firketi aras\u0131nda yer alan entegre lojistik hizmet servis sa\u011flay\u0131c\u0131s\u0131 Al\u0131\u015fan Lojistik son olarak, <strong>22 adet Tank Konteyner Ta\u015f\u0131y\u0131c\u0131 Dorse ile 20 adet yeni Renault Trucks T EVO serisi \u00e7ekiciyi \u00f6z mal ara\u00e7 filosuna katt\u0131.<\/strong> &nbsp;&nbsp;<\/p>\n\n\n\n<p>Konuya ili\u015fkin a\u00e7\u0131klamada bulunan Al\u0131\u015fan Lojistik Y\u00f6netim Kurulu Ba\u015fkan Yard\u0131mc\u0131s\u0131 Damla Al\u0131\u015fan; \u201c1985 y\u0131l\u0131nda, yerel ve k\u00fcresel pazarda inovatif, esnek ve entegre teknolojik \u00e7\u00f6z\u00fcmleri ile m\u00fc\u015fterilerine g\u00fc\u00e7 katan k\u00fcresel &nbsp;lojistik hizmet servis sa\u011flay\u0131c\u0131s\u0131 olma vizyonu ile kurulan Al\u0131\u015fan Lojistik, bug\u00fcn 550 adet \u00f6z mal ara\u00e7 filosu ve T\u00fcrkiye genelindeki 50\u2019yi a\u015fk\u0131n farkl\u0131 lokasyondaki 1500\u2019den fazla \u00e7al\u0131\u015fan\u0131 ile sekt\u00f6rde \u201ckontrat lojisti\u011fi\u201d diye de ifade edilen entegre lojistik hizmetleri sayesinde m\u00fc\u015fterilerinin taleplerini A\u2019dan Z\u2019ye kurgulamakta; ihtiyaca \u00f6zel katma de\u011feri y\u00fcksek \u00e7\u00f6z\u00fcmler geli\u015ftirmektedir. 2022 y\u0131l\u0131n\u0131n ba\u015f\u0131ndan bu yana filomuza yapt\u0131\u011f\u0131m\u0131z yat\u0131r\u0131m\u0131n bir devam\u0131 olarak ger\u00e7ekle\u015fen bu son sat\u0131n al\u0131mlar\u0131m\u0131z ile m\u00fc\u015fteri odakl\u0131 \u00e7\u00f6z\u00fcmlerimizdeki h\u0131z\u0131m\u0131za h\u0131z, operasyonlar\u0131m\u0131za yeni teknolojiler katt\u0131\u011f\u0131m\u0131z gibi karbon ayak izimizi d\u00fc\u015f\u00fcrecek ye\u015fil ad\u0131mlara ise yenilerini ekleyece\u011fimizden \u015f\u00fcphemiz yoktur. Yeni ara\u00e7lar\u0131m\u0131z, sahip olduklar\u0131 teknolojik avantajlar, ADR Mevzuat\u0131na uygunluklar\u0131 ve \u00e7evre dostu yeni nesil motorlar\u0131 sayesinde daha uzun s\u00fcre operasyonda kalabilecek. \u0130\u015fbirli\u011fi i\u00e7inde oldu\u011fumuz Renault Trucks, T\u0131rsan ve Reis Otomotiv\u2019e bizlere sa\u011flad\u0131klar\u0131 finansal avantajlar ve sonras\u0131 i\u00e7in \u00f6nerdikleri bak\u0131m paketleri i\u00e7in de ayr\u0131ca te\u015fekk\u00fcr ediyorum.\u201d dedi.<\/p>\n\n\n\n<p>2021 y\u0131l\u0131 cirosu, 2020 y\u0131l\u0131n\u0131n \u00fcst\u00fcne %45\u2019i a\u015fan bir b\u00fcy\u00fcme ile,1 Milyar TL olarak ger\u00e7ekle\u015fen Al\u0131\u015fan Lojistik, bu b\u00fcy\u00fcme trendinin daha fazlas\u0131n\u0131 ise 2022 y\u0131l\u0131 i\u00e7in hedefliyor.<\/p>\n\n\n\n<figure class=\"wp-block-image size-large\"><img loading=\"lazy\" width=\"1024\" height=\"458\" src=\"http:\/\/blog.ulasimplatformu.com\/wp-content\/uploads\/2022\/09\/1663760834_ALI__AN_LOGO-1024x458.jpg\" alt=\"\" class=\"wp-image-6529\" srcset=\"http:\/\/blog.ulasimplatformu.com\/wp-content\/uploads\/2022\/09\/1663760834_ALI__AN_LOGO-1024x458.jpg 1024w, http:\/\/blog.ulasimplatformu.com\/wp-content\/uploads\/2022\/09\/1663760834_ALI__AN_LOGO-300x134.jpg 300w, http:\/\/blog.ulasimplatformu.com\/wp-content\/uploads\/2022\/09\/1663760834_ALI__AN_LOGO-768x344.jpg 768w, http:\/\/blog.ulasimplatformu.com\/wp-content\/uploads\/2022\/09\/1663760834_ALI__AN_LOGO-1536x688.jpg 1536w, http:\/\/blog.ulasimplatformu.com\/wp-content\/uploads\/2022\/09\/1663760834_ALI__AN_LOGO-2048x917.jpg 2048w, http:\/\/blog.ulasimplatformu.com\/wp-content\/uploads\/2022\/09\/1663760834_ALI__AN_LOGO-150x67.jpg 150w, http:\/\/blog.ulasimplatformu.com\/wp-content\/uploads\/2022\/09\/1663760834_ALI__AN_LOGO-696x312.jpg 696w, http:\/\/blog.ulasimplatformu.com\/wp-content\/uploads\/2022\/09\/1663760834_ALI__AN_LOGO-1068x478.jpg 1068w, http:\/\/blog.ulasimplatformu.com\/wp-content\/uploads\/2022\/09\/1663760834_ALI__AN_LOGO-1920x860.jpg 1920w\" sizes=\"(max-width: 1024px) 100vw, 1024px\" \/><\/figure>\n\n\n\n<figure class=\"wp-block-image size-large\"><img loading=\"lazy\" width=\"1024\" height=\"735\" src=\"http:\/\/blog.ulasimplatformu.com\/wp-content\/uploads\/2022\/09\/1663760837_Al____an_Lojistik_Y__netim_Kurulu_Ba__kan_Yard__mc__s___Sn._Damla_ALI__AN.png\" alt=\"\" class=\"wp-image-6530\" srcset=\"http:\/\/blog.ulasimplatformu.com\/wp-content\/uploads\/2022\/09\/1663760837_Al____an_Lojistik_Y__netim_Kurulu_Ba__kan_Yard__mc__s___Sn._Damla_ALI__AN.png 1024w, http:\/\/blog.ulasimplatformu.com\/wp-content\/uploads\/2022\/09\/1663760837_Al____an_Lojistik_Y__netim_Kurulu_Ba__kan_Yard__mc__s___Sn._Damla_ALI__AN-300x215.png 300w, http:\/\/blog.ulasimplatformu.com\/wp-content\/uploads\/2022\/09\/1663760837_Al____an_Lojistik_Y__netim_Kurulu_Ba__kan_Yard__mc__s___Sn._Damla_ALI__AN-768x551.png 768w, http:\/\/blog.ulasimplatformu.com\/wp-content\/uploads\/2022\/09\/1663760837_Al____an_Lojistik_Y__netim_Kurulu_Ba__kan_Yard__mc__s___Sn._Damla_ALI__AN-150x108.png 150w, http:\/\/blog.ulasimplatformu.com\/wp-content\/uploads\/2022\/09\/1663760837_Al____an_Lojistik_Y__netim_Kurulu_Ba__kan_Yard__mc__s___Sn._Damla_ALI__AN-696x500.png 696w\" sizes=\"(max-width: 1024px) 100vw, 1024px\" \/><\/figure>\n\n\n\n<figure class=\"wp-block-image size-large\"><img loading=\"lazy\" width=\"1024\" height=\"683\" src=\"http:\/\/blog.ulasimplatformu.com\/wp-content\/uploads\/2022\/09\/1663760841_Renault_Trucks_Al____an_Lojistik_Teslimat_G__rsel_4-1024x683.jpg\" alt=\"\" class=\"wp-image-6531\" srcset=\"http:\/\/blog.ulasimplatformu.com\/wp-content\/uploads\/2022\/09\/1663760841_Renault_Trucks_Al____an_Lojistik_Teslimat_G__rsel_4-1024x683.jpg 1024w, http:\/\/blog.ulasimplatformu.com\/wp-content\/uploads\/2022\/09\/1663760841_Renault_Trucks_Al____an_Lojistik_Teslimat_G__rsel_4-300x200.jpg 300w, http:\/\/blog.ulasimplatformu.com\/wp-content\/uploads\/2022\/09\/1663760841_Renault_Trucks_Al____an_Lojistik_Teslimat_G__rsel_4-768x512.jpg 768w, http:\/\/blog.ulasimplatformu.com\/wp-content\/uploads\/2022\/09\/1663760841_Renault_Trucks_Al____an_Lojistik_Teslimat_G__rsel_4-1536x1024.jpg 1536w, http:\/\/blog.ulasimplatformu.com\/wp-content\/uploads\/2022\/09\/1663760841_Renault_Trucks_Al____an_Lojistik_Teslimat_G__rsel_4-2048x1365.jpg 2048w, http:\/\/blog.ulasimplatformu.com\/wp-content\/uploads\/2022\/09\/1663760841_Renault_Trucks_Al____an_Lojistik_Teslimat_G__rsel_4-150x100.jpg 150w, http:\/\/blog.ulasimplatformu.com\/wp-content\/uploads\/2022\/09\/1663760841_Renault_Trucks_Al____an_Lojistik_Teslimat_G__rsel_4-696x464.jpg 696w, http:\/\/blog.ulasimplatformu.com\/wp-content\/uploads\/2022\/09\/1663760841_Renault_Trucks_Al____an_Lojistik_Teslimat_G__rsel_4-1068x712.jpg 1068w, http:\/\/blog.ulasimplatformu.com\/wp-content\/uploads\/2022\/09\/1663760841_Renault_Trucks_Al____an_Lojistik_Teslimat_G__rsel_4-1920x1280.jpg 1920w\" sizes=\"(max-width: 1024px) 100vw, 1024px\" \/><\/figure>\n","protected":false},"excerpt":{"rendered":"<p>Tehlikeli kimyasallar dahil olmak \u00fczere, kimya sanayisi ile h\u0131zl\u0131 t\u00fcketim \u00fcr\u00fcnleri, g\u0131da, tar\u0131m ve daha bir\u00e7ok sekt\u00f6rdeki m\u00fc\u015fterilerine sundu\u011fu uluslararas\u0131 nakliye, depo \/ antrepo, yurt i\u00e7i nakliye d\u00f6kme, &nbsp;likit ve enerji ta\u015f\u0131mac\u0131l\u0131\u011f\u0131, katma de\u011ferli hizmetler gibi uzmanl\u0131klar\u0131yla dikkat \u00e7eken Al\u0131\u015fan Lojistik, yeni yat\u0131r\u0131mlar\u0131 do\u011frultusunda filosunu g\u00fc\u00e7lendirmeye devam ediyor. T\u00fcrkiye\u2019nin ilk 500 \u015firketi aras\u0131nda yer alan [&hellip;]<\/p>\n","protected":false},"author":4,"featured_media":6531,"comment_status":"open","ping_status":"open","sticky":false,"template":"","format":"standard","meta":{"tdm_status":"","tdm_grid_status":"","spay_email":""},"categories":[19],"tags":[],"jetpack_featured_media_url":"http:\/\/blog.ulasimplatformu.com\/wp-content\/uploads\/2022\/09\/1663760841_Renault_Trucks_Al____an_Lojistik_Teslimat_G__rsel_4-scaled.jpg","jetpack_sharing_enabled":true,"amp_enabled":true,"_links":{"self":[{"href":"http:\/\/blog.ulasimplatformu.com\/index.php\/wp-json\/wp\/v2\/posts\/6538"}],"collection":[{"href":"http:\/\/blog.ulasimplatformu.com\/index.php\/wp-json\/wp\/v2\/posts"}],"about":[{"href":"http:\/\/blog.ulasimplatformu.com\/index.php\/wp-json\/wp\/v2\/types\/post"}],"author":[{"embeddable":true,"href":"http:\/\/blog.ulasimplatformu.com\/index.php\/wp-json\/wp\/v2\/users\/4"}],"replies":[{"embeddable":true,"href":"http:\/\/blog.ulasimplatformu.com\/index.php\/wp-json\/wp\/v2\/comments?post=6538"}],"version-history":[{"count":1,"href":"http:\/\/blog.ulasimplatformu.com\/index.php\/wp-json\/wp\/v2\/posts\/6538\/revisions"}],"predecessor-version":[{"id":6543,"href":"http:\/\/blog.ulasimplatformu.com\/index.php\/wp-json\/wp\/v2\/posts\/6538\/revisions\/6543"}],"wp:featuredmedia":[{"embeddable":true,"href":"http:\/\/blog.ulasimplatformu.com\/index.php\/wp-json\/wp\/v2\/media\/6531"}],"wp:attachment":[{"href":"http:\/\/blog.ulasimplatformu.com\/index.php\/wp-json\/wp\/v2\/media?parent=6538"}],"wp:term":[{"taxonomy":"category","embeddable":true,"href":"http:\/\/blog.ulasimplatformu.com\/index.php\/wp-json\/wp\/v2\/categories?post=6538"},{"taxonomy":"post_tag","embeddable":true,"href":"http:\/\/blog.ulasimplatformu.com\/index.php\/wp-json\/wp\/v2\/tags?post=6538"}],"curies":[{"name":"wp","href":"https:\/\/api.w.org\/{rel}","templated":true}]}}