{"id":6540,"date":"2022-09-22T20:59:30","date_gmt":"2022-09-22T17:59:30","guid":{"rendered":"http:\/\/blog.ulasimplatformu.com\/?p=6540"},"modified":"2022-09-22T20:59:37","modified_gmt":"2022-09-22T17:59:37","slug":"ngl-filosunu-yeni-iveco-s-way-cekicilerle-guclendiriyor","status":"publish","type":"post","link":"http:\/\/blog.ulasimplatformu.com\/index.php\/2022\/09\/22\/ngl-filosunu-yeni-iveco-s-way-cekicilerle-guclendiriyor\/","title":{"rendered":"NGL F\u0130LOSUNU YEN\u0130 IVECO S-WAY \u00c7EK\u0130C\u0130LERLE G\u00dc\u00c7LEND\u0130R\u0130YOR"},"content":{"rendered":"\n<p><strong>NGL (Norther Global Logistics), artan uluslararas\u0131 ta\u015f\u0131mac\u0131l\u0131k taleplerini kar\u015f\u0131layabilmek i\u00e7in filo yat\u0131r\u0131mlar\u0131n\u0131 s\u00fcrd\u00fcr\u00fcyor. \u015eirket, IVECO\u2019dan verdi\u011fi 40 \u00e7ekici sipari\u015finin ilk 10 adedini teslim ald\u0131. NGL Kurucu Orta\u011f\u0131 Sefa Erol, yeni \u00e7ekici yat\u0131r\u0131mlar\u0131yla artan ta\u015f\u0131ma operasyonlar\u0131n\u0131 daha kolay y\u00f6netebileceklerini belirtti.<\/strong><\/p>\n\n\n\n<p>Avrupa ile T\u00fcrkiye aras\u0131nda entegre lojistik hizmetleri sunan Norther Global Logistics (NGL), filosunu g\u00fc\u00e7lendirmeye devam ediyor. \u015eirket, 40 adet \u00e7ekici yat\u0131r\u0131m\u0131 yapt\u0131. IVECO\u2019ya verilen S-Way \u00e7ekici sipari\u015flerinin ilk 10 adedi, NGL\u2019ye teslim edildi.<\/p>\n\n\n\n<p>NGL Kurucular\u0131 Sefa Erol ve Ferhat Emaneto\u011flu ve IVECO A\u011f\u0131r Vas\u0131ta Sat\u0131\u015f Sorumlusu Mete Ge\u00e7\u00f6r\u2019\u00fcn haz\u0131r oldu\u011fu teslimat t\u00f6reninde konu\u015fan Sefa Erol, yo\u011fun \u015fekilde devam eden uluslararas\u0131 ta\u015f\u0131mac\u0131l\u0131k taleplerini kar\u015f\u0131layabilmek i\u00e7in yat\u0131r\u0131mlar\u0131na h\u0131z verdiklerini s\u00f6yledi. Yeni \u00e7ekici yat\u0131r\u0131m\u0131yla lojistik operasyonlar\u0131ndaki i\u015flevselliklerini art\u0131rd\u0131klar\u0131n\u0131 dile getiren Erol, sipari\u015flerin tamam\u0131n\u0131 teslim almalar\u0131n\u0131n ard\u0131ndan hedef pazarlardaki hareket kabiliyetlerinin de ciddi olarak artaca\u011f\u0131n\u0131 vurgulad\u0131.<\/p>\n\n\n\n<p>Sefa Erol, IVECO\u2019yu yayg\u0131n servis a\u011f\u0131 ve \u00e7evreci motor \u00f6zellikleri nedeniyle tercih ettiklerini belirterek, \u00f6n\u00fcm\u00fczdeki d\u00f6nemde filoya yeni yat\u0131r\u0131mlar\u0131n s\u00fcrece\u011fini de s\u00f6zlerine ekledi.<\/p>\n\n\n\n<p>IVECO A\u011f\u0131r Vas\u0131ta Sat\u0131\u015f Sorumlusu Mete Ge\u00e7\u00f6r de yat\u0131r\u0131m\u0131n NGL\u2019ye hay\u0131rl\u0131 olmas\u0131n\u0131 dileyerek s\u00f6zlerine \u015f\u00f6yle devam etti: \u201c<em>Kuruldu\u011fu g\u00fcnden bu yana h\u0131zla b\u00fcy\u00fcyen ve yapt\u0131\u011f\u0131 yat\u0131r\u0131mlarla sekt\u00f6rde \u00f6nc\u00fc firmalar aras\u0131nda yerini alan NGL ile yapm\u0131\u015f oldu\u011fumuz i\u015fbirli\u011finden dolay\u0131 IVECO ailesi olarak \u00e7ok mutluyuz. NGL\u2019nin IVECO markas\u0131n\u0131 tercih nedenlerinin ba\u015f\u0131nda i\u015fletme giderlerinin d\u00fc\u015f\u00fck olmas\u0131 \u00f6ncelikli sebebidir. \u0130\u015fbirli\u011fimizin daha uzun devam etmesi i\u00e7in IVECO olarak her zaman elimizden geleni yapaca\u011f\u0131z.<\/em>\u201d<\/p>\n\n\n\n<figure class=\"wp-block-image size-large\"><img loading=\"lazy\" width=\"1024\" height=\"683\" src=\"http:\/\/blog.ulasimplatformu.com\/wp-content\/uploads\/2022\/09\/1663743888_NGL_IVECO_AracYatirimi003-1024x683.jpg\" alt=\"\" class=\"wp-image-6527\" srcset=\"http:\/\/blog.ulasimplatformu.com\/wp-content\/uploads\/2022\/09\/1663743888_NGL_IVECO_AracYatirimi003-1024x683.jpg 1024w, http:\/\/blog.ulasimplatformu.com\/wp-content\/uploads\/2022\/09\/1663743888_NGL_IVECO_AracYatirimi003-300x200.jpg 300w, http:\/\/blog.ulasimplatformu.com\/wp-content\/uploads\/2022\/09\/1663743888_NGL_IVECO_AracYatirimi003-768x512.jpg 768w, http:\/\/blog.ulasimplatformu.com\/wp-content\/uploads\/2022\/09\/1663743888_NGL_IVECO_AracYatirimi003-1536x1024.jpg 1536w, http:\/\/blog.ulasimplatformu.com\/wp-content\/uploads\/2022\/09\/1663743888_NGL_IVECO_AracYatirimi003-2048x1365.jpg 2048w, http:\/\/blog.ulasimplatformu.com\/wp-content\/uploads\/2022\/09\/1663743888_NGL_IVECO_AracYatirimi003-150x100.jpg 150w, http:\/\/blog.ulasimplatformu.com\/wp-content\/uploads\/2022\/09\/1663743888_NGL_IVECO_AracYatirimi003-696x464.jpg 696w, http:\/\/blog.ulasimplatformu.com\/wp-content\/uploads\/2022\/09\/1663743888_NGL_IVECO_AracYatirimi003-1068x712.jpg 1068w, http:\/\/blog.ulasimplatformu.com\/wp-content\/uploads\/2022\/09\/1663743888_NGL_IVECO_AracYatirimi003-1920x1280.jpg 1920w\" sizes=\"(max-width: 1024px) 100vw, 1024px\" \/><\/figure>\n\n\n\n<figure class=\"wp-block-image size-large\"><img loading=\"lazy\" width=\"1024\" height=\"683\" src=\"http:\/\/blog.ulasimplatformu.com\/wp-content\/uploads\/2022\/09\/1663743869_NGL_IVECO_AracYatirimi001-1024x683.jpg\" alt=\"\" class=\"wp-image-6525\" srcset=\"http:\/\/blog.ulasimplatformu.com\/wp-content\/uploads\/2022\/09\/1663743869_NGL_IVECO_AracYatirimi001-1024x683.jpg 1024w, http:\/\/blog.ulasimplatformu.com\/wp-content\/uploads\/2022\/09\/1663743869_NGL_IVECO_AracYatirimi001-300x200.jpg 300w, http:\/\/blog.ulasimplatformu.com\/wp-content\/uploads\/2022\/09\/1663743869_NGL_IVECO_AracYatirimi001-768x512.jpg 768w, http:\/\/blog.ulasimplatformu.com\/wp-content\/uploads\/2022\/09\/1663743869_NGL_IVECO_AracYatirimi001-1536x1024.jpg 1536w, http:\/\/blog.ulasimplatformu.com\/wp-content\/uploads\/2022\/09\/1663743869_NGL_IVECO_AracYatirimi001-2048x1365.jpg 2048w, http:\/\/blog.ulasimplatformu.com\/wp-content\/uploads\/2022\/09\/1663743869_NGL_IVECO_AracYatirimi001-150x100.jpg 150w, http:\/\/blog.ulasimplatformu.com\/wp-content\/uploads\/2022\/09\/1663743869_NGL_IVECO_AracYatirimi001-696x464.jpg 696w, http:\/\/blog.ulasimplatformu.com\/wp-content\/uploads\/2022\/09\/1663743869_NGL_IVECO_AracYatirimi001-1068x712.jpg 1068w, http:\/\/blog.ulasimplatformu.com\/wp-content\/uploads\/2022\/09\/1663743869_NGL_IVECO_AracYatirimi001-1920x1280.jpg 1920w\" sizes=\"(max-width: 1024px) 100vw, 1024px\" \/><\/figure>\n\n\n\n<figure class=\"wp-block-image size-large\"><img loading=\"lazy\" width=\"1024\" height=\"683\" src=\"http:\/\/blog.ulasimplatformu.com\/wp-content\/uploads\/2022\/09\/1663743878_NGL_IVECO_AracYatirimi002-1024x683.jpg\" alt=\"\" class=\"wp-image-6526\" srcset=\"http:\/\/blog.ulasimplatformu.com\/wp-content\/uploads\/2022\/09\/1663743878_NGL_IVECO_AracYatirimi002-1024x683.jpg 1024w, http:\/\/blog.ulasimplatformu.com\/wp-content\/uploads\/2022\/09\/1663743878_NGL_IVECO_AracYatirimi002-300x200.jpg 300w, http:\/\/blog.ulasimplatformu.com\/wp-content\/uploads\/2022\/09\/1663743878_NGL_IVECO_AracYatirimi002-768x512.jpg 768w, http:\/\/blog.ulasimplatformu.com\/wp-content\/uploads\/2022\/09\/1663743878_NGL_IVECO_AracYatirimi002-1536x1024.jpg 1536w, http:\/\/blog.ulasimplatformu.com\/wp-content\/uploads\/2022\/09\/1663743878_NGL_IVECO_AracYatirimi002-2048x1365.jpg 2048w, http:\/\/blog.ulasimplatformu.com\/wp-content\/uploads\/2022\/09\/1663743878_NGL_IVECO_AracYatirimi002-150x100.jpg 150w, http:\/\/blog.ulasimplatformu.com\/wp-content\/uploads\/2022\/09\/1663743878_NGL_IVECO_AracYatirimi002-696x464.jpg 696w, http:\/\/blog.ulasimplatformu.com\/wp-content\/uploads\/2022\/09\/1663743878_NGL_IVECO_AracYatirimi002-1068x712.jpg 1068w, http:\/\/blog.ulasimplatformu.com\/wp-content\/uploads\/2022\/09\/1663743878_NGL_IVECO_AracYatirimi002-1920x1280.jpg 1920w\" sizes=\"(max-width: 1024px) 100vw, 1024px\" \/><\/figure>\n","protected":false},"excerpt":{"rendered":"<p>NGL (Norther Global Logistics), artan uluslararas\u0131 ta\u015f\u0131mac\u0131l\u0131k taleplerini kar\u015f\u0131layabilmek i\u00e7in filo yat\u0131r\u0131mlar\u0131n\u0131 s\u00fcrd\u00fcr\u00fcyor. \u015eirket, IVECO\u2019dan verdi\u011fi 40 \u00e7ekici sipari\u015finin ilk 10 adedini teslim ald\u0131. NGL Kurucu Orta\u011f\u0131 Sefa Erol, yeni \u00e7ekici yat\u0131r\u0131mlar\u0131yla artan ta\u015f\u0131ma operasyonlar\u0131n\u0131 daha kolay y\u00f6netebileceklerini belirtti. Avrupa ile T\u00fcrkiye aras\u0131nda entegre lojistik hizmetleri sunan Norther Global Logistics (NGL), filosunu g\u00fc\u00e7lendirmeye devam ediyor. [&hellip;]<\/p>\n","protected":false},"author":4,"featured_media":6526,"comment_status":"open","ping_status":"open","sticky":false,"template":"","format":"standard","meta":{"tdm_status":"","tdm_grid_status":"","spay_email":""},"categories":[19],"tags":[],"jetpack_featured_media_url":"http:\/\/blog.ulasimplatformu.com\/wp-content\/uploads\/2022\/09\/1663743878_NGL_IVECO_AracYatirimi002-scaled.jpg","jetpack_sharing_enabled":true,"amp_enabled":true,"_links":{"self":[{"href":"http:\/\/blog.ulasimplatformu.com\/index.php\/wp-json\/wp\/v2\/posts\/6540"}],"collection":[{"href":"http:\/\/blog.ulasimplatformu.com\/index.php\/wp-json\/wp\/v2\/posts"}],"about":[{"href":"http:\/\/blog.ulasimplatformu.com\/index.php\/wp-json\/wp\/v2\/types\/post"}],"author":[{"embeddable":true,"href":"http:\/\/blog.ulasimplatformu.com\/index.php\/wp-json\/wp\/v2\/users\/4"}],"replies":[{"embeddable":true,"href":"http:\/\/blog.ulasimplatformu.com\/index.php\/wp-json\/wp\/v2\/comments?post=6540"}],"version-history":[{"count":1,"href":"http:\/\/blog.ulasimplatformu.com\/index.php\/wp-json\/wp\/v2\/posts\/6540\/revisions"}],"predecessor-version":[{"id":6545,"href":"http:\/\/blog.ulasimplatformu.com\/index.php\/wp-json\/wp\/v2\/posts\/6540\/revisions\/6545"}],"wp:featuredmedia":[{"embeddable":true,"href":"http:\/\/blog.ulasimplatformu.com\/index.php\/wp-json\/wp\/v2\/media\/6526"}],"wp:attachment":[{"href":"http:\/\/blog.ulasimplatformu.com\/index.php\/wp-json\/wp\/v2\/media?parent=6540"}],"wp:term":[{"taxonomy":"category","embeddable":true,"href":"http:\/\/blog.ulasimplatformu.com\/index.php\/wp-json\/wp\/v2\/categories?post=6540"},{"taxonomy":"post_tag","embeddable":true,"href":"http:\/\/blog.ulasimplatformu.com\/index.php\/wp-json\/wp\/v2\/tags?post=6540"}],"curies":[{"name":"wp","href":"https:\/\/api.w.org\/{rel}","templated":true}]}}