{"id":6755,"date":"2022-10-30T17:45:53","date_gmt":"2022-10-30T14:45:53","guid":{"rendered":"http:\/\/blog.ulasimplatformu.com\/?p=6755"},"modified":"2022-10-30T17:45:57","modified_gmt":"2022-10-30T14:45:57","slug":"mercedes-benz-turk-kilic-grupa-150-adet-actros-cekici-teslim-etti","status":"publish","type":"post","link":"http:\/\/blog.ulasimplatformu.com\/index.php\/2022\/10\/30\/mercedes-benz-turk-kilic-grupa-150-adet-actros-cekici-teslim-etti\/","title":{"rendered":"Mercedes-Benz T\u00fcrk, K\u0131l\u0131\u00e7 Grup\u2019a 150 adet Actros \u00e7ekici teslim etti"},"content":{"rendered":"\n<ul><li><strong>Tercihlerini bizden yana kullanan K\u0131l\u0131\u00e7 Grup\u2019a te\u015fekk\u00fcrlerimi sunuyorum.\u201d dedi<\/strong><\/li><\/ul>\n\n\n\n<p>1995 y\u0131l\u0131nda kurulan ve ta\u015f\u0131mac\u0131l\u0131k faaliyeti ile hizmet vermeye ba\u015flayan K\u0131l\u0131\u00e7 Grup, K\u0131l\u0131\u00e7 Nakliyat \u015firketi ile m\u00fc\u015fterilerine hizmet veriyor. Yapt\u0131\u011f\u0131 yat\u0131r\u0131mlarla b\u00fcy\u00fcme ivmesini s\u00fcrd\u00fcren \u015firket, ara\u00e7 park\u0131n\u0131 da yenilemeye devam ediyor.<\/p>\n\n\n\n<p>K\u0131l\u0131\u00e7 Grup, son olarak 28 Ekim 2022 tarihinde \u0130stanbul\u2019da d\u00fczenlenen bir t\u00f6renle 150 adet Mercedes-Benz Actros \u00e7ekiciyi teslim ald\u0131. \u015eirket, Mercedes-Benz T\u00fcrk Aksaray Kamyon Fabrikas\u0131\u2019nda \u00fcretilen yeni ara\u00e7lar\u0131n\u0131 konteyner, demir \u00e7elik ve d\u00f6kme y\u00fck nakliyesi alanlar\u0131nda kullanacak.<\/p>\n\n\n\n<p>Mercedes-Benz Kamyon Finansman\u2019\u0131n kredi deste\u011fi ile Mercedes-Benz T\u00fcrk bayisi Koluman Motorlu Ara\u00e7lar taraf\u0131ndan sat\u0131\u015f i\u015flemleri yap\u0131lan ara\u00e7lar; Mercedes-Benz T\u00fcrk \u0130cra Kurulu Ba\u015fkan\u0131 S\u00fcer S\u00fcl\u00fcn, Mercedes-Benz T\u00fcrk Kamyon Pazarlama ve Sat\u0131\u015f Direkt\u00f6r\u00fc Alper Kurt, Mercedes-Benz T\u00fcrk Kamyon Filo Sat\u0131\u015f Grup M\u00fcd\u00fcr\u00fc Yusuf Ad\u0131g\u00fczel ve Koluman Holding Y\u00f6netim Kurulu Ba\u015fkan Vekili \u00dcyesi Ali Salt\u0131k taraf\u0131ndan K\u0131l\u0131\u00e7 Grup Y\u00f6netim Kurulu Ba\u015fkan\u0131 Ayhan K\u0131l\u0131\u00e7 ve K\u0131l\u0131\u00e7 Grup Y\u00f6netim Kurulu Ba\u015fkan Yard\u0131mc\u0131s\u0131 Taner K\u0131l\u0131\u00e7\u2019a teslim edildi.<\/p>\n\n\n\n<p><strong>Mercedes-Benz T\u00fcrk Kamyon Pazarlama ve Sat\u0131\u015f Direkt\u00f6r\u00fc Alper Kurt<\/strong><strong> <\/strong>t\u00f6rende yapt\u0131\u011f\u0131 konu\u015fmada \u015fu ifadeleri kulland\u0131:<strong> <\/strong>\u201cUzun y\u0131llard\u0131r g\u00fc\u00e7l\u00fc ba\u011flar\u0131m\u0131z olan \u00e7ok de\u011ferli m\u00fc\u015fterilerimizden K\u0131l\u0131\u00e7 Grup\u2019a 150 adet Mercedes-Benz Actros teslimat\u0131n\u0131 ger\u00e7ekle\u015ftiriyor olmaktan \u00e7ok mutluyuz. K\u0131l\u0131\u00e7 Grup\u2019un yeni yat\u0131r\u0131m\u0131nda tercih etti\u011fi Mercedes-Benz Actros \u00fcr\u00fcn ailemiz; s\u00fcrekli g\u00fcncellenen g\u00fcvenlik donan\u0131mlar\u0131, art\u0131r\u0131lm\u0131\u015f kabin ve s\u00fcr\u00fc\u015f konforu ve d\u00fc\u015f\u00fck i\u015fletme maliyeti ile y\u0131llard\u0131r T\u00fcrkiye kamyon pazar\u0131n\u0131n en \u00e7ok tercih edilen modellerinden biri olmay\u0131 s\u00fcrd\u00fcr\u00fcyor.&nbsp; Bu k\u0131ymetli i\u015f ortakl\u0131\u011f\u0131na yak\u0131\u015f\u0131r kalite ve donan\u0131mlara sahip, sekt\u00f6r\u00fcn t\u00fcm beklentilerini kar\u015f\u0131layacak \u015fekilde Aksaray Fabrikam\u0131zda yerli \u00fcretti\u011fimiz Actros \u00e7ekici ailemiz, pazarda \u00f6nc\u00fc konumunu her ge\u00e7en g\u00fcn daha da sa\u011flamla\u015ft\u0131r\u0131yor. Bu b\u00fcy\u00fck teslimatta eme\u011fi ge\u00e7en t\u00fcm sat\u0131\u015f ekibimize, de\u011ferli bayimiz Koluman Motorlu Ara\u00e7lar\u2019a, proje finansman\u0131nda b\u00fcy\u00fck eme\u011fi bulunan, filo sat\u0131\u015flar\u0131n\u0131n vazge\u00e7ilmezi Mercedes-Benz Kamyon Finansman\u2019a ve tercihlerini bizden yana kullanan dostumuz, partnerimiz, marka el\u00e7imiz K\u0131l\u0131\u00e7 Grup\u2019a te\u015fekk\u00fcrlerimi sunuyorum.\u201d<\/p>\n\n\n\n<p><strong>K\u0131l\u0131\u00e7 Grup Y\u00f6netim Kurulu Ba\u015fkan\u0131 Ayhan K\u0131l\u0131\u00e7<\/strong><strong> <\/strong>ise, \u201c1995 y\u0131l\u0131nda hizmet vermeye ba\u015flayan \u015firketimiz, her ge\u00e7en g\u00fcn faaliyet alan\u0131n\u0131 ve i\u015f hacmini b\u00fcy\u00fctmeyi ba\u015fard\u0131. Gerek kamu gerekse \u00f6zel sekt\u00f6rde imza att\u0131\u011f\u0131m\u0131z ba\u015far\u0131l\u0131 \u00e7al\u0131\u015fmalar ve ger\u00e7ekle\u015ftirdi\u011fimiz \u00f6nemli yat\u0131r\u0131mlarla, K\u0131l\u0131\u00e7 Grup bug\u00fcnk\u00fc g\u00fcvenilir ve sayg\u0131n konumuna ula\u015ft\u0131. Merkezi Kocaeli\u2019nde bulunan \u015firketimiz, Karadeniz Ere\u011fli, Karab\u00fck, Hatay D\u00f6rtyol ve T\u00fcrkiye\u2019nin \u00e7e\u015fitli b\u00f6lgelerinde K\u0131l\u0131\u00e7 Grup olarak faaliyetlerine devam ediyor. Bir\u00e7ok kriteri de\u011ferlendirdikten sonra ger\u00e7ekle\u015ftirdi\u011fimiz ara\u00e7 al\u0131m\u0131nda, tercihimizi uzun y\u0131llard\u0131r i\u015f birli\u011fi yapt\u0131\u011f\u0131m\u0131z Mercedes-Benz T\u00fcrk\u2019ten yana yapm\u0131\u015f olmaktan dolay\u0131 mutluyuz. Sahip oldu\u011fu teknoloji, s\u00fcr\u00fc\u015f g\u00fcvenli\u011fi, konforu ve ekonomik s\u00fcr\u00fc\u015f avantajlar\u0131 nedeniyle Mercedes-Benz\u2019in Arocs ve Actros modellerinde olmak \u00fczere 2022 y\u0131l\u0131nda 150 adet arac\u0131 filomuza ekledik\u201d diye konu\u015ftu.<\/p>\n\n\n\n<p><strong>Koluman Holding Y\u00f6netim Kurulu Ba\u015fkan Vekili<\/strong><strong><em> <\/em><\/strong><strong>\u00dcyesi Ali Salt\u0131k <\/strong>da \u015funlar\u0131 s\u00f6yledi:<strong> <\/strong>\u201cMercedes-Benz Kamyon Finansman\u2019\u0131n sa\u011flad\u0131\u011f\u0131 uygun kredi \u015fartlar\u0131 ile yeni ara\u00e7lar\u0131n\u0131 teslim alan K\u0131l\u0131\u00e7 Grup, filosuna ekledi\u011fi 150 adet Mercedes-Benz Actros \u00e7ekici ile m\u00fc\u015fterilerine sundu\u011fu hizmet kalitesinde \u00e7\u0131tay\u0131 bir \u00fcst seviyeye ta\u015f\u0131yacak. Konfor, g\u00fcvenlik, d\u00fc\u015f\u00fck yak\u0131t t\u00fcketimi ve uzun bak\u0131m aral\u0131klar\u0131 ile sekt\u00f6rde fark yaratan Mercedes-Benz Actros ailesinin, K\u0131l\u0131\u00e7 Grup\u2019a \u00e7ok \u00f6nemli avantajlar sa\u011flayaca\u011f\u0131na inan\u0131yorum. Mercedes-Benz T\u00fcrk ile uzun y\u0131llard\u0131r s\u00fcregelen verimli i\u015f birli\u011fini bu yat\u0131r\u0131mla bir ad\u0131m daha \u00f6teye ta\u015f\u0131yan K\u0131l\u0131\u00e7 Grup\u2019a yeni ara\u00e7lar\u0131n\u0131n hay\u0131rl\u0131 olmas\u0131n\u0131 temenni ediyorum.\u201d<strong><\/strong><\/p>\n\n\n\n<figure class=\"wp-block-image size-large\"><img loading=\"lazy\" width=\"1024\" height=\"683\" src=\"http:\/\/blog.ulasimplatformu.com\/wp-content\/uploads\/2022\/10\/Mercedes-Benz-Turk-Kilic-Grupa-150-adet-Actros-cekici-teslim-etti_04-1024x683.jpeg\" alt=\"\" class=\"wp-image-6756\" srcset=\"http:\/\/blog.ulasimplatformu.com\/wp-content\/uploads\/2022\/10\/Mercedes-Benz-Turk-Kilic-Grupa-150-adet-Actros-cekici-teslim-etti_04-1024x683.jpeg 1024w, http:\/\/blog.ulasimplatformu.com\/wp-content\/uploads\/2022\/10\/Mercedes-Benz-Turk-Kilic-Grupa-150-adet-Actros-cekici-teslim-etti_04-300x200.jpeg 300w, http:\/\/blog.ulasimplatformu.com\/wp-content\/uploads\/2022\/10\/Mercedes-Benz-Turk-Kilic-Grupa-150-adet-Actros-cekici-teslim-etti_04-768x512.jpeg 768w, http:\/\/blog.ulasimplatformu.com\/wp-content\/uploads\/2022\/10\/Mercedes-Benz-Turk-Kilic-Grupa-150-adet-Actros-cekici-teslim-etti_04-1536x1024.jpeg 1536w, http:\/\/blog.ulasimplatformu.com\/wp-content\/uploads\/2022\/10\/Mercedes-Benz-Turk-Kilic-Grupa-150-adet-Actros-cekici-teslim-etti_04-2048x1365.jpeg 2048w, http:\/\/blog.ulasimplatformu.com\/wp-content\/uploads\/2022\/10\/Mercedes-Benz-Turk-Kilic-Grupa-150-adet-Actros-cekici-teslim-etti_04-150x100.jpeg 150w, http:\/\/blog.ulasimplatformu.com\/wp-content\/uploads\/2022\/10\/Mercedes-Benz-Turk-Kilic-Grupa-150-adet-Actros-cekici-teslim-etti_04-696x464.jpeg 696w, http:\/\/blog.ulasimplatformu.com\/wp-content\/uploads\/2022\/10\/Mercedes-Benz-Turk-Kilic-Grupa-150-adet-Actros-cekici-teslim-etti_04-1068x712.jpeg 1068w, http:\/\/blog.ulasimplatformu.com\/wp-content\/uploads\/2022\/10\/Mercedes-Benz-Turk-Kilic-Grupa-150-adet-Actros-cekici-teslim-etti_04-1920x1280.jpeg 1920w\" sizes=\"(max-width: 1024px) 100vw, 1024px\" \/><\/figure>\n\n\n\n<figure class=\"wp-block-image size-large\"><img loading=\"lazy\" width=\"1024\" height=\"682\" src=\"http:\/\/blog.ulasimplatformu.com\/wp-content\/uploads\/2022\/10\/Mercedes-Benz-Turk-Kilic-Grupa-150-adet-Actros-cekici-teslim-etti_01-1024x682.jpg\" alt=\"\" class=\"wp-image-6757\" srcset=\"http:\/\/blog.ulasimplatformu.com\/wp-content\/uploads\/2022\/10\/Mercedes-Benz-Turk-Kilic-Grupa-150-adet-Actros-cekici-teslim-etti_01-1024x682.jpg 1024w, http:\/\/blog.ulasimplatformu.com\/wp-content\/uploads\/2022\/10\/Mercedes-Benz-Turk-Kilic-Grupa-150-adet-Actros-cekici-teslim-etti_01-300x200.jpg 300w, http:\/\/blog.ulasimplatformu.com\/wp-content\/uploads\/2022\/10\/Mercedes-Benz-Turk-Kilic-Grupa-150-adet-Actros-cekici-teslim-etti_01-768x512.jpg 768w, http:\/\/blog.ulasimplatformu.com\/wp-content\/uploads\/2022\/10\/Mercedes-Benz-Turk-Kilic-Grupa-150-adet-Actros-cekici-teslim-etti_01-1536x1024.jpg 1536w, http:\/\/blog.ulasimplatformu.com\/wp-content\/uploads\/2022\/10\/Mercedes-Benz-Turk-Kilic-Grupa-150-adet-Actros-cekici-teslim-etti_01-150x100.jpg 150w, http:\/\/blog.ulasimplatformu.com\/wp-content\/uploads\/2022\/10\/Mercedes-Benz-Turk-Kilic-Grupa-150-adet-Actros-cekici-teslim-etti_01-696x464.jpg 696w, http:\/\/blog.ulasimplatformu.com\/wp-content\/uploads\/2022\/10\/Mercedes-Benz-Turk-Kilic-Grupa-150-adet-Actros-cekici-teslim-etti_01-1068x712.jpg 1068w, http:\/\/blog.ulasimplatformu.com\/wp-content\/uploads\/2022\/10\/Mercedes-Benz-Turk-Kilic-Grupa-150-adet-Actros-cekici-teslim-etti_01-1920x1280.jpg 1920w, http:\/\/blog.ulasimplatformu.com\/wp-content\/uploads\/2022\/10\/Mercedes-Benz-Turk-Kilic-Grupa-150-adet-Actros-cekici-teslim-etti_01.jpg 2000w\" sizes=\"(max-width: 1024px) 100vw, 1024px\" \/><\/figure>\n\n\n\n<figure class=\"wp-block-image size-large\"><img loading=\"lazy\" width=\"1024\" height=\"683\" src=\"http:\/\/blog.ulasimplatformu.com\/wp-content\/uploads\/2022\/10\/Mercedes-Benz-Turk-Kilic-Grupa-150-adet-Actros-cekici-teslim-etti_02-1024x683.jpeg\" alt=\"\" class=\"wp-image-6758\" srcset=\"http:\/\/blog.ulasimplatformu.com\/wp-content\/uploads\/2022\/10\/Mercedes-Benz-Turk-Kilic-Grupa-150-adet-Actros-cekici-teslim-etti_02-1024x683.jpeg 1024w, http:\/\/blog.ulasimplatformu.com\/wp-content\/uploads\/2022\/10\/Mercedes-Benz-Turk-Kilic-Grupa-150-adet-Actros-cekici-teslim-etti_02-300x200.jpeg 300w, http:\/\/blog.ulasimplatformu.com\/wp-content\/uploads\/2022\/10\/Mercedes-Benz-Turk-Kilic-Grupa-150-adet-Actros-cekici-teslim-etti_02-768x512.jpeg 768w, http:\/\/blog.ulasimplatformu.com\/wp-content\/uploads\/2022\/10\/Mercedes-Benz-Turk-Kilic-Grupa-150-adet-Actros-cekici-teslim-etti_02-1536x1024.jpeg 1536w, http:\/\/blog.ulasimplatformu.com\/wp-content\/uploads\/2022\/10\/Mercedes-Benz-Turk-Kilic-Grupa-150-adet-Actros-cekici-teslim-etti_02-2048x1365.jpeg 2048w, http:\/\/blog.ulasimplatformu.com\/wp-content\/uploads\/2022\/10\/Mercedes-Benz-Turk-Kilic-Grupa-150-adet-Actros-cekici-teslim-etti_02-150x100.jpeg 150w, http:\/\/blog.ulasimplatformu.com\/wp-content\/uploads\/2022\/10\/Mercedes-Benz-Turk-Kilic-Grupa-150-adet-Actros-cekici-teslim-etti_02-696x464.jpeg 696w, http:\/\/blog.ulasimplatformu.com\/wp-content\/uploads\/2022\/10\/Mercedes-Benz-Turk-Kilic-Grupa-150-adet-Actros-cekici-teslim-etti_02-1068x712.jpeg 1068w, http:\/\/blog.ulasimplatformu.com\/wp-content\/uploads\/2022\/10\/Mercedes-Benz-Turk-Kilic-Grupa-150-adet-Actros-cekici-teslim-etti_02-1920x1280.jpeg 1920w\" sizes=\"(max-width: 1024px) 100vw, 1024px\" \/><\/figure>\n\n\n\n<figure class=\"wp-block-image size-large\"><img loading=\"lazy\" width=\"683\" height=\"1024\" src=\"http:\/\/blog.ulasimplatformu.com\/wp-content\/uploads\/2022\/10\/Mercedes-Benz-Turk-Kilic-Grupa-150-adet-Actros-cekici-teslim-etti_03-683x1024.jpeg\" alt=\"\" class=\"wp-image-6759\" srcset=\"http:\/\/blog.ulasimplatformu.com\/wp-content\/uploads\/2022\/10\/Mercedes-Benz-Turk-Kilic-Grupa-150-adet-Actros-cekici-teslim-etti_03-683x1024.jpeg 683w, http:\/\/blog.ulasimplatformu.com\/wp-content\/uploads\/2022\/10\/Mercedes-Benz-Turk-Kilic-Grupa-150-adet-Actros-cekici-teslim-etti_03-200x300.jpeg 200w, http:\/\/blog.ulasimplatformu.com\/wp-content\/uploads\/2022\/10\/Mercedes-Benz-Turk-Kilic-Grupa-150-adet-Actros-cekici-teslim-etti_03-768x1152.jpeg 768w, http:\/\/blog.ulasimplatformu.com\/wp-content\/uploads\/2022\/10\/Mercedes-Benz-Turk-Kilic-Grupa-150-adet-Actros-cekici-teslim-etti_03-1024x1536.jpeg 1024w, http:\/\/blog.ulasimplatformu.com\/wp-content\/uploads\/2022\/10\/Mercedes-Benz-Turk-Kilic-Grupa-150-adet-Actros-cekici-teslim-etti_03-1365x2048.jpeg 1365w, http:\/\/blog.ulasimplatformu.com\/wp-content\/uploads\/2022\/10\/Mercedes-Benz-Turk-Kilic-Grupa-150-adet-Actros-cekici-teslim-etti_03-150x225.jpeg 150w, http:\/\/blog.ulasimplatformu.com\/wp-content\/uploads\/2022\/10\/Mercedes-Benz-Turk-Kilic-Grupa-150-adet-Actros-cekici-teslim-etti_03-300x450.jpeg 300w, http:\/\/blog.ulasimplatformu.com\/wp-content\/uploads\/2022\/10\/Mercedes-Benz-Turk-Kilic-Grupa-150-adet-Actros-cekici-teslim-etti_03-696x1044.jpeg 696w, http:\/\/blog.ulasimplatformu.com\/wp-content\/uploads\/2022\/10\/Mercedes-Benz-Turk-Kilic-Grupa-150-adet-Actros-cekici-teslim-etti_03-1068x1602.jpeg 1068w, http:\/\/blog.ulasimplatformu.com\/wp-content\/uploads\/2022\/10\/Mercedes-Benz-Turk-Kilic-Grupa-150-adet-Actros-cekici-teslim-etti_03-1920x2880.jpeg 1920w, http:\/\/blog.ulasimplatformu.com\/wp-content\/uploads\/2022\/10\/Mercedes-Benz-Turk-Kilic-Grupa-150-adet-Actros-cekici-teslim-etti_03-scaled.jpeg 1707w\" sizes=\"(max-width: 683px) 100vw, 683px\" \/><\/figure>\n","protected":false},"excerpt":{"rendered":"<p>Tercihlerini bizden yana kullanan K\u0131l\u0131\u00e7 Grup\u2019a te\u015fekk\u00fcrlerimi sunuyorum.\u201d dedi 1995 y\u0131l\u0131nda kurulan ve ta\u015f\u0131mac\u0131l\u0131k faaliyeti ile hizmet vermeye ba\u015flayan K\u0131l\u0131\u00e7 Grup, K\u0131l\u0131\u00e7 Nakliyat \u015firketi ile m\u00fc\u015fterilerine hizmet veriyor. Yapt\u0131\u011f\u0131 yat\u0131r\u0131mlarla b\u00fcy\u00fcme ivmesini s\u00fcrd\u00fcren \u015firket, ara\u00e7 park\u0131n\u0131 da yenilemeye devam ediyor. K\u0131l\u0131\u00e7 Grup, son olarak 28 Ekim 2022 tarihinde \u0130stanbul\u2019da d\u00fczenlenen bir t\u00f6renle 150 adet Mercedes-Benz [&hellip;]<\/p>\n","protected":false},"author":4,"featured_media":6757,"comment_status":"open","ping_status":"open","sticky":false,"template":"","format":"standard","meta":{"tdm_status":"","tdm_grid_status":"","spay_email":""},"categories":[19],"tags":[],"jetpack_featured_media_url":"http:\/\/blog.ulasimplatformu.com\/wp-content\/uploads\/2022\/10\/Mercedes-Benz-Turk-Kilic-Grupa-150-adet-Actros-cekici-teslim-etti_01.jpg","jetpack_sharing_enabled":true,"amp_enabled":true,"_links":{"self":[{"href":"http:\/\/blog.ulasimplatformu.com\/index.php\/wp-json\/wp\/v2\/posts\/6755"}],"collection":[{"href":"http:\/\/blog.ulasimplatformu.com\/index.php\/wp-json\/wp\/v2\/posts"}],"about":[{"href":"http:\/\/blog.ulasimplatformu.com\/index.php\/wp-json\/wp\/v2\/types\/post"}],"author":[{"embeddable":true,"href":"http:\/\/blog.ulasimplatformu.com\/index.php\/wp-json\/wp\/v2\/users\/4"}],"replies":[{"embeddable":true,"href":"http:\/\/blog.ulasimplatformu.com\/index.php\/wp-json\/wp\/v2\/comments?post=6755"}],"version-history":[{"count":1,"href":"http:\/\/blog.ulasimplatformu.com\/index.php\/wp-json\/wp\/v2\/posts\/6755\/revisions"}],"predecessor-version":[{"id":6760,"href":"http:\/\/blog.ulasimplatformu.com\/index.php\/wp-json\/wp\/v2\/posts\/6755\/revisions\/6760"}],"wp:featuredmedia":[{"embeddable":true,"href":"http:\/\/blog.ulasimplatformu.com\/index.php\/wp-json\/wp\/v2\/media\/6757"}],"wp:attachment":[{"href":"http:\/\/blog.ulasimplatformu.com\/index.php\/wp-json\/wp\/v2\/media?parent=6755"}],"wp:term":[{"taxonomy":"category","embeddable":true,"href":"http:\/\/blog.ulasimplatformu.com\/index.php\/wp-json\/wp\/v2\/categories?post=6755"},{"taxonomy":"post_tag","embeddable":true,"href":"http:\/\/blog.ulasimplatformu.com\/index.php\/wp-json\/wp\/v2\/tags?post=6755"}],"curies":[{"name":"wp","href":"https:\/\/api.w.org\/{rel}","templated":true}]}}