{"id":6777,"date":"2022-11-06T16:25:15","date_gmt":"2022-11-06T13:25:15","guid":{"rendered":"http:\/\/blog.ulasimplatformu.com\/?p=6777"},"modified":"2022-11-06T16:25:21","modified_gmt":"2022-11-06T13:25:21","slug":"karsana-iki-yeni-global-odul","status":"publish","type":"post","link":"http:\/\/blog.ulasimplatformu.com\/index.php\/2022\/11\/06\/karsana-iki-yeni-global-odul\/","title":{"rendered":"Karsan\u2019a \u0130ki Yeni Global \u00d6d\u00fcl"},"content":{"rendered":"\n<p><strong>\u201cMobilitenin Gelece\u011finde Bir Ad\u0131m \u00d6nde\u201d olma vizyonuyla ileri teknolojili mobilite \u00e7\u00f6z\u00fcmleri sunan Karsan, prestijli iki \u00f6d\u00fcl daha kazanarak ba\u015far\u0131lar\u0131n\u0131 ta\u00e7land\u0131rmaya devam ediyor. Karsan, olduk\u00e7a geni\u015f ve ba\u011f\u0131ms\u0131z uzmanlardan olu\u015fan j\u00fcrinin, yapt\u0131klar\u0131 i\u015fi kusursuz ger\u00e7ekle\u015ftiren markalar\u0131 belirledi\u011fi \u201cGlobal Business Excellence\u201d \u00f6d\u00fcllerinin \u201cOla\u011fan\u00fcst\u00fc Marka D\u00f6n\u00fc\u015f\u00fcm\u00fc\u201d kategorisinde elektrikli d\u00f6n\u00fc\u015f\u00fcm yolculu\u011fundaki \u201cKarsan Electric Evolution\u201d stratejisi ile birinci oldu. Bununla birlikte \u201cKarsan Otonom e-ATAK\u201d ile de \u201cOla\u011fan\u00fcst\u00fc \u0130nnovasyon\u201d kategorisinde ipi g\u00f6\u011f\u00fcslemeyi ba\u015fard\u0131. &nbsp;<\/strong><\/p>\n\n\n\n<p><strong>Al\u0131nan \u00f6d\u00fcllerle ilgili a\u00e7\u0131klamada bulunan Karsan CEO\u2019su Okan Ba\u015f, \u201c12 metre elektrikli e-ATA modelimiz ile kazand\u0131\u011f\u0131m\u0131z Sustainable Bus of The Year 2023\u2019ten sonra prestijli bir \u00f6d\u00fcl\u00fc daha kazanman\u0131n hakl\u0131 gururunu ya\u015f\u0131yoruz. Yar\u0131\u015fmada \u201cOla\u011fan\u00fcst\u00fc \u0130nnovasyon\u201d kategorisinde Avrupa ve Amerika\u2019da ilkleri ba\u015fararak \u015fu anda ger\u00e7ek bir rotada yolcu ta\u015f\u0131makta olan Otonom e-ATAK projemizle \u00f6d\u00fcl ald\u0131k. \u201cOla\u011fan\u00fcst\u00fc Marka D\u00f6n\u00fc\u015f\u00fcm\u00fc\u201d kategorisinde ise son 5 y\u0131l i\u00e7inde, e-JEST ile ba\u015flayan, arkas\u0131ndan e-ATAK, Otonom e-ATAK ve sonras\u0131nda da 10-12-18 metre e-ATA modellerimiz ile elektrikli mobilite d\u00f6n\u00fc\u015f\u00fcm\u00fcne \u00f6nc\u00fcl\u00fck etti\u011fimiz Karsan Electric Evolution stratejimizle \u00f6d\u00fcl kazand\u0131k. Bu \u00f6d\u00fcller d\u00fcnyan\u0131n en y\u00fcksek profilli \u00f6d\u00fcllerinden biri olmas\u0131 sebebiyle bizim i\u00e7in ayr\u0131 bir \u00f6neme sahip. Verilen \u00f6d\u00fcllerin ortak noktas\u0131 ise; kazanan \u015firketlerin i\u015flerinde ger\u00e7ekten en iyisi olmas\u0131. Biz de Karsan olarak gerek geli\u015ftirip \u00fcretti\u011fimiz ileri teknolojili modellerimiz gerekse toplu ula\u015f\u0131m\u0131n elektrikli d\u00f6n\u00fc\u015f\u00fcm\u00fcnde oynad\u0131\u011f\u0131m\u0131z \u00f6nc\u00fc rol ile gelece\u011fin mobilitesinde hep bir ad\u0131m \u00f6nde olmak i\u00e7in \u00e7al\u0131\u015f\u0131yoruz\u201d dedi.<\/strong><\/p>\n\n\n\n<p>\u0130leri teknolojili mobilite \u00e7\u00f6z\u00fcmleriyle dikkat \u00e7eken Karsan, e-ATA modeli ile kazand\u0131\u011f\u0131 Sustainable Bus of The Year 2023\u2019ten sonra bir prestijli \u00f6d\u00fcl\u00fcn daha sahibi oldu. 2022 \u201cGlobal Business Excellence\u201d \u00d6d\u00fclleri&#8217;nin \u201cOla\u011fan\u00fcst\u00fc Marka D\u00f6n\u00fc\u015f\u00fcm\u00fc\u201d kategorisinde birinci olan Karsan, bununla birlikte Otonom e-ATAK ile de \u201cOla\u011fan\u00fcst\u00fc \u0130nnovasyon\u201d kategorisinde ipi g\u00f6\u011f\u00fcslemeyi ba\u015fard\u0131.&nbsp; Uzmanlardan olu\u015fan olduk\u00e7a geni\u015f ve ba\u011f\u0131ms\u0131z bir j\u00fcriye sahip olan \u201cGlobal Business Excellence\u201d \u00f6d\u00fclleri; finansal sonu\u00e7lar, inovasyon, m\u00fc\u015fteri, \u00e7al\u0131\u015fan, yat\u0131r\u0131mc\u0131 ve toplumsal fayday\u0131 dikkate alarak kazananlar\u0131 her kategori ve sekt\u00f6r i\u00e7in zorlu kriterlere g\u00f6re se\u00e7iyor.<\/p>\n\n\n\n<p>Ola\u011fan Marka D\u00f6n\u00fc\u015f\u00fcm\u00fc kategorisinde birinci olan Karsan ile ilgili g\u00f6r\u00fc\u015flerini aktaran j\u00fcri ba\u015fkan\u0131, \u201cT\u00fcrkiye&#8217;nin ticari ara\u00e7 \u00fcreticisi Karsan, son be\u015f y\u0131lda yenilik\u00e7i teknolojilerle \u00f6nemli a\u015fama kaydetti ve toplu ta\u015f\u0131mada elektrikli evrimin \u00f6nc\u00fcs\u00fc oldu. \u015eirket, d\u00fcnya genelinde kullan\u0131lmakta olan son seviye &nbsp;elektrikli ve otonom ara\u00e7 teknolojilerine \u00f6nc\u00fcl\u00fck ediyor. S\u00fcr\u00fcc\u00fcs\u00fcz bir elektrikli otob\u00fcs de dahil olmak \u00fczere toplu ula\u015f\u0131mda t\u00fcm boyutlarda &nbsp;elektrikli \u00fcr\u00fcn gam\u0131n\u0131 pazara s\u00fcren ilk ve tek Avrupal\u0131 marka oldu\u011fu ve ula\u015f\u0131m\u0131n gelece\u011fine \u00f6nc\u00fcl\u00fck etti\u011fi i\u00e7in Karsan&#8217;\u0131 tebrik ediyoruz\u201d dedi.<\/p>\n\n\n\n<p><strong>\u201c\u00dcretti\u011fimiz modeller ve teknolojilerle en iyi olmaya devam ediyoruz\u201d<\/strong><\/p>\n\n\n\n<p>Al\u0131nan \u00f6d\u00fclle ilgili g\u00f6r\u00fc\u015flerini a\u00e7\u0131klayan Karsan CEO\u2019su Okan Ba\u015f, \u201c12 metre elektrikli e-ATA modelimiz ile kazand\u0131\u011f\u0131m\u0131z Sustainable Bus of The Year 2023\u2019ten sonra bir prestijli \u00f6d\u00fcl\u00fc daha kazanman\u0131n hakl\u0131 gururunu ya\u015f\u0131yoruz. Yar\u0131\u015fmada \u201cOla\u011fan\u00fcst\u00fc \u0130nnovasyon\u201d kategorisinde Avrupa ve Amerika\u2019da ilkleri ba\u015farak \u015fuanda ger\u00e7ek bir rotada yolcu ta\u015f\u0131makta olan Otonom e-ATAK projemizle \u00f6d\u00fcl ald\u0131k. \u201cOla\u011fan\u00fcst\u00fc Marka D\u00f6n\u00fc\u015f\u00fcm\u00fc\u201d kategorisinde ise son 5 y\u0131l i\u00e7inde, e-JEST ile ba\u015flayan, arkas\u0131ndan e-ATAK, Otonom e-ATAK ve sonras\u0131nda da 10-12-18 metre e-ATA modellerimiz ile elektrikli mobilite d\u00f6n\u00fc\u015f\u00fcm\u00fcne \u00f6nc\u00fcl\u00fck etti\u011fimiz Karsan Electric Evolution stratejimizle \u00f6d\u00fcl kazand\u0131k. &nbsp;Bu \u00f6d\u00fcller d\u00fcnyan\u0131n en y\u00fcksek profilli \u00f6d\u00fcllerinden biri olmas\u0131 sebebiyle bizim i\u00e7in ayr\u0131 bir \u00f6neme sahip. Verilen \u00f6d\u00fcllerin ortak noktas\u0131 ise; kazanan \u015firketlerin i\u015flerinde ger\u00e7ekten en iyisi olmas\u0131. Biz de Karsan olarak gerek geli\u015ftirip \u00fcretti\u011fimiz ileri teknolojili modellerimiz gerekse toplu ula\u015f\u0131m\u0131n elektrikli d\u00f6n\u00fc\u015f\u00fcm\u00fcnde oynad\u0131\u011f\u0131m\u0131z \u00f6nc\u00fc rol ile gelece\u011fin mobilitesinde hep bir ad\u0131m \u00f6nde olmak i\u00e7in \u00e7al\u0131\u015f\u0131yoruz. Bu \u00f6d\u00fcl\u00fcn kazan\u0131lmas\u0131nda eme\u011fi olan t\u00fcm Karsan \u00e7al\u0131\u015fanlar\u0131na te\u015fekk\u00fcr ediyorum\u201d dedi.<\/p>\n\n\n\n<p><strong>Global Business Excellence Awards Hakk\u0131nda:<\/strong><\/p>\n\n\n\n<p>Global Business Excellence \u00d6d\u00fclleri, d\u00fcnyan\u0131n her yerinde bulunan farkl\u0131 b\u00fcy\u00fckl\u00fckteki \u00f6zel, kamu ve \u00fc\u00e7\u00fcnc\u00fc parti sekt\u00f6r kurulu\u015flar\u0131na a\u00e7\u0131k. K\u00fcresel \u0130\u015f M\u00fckemmelli\u011fi \u00d6d\u00fclleri\u2019ne kat\u0131lmak i\u00e7in k\u00fcresel olarak faaliyet g\u00f6steriyor olmak gerekmiyor. Kat\u0131l\u0131mc\u0131lar, ayn\u0131 \u00fclkedeki di\u011fer kat\u0131l\u0131mc\u0131larla de\u011ferlendirilir. \u015eubat, May\u0131s, A\u011fustos ve Kas\u0131m aylar\u0131n\u0131n son i\u015f g\u00fcn\u00fc olmak \u00fczere her y\u0131l d\u00f6rt tur d\u00fczenleniyor ve her turun kazanan\u0131 on iki ay boyunca unvan\u0131n\u0131 koruyor.<\/p>\n\n\n\n<p>Daha ayr\u0131nt\u0131l\u0131 bilgi i\u00e7in http:\/\/www.gbeawards.com\/ adresini ziyaret edebilirsiniz.<\/p>\n\n\n\n<p><strong>Awards Intelligence Hakk\u0131nda:<\/strong><\/p>\n\n\n\n<p>Global Business Excellence \u00d6d\u00fclleri, d\u00fcnyan\u0131n \u00f6nde gelen i\u015f \u00f6d\u00fclleri ve ki\u015fisel onur hizmetleri sa\u011flay\u0131c\u0131s\u0131 Awards Intelligence taraf\u0131ndan pazarlan\u0131yor ve y\u00f6netiliyor. Organizasyon d\u00fcnya genelinde ilerici bireylere ve kurulu\u015flara haber, bilgi ve destek sa\u011fl\u0131yor.<\/p>\n\n\n\n<p>Daha ayr\u0131nt\u0131l\u0131 bilgi almak i\u00e7in http:\/\/www.gbeawards.com\/ adresini ziyaret edebilirsiniz.<\/p>\n\n\n\n<p><strong>Karsan Hakk\u0131nda:<\/strong><\/p>\n\n\n\n<p>T\u00fcrk otomotiv sanayinde 55 y\u0131l\u0131 geride b\u0131rakan Karsan, kuruldu\u011fu g\u00fcnden bu yana ticari ara\u00e7 segmentinde kendi markas\u0131 da dahil, d\u00fcnyan\u0131n \u00f6nde gelen markalar\u0131 i\u00e7in modern tesislerinde \u00fcretim yap\u0131yor. 1981 y\u0131l\u0131ndan bu yana ticari ara\u00e7 \u00fcretimi ger\u00e7ekle\u015ftiren Karsan&#8217;\u0131n Bursa Hasana\u011fa\u2019daki fabrikas\u0131 tek vardiyada y\u0131lda 19 bin 870 ara\u00e7 \u00fcretebilecek yap\u0131ya sahip. Binek ara\u00e7tan a\u011f\u0131r kamyona, minivandan otob\u00fcse kadar her t\u00fcrl\u00fc arac\u0131 \u00fcretebilecek esneklikte tasarlanan Hasana\u011fa Fabrikas\u0131, Bursa \u015fehir merkezine 30 km uzakl\u0131kta olup, 90 bin metrekaresi kapal\u0131 toplam 200 bin metrekarelik bir alan \u00fczerinde yer al\u0131yor.<\/p>\n\n\n\n<p>50 y\u0131l\u0131 a\u015fk\u0131n s\u00fcredir otomotiv sanayinde T\u00fcrkiye\u2019nin tek ba\u011f\u0131ms\u0131z \u00e7ok markal\u0131 ara\u00e7 \u00fcreticisi konumunda yer alan Karsan, mobiletinin gelece\u011finde bir ad\u0131m \u00f6nde olma vizyonu do\u011frultusunda i\u015f ortaklar\u0131 ve lisans\u00f6rleri ile birlikte yeni ve mevcut \u00fcr\u00fcnlerin t\u00fcrevlerini geli\u015ftirerek y\u00fck ve yolcu ta\u015f\u0131mac\u0131l\u0131\u011f\u0131nda t\u00fcm segmentlerde yer almay\u0131 hedefliyor. Toplu ta\u015f\u0131mac\u0131l\u0131k segmentinde \u201cyenilik\u00e7i \u00fcr\u00fcn ve hizmetleri\u201d, \u201cfikirden pazara\u201d geli\u015ftirmek ve pazara sunmak i\u00e7in faaliyetlerini s\u00fcrd\u00fcren Karsan, \u00f6zellikle Ana \u00dcretici\/OEM i\u015f kolunu g\u00fc\u00e7lendirmeyi ama\u00e7l\u0131yor.<\/p>\n\n\n\n<p>Karsan, Ar-Ge\u2019den \u00fcretime, pazarlamadan sat\u0131\u015f ve sat\u0131\u015f sonras\u0131 faaliyetlere kadar otomotiv de\u011fer zincirinin tamam\u0131n\u0131 y\u00f6netiyor. Karsan kendi markas\u0131 alt\u0131nda Jest, Atak ve Star modellerini \u00fcretiyor. Ayr\u0131ca, d\u00fcnya devi BMW ile olan i\u015f birli\u011fi kapsam\u0131nda y\u00fczde 100 elektrikli e-JEST ve e-ATAK modellerinin, yerli teknoloji \u015firketi ADASTEC ile Seviye 4 s\u00fcr\u00fcc\u00fcs\u00fcz otob\u00fcs\u00fc Autonomous e-ATAK modelinin ve 10-12-18 metrelik e-ATA otob\u00fcslerinin \u00fcretimini ve sat\u0131\u015f\u0131n\u0131 ger\u00e7ekle\u015ftiriyor. 2022 y\u0131l sonu itibariyle Renault markas\u0131 i\u00e7in Megane Sedan otomobilleri \u00fcretecek olan Karsan, bug\u00fcn Menarinibus i\u00e7in 10-12-18 metre otob\u00fcsleri de \u00fcretiyor. Karsan ara\u00e7 \u00fcretiminin yan\u0131 s\u0131ra, Organize Sanayi B\u00f6lgesi\u2019nde yer alan fabrikas\u0131nda end\u00fcstriyel hizmetler de sa\u011fl\u0131yor.<\/p>\n\n\n\n<figure class=\"wp-block-image size-large\"><img loading=\"lazy\" width=\"1024\" height=\"518\" src=\"http:\/\/blog.ulasimplatformu.com\/wp-content\/uploads\/2022\/11\/Karsan-Urun-Yelpazesi-1024x518.jpg\" alt=\"\" class=\"wp-image-6778\" srcset=\"http:\/\/blog.ulasimplatformu.com\/wp-content\/uploads\/2022\/11\/Karsan-Urun-Yelpazesi-1024x518.jpg 1024w, http:\/\/blog.ulasimplatformu.com\/wp-content\/uploads\/2022\/11\/Karsan-Urun-Yelpazesi-300x152.jpg 300w, http:\/\/blog.ulasimplatformu.com\/wp-content\/uploads\/2022\/11\/Karsan-Urun-Yelpazesi-768x388.jpg 768w, http:\/\/blog.ulasimplatformu.com\/wp-content\/uploads\/2022\/11\/Karsan-Urun-Yelpazesi-150x76.jpg 150w, http:\/\/blog.ulasimplatformu.com\/wp-content\/uploads\/2022\/11\/Karsan-Urun-Yelpazesi-696x352.jpg 696w, http:\/\/blog.ulasimplatformu.com\/wp-content\/uploads\/2022\/11\/Karsan-Urun-Yelpazesi-1068x540.jpg 1068w, http:\/\/blog.ulasimplatformu.com\/wp-content\/uploads\/2022\/11\/Karsan-Urun-Yelpazesi.jpg 1175w\" sizes=\"(max-width: 1024px) 100vw, 1024px\" \/><\/figure>\n\n\n\n<figure class=\"wp-block-image size-large\"><img loading=\"lazy\" width=\"1024\" height=\"576\" src=\"http:\/\/blog.ulasimplatformu.com\/wp-content\/uploads\/2022\/11\/Karsan-CEO-Okan-Bas-1_jpg-1024x576.jpg\" alt=\"\" class=\"wp-image-6779\" srcset=\"http:\/\/blog.ulasimplatformu.com\/wp-content\/uploads\/2022\/11\/Karsan-CEO-Okan-Bas-1_jpg-1024x576.jpg 1024w, http:\/\/blog.ulasimplatformu.com\/wp-content\/uploads\/2022\/11\/Karsan-CEO-Okan-Bas-1_jpg-300x169.jpg 300w, http:\/\/blog.ulasimplatformu.com\/wp-content\/uploads\/2022\/11\/Karsan-CEO-Okan-Bas-1_jpg-768x432.jpg 768w, http:\/\/blog.ulasimplatformu.com\/wp-content\/uploads\/2022\/11\/Karsan-CEO-Okan-Bas-1_jpg-1536x863.jpg 1536w, http:\/\/blog.ulasimplatformu.com\/wp-content\/uploads\/2022\/11\/Karsan-CEO-Okan-Bas-1_jpg-2048x1151.jpg 2048w, http:\/\/blog.ulasimplatformu.com\/wp-content\/uploads\/2022\/11\/Karsan-CEO-Okan-Bas-1_jpg-150x84.jpg 150w, http:\/\/blog.ulasimplatformu.com\/wp-content\/uploads\/2022\/11\/Karsan-CEO-Okan-Bas-1_jpg-696x391.jpg 696w, http:\/\/blog.ulasimplatformu.com\/wp-content\/uploads\/2022\/11\/Karsan-CEO-Okan-Bas-1_jpg-1068x600.jpg 1068w, http:\/\/blog.ulasimplatformu.com\/wp-content\/uploads\/2022\/11\/Karsan-CEO-Okan-Bas-1_jpg-1920x1079.jpg 1920w\" sizes=\"(max-width: 1024px) 100vw, 1024px\" \/><\/figure>\n\n\n\n<figure class=\"wp-block-image size-large\"><img loading=\"lazy\" width=\"1024\" height=\"576\" src=\"http:\/\/blog.ulasimplatformu.com\/wp-content\/uploads\/2022\/11\/Karsan-CEO-Okan-Bas-2-1-1024x576.jpg\" alt=\"\" class=\"wp-image-6781\" srcset=\"http:\/\/blog.ulasimplatformu.com\/wp-content\/uploads\/2022\/11\/Karsan-CEO-Okan-Bas-2-1-1024x576.jpg 1024w, http:\/\/blog.ulasimplatformu.com\/wp-content\/uploads\/2022\/11\/Karsan-CEO-Okan-Bas-2-1-300x169.jpg 300w, http:\/\/blog.ulasimplatformu.com\/wp-content\/uploads\/2022\/11\/Karsan-CEO-Okan-Bas-2-1-768x432.jpg 768w, http:\/\/blog.ulasimplatformu.com\/wp-content\/uploads\/2022\/11\/Karsan-CEO-Okan-Bas-2-1-1536x863.jpg 1536w, http:\/\/blog.ulasimplatformu.com\/wp-content\/uploads\/2022\/11\/Karsan-CEO-Okan-Bas-2-1-2048x1151.jpg 2048w, http:\/\/blog.ulasimplatformu.com\/wp-content\/uploads\/2022\/11\/Karsan-CEO-Okan-Bas-2-1-150x84.jpg 150w, http:\/\/blog.ulasimplatformu.com\/wp-content\/uploads\/2022\/11\/Karsan-CEO-Okan-Bas-2-1-696x391.jpg 696w, http:\/\/blog.ulasimplatformu.com\/wp-content\/uploads\/2022\/11\/Karsan-CEO-Okan-Bas-2-1-1068x600.jpg 1068w, http:\/\/blog.ulasimplatformu.com\/wp-content\/uploads\/2022\/11\/Karsan-CEO-Okan-Bas-2-1-1920x1079.jpg 1920w\" sizes=\"(max-width: 1024px) 100vw, 1024px\" \/><\/figure>\n","protected":false},"excerpt":{"rendered":"<p>\u201cMobilitenin Gelece\u011finde Bir Ad\u0131m \u00d6nde\u201d olma vizyonuyla ileri teknolojili mobilite \u00e7\u00f6z\u00fcmleri sunan Karsan, prestijli iki \u00f6d\u00fcl daha kazanarak ba\u015far\u0131lar\u0131n\u0131 ta\u00e7land\u0131rmaya devam ediyor. Karsan, olduk\u00e7a geni\u015f ve ba\u011f\u0131ms\u0131z uzmanlardan olu\u015fan j\u00fcrinin, yapt\u0131klar\u0131 i\u015fi kusursuz ger\u00e7ekle\u015ftiren markalar\u0131 belirledi\u011fi \u201cGlobal Business Excellence\u201d \u00f6d\u00fcllerinin \u201cOla\u011fan\u00fcst\u00fc Marka D\u00f6n\u00fc\u015f\u00fcm\u00fc\u201d kategorisinde elektrikli d\u00f6n\u00fc\u015f\u00fcm yolculu\u011fundaki \u201cKarsan Electric Evolution\u201d stratejisi ile birinci oldu. Bununla [&hellip;]<\/p>\n","protected":false},"author":4,"featured_media":6778,"comment_status":"open","ping_status":"open","sticky":false,"template":"","format":"standard","meta":{"tdm_status":"","tdm_grid_status":"","spay_email":""},"categories":[2],"tags":[],"jetpack_featured_media_url":"http:\/\/blog.ulasimplatformu.com\/wp-content\/uploads\/2022\/11\/Karsan-Urun-Yelpazesi.jpg","jetpack_sharing_enabled":true,"amp_enabled":true,"_links":{"self":[{"href":"http:\/\/blog.ulasimplatformu.com\/index.php\/wp-json\/wp\/v2\/posts\/6777"}],"collection":[{"href":"http:\/\/blog.ulasimplatformu.com\/index.php\/wp-json\/wp\/v2\/posts"}],"about":[{"href":"http:\/\/blog.ulasimplatformu.com\/index.php\/wp-json\/wp\/v2\/types\/post"}],"author":[{"embeddable":true,"href":"http:\/\/blog.ulasimplatformu.com\/index.php\/wp-json\/wp\/v2\/users\/4"}],"replies":[{"embeddable":true,"href":"http:\/\/blog.ulasimplatformu.com\/index.php\/wp-json\/wp\/v2\/comments?post=6777"}],"version-history":[{"count":1,"href":"http:\/\/blog.ulasimplatformu.com\/index.php\/wp-json\/wp\/v2\/posts\/6777\/revisions"}],"predecessor-version":[{"id":6782,"href":"http:\/\/blog.ulasimplatformu.com\/index.php\/wp-json\/wp\/v2\/posts\/6777\/revisions\/6782"}],"wp:featuredmedia":[{"embeddable":true,"href":"http:\/\/blog.ulasimplatformu.com\/index.php\/wp-json\/wp\/v2\/media\/6778"}],"wp:attachment":[{"href":"http:\/\/blog.ulasimplatformu.com\/index.php\/wp-json\/wp\/v2\/media?parent=6777"}],"wp:term":[{"taxonomy":"category","embeddable":true,"href":"http:\/\/blog.ulasimplatformu.com\/index.php\/wp-json\/wp\/v2\/categories?post=6777"},{"taxonomy":"post_tag","embeddable":true,"href":"http:\/\/blog.ulasimplatformu.com\/index.php\/wp-json\/wp\/v2\/tags?post=6777"}],"curies":[{"name":"wp","href":"https:\/\/api.w.org\/{rel}","templated":true}]}}