{"id":7003,"date":"2022-12-10T11:25:57","date_gmt":"2022-12-10T08:25:57","guid":{"rendered":"http:\/\/blog.ulasimplatformu.com\/?p=7003"},"modified":"2022-12-10T11:26:03","modified_gmt":"2022-12-10T08:26:03","slug":"otokardan-gurcistana-30-adet-otobus-ihracati","status":"publish","type":"post","link":"http:\/\/blog.ulasimplatformu.com\/index.php\/2022\/12\/10\/otokardan-gurcistana-30-adet-otobus-ihracati\/","title":{"rendered":"Otokar\u2019dan G\u00fcrcistan\u2019a 30 adet otob\u00fcs ihracat\u0131"},"content":{"rendered":"\n<p><strong>T\u00fcrkiye&#8217;nin lider otob\u00fcs markas\u0131 Otokar, kendi tasar\u0131m\u0131 ve \u00fcretimi otob\u00fcslerle ihracat pazarlar\u0131nda b\u00fcy\u00fcmeye devam ediyor. Avrupa ba\u015fta olmak \u00fczere d\u00fcnyan\u0131n 50&#8217;yi a\u015fk\u0131n \u00fclkesinde milyonlarca yolcuya konforlu, g\u00fcvenli seyahat imkan\u0131 sunan Otokar, G\u00fcrcistan \u0130\u00e7i\u015fleri Bakanl\u0131\u011f\u0131&#8217;n\u0131n a\u00e7t\u0131\u011f\u0131 30 adet otob\u00fcs ihalesini kazanmas\u0131n\u0131n ard\u0131ndan, ara\u00e7lar\u0131 k\u0131sa s\u00fcre i\u00e7inde teslim etti. 2020 y\u0131l\u0131nda G\u00fcrcistan&#8217;\u0131 ihracat pazar\u0131na ekleyen Otokar, iki y\u0131l gibi k\u0131sa s\u00fcrede \u00fclkedeki ara\u00e7 park\u0131n\u0131 200&#8217;\u00fcn \u00fczerine \u00e7\u0131karmay\u0131 ba\u015fard\u0131.<\/strong><\/p>\n\n\n\n<p>Ko\u00e7 Toplulu\u011fu \u015firketlerinden Otokar, yenilik\u00e7i otob\u00fcsleriyle uluslararas\u0131 rakiplerini geride b\u0131rakmaya devam ediyor. Sekt\u00f6rde 60 y\u0131la yak\u0131n deneyimi ile \u00fcretti\u011fi ara\u00e7larla T\u00fcrkiye&#8217;de ve d\u00fcnyan\u0131n 50&#8217;yi a\u015fk\u0131n \u00fclkesinde tasar\u0131m\u0131, dayan\u0131kl\u0131l\u0131\u011f\u0131, teknolojisi ile b\u00fcy\u00fck be\u011feni toplayan Otokar, son olarak G\u00fcrcistan \u0130\u00e7i\u015fleri Bakanl\u0131\u011f\u0131&#8217;n\u0131n a\u00e7t\u0131\u011f\u0131 30 adetlik otob\u00fcs ihalesini kazand\u0131 ve ara\u00e7lar\u0131 k\u0131sa s\u00fcre i\u00e7inde teslim etti. &nbsp;&nbsp;<\/p>\n\n\n\n<p>G\u00fcrcistan&#8217;\u0131n artan toplu ta\u015f\u0131ma ihtiyac\u0131n\u0131 kar\u015f\u0131lamak \u00fczere ba\u015flat\u0131lan d\u00f6n\u00fc\u015f\u00fcm \u00e7al\u0131\u015fmalar\u0131 neticesinde 2020 y\u0131l\u0131nda 175 adetlik dev otob\u00fcs ihracat anla\u015fmas\u0131na imza atan Otokar, iki y\u0131l gibi k\u0131sa s\u00fcrede \u00fclkedeki ara\u00e7 park\u0131n\u0131 200\u2019\u00fcn \u00fczerine \u00e7\u0131karmay\u0131 ba\u015fard\u0131. G\u00fcrcistan\u2019da halihaz\u0131rda 6 farkl\u0131 belediye taraf\u0131ndan kullan\u0131lan Otokar Kent ve Sultan otob\u00fcsleri kullan\u0131c\u0131lar\u0131n be\u011fenisini kazan\u0131rken, yeni ihale kapsam\u0131nda teslim edilen 30 adet Doruk otob\u00fcs, G\u00fcrcistan \u0130\u00e7i\u015fleri Bakanl\u0131\u011f\u0131&#8217;n\u0131n personelini ta\u015f\u0131yacak.<\/p>\n\n\n\n<p><strong>&#8220;HEDEF\u0130M\u0130Z B\u00d6LGEDEK\u0130 \u0130HRACATIMIZI ARTIRMAK&#8221;<\/strong><\/p>\n\n\n\n<p>Otokar&#8217;\u0131n otob\u00fcs ihracat\u0131ndaki ba\u015far\u0131s\u0131na dikkat \u00e7eken <strong>Ticari Ara\u00e7lar Kamu Sat\u0131\u015flar\u0131 Direkt\u00f6r\u00fc Mahir \u00d6z\u015feker;<\/strong> &#8220;Kullan\u0131c\u0131 ihtiya\u00e7 ve beklentilerine odaklanarak geli\u015ftirdi\u011fimiz \u00e7evreci, konforlu ve g\u00fcvenli ara\u00e7lar\u0131m\u0131z geni\u015f bir co\u011frafyada tercih ediliyor. \u00d6nceki sene teslim etti\u011fimiz otob\u00fcslerimizle G\u00fcrcistan toplu ula\u015f\u0131m\u0131na yeni bir soluk getirdik, ara\u00e7lar\u0131m\u0131z 6 belediyenin filosunda ba\u015far\u0131yla hizmet vermeye devam ediyor. G\u00fcrcistan \u0130\u00e7i\u015fleri Bakanl\u0131\u011f\u0131\u2019n\u0131n a\u00e7t\u0131\u011f\u0131 ihaleyi kazanarak teslim etti\u011fimiz 30 otob\u00fcs ile \u00fclkedeki ara\u00e7 park\u0131m\u0131z\u0131 daha da art\u0131rmaktan dolay\u0131 mutluluk duyuyoruz. Ara\u00e7lar\u0131m\u0131z\u0131n zorlu yol ve iklim \u015fartlar\u0131na dayan\u0131kl\u0131l\u0131\u011f\u0131, uzun \u00f6m\u00fcrl\u00fc olu\u015funun yan\u0131 s\u0131ra sat\u0131\u015f sonras\u0131 hizmetlerdeki ba\u015far\u0131m\u0131zla \u00f6ncelikli tercih olmaya devam ediyoruz. B\u00f6lgedeki ihracat\u0131m\u0131z\u0131 art\u0131rmay\u0131 hedefliyoruz\u201d dedi.<\/p>\n\n\n\n<p><strong>MODERN \u015eEH\u0130RLER\u0130N YEN\u0130L\u0130K\u00c7\u0130 ARACI<\/strong><\/p>\n\n\n\n<p>Otokar&#8217;\u0131n kullan\u0131c\u0131 beklentileri do\u011frultusunda \u00fcretti\u011fi ve yurt d\u0131\u015f\u0131na Vectio ismiyle sunulan 9 metrelik orta boy Doruk otob\u00fcsleri, i\u00e7 ve d\u0131\u015f modern g\u00f6r\u00fcnt\u00fcs\u00fc, g\u00fc\u00e7l\u00fc motoru, yol tutu\u015fu ve \u00fcst\u00fcn \u00e7eki\u015f performans\u0131n\u0131n yan\u0131 s\u0131ra d\u00fc\u015f\u00fck i\u015fletme giderleriyle de \u00f6n plana \u00e7\u0131k\u0131yor. B\u00fcy\u00fck ve geni\u015f camlar\u0131, ferah i\u00e7 hacmi ve standart sunulan klimas\u0131 ile yolculara rahat ve keyifli bir yolculuk ya\u015fat\u0131yor. Avrupa g\u00fcvenlik normlar\u0131na uygun sistemlerin kullan\u0131ld\u0131\u011f\u0131 otob\u00fcslerde, \u00f6n ve arkada tam kuru haval\u0131 disk frenlere ek olarak ABS, ASR ve Retarder sayesinde maksimum g\u00fcvenlik sunuyor.<\/p>\n\n\n\n<figure class=\"wp-block-image size-large\"><img loading=\"lazy\" width=\"1024\" height=\"682\" src=\"http:\/\/blog.ulasimplatformu.com\/wp-content\/uploads\/2022\/12\/1670568426_Otokar_Gurcistan_Otobus_Ihracat-1-1024x682.jpg\" alt=\"\" class=\"wp-image-7015\" srcset=\"http:\/\/blog.ulasimplatformu.com\/wp-content\/uploads\/2022\/12\/1670568426_Otokar_Gurcistan_Otobus_Ihracat-1-1024x682.jpg 1024w, http:\/\/blog.ulasimplatformu.com\/wp-content\/uploads\/2022\/12\/1670568426_Otokar_Gurcistan_Otobus_Ihracat-1-300x200.jpg 300w, http:\/\/blog.ulasimplatformu.com\/wp-content\/uploads\/2022\/12\/1670568426_Otokar_Gurcistan_Otobus_Ihracat-1-768x512.jpg 768w, http:\/\/blog.ulasimplatformu.com\/wp-content\/uploads\/2022\/12\/1670568426_Otokar_Gurcistan_Otobus_Ihracat-1-1536x1024.jpg 1536w, http:\/\/blog.ulasimplatformu.com\/wp-content\/uploads\/2022\/12\/1670568426_Otokar_Gurcistan_Otobus_Ihracat-1-2048x1365.jpg 2048w, http:\/\/blog.ulasimplatformu.com\/wp-content\/uploads\/2022\/12\/1670568426_Otokar_Gurcistan_Otobus_Ihracat-1-150x100.jpg 150w, http:\/\/blog.ulasimplatformu.com\/wp-content\/uploads\/2022\/12\/1670568426_Otokar_Gurcistan_Otobus_Ihracat-1-696x464.jpg 696w, http:\/\/blog.ulasimplatformu.com\/wp-content\/uploads\/2022\/12\/1670568426_Otokar_Gurcistan_Otobus_Ihracat-1-1068x712.jpg 1068w, http:\/\/blog.ulasimplatformu.com\/wp-content\/uploads\/2022\/12\/1670568426_Otokar_Gurcistan_Otobus_Ihracat-1-1920x1279.jpg 1920w\" sizes=\"(max-width: 1024px) 100vw, 1024px\" \/><\/figure>\n","protected":false},"excerpt":{"rendered":"<p>T\u00fcrkiye&#8217;nin lider otob\u00fcs markas\u0131 Otokar, kendi tasar\u0131m\u0131 ve \u00fcretimi otob\u00fcslerle ihracat pazarlar\u0131nda b\u00fcy\u00fcmeye devam ediyor. Avrupa ba\u015fta olmak \u00fczere d\u00fcnyan\u0131n 50&#8217;yi a\u015fk\u0131n \u00fclkesinde milyonlarca yolcuya konforlu, g\u00fcvenli seyahat imkan\u0131 sunan Otokar, G\u00fcrcistan \u0130\u00e7i\u015fleri Bakanl\u0131\u011f\u0131&#8217;n\u0131n a\u00e7t\u0131\u011f\u0131 30 adet otob\u00fcs ihalesini kazanmas\u0131n\u0131n ard\u0131ndan, ara\u00e7lar\u0131 k\u0131sa s\u00fcre i\u00e7inde teslim etti. 2020 y\u0131l\u0131nda G\u00fcrcistan&#8217;\u0131 ihracat pazar\u0131na ekleyen Otokar, iki [&hellip;]<\/p>\n","protected":false},"author":4,"featured_media":7015,"comment_status":"open","ping_status":"open","sticky":false,"template":"","format":"standard","meta":{"tdm_status":"","tdm_grid_status":"","spay_email":""},"categories":[2],"tags":[],"jetpack_featured_media_url":"http:\/\/blog.ulasimplatformu.com\/wp-content\/uploads\/2022\/12\/1670568426_Otokar_Gurcistan_Otobus_Ihracat-1.jpg","jetpack_sharing_enabled":true,"amp_enabled":true,"_links":{"self":[{"href":"http:\/\/blog.ulasimplatformu.com\/index.php\/wp-json\/wp\/v2\/posts\/7003"}],"collection":[{"href":"http:\/\/blog.ulasimplatformu.com\/index.php\/wp-json\/wp\/v2\/posts"}],"about":[{"href":"http:\/\/blog.ulasimplatformu.com\/index.php\/wp-json\/wp\/v2\/types\/post"}],"author":[{"embeddable":true,"href":"http:\/\/blog.ulasimplatformu.com\/index.php\/wp-json\/wp\/v2\/users\/4"}],"replies":[{"embeddable":true,"href":"http:\/\/blog.ulasimplatformu.com\/index.php\/wp-json\/wp\/v2\/comments?post=7003"}],"version-history":[{"count":1,"href":"http:\/\/blog.ulasimplatformu.com\/index.php\/wp-json\/wp\/v2\/posts\/7003\/revisions"}],"predecessor-version":[{"id":7024,"href":"http:\/\/blog.ulasimplatformu.com\/index.php\/wp-json\/wp\/v2\/posts\/7003\/revisions\/7024"}],"wp:featuredmedia":[{"embeddable":true,"href":"http:\/\/blog.ulasimplatformu.com\/index.php\/wp-json\/wp\/v2\/media\/7015"}],"wp:attachment":[{"href":"http:\/\/blog.ulasimplatformu.com\/index.php\/wp-json\/wp\/v2\/media?parent=7003"}],"wp:term":[{"taxonomy":"category","embeddable":true,"href":"http:\/\/blog.ulasimplatformu.com\/index.php\/wp-json\/wp\/v2\/categories?post=7003"},{"taxonomy":"post_tag","embeddable":true,"href":"http:\/\/blog.ulasimplatformu.com\/index.php\/wp-json\/wp\/v2\/tags?post=7003"}],"curies":[{"name":"wp","href":"https:\/\/api.w.org\/{rel}","templated":true}]}}