{"id":7025,"date":"2022-12-13T15:42:41","date_gmt":"2022-12-13T12:42:41","guid":{"rendered":"http:\/\/blog.ulasimplatformu.com\/?p=7025"},"modified":"2022-12-13T15:42:47","modified_gmt":"2022-12-13T12:42:47","slug":"bathonea-antik-kenti-mercedes-benz-turkun-destegi-ile-gun-yuzune-cikiyor","status":"publish","type":"post","link":"http:\/\/blog.ulasimplatformu.com\/index.php\/2022\/12\/13\/bathonea-antik-kenti-mercedes-benz-turkun-destegi-ile-gun-yuzune-cikiyor\/","title":{"rendered":"Bathonea Antik Kenti, Mercedes-Benz T\u00fcrk\u2019\u00fcn deste\u011fi ile g\u00fcn y\u00fcz\u00fcne \u00e7\u0131k\u0131yor"},"content":{"rendered":"\n<ul><li><strong>T.C. Cumhurba\u015fkanl\u0131\u011f\u0131 karar\u0131yla T.C. K\u00fclt\u00fcr ve Turizm Bakanl\u0131\u011f\u0131 ile Kocaeli \u00dcniversitesi taraf\u0131ndan ger\u00e7ekle\u015ftirilen Bathonea Antik Kenti kaz\u0131 \u00e7al\u0131\u015fmalar\u0131n\u0131n destek\u00e7isi olan Mercedes-Benz T\u00fcrk, y\u00fcr\u00fctt\u00fc\u011f\u00fc sosyal fayda programlar\u0131na bir yenisini daha ekledi.<\/strong><\/li><li><strong>\u0130stanbul\u2019un eski \u00e7a\u011f tarihine katk\u0131 sa\u011flamak amac\u0131yla 2009 y\u0131l\u0131nda ba\u015flat\u0131lan kaz\u0131 \u00e7al\u0131\u015fmalar\u0131,<\/strong><strong> kentin tarihi devirleri i\u00e7inde bir\u00e7ok yeni bilginin ortaya \u00e7\u0131kmas\u0131n\u0131 sa\u011fl\u0131yor.<\/strong><strong><\/strong><\/li><li><strong>Mercedes-Benz T\u00fcrk \u0130cra Kurulu Ba\u015fkan\u0131 S\u00fcer S\u00fcl\u00fcn, \u201c\u0130stanbul\u2019un tarih \u00f6ncesi kronolojisindeki b\u00fcy\u00fck bo\u015fluklar\u0131n doldurulmas\u0131na katk\u0131 sunan Bathonea Antik Kenti \u00f6nemli bir d\u00fcnya miras\u0131. Bu miras\u0131n gelecek ku\u015faklara aktar\u0131lmas\u0131na destek oldu\u011fumuz i\u00e7in heyecan duyuyoruz\u201d dedi.<\/strong><\/li><\/ul>\n\n\n\n<p>Bathonea Antik Kenti kaz\u0131 \u00e7al\u0131\u015fmalar\u0131n\u0131n destek\u00e7isi olarak y\u00fcr\u00fctt\u00fc\u011f\u00fc sosyal fayda programlar\u0131na bir yenisini daha ekleyen Mercedes-Benz T\u00fcrk, \u0130stanbul\u2019un tarihi ve arkeolojik miras\u0131n\u0131n ortaya \u00e7\u0131kar\u0131lmas\u0131 ve korunmas\u0131nda \u00f6nemli bir rol \u00fcstleniyor.<\/p>\n\n\n\n<p><strong>Mercedes-Benz T\u00fcrk \u0130cra Kurulu Ba\u015fkan\u0131 S\u00fcer S\u00fcl\u00fcn<\/strong>, verilen destek i\u00e7in \u015funlar\u0131 s\u00f6yledi: \u201c\u00dclkemizin gelece\u011fini \u015fekillendiren, zengin miras\u0131n\u0131 koruyan ve gelecek ku\u015faklara aktararak ortak zenginliklerimizi \u00e7o\u011faltan payda\u015flar\u0131m\u0131zla yan yana y\u00fcr\u00fcmek bizi \u00e7ok mutlu ediyor. Mercedes-Benz T\u00fcrk olarak k\u00fclt\u00fcrel miras\u0131m\u0131z\u0131n ortaya \u00e7\u0131kar\u0131lmas\u0131 ve korunmas\u0131na y\u00f6nelik att\u0131\u011f\u0131m\u0131z ad\u0131mlar bug\u00fcnden \u00e7ok \u00f6ncesine dayan\u0131yor. Binlerce y\u0131l boyunca medeniyetlerin bulu\u015fma noktalar\u0131ndan biri olan ve bug\u00fcn UNESCO\u2019nun D\u00fcnya K\u00fclt\u00fcr Miras\u0131 Listesi\u2019nde yer alan Truva Antik Kenti\u2019ndeki arkeolojik kaz\u0131lar, verdi\u011fimiz destek ile 50 y\u0131ll\u0131k bir aradan sonra 1988\u2019de yeniden ba\u015flam\u0131\u015ft\u0131. Kaz\u0131lara olan deste\u011fimizi 1988\u2019den 2003 y\u0131l\u0131na kadar 15 y\u0131l boyunca s\u00fcrd\u00fcrd\u00fck. Bathonea Antik Kenti ise \u0130stanbul\u2019un binlerce y\u0131ll\u0131k ge\u00e7mi\u015fine \u0131\u015f\u0131k tutacak bir d\u00fcnya miras\u0131. E\u015fsiz konumuyla bir\u00e7ok medeniyete ev sahipli\u011fi yapan \u015fehrimiz, yer \u00fcst\u00fcnde g\u00f6rd\u00fcklerimizin \u00f6tesinde yer alt\u0131nda da ke\u015ffedilmeyi bekleyen zengin bir mirasa sahip. Bu miras\u0131n gelecek ku\u015faklara aktar\u0131lmas\u0131na destek oldu\u011fumuz i\u00e7in heyecan duyuyoruz.\u201d<\/p>\n\n\n\n<p><strong>Bathonea Antik Kenti Kaz\u0131 Ba\u015fkan\u0131 Prof. Dr. \u015eeng\u00fcl Ayd\u0131ng\u00fcn <\/strong>ise, &#8220;Arkeolojik kaz\u0131lar, geli\u015fen t\u00fcm teknolojilere kar\u015f\u0131n end\u00fcstriyel boyuta ge\u00e7memi\u015f bir bilgi \u00fcretim s\u00fcrecine sahiptir. K\u0131sacas\u0131, ana \u00fcretim parametresi makinalar de\u011fil insand\u0131r. Ne kadar kalifiye ve ne kadar \u00e7ok insan \u00fcretime kat\u0131labilirse al\u0131nacak sonu\u00e7lar da o oranda b\u00fcy\u00fck ve g\u00f6z al\u0131c\u0131 olmaktad\u0131r. Mercedes-Benz T\u00fcrk sayesinde bu y\u0131l \u00e7ok \u015fansl\u0131yd\u0131k. Bize bu \u015fans\u0131 sa\u011flayan ve bug\u00fcnlere ula\u015fmam\u0131za imk\u00e2n tan\u0131yan Mercedes-Benz T\u00fcrk ailesine te\u015fekk\u00fcrlerimizi sunuyor ve bu g\u00fczel beraberli\u011fin uzun y\u0131llar devam\u0131n\u0131 diliyoruz&#8221; dedi.<\/p>\n\n\n\n<p><strong>Bathonea Antik Kenti kaz\u0131lar\u0131nda \u0130stanbul\u2019un tarihine dair yeni bilgiler ortaya \u00e7\u0131k\u0131yor<\/strong><\/p>\n\n\n\n<p>\u0130stanbul\u2019un bilinmeyen pek \u00e7ok \u00f6nemli yap\u0131s\u0131 ile ayd\u0131nlanmay\u0131 bekleyen konular\u0131n g\u00fcn \u0131\u015f\u0131\u011f\u0131na \u00e7\u0131kar\u0131ld\u0131\u011f\u0131 Bathonea Antik Kenti kaz\u0131lar\u0131nda bulunan erken Hitit izleri, \u00e7al\u0131\u015fmalardaki en b\u00fcy\u00fck ke\u015fif olarak nitelendiriliyor. Kaz\u0131lardaki bu ke\u015fifle Avrupa k\u0131tas\u0131nda ilk kez Hitit izlerine rastland\u0131.<strong><\/strong><\/p>\n\n\n\n<figure class=\"wp-block-table\"><table><tbody><tr><td><strong>Bathonea Antik Kenti kaz\u0131lar\u0131 hakk\u0131nda<\/strong> K\u00fc\u00e7\u00fck\u00e7ekmece G\u00f6l\u00fc havzas\u0131 i\u00e7indeki Bathonea Antik Kenti kaz\u0131lar\u0131 2007 y\u0131l\u0131nda y\u00fczey ara\u015ft\u0131rmas\u0131yla ba\u015flad\u0131. \u00c7al\u0131\u015fmalar K\u00fclt\u00fcr ve Turizm Bakanl\u0131\u011f\u0131\u2019n\u0131n izni ve \u0130stanbul Valili\u011fi\u2019nin maddi deste\u011fiyle 2009 y\u0131l\u0131nda Bakanlar Kurulu karar\u0131yla Prof. Dr. \u015eeng\u00fcl Ayd\u0131ng\u00fcn ba\u015fkanl\u0131\u011f\u0131nda bilimsel kaz\u0131lara \u00e7evrildi. Kaz\u0131lar s\u0131ras\u0131nda Helenistik ve Roma d\u00f6nemlerine tarihlenen \u201cB\u00fcy\u00fck\u201d ve \u201cK\u00fc\u00e7\u00fck\u201d olarak adland\u0131r\u0131lan iki adet antik liman ve g\u00f6l i\u00e7inde kalm\u0131\u015f bir antik deniz fenerinin izleri tespit edildi. Bu ke\u015fifle birlikte Patara\u2019dan sonra \u00fclkemizde ikinci antik deniz feneri tespit edilmi\u015f oldu. 2009 y\u0131l\u0131ndaki ara\u015ft\u0131rma sonu\u00e7lar\u0131 \u00fczerine; Amerikan Arkeoloji Enstit\u00fcs\u00fc (Archaeology) Dergisi, \u0130ngiliz Independent Gazetesi ve Heritage Key adl\u0131 yay\u0131n organlar\u0131 2009 y\u0131l\u0131nda kaz\u0131 alan\u0131n\u0131 \u201cD\u00fcnyan\u0131n En \u00d6nemli Arkeolojik Ke\u015fiflerinin \u0130lk On Listesi\u201dne ald\u0131. 2011-2012 y\u0131l\u0131nda ger\u00e7ek anlamda ba\u015flayan kaz\u0131larda bug\u00fcne kadar antik liman yap\u0131lar\u0131, \u0130mparator B\u00fcy\u00fck Konstantin (M.S.330) taraf\u0131ndan yapt\u0131r\u0131ld\u0131\u011f\u0131 tespit edilen dev bir a\u00e7\u0131k sarn\u0131\u00e7 (100&#215;20 metre uzunlu\u011funda 7000 metrek\u00fcp su hacimli), bir kale kal\u0131nt\u0131s\u0131 ve tabanlar\u0131 mozaik kapl\u0131 b\u00fcy\u00fck bir saray kompleksi, yer alt\u0131 su kanallar\u0131 ile antik yollar ortaya \u00e7\u0131kar\u0131ld\u0131. Bu yap\u0131lar\u0131n i\u00e7lerinde ele ge\u00e7en k\u00fc\u00e7\u00fck objeler, seramikler ve amphoralar, M.\u00d6. 6. y\u00fczy\u0131ldan M.S. 6 y\u00fczy\u0131la kadar Akdeniz\u2019in bat\u0131s\u0131ndan do\u011fusuna kadar pek \u00e7ok antik merkezle (\u0130spanya, \u0130talya, Sicilya, Fas, M\u0131s\u0131r, L\u00fcbnan, Fenike, Suriye, Ege Adalar\u0131) Karadeniz aras\u0131nda yap\u0131lan yo\u011fun bir deniz ticaretinin varl\u0131\u011f\u0131n\u0131 ortaya koydu. K\u00fc\u00e7\u00fck\u00e7ekmece G\u00f6l Havzas\u0131\u2019nda yap\u0131lan kaz\u0131lar, yaln\u0131zca \u0130stanbul\u2019un eksik kalan tarihsel bo\u015fluklar\u0131n\u0131 tamamlayacak veriler sunmas\u0131 a\u00e7\u0131s\u0131ndan de\u011fil t\u00fcm Trakya\u2019da ilk kez Hitit izlerini sunan b\u00f6lge olmas\u0131 a\u00e7\u0131s\u0131ndan da bilim d\u00fcnyas\u0131nda olduk\u00e7a heyecan yaratan ve dikkat \u00e7eken bir proje olma yolunda ilerliyor.<\/td><\/tr><\/tbody><\/table><\/figure>\n\n\n\n<figure class=\"wp-block-image size-large\"><img loading=\"lazy\" width=\"1024\" height=\"1024\" src=\"http:\/\/blog.ulasimplatformu.com\/wp-content\/uploads\/2022\/12\/Mercedes-Benz_Logo-1024x1024.jpg\" alt=\"\" class=\"wp-image-7026\" srcset=\"http:\/\/blog.ulasimplatformu.com\/wp-content\/uploads\/2022\/12\/Mercedes-Benz_Logo-1024x1024.jpg 1024w, http:\/\/blog.ulasimplatformu.com\/wp-content\/uploads\/2022\/12\/Mercedes-Benz_Logo-300x300.jpg 300w, http:\/\/blog.ulasimplatformu.com\/wp-content\/uploads\/2022\/12\/Mercedes-Benz_Logo-150x150.jpg 150w, http:\/\/blog.ulasimplatformu.com\/wp-content\/uploads\/2022\/12\/Mercedes-Benz_Logo-768x768.jpg 768w, http:\/\/blog.ulasimplatformu.com\/wp-content\/uploads\/2022\/12\/Mercedes-Benz_Logo-696x696.jpg 696w, http:\/\/blog.ulasimplatformu.com\/wp-content\/uploads\/2022\/12\/Mercedes-Benz_Logo-1068x1068.jpg 1068w, http:\/\/blog.ulasimplatformu.com\/wp-content\/uploads\/2022\/12\/Mercedes-Benz_Logo.jpg 1143w\" sizes=\"(max-width: 1024px) 100vw, 1024px\" \/><\/figure>\n\n\n\n<figure class=\"wp-block-image size-large\"><img loading=\"lazy\" width=\"990\" height=\"1024\" src=\"http:\/\/blog.ulasimplatformu.com\/wp-content\/uploads\/2022\/12\/Bathonea-Antik-Kenti-Kazi-Baskani_Prof.-Dr.-Sengul-Aydingun-990x1024.jpg\" alt=\"\" class=\"wp-image-7027\" srcset=\"http:\/\/blog.ulasimplatformu.com\/wp-content\/uploads\/2022\/12\/Bathonea-Antik-Kenti-Kazi-Baskani_Prof.-Dr.-Sengul-Aydingun-990x1024.jpg 990w, http:\/\/blog.ulasimplatformu.com\/wp-content\/uploads\/2022\/12\/Bathonea-Antik-Kenti-Kazi-Baskani_Prof.-Dr.-Sengul-Aydingun-290x300.jpg 290w, http:\/\/blog.ulasimplatformu.com\/wp-content\/uploads\/2022\/12\/Bathonea-Antik-Kenti-Kazi-Baskani_Prof.-Dr.-Sengul-Aydingun-768x795.jpg 768w, http:\/\/blog.ulasimplatformu.com\/wp-content\/uploads\/2022\/12\/Bathonea-Antik-Kenti-Kazi-Baskani_Prof.-Dr.-Sengul-Aydingun-1484x1536.jpg 1484w, http:\/\/blog.ulasimplatformu.com\/wp-content\/uploads\/2022\/12\/Bathonea-Antik-Kenti-Kazi-Baskani_Prof.-Dr.-Sengul-Aydingun-1979x2048.jpg 1979w, http:\/\/blog.ulasimplatformu.com\/wp-content\/uploads\/2022\/12\/Bathonea-Antik-Kenti-Kazi-Baskani_Prof.-Dr.-Sengul-Aydingun-150x155.jpg 150w, http:\/\/blog.ulasimplatformu.com\/wp-content\/uploads\/2022\/12\/Bathonea-Antik-Kenti-Kazi-Baskani_Prof.-Dr.-Sengul-Aydingun-300x310.jpg 300w, http:\/\/blog.ulasimplatformu.com\/wp-content\/uploads\/2022\/12\/Bathonea-Antik-Kenti-Kazi-Baskani_Prof.-Dr.-Sengul-Aydingun-696x720.jpg 696w, http:\/\/blog.ulasimplatformu.com\/wp-content\/uploads\/2022\/12\/Bathonea-Antik-Kenti-Kazi-Baskani_Prof.-Dr.-Sengul-Aydingun-1068x1105.jpg 1068w, http:\/\/blog.ulasimplatformu.com\/wp-content\/uploads\/2022\/12\/Bathonea-Antik-Kenti-Kazi-Baskani_Prof.-Dr.-Sengul-Aydingun-1920x1987.jpg 1920w\" sizes=\"(max-width: 990px) 100vw, 990px\" \/><\/figure>\n\n\n\n<figure class=\"wp-block-image size-large\"><img loading=\"lazy\" width=\"968\" height=\"676\" src=\"http:\/\/blog.ulasimplatformu.com\/wp-content\/uploads\/2022\/12\/Bathonea-Antik-Kenti-Mercedes-Benz-Turkun-destegi-ile-gun-yuzune-cikiyor_01.jpg\" alt=\"\" class=\"wp-image-7028\" srcset=\"http:\/\/blog.ulasimplatformu.com\/wp-content\/uploads\/2022\/12\/Bathonea-Antik-Kenti-Mercedes-Benz-Turkun-destegi-ile-gun-yuzune-cikiyor_01.jpg 968w, http:\/\/blog.ulasimplatformu.com\/wp-content\/uploads\/2022\/12\/Bathonea-Antik-Kenti-Mercedes-Benz-Turkun-destegi-ile-gun-yuzune-cikiyor_01-300x210.jpg 300w, http:\/\/blog.ulasimplatformu.com\/wp-content\/uploads\/2022\/12\/Bathonea-Antik-Kenti-Mercedes-Benz-Turkun-destegi-ile-gun-yuzune-cikiyor_01-768x536.jpg 768w, http:\/\/blog.ulasimplatformu.com\/wp-content\/uploads\/2022\/12\/Bathonea-Antik-Kenti-Mercedes-Benz-Turkun-destegi-ile-gun-yuzune-cikiyor_01-150x105.jpg 150w, http:\/\/blog.ulasimplatformu.com\/wp-content\/uploads\/2022\/12\/Bathonea-Antik-Kenti-Mercedes-Benz-Turkun-destegi-ile-gun-yuzune-cikiyor_01-696x486.jpg 696w\" sizes=\"(max-width: 968px) 100vw, 968px\" \/><\/figure>\n\n\n\n<figure class=\"wp-block-image size-large\"><img loading=\"lazy\" width=\"1024\" height=\"576\" src=\"http:\/\/blog.ulasimplatformu.com\/wp-content\/uploads\/2022\/12\/Bathonea-Antik-Kenti-Mercedes-Benz-Turkun-destegi-ile-gun-yuzune-cikiyor_02-1024x576.jpg\" alt=\"\" class=\"wp-image-7029\" srcset=\"http:\/\/blog.ulasimplatformu.com\/wp-content\/uploads\/2022\/12\/Bathonea-Antik-Kenti-Mercedes-Benz-Turkun-destegi-ile-gun-yuzune-cikiyor_02-1024x576.jpg 1024w, http:\/\/blog.ulasimplatformu.com\/wp-content\/uploads\/2022\/12\/Bathonea-Antik-Kenti-Mercedes-Benz-Turkun-destegi-ile-gun-yuzune-cikiyor_02-300x169.jpg 300w, http:\/\/blog.ulasimplatformu.com\/wp-content\/uploads\/2022\/12\/Bathonea-Antik-Kenti-Mercedes-Benz-Turkun-destegi-ile-gun-yuzune-cikiyor_02-768x432.jpg 768w, http:\/\/blog.ulasimplatformu.com\/wp-content\/uploads\/2022\/12\/Bathonea-Antik-Kenti-Mercedes-Benz-Turkun-destegi-ile-gun-yuzune-cikiyor_02-150x84.jpg 150w, http:\/\/blog.ulasimplatformu.com\/wp-content\/uploads\/2022\/12\/Bathonea-Antik-Kenti-Mercedes-Benz-Turkun-destegi-ile-gun-yuzune-cikiyor_02-696x391.jpg 696w, http:\/\/blog.ulasimplatformu.com\/wp-content\/uploads\/2022\/12\/Bathonea-Antik-Kenti-Mercedes-Benz-Turkun-destegi-ile-gun-yuzune-cikiyor_02-1068x601.jpg 1068w, http:\/\/blog.ulasimplatformu.com\/wp-content\/uploads\/2022\/12\/Bathonea-Antik-Kenti-Mercedes-Benz-Turkun-destegi-ile-gun-yuzune-cikiyor_02.jpg 1437w\" sizes=\"(max-width: 1024px) 100vw, 1024px\" \/><\/figure>\n\n\n\n<figure class=\"wp-block-image size-large\"><img loading=\"lazy\" width=\"668\" height=\"400\" src=\"http:\/\/blog.ulasimplatformu.com\/wp-content\/uploads\/2022\/12\/image002.png\" alt=\"\" class=\"wp-image-7030\" srcset=\"http:\/\/blog.ulasimplatformu.com\/wp-content\/uploads\/2022\/12\/image002.png 668w, http:\/\/blog.ulasimplatformu.com\/wp-content\/uploads\/2022\/12\/image002-300x180.png 300w, http:\/\/blog.ulasimplatformu.com\/wp-content\/uploads\/2022\/12\/image002-150x90.png 150w\" sizes=\"(max-width: 668px) 100vw, 668px\" \/><\/figure>\n","protected":false},"excerpt":{"rendered":"<p>T.C. Cumhurba\u015fkanl\u0131\u011f\u0131 karar\u0131yla T.C. K\u00fclt\u00fcr ve Turizm Bakanl\u0131\u011f\u0131 ile Kocaeli \u00dcniversitesi taraf\u0131ndan ger\u00e7ekle\u015ftirilen Bathonea Antik Kenti kaz\u0131 \u00e7al\u0131\u015fmalar\u0131n\u0131n destek\u00e7isi olan Mercedes-Benz T\u00fcrk, y\u00fcr\u00fctt\u00fc\u011f\u00fc sosyal fayda programlar\u0131na bir yenisini daha ekledi. \u0130stanbul\u2019un eski \u00e7a\u011f tarihine katk\u0131 sa\u011flamak amac\u0131yla 2009 y\u0131l\u0131nda ba\u015flat\u0131lan kaz\u0131 \u00e7al\u0131\u015fmalar\u0131, kentin tarihi devirleri i\u00e7inde bir\u00e7ok yeni bilginin ortaya \u00e7\u0131kmas\u0131n\u0131 sa\u011fl\u0131yor. Mercedes-Benz T\u00fcrk \u0130cra [&hellip;]<\/p>\n","protected":false},"author":4,"featured_media":7029,"comment_status":"open","ping_status":"open","sticky":false,"template":"","format":"standard","meta":{"tdm_status":"","tdm_grid_status":"","spay_email":""},"categories":[1],"tags":[],"jetpack_featured_media_url":"http:\/\/blog.ulasimplatformu.com\/wp-content\/uploads\/2022\/12\/Bathonea-Antik-Kenti-Mercedes-Benz-Turkun-destegi-ile-gun-yuzune-cikiyor_02.jpg","jetpack_sharing_enabled":true,"amp_enabled":true,"_links":{"self":[{"href":"http:\/\/blog.ulasimplatformu.com\/index.php\/wp-json\/wp\/v2\/posts\/7025"}],"collection":[{"href":"http:\/\/blog.ulasimplatformu.com\/index.php\/wp-json\/wp\/v2\/posts"}],"about":[{"href":"http:\/\/blog.ulasimplatformu.com\/index.php\/wp-json\/wp\/v2\/types\/post"}],"author":[{"embeddable":true,"href":"http:\/\/blog.ulasimplatformu.com\/index.php\/wp-json\/wp\/v2\/users\/4"}],"replies":[{"embeddable":true,"href":"http:\/\/blog.ulasimplatformu.com\/index.php\/wp-json\/wp\/v2\/comments?post=7025"}],"version-history":[{"count":1,"href":"http:\/\/blog.ulasimplatformu.com\/index.php\/wp-json\/wp\/v2\/posts\/7025\/revisions"}],"predecessor-version":[{"id":7037,"href":"http:\/\/blog.ulasimplatformu.com\/index.php\/wp-json\/wp\/v2\/posts\/7025\/revisions\/7037"}],"wp:featuredmedia":[{"embeddable":true,"href":"http:\/\/blog.ulasimplatformu.com\/index.php\/wp-json\/wp\/v2\/media\/7029"}],"wp:attachment":[{"href":"http:\/\/blog.ulasimplatformu.com\/index.php\/wp-json\/wp\/v2\/media?parent=7025"}],"wp:term":[{"taxonomy":"category","embeddable":true,"href":"http:\/\/blog.ulasimplatformu.com\/index.php\/wp-json\/wp\/v2\/categories?post=7025"},{"taxonomy":"post_tag","embeddable":true,"href":"http:\/\/blog.ulasimplatformu.com\/index.php\/wp-json\/wp\/v2\/tags?post=7025"}],"curies":[{"name":"wp","href":"https:\/\/api.w.org\/{rel}","templated":true}]}}