{"id":7060,"date":"2022-12-16T21:18:12","date_gmt":"2022-12-16T18:18:12","guid":{"rendered":"http:\/\/blog.ulasimplatformu.com\/?p=7060"},"modified":"2022-12-16T21:18:16","modified_gmt":"2022-12-16T18:18:16","slug":"tekirdag-buyuksehir-belediyesine-12-adet-mercedes-benz-conecto-solo-teslimati-gerceklestirildi","status":"publish","type":"post","link":"http:\/\/blog.ulasimplatformu.com\/index.php\/2022\/12\/16\/tekirdag-buyuksehir-belediyesine-12-adet-mercedes-benz-conecto-solo-teslimati-gerceklestirildi\/","title":{"rendered":"Tekirda\u011f B\u00fcy\u00fck\u015fehir Belediyesi\u2019ne 12 adet Mercedes-Benz Conecto Solo teslimat\u0131 ger\u00e7ekle\u015ftirildi"},"content":{"rendered":"\n<ul><li><strong>Tekirda\u011f B\u00fcy\u00fck\u015fehir Belediyesi, sat\u0131n ald\u0131\u011f\u0131 12 adet Mercedes-Benz Conecto Solo otob\u00fcs\u00fcn\u00fc 16 Aral\u0131k tarihinde d\u00fczenlenen t\u00f6renle teslim ald\u0131.<\/strong> <strong><\/strong><\/li><li><strong>Mercedes-Benz Conecto Solo otob\u00fcsler, \u00e7arp\u0131\u015fma \u00f6nleyici fren asistan\u0131 ve d\u00f6n\u00fc\u015f yard\u0131mc\u0131s\u0131 gibi y\u00fcksek teknolojili \u00f6nc\u00fc g\u00fcvenlik donan\u0131mlar\u0131yla ilkleri sunuyor.<\/strong><\/li><li><strong>Teslim edilen yeni otob\u00fcslerde ayr\u0131ca, Covid-19 salg\u0131n\u0131na kar\u015f\u0131 yeni antiviral etkili y\u00fcksek performansl\u0131 aktif filtre yaz\u0131l\u0131m\u0131 ve aktif filtreler de kullan\u0131larak hijyen seviyesi art\u0131r\u0131l\u0131yor.<\/strong><\/li><\/ul>\n\n\n\n<p>Tekirda\u011f B\u00fcy\u00fck\u015fehir Belediyesi, toplu ula\u015f\u0131m hatlar\u0131nda kullan\u0131lmak \u00fczere sat\u0131n ald\u0131\u011f\u0131 12 adet Mercedes-Benz Conecto Solo arac\u0131, 16 Aral\u0131k 2022 tarihinde Halk Otob\u00fcsleri Belediye Otob\u00fcs Garaj\u0131nda d\u00fczenlenen t\u00f6renle teslim ald\u0131. Mercedes-Benz T\u00fcrk \u015eehir \u0130\u00e7i Otob\u00fcs ve Kamu Sat\u0131\u015f Grup M\u00fcd\u00fcr\u00fc Orhan \u00c7avu\u015f, Mercedes-Benz T\u00fcrk Otob\u00fcs Kamu Sat\u0131\u015f Koordinat\u00f6r\u00fc \u00dcmit T\u00fcrk ve Mercedes-Benz T\u00fcrk Otob\u00fcs Kamu Sat\u0131\u015f Koordinat\u00f6r\u00fc Ahmet Ko\u015fturo\u011flu, d\u00fczenlenen t\u00f6rende otob\u00fcsleri Tekirda\u011f B\u00fcy\u00fck\u015fehir Belediye Ba\u015fkan\u0131 Kadir Albayrak\u2019a teslim etti.<\/p>\n\n\n\n<p>Tekirda\u011f halk\u0131na hizmet verecek olan Mercedes-Benz Conecto Solo; \u015fehir i\u00e7i otob\u00fcs sekt\u00f6r\u00fcnde T\u00fcrkiye\u2019de ilk defa sunulan \u00e7arp\u0131\u015fma \u00f6nleyici fren asistan\u0131 ve d\u00f6n\u00fc\u015f yard\u0131mc\u0131s\u0131 gibi g\u00fcvenlik donan\u0131mlar\u0131yla fark yarat\u0131yor. D\u00fcnyan\u0131n en modern otob\u00fcs fabrikalar\u0131ndan olan Ho\u015fdere Otob\u00fcs Fabrikas\u0131\u2019nda \u00fcretilen Mercedes-Benz Conecto Solo, tam al\u00e7ak tabanl\u0131 yap\u0131s\u0131yla geni\u015f bir i\u00e7 mek\u00e2na sahipken; ekonomik ve \u00e7evreci E6 motoruyla benzersiz yak\u0131t ekonomisi sa\u011flayan rek\u00fcperasyon (geri kazan\u0131m) mod\u00fcl\u00fcn\u00fc de bar\u0131nd\u0131r\u0131yor. Sadece yeni Mercedes-Benz Conecto otob\u00fcslerinde bulunan bu mod\u00fcl sayesinde, otob\u00fcs\u00fcn gazs\u0131z s\u00fcr\u00fc\u015f ve frenleme s\u0131ras\u0131nda depolad\u0131\u011f\u0131 enerji, ilave yak\u0131t tasarrufu olarak geri d\u00f6n\u00fcyor. Yang\u0131n ikaz ve s\u00f6nd\u00fcrme sistemi, engelli rampas\u0131 ve otomatik klima sistemi gibi pek \u00e7ok aksesuarla donat\u0131lan ara\u00e7, y\u00fcksek g\u00fcvenlik ve konfor standartlar\u0131n\u0131 bir \u00fcst basama\u011fa ta\u015f\u0131yor.<\/p>\n\n\n\n<p><strong>Tekirda\u011f B\u00fcy\u00fck\u015fehir Belediye Ba\u015fkan\u0131 Kadir Albayrak,<\/strong> teslimat t\u00f6reninde yapt\u0131\u011f\u0131 konu\u015fmada \u015funlar\u0131 s\u00f6yledi: \u201cTekirda\u011f halk\u0131na en iyi \u015fekilde hizmet verme hedefimiz do\u011frultusunda yeni ara\u00e7 al\u0131m\u0131m\u0131zda tercihimizi Mercedes-Benz\u2019den yana kulland\u0131k. 2015 y\u0131l\u0131ndan bu yana kulland\u0131\u011f\u0131m\u0131z Mercedes-Benz Conecto Solo Dizel otob\u00fcslerimizden duydu\u011fumuz memnuniyet, yeni sat\u0131n alma s\u00fcrecimizde \u00f6nemli bir rol oynad\u0131. Teslim ald\u0131\u011f\u0131m\u0131z 12 adet Mercedes-Benz Conecto Solo arac\u0131m\u0131z ile filomuzdaki Mercedes-Benz marka ara\u00e7 say\u0131m\u0131z\u0131 38 adede y\u00fckselttik. Mercedes-Benz Conecto ara\u00e7lar\u0131n uygun sat\u0131n alma maliyeti ve d\u00fc\u015f\u00fck yak\u0131t t\u00fcketimine sahip olmas\u0131 da tercihimizi etkileyen \u00f6nemli fakt\u00f6rler aras\u0131ndayd\u0131. Ayr\u0131ca Mercedes-Benz T\u00fcrk\u2019\u00fcn sat\u0131\u015f sonras\u0131nda da sa\u011flad\u0131\u011f\u0131 hizmetler de bizler i\u00e7in \u00e7ok \u00f6nemli. Tekirda\u011f B\u00fcy\u00fck\u015fehir Belediyesi olarak, Mercedes-Benz T\u00fcrk\u2019\u00fcn \u00fcr\u00fcnlerine ve sat\u0131\u015f sonras\u0131 hizmetlerine \u00e7ok g\u00fcveniyoruz. \u0130\u015fbirli\u011fimizi gelecek senelerde de devam ettirmeyi ama\u00e7l\u0131yoruz.\u201d<\/p>\n\n\n\n<p><strong>Mercedes-Benz T\u00fcrk \u015eehir \u0130\u00e7i Otob\u00fcs ve Kamu Sat\u0131\u015f Grup M\u00fcd\u00fcr\u00fc Orhan \u00c7avu\u015f<\/strong> ise, \u201c2022 y\u0131l\u0131n\u0131 geride b\u0131rak\u0131rken, b\u00fcy\u00fck bir ivme ya\u015fad\u0131\u011f\u0131m\u0131z \u015fehir i\u00e7i otob\u00fcs teslimatlar\u0131m\u0131za bug\u00fcn yeni bir tanesini daha eklemenin gururunu ya\u015f\u0131yoruz. Teslimat\u0131n\u0131 ger\u00e7ekle\u015ftirdi\u011fimiz 12 yeni otob\u00fcsle beraber, Tekirda\u011f Belediyesi\u2019nin ara\u00e7 park\u0131ndaki Mercedes-Benz y\u0131ld\u0131z\u0131na sahip ara\u00e7 say\u0131s\u0131n\u0131 38\u2019e \u00e7\u0131kartm\u0131\u015f bulunuyoruz. D\u00fcnyan\u0131n en teknolojik, en entegre ve en modern otob\u00fcs fabrikalar\u0131ndan biri olan Ho\u015fdere Otob\u00fcs Fabrikam\u0131zda \u00fcretilen Mercedes-Benz Conecto Solo ara\u00e7lar\u0131m\u0131z\u0131n ileri g\u00fcvenlik teknolojisi ve geni\u015f yolcu kapasitesi sayesinde, Tekirda\u011f halk\u0131 trafikte g\u00fcvenli ve konforlu bir \u015fekilde seyahat etmeye devam edecek. Ayr\u0131ca, otob\u00fcslerimiz sahip olduklar\u0131 yeni antiviral etkili y\u00fcksek performansl\u0131 aktif filtre yaz\u0131l\u0131m\u0131 ile ba\u015fta Covid-19 salg\u0131n\u0131 olmak \u00fczere pek \u00e7ok salg\u0131na kar\u015f\u0131 koruyucu bariyer olu\u015ftururken, hijyen seviyesini en \u00fcst noktaya ta\u015f\u0131yacak. D\u00fc\u015f\u00fck yak\u0131t t\u00fcketiminin sa\u011flad\u0131\u011f\u0131 uygun i\u015fletim maliyetleri ve y\u00fcksek \u00fcr\u00fcn kalitesiyle Mercedes-Benz Conecto Solo otob\u00fcslerimizin Tekirda\u011f B\u00fcy\u00fck\u015fehir Belediyesi b\u00fcnyesinde uzun y\u0131llar boyunca hizmet verece\u011finden eminiz. \u00a0Tekirda\u011f B\u00fcy\u00fck\u015fehir Belediyesi\u2019ne; Mercedes-Benz Conecto Solo otob\u00fcslerimizi tercih ederek, Tekirda\u011f halk\u0131n\u0131n ula\u015f\u0131m ihtiya\u00e7lar\u0131nda konfor ve g\u00fcvenli\u011fi \u00f6nceliklendirdi\u011fi i\u00e7in te\u015fekk\u00fcr ediyoruz\u201d ifadelerini kulland\u0131.<\/p>\n\n\n\n<figure class=\"wp-block-image size-large\"><img loading=\"lazy\" width=\"1024\" height=\"683\" src=\"http:\/\/blog.ulasimplatformu.com\/wp-content\/uploads\/2022\/12\/Tekirdag-Buyuksehir-Belediyesine-12-adet-Mercedes-Benz-Conecto-Solo-teslimati-gerceklestirildi_02-1024x683.jpg\" alt=\"\" class=\"wp-image-7062\" srcset=\"http:\/\/blog.ulasimplatformu.com\/wp-content\/uploads\/2022\/12\/Tekirdag-Buyuksehir-Belediyesine-12-adet-Mercedes-Benz-Conecto-Solo-teslimati-gerceklestirildi_02-1024x683.jpg 1024w, http:\/\/blog.ulasimplatformu.com\/wp-content\/uploads\/2022\/12\/Tekirdag-Buyuksehir-Belediyesine-12-adet-Mercedes-Benz-Conecto-Solo-teslimati-gerceklestirildi_02-300x200.jpg 300w, http:\/\/blog.ulasimplatformu.com\/wp-content\/uploads\/2022\/12\/Tekirdag-Buyuksehir-Belediyesine-12-adet-Mercedes-Benz-Conecto-Solo-teslimati-gerceklestirildi_02-768x512.jpg 768w, http:\/\/blog.ulasimplatformu.com\/wp-content\/uploads\/2022\/12\/Tekirdag-Buyuksehir-Belediyesine-12-adet-Mercedes-Benz-Conecto-Solo-teslimati-gerceklestirildi_02-1536x1024.jpg 1536w, http:\/\/blog.ulasimplatformu.com\/wp-content\/uploads\/2022\/12\/Tekirdag-Buyuksehir-Belediyesine-12-adet-Mercedes-Benz-Conecto-Solo-teslimati-gerceklestirildi_02-2048x1365.jpg 2048w, http:\/\/blog.ulasimplatformu.com\/wp-content\/uploads\/2022\/12\/Tekirdag-Buyuksehir-Belediyesine-12-adet-Mercedes-Benz-Conecto-Solo-teslimati-gerceklestirildi_02-150x100.jpg 150w, http:\/\/blog.ulasimplatformu.com\/wp-content\/uploads\/2022\/12\/Tekirdag-Buyuksehir-Belediyesine-12-adet-Mercedes-Benz-Conecto-Solo-teslimati-gerceklestirildi_02-696x464.jpg 696w, http:\/\/blog.ulasimplatformu.com\/wp-content\/uploads\/2022\/12\/Tekirdag-Buyuksehir-Belediyesine-12-adet-Mercedes-Benz-Conecto-Solo-teslimati-gerceklestirildi_02-1068x712.jpg 1068w, http:\/\/blog.ulasimplatformu.com\/wp-content\/uploads\/2022\/12\/Tekirdag-Buyuksehir-Belediyesine-12-adet-Mercedes-Benz-Conecto-Solo-teslimati-gerceklestirildi_02-1920x1280.jpg 1920w\" sizes=\"(max-width: 1024px) 100vw, 1024px\" \/><\/figure>\n\n\n\n<figure class=\"wp-block-image size-large\"><img loading=\"lazy\" width=\"1024\" height=\"683\" src=\"http:\/\/blog.ulasimplatformu.com\/wp-content\/uploads\/2022\/12\/Tekirdag-Buyuksehir-Belediyesine-12-adet-Mercedes-Benz-Conecto-Solo-teslimati-gerceklestirildi_01-1024x683.jpg\" alt=\"\" class=\"wp-image-7073\" srcset=\"http:\/\/blog.ulasimplatformu.com\/wp-content\/uploads\/2022\/12\/Tekirdag-Buyuksehir-Belediyesine-12-adet-Mercedes-Benz-Conecto-Solo-teslimati-gerceklestirildi_01-1024x683.jpg 1024w, http:\/\/blog.ulasimplatformu.com\/wp-content\/uploads\/2022\/12\/Tekirdag-Buyuksehir-Belediyesine-12-adet-Mercedes-Benz-Conecto-Solo-teslimati-gerceklestirildi_01-300x200.jpg 300w, http:\/\/blog.ulasimplatformu.com\/wp-content\/uploads\/2022\/12\/Tekirdag-Buyuksehir-Belediyesine-12-adet-Mercedes-Benz-Conecto-Solo-teslimati-gerceklestirildi_01-768x512.jpg 768w, http:\/\/blog.ulasimplatformu.com\/wp-content\/uploads\/2022\/12\/Tekirdag-Buyuksehir-Belediyesine-12-adet-Mercedes-Benz-Conecto-Solo-teslimati-gerceklestirildi_01-1536x1024.jpg 1536w, http:\/\/blog.ulasimplatformu.com\/wp-content\/uploads\/2022\/12\/Tekirdag-Buyuksehir-Belediyesine-12-adet-Mercedes-Benz-Conecto-Solo-teslimati-gerceklestirildi_01-2048x1365.jpg 2048w, http:\/\/blog.ulasimplatformu.com\/wp-content\/uploads\/2022\/12\/Tekirdag-Buyuksehir-Belediyesine-12-adet-Mercedes-Benz-Conecto-Solo-teslimati-gerceklestirildi_01-150x100.jpg 150w, http:\/\/blog.ulasimplatformu.com\/wp-content\/uploads\/2022\/12\/Tekirdag-Buyuksehir-Belediyesine-12-adet-Mercedes-Benz-Conecto-Solo-teslimati-gerceklestirildi_01-696x464.jpg 696w, http:\/\/blog.ulasimplatformu.com\/wp-content\/uploads\/2022\/12\/Tekirdag-Buyuksehir-Belediyesine-12-adet-Mercedes-Benz-Conecto-Solo-teslimati-gerceklestirildi_01-1068x712.jpg 1068w, http:\/\/blog.ulasimplatformu.com\/wp-content\/uploads\/2022\/12\/Tekirdag-Buyuksehir-Belediyesine-12-adet-Mercedes-Benz-Conecto-Solo-teslimati-gerceklestirildi_01-1920x1280.jpg 1920w\" sizes=\"(max-width: 1024px) 100vw, 1024px\" \/><\/figure>\n","protected":false},"excerpt":{"rendered":"<p>Tekirda\u011f B\u00fcy\u00fck\u015fehir Belediyesi, sat\u0131n ald\u0131\u011f\u0131 12 adet Mercedes-Benz Conecto Solo otob\u00fcs\u00fcn\u00fc 16 Aral\u0131k tarihinde d\u00fczenlenen t\u00f6renle teslim ald\u0131. Mercedes-Benz Conecto Solo otob\u00fcsler, \u00e7arp\u0131\u015fma \u00f6nleyici fren asistan\u0131 ve d\u00f6n\u00fc\u015f yard\u0131mc\u0131s\u0131 gibi y\u00fcksek teknolojili \u00f6nc\u00fc g\u00fcvenlik donan\u0131mlar\u0131yla ilkleri sunuyor. Teslim edilen yeni otob\u00fcslerde ayr\u0131ca, Covid-19 salg\u0131n\u0131na kar\u015f\u0131 yeni antiviral etkili y\u00fcksek performansl\u0131 aktif filtre yaz\u0131l\u0131m\u0131 ve aktif [&hellip;]<\/p>\n","protected":false},"author":4,"featured_media":7062,"comment_status":"open","ping_status":"open","sticky":false,"template":"","format":"standard","meta":{"tdm_status":"","tdm_grid_status":"","spay_email":""},"categories":[19],"tags":[],"jetpack_featured_media_url":"http:\/\/blog.ulasimplatformu.com\/wp-content\/uploads\/2022\/12\/Tekirdag-Buyuksehir-Belediyesine-12-adet-Mercedes-Benz-Conecto-Solo-teslimati-gerceklestirildi_02-scaled.jpg","jetpack_sharing_enabled":true,"amp_enabled":true,"_links":{"self":[{"href":"http:\/\/blog.ulasimplatformu.com\/index.php\/wp-json\/wp\/v2\/posts\/7060"}],"collection":[{"href":"http:\/\/blog.ulasimplatformu.com\/index.php\/wp-json\/wp\/v2\/posts"}],"about":[{"href":"http:\/\/blog.ulasimplatformu.com\/index.php\/wp-json\/wp\/v2\/types\/post"}],"author":[{"embeddable":true,"href":"http:\/\/blog.ulasimplatformu.com\/index.php\/wp-json\/wp\/v2\/users\/4"}],"replies":[{"embeddable":true,"href":"http:\/\/blog.ulasimplatformu.com\/index.php\/wp-json\/wp\/v2\/comments?post=7060"}],"version-history":[{"count":1,"href":"http:\/\/blog.ulasimplatformu.com\/index.php\/wp-json\/wp\/v2\/posts\/7060\/revisions"}],"predecessor-version":[{"id":7078,"href":"http:\/\/blog.ulasimplatformu.com\/index.php\/wp-json\/wp\/v2\/posts\/7060\/revisions\/7078"}],"wp:featuredmedia":[{"embeddable":true,"href":"http:\/\/blog.ulasimplatformu.com\/index.php\/wp-json\/wp\/v2\/media\/7062"}],"wp:attachment":[{"href":"http:\/\/blog.ulasimplatformu.com\/index.php\/wp-json\/wp\/v2\/media?parent=7060"}],"wp:term":[{"taxonomy":"category","embeddable":true,"href":"http:\/\/blog.ulasimplatformu.com\/index.php\/wp-json\/wp\/v2\/categories?post=7060"},{"taxonomy":"post_tag","embeddable":true,"href":"http:\/\/blog.ulasimplatformu.com\/index.php\/wp-json\/wp\/v2\/tags?post=7060"}],"curies":[{"name":"wp","href":"https:\/\/api.w.org\/{rel}","templated":true}]}}