{"id":7175,"date":"2022-12-27T18:45:29","date_gmt":"2022-12-27T15:45:29","guid":{"rendered":"http:\/\/blog.ulasimplatformu.com\/?p=7175"},"modified":"2022-12-27T18:45:36","modified_gmt":"2022-12-27T15:45:36","slug":"anadolu-isuzu-uluslararasi-cevresel-raporlarlama-platformu-olan-cdp-degerlendirmesinde-ticari-araclar-sektorunde-ilk-sirada","status":"publish","type":"post","link":"http:\/\/blog.ulasimplatformu.com\/index.php\/2022\/12\/27\/anadolu-isuzu-uluslararasi-cevresel-raporlarlama-platformu-olan-cdp-degerlendirmesinde-ticari-araclar-sektorunde-ilk-sirada\/","title":{"rendered":"Anadolu Isuzu, Uluslararas\u0131 \u00e7evresel raporlarlama platformu olan CDP -de\u011ferlendirmesinde ticari ara\u00e7lar sekt\u00f6r\u00fcnde ilk s\u0131rada"},"content":{"rendered":"\n<p><strong>Anadolu Isuzu, Karbon Saydaml\u0131k Projesi\u2019nin (CDP) 2022 \u0130klim De\u011fi\u015fikli\u011fi Program\u0131 kapsam\u0131nda haz\u0131rlad\u0131\u011f\u0131 s\u00fcrd\u00fcr\u00fclebilirlik raporu ile ticari ara\u00e7lar sekt\u00f6r\u00fcnde ilk s\u0131rada yer ald\u0131.<\/strong><\/p>\n\n\n\n<p>T\u00fcrkiye\u2019nin ticari ara\u00e7 markas\u0131 Anadolu Isuzu, \u00e7evrenin korunmas\u0131 ve s\u00fcrd\u00fcr\u00fclebilirlik alan\u0131ndaki ba\u015far\u0131lar\u0131na yenilerini eklemeye devam ediyor. Anadolu Isuzu bu alanda en prestijli ve etkili k\u00fcresel raporlama platformu olan Karbon Saydaml\u0131k Projesi (CDP) taraf\u0131ndan yap\u0131lan de\u011ferlendirmede T\u00fcrkiye\u2019nin ticari ara\u00e7lar sekt\u00f6r\u00fcnde ilk s\u0131rada yer ald\u0131. Anadolu Isuzu\u2019nun CDP taraf\u0131ndan belirlenen titiz standartlara uygun bi\u00e7imde ilk kez 2022 y\u0131l\u0131nda haz\u0131rlayarak kamuoyu ile payla\u015ft\u0131\u011f\u0131 CDP raporu, \u015firketin iklim krizindeki m\u00fccadelede sergiledi\u011fi performans detaylar\u0131n\u0131 i\u00e7eriyor. Anadolu Isuzu raporla d\u00fc\u015f\u00fck karbon ekonomisi odakl\u0131 \u00e7al\u0131\u015fmalar\u0131n\u0131n yan\u0131 s\u0131ra sera gaz\u0131 emisyonlar\u0131n\u0131n azalt\u0131lmas\u0131na y\u00f6nelik \u00e7evresel s\u00fcrd\u00fcr\u00fclebilirlik stratejileri ile bu alandaki taahh\u00fctleri do\u011frultusunda hayata ge\u00e7irdi\u011fi uygulamalar\u0131 aktar\u0131yor.<\/p>\n\n\n\n<p>Anadolu Isuzu, CDP taraf\u0131ndan yap\u0131lan de\u011ferlendirme sonucunda ald\u0131\u011f\u0131 B puan\u0131 ile T\u00fcrkiye\u2019de ticari ara\u00e7 \u00fcretimi alan\u0131nda faaliyet g\u00f6steren kurulu\u015flar aras\u0131nda ilk s\u0131ray\u0131 ald\u0131. A\u011f\u0131rl\u0131kl\u0131 olarak kurumlar\u0131n \u00e7evresel y\u00f6netimdeki performans\u0131na odaklanan B puan\u0131, i\u015fletmelerinin \u00e7evreye y\u00f6nelik etkilerini ele alarak iyi bir \u00e7evre y\u00f6netimi sa\u011flamay\u0131 ba\u015faran \u015firketlere veriliyor.<\/p>\n\n\n\n<p><strong>Anadolu Isuzu Genel M\u00fcd\u00fcr\u00fc Tu\u011frul Ar\u0131kan<\/strong> konu ile ilgili a\u00e7\u0131klamas\u0131nda \u015fu de\u011ferlendirmeyi yapt\u0131:<\/p>\n\n\n\n<p>\u201cS\u00fcrd\u00fcr\u00fclebilirlik bug\u00fcn t\u00fcm d\u00fcnyada otomotiv end\u00fcstrisini d\u00f6n\u00fc\u015ft\u00fcren en \u00f6nemli g\u00fcndem maddelerinden biri. Kurumlar ve t\u00fcketiciler sat\u0131n alma tercihlerinde markalar\u0131n iklim krizi ile m\u00fccadele ve s\u00fcrd\u00fcr\u00fclebilirlik konusundaki \u00e7al\u0131\u015fmalar\u0131n\u0131 ve bu konuya g\u00f6sterdikleri titizli\u011fi giderek daha fazla dikkate al\u0131yor. Anadolu Isuzu olarak, s\u00fcrd\u00fcr\u00fclebilirli\u011fi teknoloji ile birle\u015ftirerek sekt\u00f6r\u00fcm\u00fczdeki bu b\u00fcy\u00fck de\u011fi\u015fimin \u00f6nc\u00fcleri aras\u0131nda yer al\u0131yoruz. Tasar\u0131mdan \u00fcretime ve sat\u0131\u015f sonras\u0131 hizmetlere varana kadar s\u00fcrd\u00fcr\u00fclebilirlik bizim t\u00fcm faaliyetlerimizde en temel \u00f6nceliklerimiz aras\u0131nda. Bu alanda birbiri ard\u0131na att\u0131\u011f\u0131m\u0131z g\u00fc\u00e7l\u00fc ad\u0131mlarla \u00fcr\u00fcnlerimizin ve faaliyet s\u00fcre\u00e7lerimizin \u00e7evreye olan etkilerini en aza indirme yolunda \u00e7ok \u00f6nemli bir mesafe kat ettik. Bu alandaki hedeflerimiz ve taahh\u00fctlerimiz do\u011frultusunda titizlikle geli\u015ftirip uygulamakta oldu\u011fumuz \u00e7evre politikalar\u0131m\u0131z ile \u00e7evresel performans\u0131m\u0131z\u0131 her ge\u00e7en g\u00fcn geli\u015ftiriyoruz. Bu \u00e7al\u0131\u015fmalar\u0131m\u0131z\u0131 ilk kez raporlad\u0131\u011f\u0131m\u0131z Karbon Saydaml\u0131k Projesi CDP kapsam\u0131nda Anadolu Isuzu olarak otomotiv \u015firketleri aras\u0131nda kendi segmentimizde en y\u00fcksek puan\u0131 alm\u0131\u015f olmaktan b\u00fcy\u00fck mutluluk duyuyoruz.<em><\/em><\/p>\n\n\n\n<p>S\u00fcrd\u00fcr\u00fclebilirlik konusunda hedeflerimizi daha da y\u00fckselterek<em>&nbsp; <\/em>iklim de\u011fi\u015fikli\u011fi ile m\u00fccadele stratejimizi, risklerimizi ve performans\u0131m\u0131z\u0131 \u00f6n\u00fcm\u00fczdeki senelerde de CDP\u2019ye raporlamaya devam edece\u011fiz.<\/p>\n\n\n\n<p><strong>Anadolu Isuzu\u2019nun s\u00fcrd\u00fcr\u00fclebilirlik odakl\u0131 ad\u0131mlar\u0131<\/strong><\/p>\n\n\n\n<p>S\u00fcrd\u00fcr\u00fclebilirlik alan\u0131nda bir\u00e7ok projeyi hayata ge\u00e7iren Anadolu Isuzu \u00fcretimde ye\u015fil enerjiyi en \u00fcst odanda kullanma hedefi ile \u00c7ay\u0131rova\u2019daki tesislerinin \u00e7at\u0131s\u0131na y\u00fcksek kapasiteli bir g\u00fcne\u015f enerjisi santrali kurdu. 5.500 MWp kurulu kapasiteye sahip olan santral, Anadolu Isuzu \u00fcretim tesislerinin ihtiya\u00e7 duydu\u011fu enerjinin %55\u2019ini \u00fcretiyor. Anadolu Isuzu projenin ikinci faz\u0131nda bu oran\u0131 %70 seviyesine \u00e7\u0131kartmay\u0131 hedefliyor. Anadolu Isuzu s\u00fcrd\u00fcr\u00fclebilirli\u011fe verdi\u011fi \u00f6nemi \u00fcretimini yapt\u0131\u011f\u0131 \u00e7evre dostu ve yenilik\u00e7i ara\u00e7lar\u0131na de yans\u0131t\u0131yor. &nbsp;Anadolu Isuzu, y\u00fczde 100 biogas uyumlu CNG motora sahip olan \u00e7evreci modeli Isuzu Kendo\/Interliner 13 CNG modeli ile Avrupa\u2019da \u201cY\u0131l\u0131n S\u00fcrd\u00fcr\u00fclebilir Otob\u00fcs\u00fc 2022\u201d \u00f6d\u00fcl\u00fcn\u00fcn sahibi oldu. Ayr\u0131ca, Anadolu Isuzu piyasaya s\u00fcrmeye haz\u0131rland\u0131\u011f\u0131 yeni segmentteki \u00fcr\u00fcn\u00fc Big\u00b7e\u2019nin y\u00fczde y\u00fcz elektrikli, yerli ve \u00e7evreci modeli \u00f6ne \u00e7\u0131k\u0131yor.<\/p>\n\n\n\n<p>\u0130klim de\u011fi\u015fikli\u011fi ile m\u00fccadele ve do\u011fan\u0131n korunmas\u0131 hedefleri do\u011frultusunda kararl\u0131 ad\u0131mlar atan Anadolu Isuzu, , faaliyetlerinden kaynaklanan sera gaz\u0131 emisyonlar\u0131n\u0131 azaltmak i\u00e7in Bilim Temelli Hedefler \u0130nisiyatifi (SBTi) tahh\u00fcd\u00fcnde bulunman\u0131n yan\u0131 s\u0131ra UN (Birle\u015fmi\u015f Milletler) Global Compact gibi s\u00fcrd\u00fcr\u00fclebilirlik alan\u0131nda \u00f6nc\u00fc uluslararas\u0131 platformun \u00fcyesi olurken \u0130klimle Ba\u011flant\u0131l\u0131 Finansal Beyan G\u00f6rev G\u00fcc\u00fc\u2019n\u00fcn destek\u00e7ileri aras\u0131nda da &nbsp;yer alm\u0131\u015ft\u0131r.<\/p>\n\n\n\n<figure class=\"wp-block-image size-large\"><img loading=\"lazy\" width=\"1024\" height=\"682\" src=\"http:\/\/blog.ulasimplatformu.com\/wp-content\/uploads\/2022\/12\/1672125184_DJI_0012-1024x682.jpg\" alt=\"\" class=\"wp-image-7176\" srcset=\"http:\/\/blog.ulasimplatformu.com\/wp-content\/uploads\/2022\/12\/1672125184_DJI_0012-1024x682.jpg 1024w, http:\/\/blog.ulasimplatformu.com\/wp-content\/uploads\/2022\/12\/1672125184_DJI_0012-300x200.jpg 300w, http:\/\/blog.ulasimplatformu.com\/wp-content\/uploads\/2022\/12\/1672125184_DJI_0012-768x512.jpg 768w, http:\/\/blog.ulasimplatformu.com\/wp-content\/uploads\/2022\/12\/1672125184_DJI_0012-1536x1023.jpg 1536w, http:\/\/blog.ulasimplatformu.com\/wp-content\/uploads\/2022\/12\/1672125184_DJI_0012-2048x1364.jpg 2048w, http:\/\/blog.ulasimplatformu.com\/wp-content\/uploads\/2022\/12\/1672125184_DJI_0012-150x100.jpg 150w, http:\/\/blog.ulasimplatformu.com\/wp-content\/uploads\/2022\/12\/1672125184_DJI_0012-696x464.jpg 696w, http:\/\/blog.ulasimplatformu.com\/wp-content\/uploads\/2022\/12\/1672125184_DJI_0012-1068x711.jpg 1068w, http:\/\/blog.ulasimplatformu.com\/wp-content\/uploads\/2022\/12\/1672125184_DJI_0012-1920x1279.jpg 1920w\" sizes=\"(max-width: 1024px) 100vw, 1024px\" \/><\/figure>\n","protected":false},"excerpt":{"rendered":"<p>Anadolu Isuzu, Karbon Saydaml\u0131k Projesi\u2019nin (CDP) 2022 \u0130klim De\u011fi\u015fikli\u011fi Program\u0131 kapsam\u0131nda haz\u0131rlad\u0131\u011f\u0131 s\u00fcrd\u00fcr\u00fclebilirlik raporu ile ticari ara\u00e7lar sekt\u00f6r\u00fcnde ilk s\u0131rada yer ald\u0131. T\u00fcrkiye\u2019nin ticari ara\u00e7 markas\u0131 Anadolu Isuzu, \u00e7evrenin korunmas\u0131 ve s\u00fcrd\u00fcr\u00fclebilirlik alan\u0131ndaki ba\u015far\u0131lar\u0131na yenilerini eklemeye devam ediyor. Anadolu Isuzu bu alanda en prestijli ve etkili k\u00fcresel raporlama platformu olan Karbon Saydaml\u0131k Projesi (CDP) taraf\u0131ndan [&hellip;]<\/p>\n","protected":false},"author":4,"featured_media":7176,"comment_status":"open","ping_status":"open","sticky":false,"template":"","format":"standard","meta":{"tdm_status":"","tdm_grid_status":"","spay_email":""},"categories":[2],"tags":[],"jetpack_featured_media_url":"http:\/\/blog.ulasimplatformu.com\/wp-content\/uploads\/2022\/12\/1672125184_DJI_0012-scaled.jpg","jetpack_sharing_enabled":true,"amp_enabled":true,"_links":{"self":[{"href":"http:\/\/blog.ulasimplatformu.com\/index.php\/wp-json\/wp\/v2\/posts\/7175"}],"collection":[{"href":"http:\/\/blog.ulasimplatformu.com\/index.php\/wp-json\/wp\/v2\/posts"}],"about":[{"href":"http:\/\/blog.ulasimplatformu.com\/index.php\/wp-json\/wp\/v2\/types\/post"}],"author":[{"embeddable":true,"href":"http:\/\/blog.ulasimplatformu.com\/index.php\/wp-json\/wp\/v2\/users\/4"}],"replies":[{"embeddable":true,"href":"http:\/\/blog.ulasimplatformu.com\/index.php\/wp-json\/wp\/v2\/comments?post=7175"}],"version-history":[{"count":1,"href":"http:\/\/blog.ulasimplatformu.com\/index.php\/wp-json\/wp\/v2\/posts\/7175\/revisions"}],"predecessor-version":[{"id":7177,"href":"http:\/\/blog.ulasimplatformu.com\/index.php\/wp-json\/wp\/v2\/posts\/7175\/revisions\/7177"}],"wp:featuredmedia":[{"embeddable":true,"href":"http:\/\/blog.ulasimplatformu.com\/index.php\/wp-json\/wp\/v2\/media\/7176"}],"wp:attachment":[{"href":"http:\/\/blog.ulasimplatformu.com\/index.php\/wp-json\/wp\/v2\/media?parent=7175"}],"wp:term":[{"taxonomy":"category","embeddable":true,"href":"http:\/\/blog.ulasimplatformu.com\/index.php\/wp-json\/wp\/v2\/categories?post=7175"},{"taxonomy":"post_tag","embeddable":true,"href":"http:\/\/blog.ulasimplatformu.com\/index.php\/wp-json\/wp\/v2\/tags?post=7175"}],"curies":[{"name":"wp","href":"https:\/\/api.w.org\/{rel}","templated":true}]}}