{"id":7217,"date":"2023-01-21T00:44:13","date_gmt":"2023-01-20T21:44:13","guid":{"rendered":"http:\/\/blog.ulasimplatformu.com\/?p=7217"},"modified":"2023-01-21T00:44:20","modified_gmt":"2023-01-20T21:44:20","slug":"altur-turizm-mercedes-benz-yildizli-yatirimlarina-devam-ediyor","status":"publish","type":"post","link":"http:\/\/blog.ulasimplatformu.com\/index.php\/2023\/01\/21\/altur-turizm-mercedes-benz-yildizli-yatirimlarina-devam-ediyor\/","title":{"rendered":"Altur Turizm, Mercedes-Benz y\u0131ld\u0131zl\u0131 yat\u0131r\u0131mlar\u0131na devam ediyor."},"content":{"rendered":"\n<p>Mercedes-Benz T\u00fcrk, Altur Turizm&#8217;e 23 adet Tourismo 15 2+2\u2019yi teslim etti.<\/p>\n\n\n\n<ul><li>Mercedes-Benz T\u00fcrk&#8217;\u00fcn \u00fcretti\u011fi 100 bininci otob\u00fcs olan Mercedes-Benz<br>Travego\u2019yu 2022 y\u0131l\u0131nda \u00f6zel bir t\u00f6renle filosuna ekleyen Altur Turizm,<br>y\u0131ld\u0131z transferine devam ediyor.<\/li><li> Personel ta\u015f\u0131mac\u0131l\u0131\u011f\u0131 sekt\u00f6r\u00fcn\u00fcn T\u00fcrkiye\u2019deki \u00f6nc\u00fc \u015firketlerinden biri<br>olan Altur Turizm, son olarak 23 adet Mercedes-Benz Tourismo 15<br>2+2\u2019yi daha ara\u00e7 park\u0131na ekledi.<\/li><li>Mengerler taraf\u0131ndan sat\u0131\u015f i\u015flemleri ger\u00e7ekle\u015ftirilen ara\u00e7lar i\u00e7in 20<br>Ocak\u2019ta Altur Turizm Yenibosna Garaj\u0131\u2019nda teslimat t\u00f6reni d\u00fczenlendi.<\/li><\/ul>\n\n\n\n<p>Personel ta\u015f\u0131mac\u0131l\u0131\u011f\u0131 sekt\u00f6r\u00fcne ilk ad\u0131m\u0131n\u0131 1976 y\u0131l\u0131nda atan ve g\u00fcn\u00fcm\u00fczde sekt\u00f6r\u00fcn<br>T\u00fcrkiye\u2019deki \u00f6nc\u00fc \u015firketlerinden biri olan Altur Turizm, y\u0131ld\u0131z transferine h\u0131z kesmeden devam ediyor. Mercedes-Benz T\u00fcrk&#8217;\u00fcn \u00fcretti\u011fi 100 bininci otob\u00fcs olan Mercedes-Benz Travego\u2019yu 2022 y\u0131l\u0131nda \u00f6zel bir t\u00f6renle filosuna ekleyen \u015firket, son olarak 23 adet Tourismo 15 2+2\u2019yi modern ve geni\u015f ara\u00e7 park\u0131na ekledi. Mengerler taraf\u0131ndan sat\u0131\u015f i\u015flemleri yap\u0131lan ara\u00e7lar i\u00e7in 20 Ocak 2023 tarihinde Altur Turizm Garaj\u0131\u2019nda teslimat t\u00f6reni d\u00fczenlendi. Ger\u00e7ekle\u015ftirilen t\u00f6rende ara\u00e7lar; Mercedes-Benz T\u00fcrk \u0130cra Kurulu Ba\u015fkan\u0131 S\u00fcer S\u00fcl\u00fcn, Mercedes-Benz T\u00fcrk Otob\u00fcs Pazarlama ve Sat\u0131\u015f Direkt\u00f6r\u00fc<br>Osman Nuri Aksoy, Mercedes-Benz T\u00fcrk Otob\u00fcs Filo Sat\u0131\u015f Grup M\u00fcd\u00fcr\u00fc Burak Batumlu, Mercedes-Benz T\u00fcrk Otob\u00fcs Sat\u0131\u015f Operasyonlar\u0131 Grup M\u00fcd\u00fcr\u00fc \u00d6zg\u00fcr Ta\u015fg\u0131n, Mercedes-Benz T\u00fcrk Otob\u00fcs Filo Sat\u0131\u015f Koordinat\u00f6r\u00fc Can Okumu\u015f, AVM Holding Y\u00f6netim Kurulu Ba\u015fkan\u0131 Ergin \u0130mre, AVM Holding Y\u00f6netim Kurulu \u00dcyesi Nusret G\u00fcldal\u0131, Mengerler \u0130stanbul Genel M\u00fcd\u00fcr\u00fc G\u00fcven Onan, Mengerler Otob\u00fcs Sat\u0131\u015f M\u00fcd\u00fcr\u00fc G\u00fcnay Eren ve Mengerler Otob\u00fcs Sat\u0131\u015f M\u00fcd\u00fcr\u00fc H\u00fcseyin Tilki taraf\u0131ndan, Altur Turizm Y\u00f6netim Kurulu Ba\u015fkan\u0131 Abdurrahim Albayrak ve Altur Turizm Y\u00f6netim Kurulu Ba\u015fkan Yard\u0131mc\u0131s\u0131 Hikmet Albayrak\u2019a teslim edildi.<\/p>\n\n\n\n<ul><li><strong>Altur Turizm Y\u00f6netim Kurulu Ba\u015fkan\u0131 Abdurrahim Albayrak<\/strong> teslimat t\u00f6reninde yapt\u0131\u011f\u0131 konu\u015fmada, \u201cHepinizin hat\u0131rlayaca\u011f\u0131 \u00fczere; ge\u00e7ti\u011fimiz y\u0131l\u0131n Kas\u0131m ay\u0131nda hem Altur Turizm hem de Mercedes-Benz T\u00fcrk ailesi i\u00e7in \u00e7ok \u00f6zel bir an olan 100 bininci otob\u00fcs\u00fcn \u015firketimize teslim edildi\u011fi t\u00f6rende bulu\u015fmu\u015ftuk. \u00dcretti\u011fi 100 bininci otob\u00fcs\u00fc Altur Turizm\u2019e teslim ederek bize \u00e7ok b\u00fcy\u00fck bir gurur ve mutluluk ya\u015fatan Mercedes-Benz T\u00fcrk ile uzun y\u0131llard\u0131r s\u00fcrd\u00fcrd\u00fc\u011f\u00fcm\u00fcz i\u015f birli\u011fimize bug\u00fcn yeni bir sayfa daha eklemenin mutlulu\u011funu ya\u015f\u0131yoruz. Mercedes-Benz T\u00fcrk taraf\u0131ndan \u00fcretilen 23 adet Tourismo model ara\u00e7, bug\u00fcn itibar\u0131yla resmen filomuza kat\u0131l\u0131yor. Daha \u00f6nce de bir\u00e7ok kez ifade etti\u011fim gibi; personel ta\u015f\u0131mac\u0131l\u0131\u011f\u0131 sekt\u00f6r\u00fcne ilk ad\u0131m\u0131m\u0131z\u0131 1976 y\u0131l\u0131nda Mercedes-Benz marka bir ara\u00e7la atm\u0131\u015ft\u0131k. O anki heyecan\u0131m\u0131z\u0131 ve mutlulu\u011fumuzu her teslimat t\u00f6reninde bize tekrar hissettirdikleri i\u00e7in Mercedes-Benz T\u00fcrk ailesine te\u015fekk\u00fcr ediyorum. Sadece \u00fclkemizde de\u011fil t\u00fcm d\u00fcnyada sahip oldu\u011fu kalite, teknoloji, g\u00fcvenlik \u00f6zellikleri ve konforu ile ilk akla gelen markalardan<\/li><li>olan Mercedes-Benz ile gelecekte de kol kola y\u00fcr\u00fcmeyi hedefliyoruz\u201d dedi.<\/li><\/ul>\n\n\n\n<figure class=\"wp-block-gallery columns-3 is-cropped\"><ul class=\"blocks-gallery-grid\"><li class=\"blocks-gallery-item\"><figure><img loading=\"lazy\" width=\"1024\" height=\"682\" src=\"http:\/\/blog.ulasimplatformu.com\/wp-content\/uploads\/2023\/01\/Mercedes-Benz-Turk-Altur-Turizme-23-adet-Tourismo-15-22yi-teslim-etti_02-1024x682.jpg\" alt=\"\" data-id=\"7223\" data-full-url=\"http:\/\/blog.ulasimplatformu.com\/wp-content\/uploads\/2023\/01\/Mercedes-Benz-Turk-Altur-Turizme-23-adet-Tourismo-15-22yi-teslim-etti_02.jpg\" data-link=\"http:\/\/blog.ulasimplatformu.com\/?attachment_id=7223\" class=\"wp-image-7223\" srcset=\"http:\/\/blog.ulasimplatformu.com\/wp-content\/uploads\/2023\/01\/Mercedes-Benz-Turk-Altur-Turizme-23-adet-Tourismo-15-22yi-teslim-etti_02-1024x682.jpg 1024w, http:\/\/blog.ulasimplatformu.com\/wp-content\/uploads\/2023\/01\/Mercedes-Benz-Turk-Altur-Turizme-23-adet-Tourismo-15-22yi-teslim-etti_02-300x200.jpg 300w, http:\/\/blog.ulasimplatformu.com\/wp-content\/uploads\/2023\/01\/Mercedes-Benz-Turk-Altur-Turizme-23-adet-Tourismo-15-22yi-teslim-etti_02-768x512.jpg 768w, http:\/\/blog.ulasimplatformu.com\/wp-content\/uploads\/2023\/01\/Mercedes-Benz-Turk-Altur-Turizme-23-adet-Tourismo-15-22yi-teslim-etti_02-1536x1024.jpg 1536w, http:\/\/blog.ulasimplatformu.com\/wp-content\/uploads\/2023\/01\/Mercedes-Benz-Turk-Altur-Turizme-23-adet-Tourismo-15-22yi-teslim-etti_02-150x100.jpg 150w, http:\/\/blog.ulasimplatformu.com\/wp-content\/uploads\/2023\/01\/Mercedes-Benz-Turk-Altur-Turizme-23-adet-Tourismo-15-22yi-teslim-etti_02-696x464.jpg 696w, http:\/\/blog.ulasimplatformu.com\/wp-content\/uploads\/2023\/01\/Mercedes-Benz-Turk-Altur-Turizme-23-adet-Tourismo-15-22yi-teslim-etti_02-1068x712.jpg 1068w, http:\/\/blog.ulasimplatformu.com\/wp-content\/uploads\/2023\/01\/Mercedes-Benz-Turk-Altur-Turizme-23-adet-Tourismo-15-22yi-teslim-etti_02-1920x1280.jpg 1920w, http:\/\/blog.ulasimplatformu.com\/wp-content\/uploads\/2023\/01\/Mercedes-Benz-Turk-Altur-Turizme-23-adet-Tourismo-15-22yi-teslim-etti_02.jpg 2000w\" sizes=\"(max-width: 1024px) 100vw, 1024px\" \/><\/figure><\/li><li class=\"blocks-gallery-item\"><figure><img loading=\"lazy\" width=\"1024\" height=\"682\" src=\"http:\/\/blog.ulasimplatformu.com\/wp-content\/uploads\/2023\/01\/Mercedes-Benz-Turk-Altur-Turizme-23-adet-Tourismo-15-22yi-teslim-etti_03-1024x682.jpg\" alt=\"\" data-id=\"7221\" data-full-url=\"http:\/\/blog.ulasimplatformu.com\/wp-content\/uploads\/2023\/01\/Mercedes-Benz-Turk-Altur-Turizme-23-adet-Tourismo-15-22yi-teslim-etti_03.jpg\" data-link=\"http:\/\/blog.ulasimplatformu.com\/?attachment_id=7221\" class=\"wp-image-7221\" srcset=\"http:\/\/blog.ulasimplatformu.com\/wp-content\/uploads\/2023\/01\/Mercedes-Benz-Turk-Altur-Turizme-23-adet-Tourismo-15-22yi-teslim-etti_03-1024x682.jpg 1024w, http:\/\/blog.ulasimplatformu.com\/wp-content\/uploads\/2023\/01\/Mercedes-Benz-Turk-Altur-Turizme-23-adet-Tourismo-15-22yi-teslim-etti_03-300x200.jpg 300w, http:\/\/blog.ulasimplatformu.com\/wp-content\/uploads\/2023\/01\/Mercedes-Benz-Turk-Altur-Turizme-23-adet-Tourismo-15-22yi-teslim-etti_03-768x512.jpg 768w, http:\/\/blog.ulasimplatformu.com\/wp-content\/uploads\/2023\/01\/Mercedes-Benz-Turk-Altur-Turizme-23-adet-Tourismo-15-22yi-teslim-etti_03-1536x1024.jpg 1536w, http:\/\/blog.ulasimplatformu.com\/wp-content\/uploads\/2023\/01\/Mercedes-Benz-Turk-Altur-Turizme-23-adet-Tourismo-15-22yi-teslim-etti_03-150x100.jpg 150w, http:\/\/blog.ulasimplatformu.com\/wp-content\/uploads\/2023\/01\/Mercedes-Benz-Turk-Altur-Turizme-23-adet-Tourismo-15-22yi-teslim-etti_03-696x464.jpg 696w, http:\/\/blog.ulasimplatformu.com\/wp-content\/uploads\/2023\/01\/Mercedes-Benz-Turk-Altur-Turizme-23-adet-Tourismo-15-22yi-teslim-etti_03-1068x712.jpg 1068w, http:\/\/blog.ulasimplatformu.com\/wp-content\/uploads\/2023\/01\/Mercedes-Benz-Turk-Altur-Turizme-23-adet-Tourismo-15-22yi-teslim-etti_03-1920x1280.jpg 1920w, http:\/\/blog.ulasimplatformu.com\/wp-content\/uploads\/2023\/01\/Mercedes-Benz-Turk-Altur-Turizme-23-adet-Tourismo-15-22yi-teslim-etti_03.jpg 2000w\" sizes=\"(max-width: 1024px) 100vw, 1024px\" \/><\/figure><\/li><li class=\"blocks-gallery-item\"><figure><img loading=\"lazy\" width=\"1024\" height=\"682\" src=\"http:\/\/blog.ulasimplatformu.com\/wp-content\/uploads\/2023\/01\/Mercedes-Benz-Turk-Altur-Turizme-23-adet-Tourismo-15-22yi-teslim-etti_04-1024x682.jpg\" alt=\"\" data-id=\"7220\" data-full-url=\"http:\/\/blog.ulasimplatformu.com\/wp-content\/uploads\/2023\/01\/Mercedes-Benz-Turk-Altur-Turizme-23-adet-Tourismo-15-22yi-teslim-etti_04.jpg\" data-link=\"http:\/\/blog.ulasimplatformu.com\/?attachment_id=7220\" class=\"wp-image-7220\" srcset=\"http:\/\/blog.ulasimplatformu.com\/wp-content\/uploads\/2023\/01\/Mercedes-Benz-Turk-Altur-Turizme-23-adet-Tourismo-15-22yi-teslim-etti_04-1024x682.jpg 1024w, http:\/\/blog.ulasimplatformu.com\/wp-content\/uploads\/2023\/01\/Mercedes-Benz-Turk-Altur-Turizme-23-adet-Tourismo-15-22yi-teslim-etti_04-300x200.jpg 300w, http:\/\/blog.ulasimplatformu.com\/wp-content\/uploads\/2023\/01\/Mercedes-Benz-Turk-Altur-Turizme-23-adet-Tourismo-15-22yi-teslim-etti_04-768x512.jpg 768w, http:\/\/blog.ulasimplatformu.com\/wp-content\/uploads\/2023\/01\/Mercedes-Benz-Turk-Altur-Turizme-23-adet-Tourismo-15-22yi-teslim-etti_04-1536x1024.jpg 1536w, http:\/\/blog.ulasimplatformu.com\/wp-content\/uploads\/2023\/01\/Mercedes-Benz-Turk-Altur-Turizme-23-adet-Tourismo-15-22yi-teslim-etti_04-150x100.jpg 150w, http:\/\/blog.ulasimplatformu.com\/wp-content\/uploads\/2023\/01\/Mercedes-Benz-Turk-Altur-Turizme-23-adet-Tourismo-15-22yi-teslim-etti_04-696x464.jpg 696w, http:\/\/blog.ulasimplatformu.com\/wp-content\/uploads\/2023\/01\/Mercedes-Benz-Turk-Altur-Turizme-23-adet-Tourismo-15-22yi-teslim-etti_04-1068x712.jpg 1068w, http:\/\/blog.ulasimplatformu.com\/wp-content\/uploads\/2023\/01\/Mercedes-Benz-Turk-Altur-Turizme-23-adet-Tourismo-15-22yi-teslim-etti_04-1920x1280.jpg 1920w, http:\/\/blog.ulasimplatformu.com\/wp-content\/uploads\/2023\/01\/Mercedes-Benz-Turk-Altur-Turizme-23-adet-Tourismo-15-22yi-teslim-etti_04.jpg 2000w\" sizes=\"(max-width: 1024px) 100vw, 1024px\" \/><\/figure><\/li><li class=\"blocks-gallery-item\"><figure><img loading=\"lazy\" width=\"1024\" height=\"682\" src=\"http:\/\/blog.ulasimplatformu.com\/wp-content\/uploads\/2023\/01\/Mercedes-Benz-Turk-Altur-Turizme-23-adet-Tourismo-15-22yi-teslim-etti_05-1024x682.jpg\" alt=\"\" data-id=\"7219\" data-full-url=\"http:\/\/blog.ulasimplatformu.com\/wp-content\/uploads\/2023\/01\/Mercedes-Benz-Turk-Altur-Turizme-23-adet-Tourismo-15-22yi-teslim-etti_05.jpg\" data-link=\"http:\/\/blog.ulasimplatformu.com\/?attachment_id=7219\" class=\"wp-image-7219\" srcset=\"http:\/\/blog.ulasimplatformu.com\/wp-content\/uploads\/2023\/01\/Mercedes-Benz-Turk-Altur-Turizme-23-adet-Tourismo-15-22yi-teslim-etti_05-1024x682.jpg 1024w, http:\/\/blog.ulasimplatformu.com\/wp-content\/uploads\/2023\/01\/Mercedes-Benz-Turk-Altur-Turizme-23-adet-Tourismo-15-22yi-teslim-etti_05-300x200.jpg 300w, http:\/\/blog.ulasimplatformu.com\/wp-content\/uploads\/2023\/01\/Mercedes-Benz-Turk-Altur-Turizme-23-adet-Tourismo-15-22yi-teslim-etti_05-768x512.jpg 768w, http:\/\/blog.ulasimplatformu.com\/wp-content\/uploads\/2023\/01\/Mercedes-Benz-Turk-Altur-Turizme-23-adet-Tourismo-15-22yi-teslim-etti_05-1536x1024.jpg 1536w, http:\/\/blog.ulasimplatformu.com\/wp-content\/uploads\/2023\/01\/Mercedes-Benz-Turk-Altur-Turizme-23-adet-Tourismo-15-22yi-teslim-etti_05-150x100.jpg 150w, http:\/\/blog.ulasimplatformu.com\/wp-content\/uploads\/2023\/01\/Mercedes-Benz-Turk-Altur-Turizme-23-adet-Tourismo-15-22yi-teslim-etti_05-696x464.jpg 696w, http:\/\/blog.ulasimplatformu.com\/wp-content\/uploads\/2023\/01\/Mercedes-Benz-Turk-Altur-Turizme-23-adet-Tourismo-15-22yi-teslim-etti_05-1068x712.jpg 1068w, http:\/\/blog.ulasimplatformu.com\/wp-content\/uploads\/2023\/01\/Mercedes-Benz-Turk-Altur-Turizme-23-adet-Tourismo-15-22yi-teslim-etti_05-1920x1280.jpg 1920w, http:\/\/blog.ulasimplatformu.com\/wp-content\/uploads\/2023\/01\/Mercedes-Benz-Turk-Altur-Turizme-23-adet-Tourismo-15-22yi-teslim-etti_05.jpg 2000w\" sizes=\"(max-width: 1024px) 100vw, 1024px\" \/><\/figure><\/li><\/ul><\/figure>\n\n\n\n<p><br><strong>AVM Holding Y\u00f6netim Kurulu Ba\u015fkan\u0131 Ergin \u0130mre<\/strong> ise, &#8220;Yar\u0131m asra yakla\u015fan bir s\u00fcredir personel ve servis ta\u015f\u0131mac\u0131l\u0131\u011f\u0131 sekt\u00f6r\u00fcnde ba\u015far\u0131yla hizmet veren Altur Turizm, yeni ara\u00e7 yat\u0131r\u0131m\u0131nda bir kez daha Mercedes-Benz T\u00fcrk\u2019\u00fc tercih ederek 23 adet Tourismo 15 2+2\u2019yi geni\u015f ve modern ara\u00e7 park\u0131na ekledi. S\u00fcrekli yap\u0131lan geli\u015ftirmelerle yolcu ve s\u00fcr\u00fc\u015f konforunun her ge\u00e7en g\u00fcn \u00fcst seviyeye \u00e7\u0131kar\u0131ld\u0131\u011f\u0131 ara\u00e7lar\u0131m\u0131z\u0131n, ekonomik i\u015fletim maliyetleri ve 2.El de\u011ferleri ile de Altur Turizm ailesine \u00f6nemli kazan\u0131mlar sa\u011flayaca\u011f\u0131na g\u00f6n\u00fclden inan\u0131yorum. Altur Turizm\u2019in ara\u00e7 park\u0131na ekledi\u011fi son teknolojiye sahip yeni ara\u00e7lar\u0131n her iki \u015firkete ve \u00fclkemize hay\u0131rl\u0131 olmas\u0131n\u0131 diliyorum\u201d diye konu\u015ftu.<\/p>\n\n\n\n<p><br><strong>Mercedes-Benz T\u00fcrk \u0130cra Kurulu Ba\u015fkan\u0131 S\u00fcer S\u00fcl\u00fcn <\/strong>de teslimat t\u00f6reninde yapt\u0131\u011f\u0131 konu\u015fmada \u015fu ifadeleri kulland\u0131: &#8220;56 y\u0131ll\u0131k \u015firket tarihimizin 47 y\u0131l\u0131nda Altur Turizm ile yapt\u0131\u011f\u0131m\u0131z i\u015f birlikleri var. Bu sebeple Altur Turizm\u2019in firmam\u0131z i\u00e7in yerinin \u00e7ok ayr\u0131 oldu\u011funu s\u00f6ylemem yanl\u0131\u015f olmaz. Altur Turizm ile sahip oldu\u011fumuz bu uzun soluklu g\u00f6n\u00fcl ba\u011f\u0131n\u0131n, her bir teslimatla daha da g\u00fc\u00e7lendi\u011fini hissediyoruz. Bu teslimatla birlikte, iki firma aras\u0131ndaki  uzun soluklu dostlu\u011fa \u00e7ok \u00f6zel bir halka daha ekliyoruz. Biliyoruz ki; Abdurrahim Albayrak \u00f6nderli\u011finde her ge\u00e7en g\u00fcn b\u00fcy\u00fcyen Altur Turizm ile gelecekte daha nice i\u015f birliklerine imza atarak hep birlikte \u00fclkemizin ekonomisine katk\u0131 sa\u011flamaya devam edece\u011fiz. En son teknolojiye sahip yeni ara\u00e7lar\u0131n\u0131n Altur Turizm\u2019e hay\u0131rl\u0131 olmas\u0131n\u0131 ve bol kazan\u00e7lar getirmesini temenni ediyorum.\u201d<\/p>\n","protected":false},"excerpt":{"rendered":"<p>Mercedes-Benz T\u00fcrk, Altur Turizm&#8217;e 23 adet Tourismo 15 2+2\u2019yi teslim etti. Mercedes-Benz T\u00fcrk&#8217;\u00fcn \u00fcretti\u011fi 100 bininci otob\u00fcs olan Mercedes-BenzTravego\u2019yu 2022 y\u0131l\u0131nda \u00f6zel bir t\u00f6renle filosuna ekleyen Altur Turizm,y\u0131ld\u0131z transferine devam ediyor. Personel ta\u015f\u0131mac\u0131l\u0131\u011f\u0131 sekt\u00f6r\u00fcn\u00fcn T\u00fcrkiye\u2019deki \u00f6nc\u00fc \u015firketlerinden biriolan Altur Turizm, son olarak 23 adet Mercedes-Benz Tourismo 152+2\u2019yi daha ara\u00e7 park\u0131na ekledi. Mengerler taraf\u0131ndan sat\u0131\u015f i\u015flemleri [&hellip;]<\/p>\n","protected":false},"author":1,"featured_media":7222,"comment_status":"open","ping_status":"open","sticky":false,"template":"","format":"standard","meta":{"tdm_status":"","tdm_grid_status":"","spay_email":""},"categories":[19],"tags":[917,832],"jetpack_featured_media_url":"http:\/\/blog.ulasimplatformu.com\/wp-content\/uploads\/2023\/01\/Mercedes-Benz-Turk-Altur-Turizme-23-adet-Tourismo-15-22yi-teslim-etti_01.jpg","jetpack_sharing_enabled":true,"amp_enabled":true,"_links":{"self":[{"href":"http:\/\/blog.ulasimplatformu.com\/index.php\/wp-json\/wp\/v2\/posts\/7217"}],"collection":[{"href":"http:\/\/blog.ulasimplatformu.com\/index.php\/wp-json\/wp\/v2\/posts"}],"about":[{"href":"http:\/\/blog.ulasimplatformu.com\/index.php\/wp-json\/wp\/v2\/types\/post"}],"author":[{"embeddable":true,"href":"http:\/\/blog.ulasimplatformu.com\/index.php\/wp-json\/wp\/v2\/users\/1"}],"replies":[{"embeddable":true,"href":"http:\/\/blog.ulasimplatformu.com\/index.php\/wp-json\/wp\/v2\/comments?post=7217"}],"version-history":[{"count":1,"href":"http:\/\/blog.ulasimplatformu.com\/index.php\/wp-json\/wp\/v2\/posts\/7217\/revisions"}],"predecessor-version":[{"id":7224,"href":"http:\/\/blog.ulasimplatformu.com\/index.php\/wp-json\/wp\/v2\/posts\/7217\/revisions\/7224"}],"wp:featuredmedia":[{"embeddable":true,"href":"http:\/\/blog.ulasimplatformu.com\/index.php\/wp-json\/wp\/v2\/media\/7222"}],"wp:attachment":[{"href":"http:\/\/blog.ulasimplatformu.com\/index.php\/wp-json\/wp\/v2\/media?parent=7217"}],"wp:term":[{"taxonomy":"category","embeddable":true,"href":"http:\/\/blog.ulasimplatformu.com\/index.php\/wp-json\/wp\/v2\/categories?post=7217"},{"taxonomy":"post_tag","embeddable":true,"href":"http:\/\/blog.ulasimplatformu.com\/index.php\/wp-json\/wp\/v2\/tags?post=7217"}],"curies":[{"name":"wp","href":"https:\/\/api.w.org\/{rel}","templated":true}]}}