{"id":7242,"date":"2023-01-24T19:15:15","date_gmt":"2023-01-24T16:15:15","guid":{"rendered":"http:\/\/blog.ulasimplatformu.com\/?p=7242"},"modified":"2023-01-24T19:15:19","modified_gmt":"2023-01-24T16:15:19","slug":"ford-trucksin-avrupadaki-yeni-cagri-merkezi-24-7-assistance-oldu","status":"publish","type":"post","link":"http:\/\/blog.ulasimplatformu.com\/index.php\/2023\/01\/24\/ford-trucksin-avrupadaki-yeni-cagri-merkezi-24-7-assistance-oldu\/","title":{"rendered":"Ford Trucks\u2019\u0131n Avrupa\u2019daki Yeni \u00c7a\u011fr\u0131 Merkezi 24\/7 Assistance oldu"},"content":{"rendered":"\n<p><strong><em>A\u011f\u0131r ticari ara\u00e7 end\u00fcstrisinin global markas\u0131&nbsp;<\/em><\/strong><strong><em>Ford Trucks, t\u00fcm Avrupa\u2019da hizmet verecek yeni \u00e7a\u011fr\u0131 merkezi i\u00e7in&nbsp;<\/em><\/strong><strong><em>24\/7 Assistance ile anla\u015ft\u0131.&nbsp;<\/em><\/strong><strong><em>Ford Trucks\u2019\u0131n bu i\u015f birli\u011fiyle&nbsp;<\/em><\/strong><strong><em>hizmet a\u011f\u0131n\u0131 b\u00fcy\u00fctmesi, m\u00fc\u015fterilerine \u00e7ok daha profesyonel ve \u00e7ok daha kaliteli bir hizmet sunmas\u0131 hedefleniyor.<\/em><\/strong><\/p>\n\n\n\n<p>Ford\u2019un tek a\u011f\u0131r ticari markas\u0131 Ford Trucks, Avrupa pazar\u0131ndaki \u00e7a\u011fr\u0131 merkezini de\u011fi\u015ftirdi. Ford Trucks&nbsp;hem hizmet a\u011f\u0131n\u0131 b\u00fcy\u00fctmek hem de m\u00fc\u015fterilerine \u00e7ok daha profesyonel ve kaliteli hizmet sunmak i\u00e7in, Avrupa&#8217;n\u0131n en iyi firmalar\u0131ndan biri olan 24\/7 Assistance ile anla\u015ft\u0131. &nbsp;<\/p>\n\n\n\n<p>Ford Trucks ile 24\/7 Assistance aras\u0131nda var\u0131lan anla\u015fmayla \u015fu anda faaliyet g\u00f6steren mevcut yol yard\u0131m ve \u00e7ekici hizmetlerinin kapsam\u0131n\u0131n ve hizmet kalitesinin iyile\u015ftirilmesinin yan\u0131 s\u0131ra ek hizmetlerin de duyurulmas\u0131 ama\u00e7lan\u0131yor. Bu kapsamda Avrupa&#8217;da hizmet verecek yeni hizmet numaras\u0131 devreye al\u0131nd\u0131.&nbsp;<\/p>\n\n\n\n<p><strong>Ford Trucks, Avrupa&#8217;daki b\u00fcy\u00fcmesini s\u00fcrd\u00fcr\u00fcyor<\/strong><\/p>\n\n\n\n<p>Ford Trucks, kamyon \u00fcretimindeki 60 y\u0131ll\u0131k tecr\u00fcbesini ve uzmanl\u0131\u011f\u0131n\u0131 \u00fcr\u00fcn geli\u015ftirme yetenekleriyle birle\u015ftirerek Avrupa&#8217;daki b\u00fcy\u00fcmesini s\u00fcrd\u00fcr\u00fcyor.<\/p>\n\n\n\n<p>Ford Trucks, Bat\u0131 Avrupa&#8217;n\u0131n yan\u0131 s\u0131ra Orta ve Do\u011fu Avrupa&#8217;daki geni\u015flemesini tamamlad\u0131 ve bu y\u0131l\u0131n sonunda 46 \u00fclkeye ula\u015ft\u0131, 2024 itibar\u0131yla da 50 \u00fclkede hizmet sunmay\u0131 hedefliyor. K\u0131sa s\u00fcre \u00f6nce Avusturya pazar\u0131na girerek k\u00fcresel geni\u015flemesini s\u00fcrd\u00fcren, 2024 y\u0131l\u0131na kadar da Kuzey Avrupa pazar\u0131na girecek olan Ford Trucks&#8217;\u0131n b\u00fcy\u00fcmesi ayn\u0131 h\u0131zla devam edecek.&nbsp;<\/p>\n\n\n\n<p><\/p>\n","protected":false},"excerpt":{"rendered":"<p>A\u011f\u0131r ticari ara\u00e7 end\u00fcstrisinin global markas\u0131&nbsp;Ford Trucks, t\u00fcm Avrupa\u2019da hizmet verecek yeni \u00e7a\u011fr\u0131 merkezi i\u00e7in&nbsp;24\/7 Assistance ile anla\u015ft\u0131.&nbsp;Ford Trucks\u2019\u0131n bu i\u015f birli\u011fiyle&nbsp;hizmet a\u011f\u0131n\u0131 b\u00fcy\u00fctmesi, m\u00fc\u015fterilerine \u00e7ok daha profesyonel ve \u00e7ok daha kaliteli bir hizmet sunmas\u0131 hedefleniyor. Ford\u2019un tek a\u011f\u0131r ticari markas\u0131 Ford Trucks, Avrupa pazar\u0131ndaki \u00e7a\u011fr\u0131 merkezini de\u011fi\u015ftirdi. Ford Trucks&nbsp;hem hizmet a\u011f\u0131n\u0131 b\u00fcy\u00fctmek hem de [&hellip;]<\/p>\n","protected":false},"author":1,"featured_media":7243,"comment_status":"open","ping_status":"open","sticky":false,"template":"","format":"standard","meta":{"tdm_status":"","tdm_grid_status":"","spay_email":""},"categories":[21],"tags":[920,842,843],"jetpack_featured_media_url":"http:\/\/blog.ulasimplatformu.com\/wp-content\/uploads\/2023\/01\/1674572989_FORD_TRUCKS_YENI_INTERNATIONAL_CAGRI_MERKEZI_02.jpg","jetpack_sharing_enabled":true,"amp_enabled":true,"_links":{"self":[{"href":"http:\/\/blog.ulasimplatformu.com\/index.php\/wp-json\/wp\/v2\/posts\/7242"}],"collection":[{"href":"http:\/\/blog.ulasimplatformu.com\/index.php\/wp-json\/wp\/v2\/posts"}],"about":[{"href":"http:\/\/blog.ulasimplatformu.com\/index.php\/wp-json\/wp\/v2\/types\/post"}],"author":[{"embeddable":true,"href":"http:\/\/blog.ulasimplatformu.com\/index.php\/wp-json\/wp\/v2\/users\/1"}],"replies":[{"embeddable":true,"href":"http:\/\/blog.ulasimplatformu.com\/index.php\/wp-json\/wp\/v2\/comments?post=7242"}],"version-history":[{"count":1,"href":"http:\/\/blog.ulasimplatformu.com\/index.php\/wp-json\/wp\/v2\/posts\/7242\/revisions"}],"predecessor-version":[{"id":7244,"href":"http:\/\/blog.ulasimplatformu.com\/index.php\/wp-json\/wp\/v2\/posts\/7242\/revisions\/7244"}],"wp:featuredmedia":[{"embeddable":true,"href":"http:\/\/blog.ulasimplatformu.com\/index.php\/wp-json\/wp\/v2\/media\/7243"}],"wp:attachment":[{"href":"http:\/\/blog.ulasimplatformu.com\/index.php\/wp-json\/wp\/v2\/media?parent=7242"}],"wp:term":[{"taxonomy":"category","embeddable":true,"href":"http:\/\/blog.ulasimplatformu.com\/index.php\/wp-json\/wp\/v2\/categories?post=7242"},{"taxonomy":"post_tag","embeddable":true,"href":"http:\/\/blog.ulasimplatformu.com\/index.php\/wp-json\/wp\/v2\/tags?post=7242"}],"curies":[{"name":"wp","href":"https:\/\/api.w.org\/{rel}","templated":true}]}}