{"id":7387,"date":"2023-04-10T01:57:33","date_gmt":"2023-04-09T22:57:33","guid":{"rendered":"http:\/\/blog.ulasimplatformu.com\/?p=7387"},"modified":"2023-04-10T01:57:36","modified_gmt":"2023-04-09T22:57:36","slug":"daf-trucks-birlesik-krallik-fleet-news-awardsda-ust-uste-oduller-kazandi","status":"publish","type":"post","link":"http:\/\/blog.ulasimplatformu.com\/index.php\/2023\/04\/10\/daf-trucks-birlesik-krallik-fleet-news-awardsda-ust-uste-oduller-kazandi\/","title":{"rendered":"DAF Trucks, Birle\u015fik Krall\u0131k Fleet News Awards&#8217;da \u00fcst \u00fcste \u00f6d\u00fcller kazand\u0131"},"content":{"rendered":"\n<p><strong>DAF Trucks, Londra&#8217;daki prestijli Fleet News Awards 2023&#8217;te \u00fcst \u00fcste \u00f6d\u00fcller<br>kazand\u0131. LF da\u011f\u0131t\u0131m kamyonu ve \u00e7ok y\u00f6nl\u00fc XD serisi, s\u0131ras\u0131yla 12 tona kadar ve 12 tonun \u00fczerinde kategorilerinde &#8220;Best Rigid Truck&#8221; \u00f6d\u00fcl\u00fcne lay\u0131k g\u00f6r\u00fcld\u00fc. Buna ek olarak DAF, &#8220;Fleet Manufacturer of the Year&#8221; \u00f6d\u00fcl\u00fcn\u00fc al\u0131rken j\u00fcri, DAF&#8217;\u0131n elektrikli ta\u015f\u0131mac\u0131l\u0131\u011fa ge\u00e7i\u015f yapan m\u00fc\u015fterilere verdi\u011fi m\u00fckemmel destekten s\u00f6z etti.<\/strong><\/p>\n\n\n\n<p>Y\u0131ll\u0131k Fleet News Awards t\u00f6reni, kamyon filosu sekt\u00f6r\u00fcnde en iyi performans\u0131<br>g\u00f6steren \u015firketleri ve kamyonlar\u0131 onurland\u0131rmak \u00fczere her y\u0131l d\u00fczenlenerek ba\u011f\u0131ms\u0131z<br>bir profesyonel j\u00fcri taraf\u0131ndan de\u011ferlendirilir.<\/p>\n\n\n\n<p><strong>&#8220;Fleet Manufacturer of the Year&#8221;<\/strong><br>DAF, son 2 y\u0131lda piyasaya sunulan ve verimlilik, g\u00fcvenlik ve s\u00fcr\u00fcc\u00fc konforu<br>konusunda yeni standartlar belirleyen uzun yol, da\u011f\u0131t\u0131m ve mesleki uygulamalar i\u00e7in<br>tasarlanm\u0131\u015f tamamen Yeni Nesil kamyonlar\u0131 sayesinde &#8220;Fleet Manufacturer of the<br>Year&#8221; se\u00e7ildi. J\u00fcri ayr\u0131ca filolar\u0131n elektrikli ara\u00e7lara ge\u00e7i\u015f a\u015famas\u0131nda DAF&#8217;\u0131n destek<br>ve \u00e7abalar\u0131ndan da bahsetti. DAF&#8217;\u0131n m\u00fckemmel yol yard\u0131m\u0131 deste\u011finden de s\u00f6z<br>edildi: &#8220;M\u00fckemmel bayi a\u011f\u0131 deste\u011fi ve DAF&#8217;\u0131n benzersiz yol yard\u0131m\u0131 hizmetleri gibi<br>giri\u015fimlerle DAF, filo ve ta\u015f\u0131mac\u0131l\u0131k y\u00f6neticileri i\u00e7in en iyi \u00fcr\u00fcn ve servis tekliflerini<br>sunmakta oldu\u011funu bir kez daha kan\u0131tl\u0131yor.&#8221;<\/p>\n\n\n\n<p><strong>&#8220;Best Rigid Trucks&#8221;<\/strong><br>DAF, pop\u00fcler LF ve XD modelleriyle hem 12 tona kadar hem de 12 tonun \u00fczerinde<br>kategorisinde &#8220;Best Rigid Trucks Award&#8221; \u00f6d\u00fcl\u00fcn\u00fc ald\u0131. J\u00fcri \u015funlar\u0131 s\u00f6yledi: &#8220;LF, 7,5<br>tonluk standartlar\u0131 belirleyen bir modeldir ve ayn\u0131 kategorideki her ara\u00e7 bu modelle<\/p>\n\n\n\n<p>kar\u015f\u0131la\u015ft\u0131r\u0131l\u0131r. Dar d\u00f6n\u00fc\u015f \u00e7ap\u0131, iyi boyutland\u0131r\u0131lm\u0131\u015f kabin ve al\u00e7ak giri\u015f \u00f6zelli\u011fi,<br>s\u00fcr\u00fcc\u00fcler i\u00e7in m\u00fckemmel bir se\u00e7im olmas\u0131n\u0131 sa\u011flarken y\u00fcksek y\u00fck kapasitesi,<br>m\u00fckemmel toplam sahip olma maliyeti ve kasan\u0131n fabrikada tak\u0131lma imkan\u0131, Birle\u015fik<br>Krall\u0131k&#8217;taki en iyi bayi a\u011f\u0131yla desteklenen bu modeli; filolar i\u00e7in en iyi \u00e7ok y\u00f6nl\u00fc ara\u00e7<br>haline getirir.&#8221;<br>&#8220;International Truck of the Year 2023&#8221; \u00f6d\u00fcl\u00fcn\u00fc kazanan DAF&#8217;\u0131n \u00e7ok y\u00f6nl\u00fc XD serisi,<br>yeni bir standart belirlemesiyle \u00f6vg\u00fc ald\u0131. &#8220;Kabin g\u00fcvenli\u011fi ve g\u00f6r\u00fc\u015f alan\u0131 gibi USP&#8217;ler,<br>kamyonun \u015fehir i\u00e7inde ideal olmas\u0131n\u0131 sa\u011flarken iyi yak\u0131t verimlili\u011fi ve s\u00fcr\u00fcc\u00fcler i\u00e7in<br>m\u00fckemmel kabin tasar\u0131m\u0131, \u00f6d\u00fcl\u00fc sonuna kadar hak etti\u011fini kan\u0131tlar.&#8221;<\/p>\n\n\n\n<figure class=\"wp-block-image size-large\"><img loading=\"lazy\" width=\"1024\" height=\"682\" src=\"http:\/\/blog.ulasimplatformu.com\/wp-content\/uploads\/2023\/04\/01.-DAF-wins-hat-trick-at-Fleet-News-Awards-2023_small-1024x682.jpg\" alt=\"\" class=\"wp-image-7391\" srcset=\"http:\/\/blog.ulasimplatformu.com\/wp-content\/uploads\/2023\/04\/01.-DAF-wins-hat-trick-at-Fleet-News-Awards-2023_small-1024x682.jpg 1024w, http:\/\/blog.ulasimplatformu.com\/wp-content\/uploads\/2023\/04\/01.-DAF-wins-hat-trick-at-Fleet-News-Awards-2023_small-300x200.jpg 300w, http:\/\/blog.ulasimplatformu.com\/wp-content\/uploads\/2023\/04\/01.-DAF-wins-hat-trick-at-Fleet-News-Awards-2023_small-768x511.jpg 768w, http:\/\/blog.ulasimplatformu.com\/wp-content\/uploads\/2023\/04\/01.-DAF-wins-hat-trick-at-Fleet-News-Awards-2023_small-1536x1022.jpg 1536w, http:\/\/blog.ulasimplatformu.com\/wp-content\/uploads\/2023\/04\/01.-DAF-wins-hat-trick-at-Fleet-News-Awards-2023_small-2048x1363.jpg 2048w, http:\/\/blog.ulasimplatformu.com\/wp-content\/uploads\/2023\/04\/01.-DAF-wins-hat-trick-at-Fleet-News-Awards-2023_small-150x100.jpg 150w, http:\/\/blog.ulasimplatformu.com\/wp-content\/uploads\/2023\/04\/01.-DAF-wins-hat-trick-at-Fleet-News-Awards-2023_small-696x463.jpg 696w, http:\/\/blog.ulasimplatformu.com\/wp-content\/uploads\/2023\/04\/01.-DAF-wins-hat-trick-at-Fleet-News-Awards-2023_small-1068x711.jpg 1068w, http:\/\/blog.ulasimplatformu.com\/wp-content\/uploads\/2023\/04\/01.-DAF-wins-hat-trick-at-Fleet-News-Awards-2023_small-1920x1278.jpg 1920w\" sizes=\"(max-width: 1024px) 100vw, 1024px\" \/><\/figure>\n\n\n\n<figure class=\"wp-block-gallery columns-3 is-cropped\"><ul class=\"blocks-gallery-grid\"><li class=\"blocks-gallery-item\"><figure><img loading=\"lazy\" width=\"1024\" height=\"683\" src=\"http:\/\/blog.ulasimplatformu.com\/wp-content\/uploads\/2023\/04\/02.-DAF-LF-Awarded-Best-Rigid-Truck-2023-up-to-12-tonne_small-1024x683.jpg\" alt=\"\" data-id=\"7389\" data-full-url=\"http:\/\/blog.ulasimplatformu.com\/wp-content\/uploads\/2023\/04\/02.-DAF-LF-Awarded-Best-Rigid-Truck-2023-up-to-12-tonne_small.jpg\" data-link=\"http:\/\/blog.ulasimplatformu.com\/?attachment_id=7389\" class=\"wp-image-7389\" srcset=\"http:\/\/blog.ulasimplatformu.com\/wp-content\/uploads\/2023\/04\/02.-DAF-LF-Awarded-Best-Rigid-Truck-2023-up-to-12-tonne_small-1024x683.jpg 1024w, http:\/\/blog.ulasimplatformu.com\/wp-content\/uploads\/2023\/04\/02.-DAF-LF-Awarded-Best-Rigid-Truck-2023-up-to-12-tonne_small-300x200.jpg 300w, http:\/\/blog.ulasimplatformu.com\/wp-content\/uploads\/2023\/04\/02.-DAF-LF-Awarded-Best-Rigid-Truck-2023-up-to-12-tonne_small-768x512.jpg 768w, http:\/\/blog.ulasimplatformu.com\/wp-content\/uploads\/2023\/04\/02.-DAF-LF-Awarded-Best-Rigid-Truck-2023-up-to-12-tonne_small-1536x1024.jpg 1536w, http:\/\/blog.ulasimplatformu.com\/wp-content\/uploads\/2023\/04\/02.-DAF-LF-Awarded-Best-Rigid-Truck-2023-up-to-12-tonne_small-2048x1366.jpg 2048w, http:\/\/blog.ulasimplatformu.com\/wp-content\/uploads\/2023\/04\/02.-DAF-LF-Awarded-Best-Rigid-Truck-2023-up-to-12-tonne_small-150x100.jpg 150w, http:\/\/blog.ulasimplatformu.com\/wp-content\/uploads\/2023\/04\/02.-DAF-LF-Awarded-Best-Rigid-Truck-2023-up-to-12-tonne_small-696x464.jpg 696w, http:\/\/blog.ulasimplatformu.com\/wp-content\/uploads\/2023\/04\/02.-DAF-LF-Awarded-Best-Rigid-Truck-2023-up-to-12-tonne_small-1068x712.jpg 1068w, http:\/\/blog.ulasimplatformu.com\/wp-content\/uploads\/2023\/04\/02.-DAF-LF-Awarded-Best-Rigid-Truck-2023-up-to-12-tonne_small-1920x1280.jpg 1920w\" sizes=\"(max-width: 1024px) 100vw, 1024px\" \/><\/figure><\/li><li class=\"blocks-gallery-item\"><figure><img loading=\"lazy\" width=\"1024\" height=\"683\" src=\"http:\/\/blog.ulasimplatformu.com\/wp-content\/uploads\/2023\/04\/03.-DAF-XD-Awarded-Best-Rigid-Truck-2023-over-12-tonne_small-1024x683.jpg\" alt=\"\" data-id=\"7390\" data-full-url=\"http:\/\/blog.ulasimplatformu.com\/wp-content\/uploads\/2023\/04\/03.-DAF-XD-Awarded-Best-Rigid-Truck-2023-over-12-tonne_small.jpg\" data-link=\"http:\/\/blog.ulasimplatformu.com\/?attachment_id=7390\" class=\"wp-image-7390\" srcset=\"http:\/\/blog.ulasimplatformu.com\/wp-content\/uploads\/2023\/04\/03.-DAF-XD-Awarded-Best-Rigid-Truck-2023-over-12-tonne_small-1024x683.jpg 1024w, http:\/\/blog.ulasimplatformu.com\/wp-content\/uploads\/2023\/04\/03.-DAF-XD-Awarded-Best-Rigid-Truck-2023-over-12-tonne_small-300x200.jpg 300w, http:\/\/blog.ulasimplatformu.com\/wp-content\/uploads\/2023\/04\/03.-DAF-XD-Awarded-Best-Rigid-Truck-2023-over-12-tonne_small-768x512.jpg 768w, http:\/\/blog.ulasimplatformu.com\/wp-content\/uploads\/2023\/04\/03.-DAF-XD-Awarded-Best-Rigid-Truck-2023-over-12-tonne_small-1536x1024.jpg 1536w, http:\/\/blog.ulasimplatformu.com\/wp-content\/uploads\/2023\/04\/03.-DAF-XD-Awarded-Best-Rigid-Truck-2023-over-12-tonne_small-2048x1366.jpg 2048w, http:\/\/blog.ulasimplatformu.com\/wp-content\/uploads\/2023\/04\/03.-DAF-XD-Awarded-Best-Rigid-Truck-2023-over-12-tonne_small-150x100.jpg 150w, http:\/\/blog.ulasimplatformu.com\/wp-content\/uploads\/2023\/04\/03.-DAF-XD-Awarded-Best-Rigid-Truck-2023-over-12-tonne_small-696x464.jpg 696w, http:\/\/blog.ulasimplatformu.com\/wp-content\/uploads\/2023\/04\/03.-DAF-XD-Awarded-Best-Rigid-Truck-2023-over-12-tonne_small-1068x712.jpg 1068w, http:\/\/blog.ulasimplatformu.com\/wp-content\/uploads\/2023\/04\/03.-DAF-XD-Awarded-Best-Rigid-Truck-2023-over-12-tonne_small-1920x1280.jpg 1920w\" sizes=\"(max-width: 1024px) 100vw, 1024px\" \/><\/figure><\/li><li class=\"blocks-gallery-item\"><figure><img loading=\"lazy\" width=\"1024\" height=\"683\" src=\"http:\/\/blog.ulasimplatformu.com\/wp-content\/uploads\/2023\/04\/5-April-2023-1024x683.jpg\" alt=\"\" data-id=\"7385\" data-full-url=\"http:\/\/blog.ulasimplatformu.com\/wp-content\/uploads\/2023\/04\/5-April-2023-scaled.jpg\" data-link=\"http:\/\/blog.ulasimplatformu.com\/index.php\/2023\/04\/10\/daf-yeni-nesil-mesleki-kamyon-serisini-piyasaya-suruyor\/5-april-2023\/\" class=\"wp-image-7385\" srcset=\"http:\/\/blog.ulasimplatformu.com\/wp-content\/uploads\/2023\/04\/5-April-2023-1024x683.jpg 1024w, http:\/\/blog.ulasimplatformu.com\/wp-content\/uploads\/2023\/04\/5-April-2023-300x200.jpg 300w, http:\/\/blog.ulasimplatformu.com\/wp-content\/uploads\/2023\/04\/5-April-2023-768x512.jpg 768w, http:\/\/blog.ulasimplatformu.com\/wp-content\/uploads\/2023\/04\/5-April-2023-1536x1024.jpg 1536w, http:\/\/blog.ulasimplatformu.com\/wp-content\/uploads\/2023\/04\/5-April-2023-2048x1365.jpg 2048w, http:\/\/blog.ulasimplatformu.com\/wp-content\/uploads\/2023\/04\/5-April-2023-150x100.jpg 150w, http:\/\/blog.ulasimplatformu.com\/wp-content\/uploads\/2023\/04\/5-April-2023-696x464.jpg 696w, http:\/\/blog.ulasimplatformu.com\/wp-content\/uploads\/2023\/04\/5-April-2023-1068x712.jpg 1068w, http:\/\/blog.ulasimplatformu.com\/wp-content\/uploads\/2023\/04\/5-April-2023-1920x1280.jpg 1920w\" sizes=\"(max-width: 1024px) 100vw, 1024px\" \/><\/figure><\/li><\/ul><\/figure>\n","protected":false},"excerpt":{"rendered":"<p>DAF Trucks, Londra&#8217;daki prestijli Fleet News Awards 2023&#8217;te \u00fcst \u00fcste \u00f6d\u00fcllerkazand\u0131. LF da\u011f\u0131t\u0131m kamyonu ve \u00e7ok y\u00f6nl\u00fc XD serisi, s\u0131ras\u0131yla 12 tona kadar ve 12 tonun \u00fczerinde kategorilerinde &#8220;Best Rigid Truck&#8221; \u00f6d\u00fcl\u00fcne lay\u0131k g\u00f6r\u00fcld\u00fc. Buna ek olarak DAF, &#8220;Fleet Manufacturer of the Year&#8221; \u00f6d\u00fcl\u00fcn\u00fc al\u0131rken j\u00fcri, DAF&#8217;\u0131n elektrikli ta\u015f\u0131mac\u0131l\u0131\u011fa ge\u00e7i\u015f yapan m\u00fc\u015fterilere verdi\u011fi m\u00fckemmel destekten [&hellip;]<\/p>\n","protected":false},"author":1,"featured_media":7390,"comment_status":"open","ping_status":"open","sticky":false,"template":"","format":"standard","meta":{"tdm_status":"","tdm_grid_status":"","spay_email":""},"categories":[21,27],"tags":[457],"jetpack_featured_media_url":"http:\/\/blog.ulasimplatformu.com\/wp-content\/uploads\/2023\/04\/03.-DAF-XD-Awarded-Best-Rigid-Truck-2023-over-12-tonne_small.jpg","jetpack_sharing_enabled":true,"amp_enabled":true,"_links":{"self":[{"href":"http:\/\/blog.ulasimplatformu.com\/index.php\/wp-json\/wp\/v2\/posts\/7387"}],"collection":[{"href":"http:\/\/blog.ulasimplatformu.com\/index.php\/wp-json\/wp\/v2\/posts"}],"about":[{"href":"http:\/\/blog.ulasimplatformu.com\/index.php\/wp-json\/wp\/v2\/types\/post"}],"author":[{"embeddable":true,"href":"http:\/\/blog.ulasimplatformu.com\/index.php\/wp-json\/wp\/v2\/users\/1"}],"replies":[{"embeddable":true,"href":"http:\/\/blog.ulasimplatformu.com\/index.php\/wp-json\/wp\/v2\/comments?post=7387"}],"version-history":[{"count":1,"href":"http:\/\/blog.ulasimplatformu.com\/index.php\/wp-json\/wp\/v2\/posts\/7387\/revisions"}],"predecessor-version":[{"id":7392,"href":"http:\/\/blog.ulasimplatformu.com\/index.php\/wp-json\/wp\/v2\/posts\/7387\/revisions\/7392"}],"wp:featuredmedia":[{"embeddable":true,"href":"http:\/\/blog.ulasimplatformu.com\/index.php\/wp-json\/wp\/v2\/media\/7390"}],"wp:attachment":[{"href":"http:\/\/blog.ulasimplatformu.com\/index.php\/wp-json\/wp\/v2\/media?parent=7387"}],"wp:term":[{"taxonomy":"category","embeddable":true,"href":"http:\/\/blog.ulasimplatformu.com\/index.php\/wp-json\/wp\/v2\/categories?post=7387"},{"taxonomy":"post_tag","embeddable":true,"href":"http:\/\/blog.ulasimplatformu.com\/index.php\/wp-json\/wp\/v2\/tags?post=7387"}],"curies":[{"name":"wp","href":"https:\/\/api.w.org\/{rel}","templated":true}]}}