{"id":7492,"date":"2023-04-28T07:20:17","date_gmt":"2023-04-28T04:20:17","guid":{"rendered":"http:\/\/blog.ulasimplatformu.com\/?p=7492"},"modified":"2023-04-28T07:20:24","modified_gmt":"2023-04-28T04:20:24","slug":"yeni-daf-elektrikli-kamyon-montaj-tesisi-resmen-acildi","status":"publish","type":"post","link":"http:\/\/blog.ulasimplatformu.com\/index.php\/2023\/04\/28\/yeni-daf-elektrikli-kamyon-montaj-tesisi-resmen-acildi\/","title":{"rendered":"Yeni DAF Elektrikli Kamyon Montaj tesisi resmen a\u00e7\u0131ld\u0131"},"content":{"rendered":"\n<p><strong>DAF&#8217;\u0131n elektrikli kamyonlar i\u00e7in tamamen yeni montaj tesisi, Hollanda Ekonomi ve \u0130klim Bakan\u0131 Micky Adriaansens taraf\u0131ndan bug\u00fcn resmen a\u00e7\u0131ld\u0131. Yeni tesis, DAF&#8217;\u0131n Hollanda&#8217;n\u0131n Eindhoven kentindeki ana \u00fcretim merkezinde devreye al\u0131nd\u0131 ve \u015firketin s\u00fcrd\u00fcr\u00fclebilir ta\u015f\u0131mac\u0131l\u0131k \u00e7\u00f6z\u00fcmleri sa\u011flamadaki lider konumunun daha da geli\u015ftirilmesinde etkili olacak.<\/strong><br>Yeni DAF Elektrikli Kamyon Montaj tesisi 5.000 m2&#8217;lik bir alan\u0131 kaps\u0131yor ve ak\u00fc<br>paketlerinin haz\u0131rlanmas\u0131 i\u00e7in iki alt montaj hatt\u0131n\u0131n yan\u0131 s\u0131ra \u00f6n ak\u00fc tak\u0131m\u0131, y\u00fcksek<br>voltajl\u0131 ba\u011flant\u0131 kutusu ve elektrikli yard\u0131mc\u0131 par\u00e7alardan olu\u015fan Elektrikli Tahrik<br>Mod\u00fcl\u00fc i\u00e7eriyor. Bu temel bile\u015fenler ve entegre di\u015fli kutulu e-motor, yakla\u015f\u0131k 150<br>metre uzunlu\u011fundaki ana montaj hatt\u0131nda araca monte edilir.<br>Yeni nesil elektrikli kamyonlar<br>DAF, DAF Elektrikli Kamyon Montaj tesisini en yeni nesil elektrikli kamyonlar\u0131n\u0131n<br>\u00fcretimi i\u00e7in kurdu. Yeni DAF XD ve XF Electric \u00e7e\u015fitli konfig\u00fcrasyonlarda mevcuttur.<br>Bunlar PACCAR e-Motorlar taraf\u0131ndan desteklenmektedir ve 2 ila 5 telli (210 ila 525<br>kWh) pil paketleri ile donat\u0131lm\u0131\u015ft\u0131r. Mod\u00fcler yakla\u015f\u0131m, kamyonlar\u0131n m\u00fc\u015fteri<br>gereksinimlerine ve ihtiya\u00e7lar\u0131na tam olarak uyarlanmas\u0131n\u0131 sa\u011flar. 500 kilometreye<br>kadar tam elektrik menzilleri, rotalar\u0131n dikkatli bir \u015fekilde planlanmas\u0131 ve \u015farj<br>edilmesiyle 1.000 &#8216;s\u0131f\u0131r emisyon&#8217; kilometreye ula\u015f\u0131labilir hale getirilebilir. 350 kW&#8217;a<br>kadar h\u0131zl\u0131 \u015farj ile pil paketleri, yaln\u0131zca 45 dakika i\u00e7inde kapasitelerinin %80&#8217;ine<br>kadar \u015farj edilebilir.<\/p>\n\n\n\n<p>Kalite do\u011frulama kamyonlar\u0131n\u0131n \u00fcretimi, yaz i\u00e7in planlanan bir dizi m\u00fc\u015fteri arac\u0131<br>\u00fcretimi ile ba\u015flamak \u00fczeredir. DAF, tamamen elektrikli kamyonlara olan talebin<br>artmas\u0131na paralel olarak \u00fcretimin yak\u0131n gelecekte y\u0131lda binlerce araca ula\u015fmas\u0131n\u0131<br>bekliyor.<\/p>\n\n\n\n<figure class=\"wp-block-image size-large\"><img loading=\"lazy\" width=\"1024\" height=\"683\" src=\"http:\/\/blog.ulasimplatformu.com\/wp-content\/uploads\/2023\/04\/1-DAF-Electric-Truck-Assembly-officially-opened-1024x683.jpg\" alt=\"\" class=\"wp-image-7494\" srcset=\"http:\/\/blog.ulasimplatformu.com\/wp-content\/uploads\/2023\/04\/1-DAF-Electric-Truck-Assembly-officially-opened-1024x683.jpg 1024w, http:\/\/blog.ulasimplatformu.com\/wp-content\/uploads\/2023\/04\/1-DAF-Electric-Truck-Assembly-officially-opened-300x200.jpg 300w, http:\/\/blog.ulasimplatformu.com\/wp-content\/uploads\/2023\/04\/1-DAF-Electric-Truck-Assembly-officially-opened-768x512.jpg 768w, http:\/\/blog.ulasimplatformu.com\/wp-content\/uploads\/2023\/04\/1-DAF-Electric-Truck-Assembly-officially-opened-150x100.jpg 150w, http:\/\/blog.ulasimplatformu.com\/wp-content\/uploads\/2023\/04\/1-DAF-Electric-Truck-Assembly-officially-opened-696x464.jpg 696w, http:\/\/blog.ulasimplatformu.com\/wp-content\/uploads\/2023\/04\/1-DAF-Electric-Truck-Assembly-officially-opened-1068x712.jpg 1068w, http:\/\/blog.ulasimplatformu.com\/wp-content\/uploads\/2023\/04\/1-DAF-Electric-Truck-Assembly-officially-opened.jpg 1200w\" sizes=\"(max-width: 1024px) 100vw, 1024px\" \/><\/figure>\n\n\n\n<p><br><strong>Bakan: &#8216;DAF \u00f6nc\u00fcl\u00fck ediyor&#8217;<\/strong><br>Ekonomi ve \u0130klim Politikas\u0131 Bakan\u0131 Micky Adriaansens: &#8220;DAF, uzun y\u0131llard\u0131r kamyon<br>\u00fcretiminde lider bir oyuncu olmu\u015ftur ve \u015fu anda elektrikli kamyonlar\u0131n<br>geli\u015ftirilmesinde \u00f6nemli ve yenilik\u00e7i bir rol oynamaktad\u0131r. Daha temiz \u00fcr\u00fcnlere ve<br>\u00fcretim y\u00f6ntemlerine ge\u00e7i\u015f \u00f6nemlidir. Sadece \u00e7evre i\u00e7in de\u011fil, ayn\u0131 zamanda<br>Hollanda&#8217;n\u0131n rekabet \u00fcst\u00fcnl\u00fc\u011f\u00fcn\u00fc korumas\u0131n\u0131 sa\u011flamak i\u00e7in. Elektrikli kamyonlar i\u00e7in<br>bu yeni fabrika, bu hedefin parlak bir \u00f6rne\u011fidir. &#8220;<br>DAF Trucks Ba\u015fkan\u0131 Harald Seidel, &#8220;Yeni DAF Elektrikli Kamyon Montaj tesisinin<br>devreye al\u0131nmas\u0131, daha da temiz bir gelece\u011fe giden yolda \u00f6nemli bir kilometre ta\u015f\u0131n\u0131<br>temsil ediyor&#8221; dedi. &#8220;S\u0131f\u0131r emisyonlu karayolu ta\u015f\u0131mac\u0131l\u0131\u011f\u0131na ge\u00e7i\u015fte m\u00fc\u015fterilerimizi<br>desteklemek i\u00e7in, s\u0131n\u0131f\u0131n\u0131n lideri tam elektrikli ara\u00e7lar sunmaktan daha ileri gidiyoruz.<br>Kapsaml\u0131 paketimiz, \u00e7ok \u00e7e\u015fitli \u015farj \u00e7\u00f6z\u00fcmlerini, rotalar\u0131n planlanmas\u0131 ve \u015farj etme<br>konusunda tavsiyeleri ve s\u00fcr\u00fcc\u00fclerin ara\u00e7lardan en iyi \u015fekilde yararlanmalar\u0131 i\u00e7in \u00f6zel<br>e\u011fitim sa\u011flanmas\u0131n\u0131 i\u00e7eriyor.&#8221;<\/p>\n\n\n\n<figure class=\"wp-block-gallery columns-2 is-cropped\"><ul class=\"blocks-gallery-grid\"><li class=\"blocks-gallery-item\"><figure><img loading=\"lazy\" width=\"1024\" height=\"683\" src=\"http:\/\/blog.ulasimplatformu.com\/wp-content\/uploads\/2023\/04\/2-DAF-Electric-Truck-Assembly-officially-opened-1024x683.jpg\" alt=\"\" data-id=\"7495\" data-full-url=\"http:\/\/blog.ulasimplatformu.com\/wp-content\/uploads\/2023\/04\/2-DAF-Electric-Truck-Assembly-officially-opened-scaled.jpg\" data-link=\"http:\/\/blog.ulasimplatformu.com\/?attachment_id=7495\" class=\"wp-image-7495\" srcset=\"http:\/\/blog.ulasimplatformu.com\/wp-content\/uploads\/2023\/04\/2-DAF-Electric-Truck-Assembly-officially-opened-1024x683.jpg 1024w, http:\/\/blog.ulasimplatformu.com\/wp-content\/uploads\/2023\/04\/2-DAF-Electric-Truck-Assembly-officially-opened-300x200.jpg 300w, http:\/\/blog.ulasimplatformu.com\/wp-content\/uploads\/2023\/04\/2-DAF-Electric-Truck-Assembly-officially-opened-768x512.jpg 768w, http:\/\/blog.ulasimplatformu.com\/wp-content\/uploads\/2023\/04\/2-DAF-Electric-Truck-Assembly-officially-opened-1536x1024.jpg 1536w, http:\/\/blog.ulasimplatformu.com\/wp-content\/uploads\/2023\/04\/2-DAF-Electric-Truck-Assembly-officially-opened-2048x1365.jpg 2048w, http:\/\/blog.ulasimplatformu.com\/wp-content\/uploads\/2023\/04\/2-DAF-Electric-Truck-Assembly-officially-opened-150x100.jpg 150w, http:\/\/blog.ulasimplatformu.com\/wp-content\/uploads\/2023\/04\/2-DAF-Electric-Truck-Assembly-officially-opened-696x464.jpg 696w, http:\/\/blog.ulasimplatformu.com\/wp-content\/uploads\/2023\/04\/2-DAF-Electric-Truck-Assembly-officially-opened-1068x712.jpg 1068w, http:\/\/blog.ulasimplatformu.com\/wp-content\/uploads\/2023\/04\/2-DAF-Electric-Truck-Assembly-officially-opened-1920x1280.jpg 1920w\" sizes=\"(max-width: 1024px) 100vw, 1024px\" \/><\/figure><\/li><li class=\"blocks-gallery-item\"><figure><img loading=\"lazy\" width=\"1024\" height=\"708\" src=\"http:\/\/blog.ulasimplatformu.com\/wp-content\/uploads\/2023\/04\/4-DAF-Electric-Truck-Assembly-officially-opened-1024x708.jpg\" alt=\"\" data-id=\"7493\" data-full-url=\"http:\/\/blog.ulasimplatformu.com\/wp-content\/uploads\/2023\/04\/4-DAF-Electric-Truck-Assembly-officially-opened-scaled.jpg\" data-link=\"http:\/\/blog.ulasimplatformu.com\/?attachment_id=7493\" class=\"wp-image-7493\" srcset=\"http:\/\/blog.ulasimplatformu.com\/wp-content\/uploads\/2023\/04\/4-DAF-Electric-Truck-Assembly-officially-opened-1024x708.jpg 1024w, http:\/\/blog.ulasimplatformu.com\/wp-content\/uploads\/2023\/04\/4-DAF-Electric-Truck-Assembly-officially-opened-300x207.jpg 300w, http:\/\/blog.ulasimplatformu.com\/wp-content\/uploads\/2023\/04\/4-DAF-Electric-Truck-Assembly-officially-opened-768x531.jpg 768w, http:\/\/blog.ulasimplatformu.com\/wp-content\/uploads\/2023\/04\/4-DAF-Electric-Truck-Assembly-officially-opened-1536x1061.jpg 1536w, http:\/\/blog.ulasimplatformu.com\/wp-content\/uploads\/2023\/04\/4-DAF-Electric-Truck-Assembly-officially-opened-2048x1415.jpg 2048w, http:\/\/blog.ulasimplatformu.com\/wp-content\/uploads\/2023\/04\/4-DAF-Electric-Truck-Assembly-officially-opened-150x104.jpg 150w, http:\/\/blog.ulasimplatformu.com\/wp-content\/uploads\/2023\/04\/4-DAF-Electric-Truck-Assembly-officially-opened-218x150.jpg 218w, http:\/\/blog.ulasimplatformu.com\/wp-content\/uploads\/2023\/04\/4-DAF-Electric-Truck-Assembly-officially-opened-696x481.jpg 696w, http:\/\/blog.ulasimplatformu.com\/wp-content\/uploads\/2023\/04\/4-DAF-Electric-Truck-Assembly-officially-opened-1068x738.jpg 1068w, http:\/\/blog.ulasimplatformu.com\/wp-content\/uploads\/2023\/04\/4-DAF-Electric-Truck-Assembly-officially-opened-1920x1327.jpg 1920w\" sizes=\"(max-width: 1024px) 100vw, 1024px\" \/><\/figure><\/li><\/ul><\/figure>\n\n\n\n<p><\/p>\n","protected":false},"excerpt":{"rendered":"<p>DAF&#8217;\u0131n elektrikli kamyonlar i\u00e7in tamamen yeni montaj tesisi, Hollanda Ekonomi ve \u0130klim Bakan\u0131 Micky Adriaansens taraf\u0131ndan bug\u00fcn resmen a\u00e7\u0131ld\u0131. Yeni tesis, DAF&#8217;\u0131n Hollanda&#8217;n\u0131n Eindhoven kentindeki ana \u00fcretim merkezinde devreye al\u0131nd\u0131 ve \u015firketin s\u00fcrd\u00fcr\u00fclebilir ta\u015f\u0131mac\u0131l\u0131k \u00e7\u00f6z\u00fcmleri sa\u011flamadaki lider konumunun daha da geli\u015ftirilmesinde etkili olacak.Yeni DAF Elektrikli Kamyon Montaj tesisi 5.000 m2&#8217;lik bir alan\u0131 kaps\u0131yor ve ak\u00fcpaketlerinin [&hellip;]<\/p>\n","protected":false},"author":1,"featured_media":7493,"comment_status":"open","ping_status":"open","sticky":false,"template":"","format":"standard","meta":{"tdm_status":"","tdm_grid_status":"","spay_email":""},"categories":[21,2,27],"tags":[457],"jetpack_featured_media_url":"http:\/\/blog.ulasimplatformu.com\/wp-content\/uploads\/2023\/04\/4-DAF-Electric-Truck-Assembly-officially-opened-scaled.jpg","jetpack_sharing_enabled":true,"amp_enabled":true,"_links":{"self":[{"href":"http:\/\/blog.ulasimplatformu.com\/index.php\/wp-json\/wp\/v2\/posts\/7492"}],"collection":[{"href":"http:\/\/blog.ulasimplatformu.com\/index.php\/wp-json\/wp\/v2\/posts"}],"about":[{"href":"http:\/\/blog.ulasimplatformu.com\/index.php\/wp-json\/wp\/v2\/types\/post"}],"author":[{"embeddable":true,"href":"http:\/\/blog.ulasimplatformu.com\/index.php\/wp-json\/wp\/v2\/users\/1"}],"replies":[{"embeddable":true,"href":"http:\/\/blog.ulasimplatformu.com\/index.php\/wp-json\/wp\/v2\/comments?post=7492"}],"version-history":[{"count":1,"href":"http:\/\/blog.ulasimplatformu.com\/index.php\/wp-json\/wp\/v2\/posts\/7492\/revisions"}],"predecessor-version":[{"id":7497,"href":"http:\/\/blog.ulasimplatformu.com\/index.php\/wp-json\/wp\/v2\/posts\/7492\/revisions\/7497"}],"wp:featuredmedia":[{"embeddable":true,"href":"http:\/\/blog.ulasimplatformu.com\/index.php\/wp-json\/wp\/v2\/media\/7493"}],"wp:attachment":[{"href":"http:\/\/blog.ulasimplatformu.com\/index.php\/wp-json\/wp\/v2\/media?parent=7492"}],"wp:term":[{"taxonomy":"category","embeddable":true,"href":"http:\/\/blog.ulasimplatformu.com\/index.php\/wp-json\/wp\/v2\/categories?post=7492"},{"taxonomy":"post_tag","embeddable":true,"href":"http:\/\/blog.ulasimplatformu.com\/index.php\/wp-json\/wp\/v2\/tags?post=7492"}],"curies":[{"name":"wp","href":"https:\/\/api.w.org\/{rel}","templated":true}]}}