{"id":7513,"date":"2023-05-07T20:12:38","date_gmt":"2023-05-07T17:12:38","guid":{"rendered":"http:\/\/blog.ulasimplatformu.com\/?p=7513"},"modified":"2023-05-07T20:12:42","modified_gmt":"2023-05-07T17:12:42","slug":"mercedes-benz-musterilerine-yepyeni-bir-satis-deneyimi-sunmaya-hazirlaniyor","status":"publish","type":"post","link":"http:\/\/blog.ulasimplatformu.com\/index.php\/2023\/05\/07\/mercedes-benz-musterilerine-yepyeni-bir-satis-deneyimi-sunmaya-hazirlaniyor\/","title":{"rendered":"Mercedes-Benz, m\u00fc\u015fterilerine yepyeni bir sat\u0131\u015f deneyimi sunmaya haz\u0131rlan\u0131yor"},"content":{"rendered":"\n<p>Otomobil ve Hafif Ticari Ara\u00e7lar i\u00e7in ge\u00e7ilecek Yeni Sat\u0131\u015f Modeli\u2019nde ara\u00e7 stok<br>durumu \u015feffaf bi\u00e7imde takip edilebilecek ve sipari\u015f s\u00fcreci ister 15 May\u0131s\u2019ta devreye<br>al\u0131nacak Online Store\u2019da, ister acenteler \u00fczerinden ba\u015flat\u0131labilecek.<br>\uf0b7 Mercedes-Benz bayileri acentelere d\u00f6n\u00fc\u015ferek, sat\u0131n alma ihtiya\u00e7lar\u0131n\u0131n analizinde<br>ve s\u00fcrecin her a\u015famas\u0131ndaki destekleriyle, m\u00fc\u015fteri deneyiminin gerek online<br>gerekse de fiziksel alanlarda geli\u015ftirilmesinde anahtar rol oynayacak.<br>\uf0b7 \u00dclke genelinde ara\u00e7 modellerinde ge\u00e7erli tek fiyat uygulanacak, farkl\u0131<br>lokasyonlardan fiyat kar\u015f\u0131la\u015ft\u0131rmas\u0131 s\u00fcreci ortadan kalkacak.<br>\uf0b7 Ara\u00e7 sat\u0131\u015f s\u00f6zle\u015fmeleri ve faturaland\u0131rma do\u011frudan Mercedes-Benz Otomotiv<br>\u00fczerinden ger\u00e7ekle\u015ftirilecek.<br>D\u00fcnyan\u0131n en de\u011ferli l\u00fcks otomobil markas\u0131 Mercedes-Benz, T\u00fcrkiye\u2019de hayata ge\u00e7irdi\u011fi m\u00fc\u015fteri<br>odakl\u0131 Yeni Sat\u0131\u015f Modeli&#8217;ni duyurdu.<br>Mercedes-Benz\u2019in l\u00fcks stratejisinin de bir par\u00e7as\u0131 olan bu sat\u0131\u015f modelinde, bayiler acentelere d\u00f6n\u00fc\u015f\u00fcyor ve kusursuz m\u00fc\u015fteri deneyiminin daha da yukar\u0131 ta\u015f\u0131nmas\u0131ndaki rolleri farkl\u0131la\u015f\u0131yor. 15 May\u0131s\u2019tan itibaren devreye al\u0131nacak Online Store veya acenteler arac\u0131l\u0131\u011f\u0131yla m\u00fc\u015fteriler, ara\u00e7 stoklar\u0131n\u0131 ger\u00e7ek zamanl\u0131 ve \u015feffaf bi\u00e7imde takip edebilecekler, \u00fclke genelinde ge\u00e7erli olacak tek fiyatla diledikleri ara\u00e7 modeline ula\u015fabilecekler. M\u00fc\u015fteriler, Mercedes-Benz Finansal Hizmetler<br>taraf\u0131ndan sunulan kredi se\u00e7enekleriyle uygun bulduklar\u0131 finansman ve Mercedes-Benz Kasko<br>teklifini tercih edebilecekler. Ara\u00e7lar\u0131n\u0131 teslim almak istedikleri Mercedes-Benz acentesini se\u00e7en<br>m\u00fc\u015fterilere faturalar Mercedes-Benz Otomotiv taraf\u0131ndan kesilirken, ara\u00e7 tescil, plaka ve teslim<br>i\u015flemlerini ise acenteler y\u00fcr\u00fctmeye devam edecek.<br>Mercedes-Benz Otomotiv \u0130cra Kurulu ve Otomobil Grubu Ba\u015fkan\u0131 \u015e\u00fckr\u00fc Bekdikhan: \u201cYeni Sat\u0131\u015f Modelimiz ile en iyi m\u00fc\u015fteri deneyimini sunma s\u00f6z\u00fcm\u00fcz\u00fc ileri ta\u015f\u0131yoruz\u201d<br>\u201cGiderek dijitalle\u015fen bir d\u00fcnyada, m\u00fc\u015fterilerin sat\u0131n alma al\u0131\u015fkanl\u0131klar\u0131 de\u011fi\u015fiyor ve sundu\u011fumuz yeni sat\u0131\u015f modeli ister online ister fiziksel, tutarl\u0131 ve \u015feffaf bir sat\u0131n alma yolculu\u011fu sa\u011fl\u0131yor.Ayr\u0131ca, yeni modelimiz ile m\u00fc\u015fterilerimiz nereden ara\u00e7 sat\u0131n almay\u0131 se\u00e7erlerse se\u00e7sinler fiyatland\u0131rma \u015feffaf ve tek \u015fekilde sunuldu\u011fundan, farkl\u0131 lokasyonlardan fiyat kar\u015f\u0131la\u015ft\u0131rmas\u0131 s\u00fcreci ortadan kalk\u0131yor.&#8221; diyerek yeni sat\u0131\u015f modelini tan\u0131tan Mercedes-Benz Otomotiv \u0130cra Kurulu ve Otomobil Grubu Ba\u015fkan\u0131 \u015e\u00fckr\u00fc Bekdikhan s\u00f6zlerine \u015f\u00f6yle devam etti:<br>\u201cYeni Sat\u0131\u015f Modeli ile inovasyon, \u015feffafl\u0131k ve \u00e7ok daha h\u0131zl\u0131 bir ileti\u015fim imk\u00e2n\u0131 sunmas\u0131 sayesinde m\u00fc\u015fterilerimizle olan ba\u011f\u0131m\u0131z\u0131 daha da g\u00fc\u00e7lendirece\u011fiz. Bu heyecan verici d\u00f6n\u00fc\u015f\u00fcm\u00fc birlikte tasarlad\u0131\u011f\u0131m\u0131z acentelerimiz, benzersiz m\u00fc\u015fteri deneyimini ileri ta\u015f\u0131mak i\u00e7in uzun y\u0131llara dayanan uzmanl\u0131klar\u0131 ve deneyimleriyle fark yaratmaya devam edecekler.\u201d <\/p>\n\n\n\n<p>Yeni i\u015f modeliyle birlikte kilit rol oynamaya devam edecek olan Mercedes-Benz acenteleri, art\u0131k stok bulundurmak zorunda olmad\u0131klar\u0131ndan finansal ve piyasa dalgalanmalar\u0131na dair riskleri azalacak, \u00fclke genelindeki tek fiyat politikas\u0131yla m\u00fc\u015fteri talep ve ihtiya\u00e7lar\u0131na daha fazla odaklanma imk\u00e2n\u0131 bulacaklar. Acenteler, daha \u00f6nceden oldu\u011fu gibi \u00fcr\u00fcn dan\u0131\u015fmanl\u0131\u011f\u0131, test s\u00fcr\u00fc\u015f\u00fc, ara\u00e7 teslimi, ikinci el ara\u00e7 sat\u0131\u015f\u0131, sat\u0131\u015f sonras\u0131 hizmetler, aksesuar sat\u0131\u015f\u0131 ve teknik servis gibi konularda hizmetlerine devam edecek.<br>Mercedes-Benz Otomotiv Hafif Ticari Ara\u00e7lar \u0130cra Kurulu \u00dcyesi Tufan Akdeniz: \u201cHafif ticari ara\u00e7 sat\u0131\u015flar\u0131nda Yeni Sat\u0131\u015f Modeli\u2019ne otomobil ile ge\u00e7en ilk \u00fclkeyiz\u201d<br>\u201cMercedes-Benz\u2019in faaliyet g\u00f6sterdi\u011fi \u00fclkeler aras\u0131nda T\u00fcrkiye, hafif ticari ara\u00e7 sat\u0131\u015flar\u0131nda Yeni Sat\u0131\u015f Modeli\u2019ni otomobil ile uygulayan ilk \u00fclke oldu. Yeni modelimiz sayesinde m\u00fc\u015fteri deneyimini \u00fcst d\u00fczeye \u00e7\u0131karacak bir\u00e7ok yeni uygulamay\u0131 s\u00fcre\u00e7lerimize dahil ettik. Online konfig\u00fcrat\u00f6r ve test s\u00fcr\u00fc\u015f\u00fc rezervasyon uygulamas\u0131 m\u00fc\u015fterilerimizin direkt olarak kullanabilece\u011fi yeni uygulamalar oldu\u011fu gibi, bu deneyimi dolayl\u0131 olarak etkileyen geli\u015ftirmeleri de hayata ge\u00e7irmi\u015f durumday\u0131z.<br>Yeni Sat\u0131\u015f Modeli\u2019nin devreye al\u0131nmas\u0131 sonras\u0131nda da ara\u00e7lar\u0131n m\u00fc\u015fterimizin taleplerine g\u00f6re \u00e7ok daha spesifik olarak konfig\u00fcre edildi\u011fi filo sat\u0131\u015flar\u0131nda hem Mercedes-Benz olarak biz, hem de acentelerimiz her t\u00fcrl\u00fc deste\u011fi vermeyi s\u00fcrd\u00fcrece\u011fiz.\u201d<\/p>\n\n\n\n<figure class=\"wp-block-gallery columns-3 is-cropped\"><ul class=\"blocks-gallery-grid\"><li class=\"blocks-gallery-item\"><figure><img loading=\"lazy\" width=\"683\" height=\"1024\" src=\"http:\/\/blog.ulasimplatformu.com\/wp-content\/uploads\/2023\/05\/Mercedes_Benz_V_Serisi-683x1024.jpg\" alt=\"\" data-id=\"7517\" data-full-url=\"http:\/\/blog.ulasimplatformu.com\/wp-content\/uploads\/2023\/05\/Mercedes_Benz_V_Serisi-scaled.jpg\" data-link=\"http:\/\/blog.ulasimplatformu.com\/?attachment_id=7517\" class=\"wp-image-7517\" srcset=\"http:\/\/blog.ulasimplatformu.com\/wp-content\/uploads\/2023\/05\/Mercedes_Benz_V_Serisi-683x1024.jpg 683w, http:\/\/blog.ulasimplatformu.com\/wp-content\/uploads\/2023\/05\/Mercedes_Benz_V_Serisi-200x300.jpg 200w, http:\/\/blog.ulasimplatformu.com\/wp-content\/uploads\/2023\/05\/Mercedes_Benz_V_Serisi-768x1152.jpg 768w, http:\/\/blog.ulasimplatformu.com\/wp-content\/uploads\/2023\/05\/Mercedes_Benz_V_Serisi-1024x1536.jpg 1024w, http:\/\/blog.ulasimplatformu.com\/wp-content\/uploads\/2023\/05\/Mercedes_Benz_V_Serisi-1365x2048.jpg 1365w, http:\/\/blog.ulasimplatformu.com\/wp-content\/uploads\/2023\/05\/Mercedes_Benz_V_Serisi-150x225.jpg 150w, http:\/\/blog.ulasimplatformu.com\/wp-content\/uploads\/2023\/05\/Mercedes_Benz_V_Serisi-300x450.jpg 300w, http:\/\/blog.ulasimplatformu.com\/wp-content\/uploads\/2023\/05\/Mercedes_Benz_V_Serisi-696x1044.jpg 696w, http:\/\/blog.ulasimplatformu.com\/wp-content\/uploads\/2023\/05\/Mercedes_Benz_V_Serisi-1068x1602.jpg 1068w, http:\/\/blog.ulasimplatformu.com\/wp-content\/uploads\/2023\/05\/Mercedes_Benz_V_Serisi-scaled.jpg 1707w\" sizes=\"(max-width: 683px) 100vw, 683px\" \/><\/figure><\/li><li class=\"blocks-gallery-item\"><figure><img loading=\"lazy\" width=\"683\" height=\"1024\" src=\"http:\/\/blog.ulasimplatformu.com\/wp-content\/uploads\/2023\/05\/Mercedes_Benz_EQS-683x1024.jpg\" alt=\"\" data-id=\"7516\" data-full-url=\"http:\/\/blog.ulasimplatformu.com\/wp-content\/uploads\/2023\/05\/Mercedes_Benz_EQS-scaled.jpg\" data-link=\"http:\/\/blog.ulasimplatformu.com\/?attachment_id=7516\" class=\"wp-image-7516\" srcset=\"http:\/\/blog.ulasimplatformu.com\/wp-content\/uploads\/2023\/05\/Mercedes_Benz_EQS-683x1024.jpg 683w, http:\/\/blog.ulasimplatformu.com\/wp-content\/uploads\/2023\/05\/Mercedes_Benz_EQS-200x300.jpg 200w, http:\/\/blog.ulasimplatformu.com\/wp-content\/uploads\/2023\/05\/Mercedes_Benz_EQS-768x1152.jpg 768w, http:\/\/blog.ulasimplatformu.com\/wp-content\/uploads\/2023\/05\/Mercedes_Benz_EQS-1024x1536.jpg 1024w, http:\/\/blog.ulasimplatformu.com\/wp-content\/uploads\/2023\/05\/Mercedes_Benz_EQS-1365x2048.jpg 1365w, http:\/\/blog.ulasimplatformu.com\/wp-content\/uploads\/2023\/05\/Mercedes_Benz_EQS-150x225.jpg 150w, http:\/\/blog.ulasimplatformu.com\/wp-content\/uploads\/2023\/05\/Mercedes_Benz_EQS-300x450.jpg 300w, http:\/\/blog.ulasimplatformu.com\/wp-content\/uploads\/2023\/05\/Mercedes_Benz_EQS-696x1044.jpg 696w, http:\/\/blog.ulasimplatformu.com\/wp-content\/uploads\/2023\/05\/Mercedes_Benz_EQS-1068x1602.jpg 1068w, http:\/\/blog.ulasimplatformu.com\/wp-content\/uploads\/2023\/05\/Mercedes_Benz_EQS-scaled.jpg 1707w\" sizes=\"(max-width: 683px) 100vw, 683px\" \/><\/figure><\/li><li class=\"blocks-gallery-item\"><figure><img loading=\"lazy\" width=\"1024\" height=\"683\" src=\"http:\/\/blog.ulasimplatformu.com\/wp-content\/uploads\/2023\/05\/Mercedes_Benz_Ekip_Gorseli-1024x683.jpg\" alt=\"\" data-id=\"7515\" data-full-url=\"http:\/\/blog.ulasimplatformu.com\/wp-content\/uploads\/2023\/05\/Mercedes_Benz_Ekip_Gorseli.jpg\" data-link=\"http:\/\/blog.ulasimplatformu.com\/?attachment_id=7515\" class=\"wp-image-7515\" srcset=\"http:\/\/blog.ulasimplatformu.com\/wp-content\/uploads\/2023\/05\/Mercedes_Benz_Ekip_Gorseli-1024x683.jpg 1024w, http:\/\/blog.ulasimplatformu.com\/wp-content\/uploads\/2023\/05\/Mercedes_Benz_Ekip_Gorseli-300x200.jpg 300w, http:\/\/blog.ulasimplatformu.com\/wp-content\/uploads\/2023\/05\/Mercedes_Benz_Ekip_Gorseli-768x512.jpg 768w, http:\/\/blog.ulasimplatformu.com\/wp-content\/uploads\/2023\/05\/Mercedes_Benz_Ekip_Gorseli-1536x1024.jpg 1536w, http:\/\/blog.ulasimplatformu.com\/wp-content\/uploads\/2023\/05\/Mercedes_Benz_Ekip_Gorseli-150x100.jpg 150w, http:\/\/blog.ulasimplatformu.com\/wp-content\/uploads\/2023\/05\/Mercedes_Benz_Ekip_Gorseli-696x464.jpg 696w, http:\/\/blog.ulasimplatformu.com\/wp-content\/uploads\/2023\/05\/Mercedes_Benz_Ekip_Gorseli-1068x712.jpg 1068w, http:\/\/blog.ulasimplatformu.com\/wp-content\/uploads\/2023\/05\/Mercedes_Benz_Ekip_Gorseli.jpg 1800w\" sizes=\"(max-width: 1024px) 100vw, 1024px\" \/><\/figure><\/li><li class=\"blocks-gallery-item\"><figure><img loading=\"lazy\" width=\"683\" height=\"1024\" src=\"http:\/\/blog.ulasimplatformu.com\/wp-content\/uploads\/2023\/05\/Mercedes-Benz-Otomotiv-Icra-Kurulu-ve-Otomobil-Grubu-Baskani-Sukru-Bekdikhan-683x1024.jpg\" alt=\"\" data-id=\"7518\" data-full-url=\"http:\/\/blog.ulasimplatformu.com\/wp-content\/uploads\/2023\/05\/Mercedes-Benz-Otomotiv-Icra-Kurulu-ve-Otomobil-Grubu-Baskani-Sukru-Bekdikhan-scaled.jpg\" data-link=\"http:\/\/blog.ulasimplatformu.com\/?attachment_id=7518\" class=\"wp-image-7518\" srcset=\"http:\/\/blog.ulasimplatformu.com\/wp-content\/uploads\/2023\/05\/Mercedes-Benz-Otomotiv-Icra-Kurulu-ve-Otomobil-Grubu-Baskani-Sukru-Bekdikhan-683x1024.jpg 683w, http:\/\/blog.ulasimplatformu.com\/wp-content\/uploads\/2023\/05\/Mercedes-Benz-Otomotiv-Icra-Kurulu-ve-Otomobil-Grubu-Baskani-Sukru-Bekdikhan-200x300.jpg 200w, http:\/\/blog.ulasimplatformu.com\/wp-content\/uploads\/2023\/05\/Mercedes-Benz-Otomotiv-Icra-Kurulu-ve-Otomobil-Grubu-Baskani-Sukru-Bekdikhan-768x1152.jpg 768w, http:\/\/blog.ulasimplatformu.com\/wp-content\/uploads\/2023\/05\/Mercedes-Benz-Otomotiv-Icra-Kurulu-ve-Otomobil-Grubu-Baskani-Sukru-Bekdikhan-1024x1536.jpg 1024w, http:\/\/blog.ulasimplatformu.com\/wp-content\/uploads\/2023\/05\/Mercedes-Benz-Otomotiv-Icra-Kurulu-ve-Otomobil-Grubu-Baskani-Sukru-Bekdikhan-1365x2048.jpg 1365w, http:\/\/blog.ulasimplatformu.com\/wp-content\/uploads\/2023\/05\/Mercedes-Benz-Otomotiv-Icra-Kurulu-ve-Otomobil-Grubu-Baskani-Sukru-Bekdikhan-150x225.jpg 150w, http:\/\/blog.ulasimplatformu.com\/wp-content\/uploads\/2023\/05\/Mercedes-Benz-Otomotiv-Icra-Kurulu-ve-Otomobil-Grubu-Baskani-Sukru-Bekdikhan-300x450.jpg 300w, http:\/\/blog.ulasimplatformu.com\/wp-content\/uploads\/2023\/05\/Mercedes-Benz-Otomotiv-Icra-Kurulu-ve-Otomobil-Grubu-Baskani-Sukru-Bekdikhan-696x1044.jpg 696w, http:\/\/blog.ulasimplatformu.com\/wp-content\/uploads\/2023\/05\/Mercedes-Benz-Otomotiv-Icra-Kurulu-ve-Otomobil-Grubu-Baskani-Sukru-Bekdikhan-1068x1602.jpg 1068w, http:\/\/blog.ulasimplatformu.com\/wp-content\/uploads\/2023\/05\/Mercedes-Benz-Otomotiv-Icra-Kurulu-ve-Otomobil-Grubu-Baskani-Sukru-Bekdikhan-1920x2880.jpg 1920w, http:\/\/blog.ulasimplatformu.com\/wp-content\/uploads\/2023\/05\/Mercedes-Benz-Otomotiv-Icra-Kurulu-ve-Otomobil-Grubu-Baskani-Sukru-Bekdikhan-scaled.jpg 1707w\" sizes=\"(max-width: 683px) 100vw, 683px\" \/><\/figure><\/li><\/ul><\/figure>\n\n\n\n<p><\/p>\n","protected":false},"excerpt":{"rendered":"<p>Otomobil ve Hafif Ticari Ara\u00e7lar i\u00e7in ge\u00e7ilecek Yeni Sat\u0131\u015f Modeli\u2019nde ara\u00e7 stokdurumu \u015feffaf bi\u00e7imde takip edilebilecek ve sipari\u015f s\u00fcreci ister 15 May\u0131s\u2019ta devreyeal\u0131nacak Online Store\u2019da, ister acenteler \u00fczerinden ba\u015flat\u0131labilecek.\uf0b7 Mercedes-Benz bayileri acentelere d\u00f6n\u00fc\u015ferek, sat\u0131n alma ihtiya\u00e7lar\u0131n\u0131n analizindeve s\u00fcrecin her a\u015famas\u0131ndaki destekleriyle, m\u00fc\u015fteri deneyiminin gerek onlinegerekse de fiziksel alanlarda geli\u015ftirilmesinde anahtar rol oynayacak.\uf0b7 \u00dclke genelinde ara\u00e7 [&hellip;]<\/p>\n","protected":false},"author":1,"featured_media":7517,"comment_status":"open","ping_status":"open","sticky":false,"template":"","format":"standard","meta":{"tdm_status":"","tdm_grid_status":"","spay_email":""},"categories":[25,2,26],"tags":[],"jetpack_featured_media_url":"http:\/\/blog.ulasimplatformu.com\/wp-content\/uploads\/2023\/05\/Mercedes_Benz_V_Serisi-scaled.jpg","jetpack_sharing_enabled":true,"amp_enabled":true,"_links":{"self":[{"href":"http:\/\/blog.ulasimplatformu.com\/index.php\/wp-json\/wp\/v2\/posts\/7513"}],"collection":[{"href":"http:\/\/blog.ulasimplatformu.com\/index.php\/wp-json\/wp\/v2\/posts"}],"about":[{"href":"http:\/\/blog.ulasimplatformu.com\/index.php\/wp-json\/wp\/v2\/types\/post"}],"author":[{"embeddable":true,"href":"http:\/\/blog.ulasimplatformu.com\/index.php\/wp-json\/wp\/v2\/users\/1"}],"replies":[{"embeddable":true,"href":"http:\/\/blog.ulasimplatformu.com\/index.php\/wp-json\/wp\/v2\/comments?post=7513"}],"version-history":[{"count":1,"href":"http:\/\/blog.ulasimplatformu.com\/index.php\/wp-json\/wp\/v2\/posts\/7513\/revisions"}],"predecessor-version":[{"id":7520,"href":"http:\/\/blog.ulasimplatformu.com\/index.php\/wp-json\/wp\/v2\/posts\/7513\/revisions\/7520"}],"wp:featuredmedia":[{"embeddable":true,"href":"http:\/\/blog.ulasimplatformu.com\/index.php\/wp-json\/wp\/v2\/media\/7517"}],"wp:attachment":[{"href":"http:\/\/blog.ulasimplatformu.com\/index.php\/wp-json\/wp\/v2\/media?parent=7513"}],"wp:term":[{"taxonomy":"category","embeddable":true,"href":"http:\/\/blog.ulasimplatformu.com\/index.php\/wp-json\/wp\/v2\/categories?post=7513"},{"taxonomy":"post_tag","embeddable":true,"href":"http:\/\/blog.ulasimplatformu.com\/index.php\/wp-json\/wp\/v2\/tags?post=7513"}],"curies":[{"name":"wp","href":"https:\/\/api.w.org\/{rel}","templated":true}]}}