{"id":7521,"date":"2023-05-07T20:21:37","date_gmt":"2023-05-07T17:21:37","guid":{"rendered":"http:\/\/blog.ulasimplatformu.com\/?p=7521"},"modified":"2023-05-07T20:21:43","modified_gmt":"2023-05-07T17:21:43","slug":"mercedes-benz-turk-araclarina-cumhuriyetle-guclu100-imzasi","status":"publish","type":"post","link":"http:\/\/blog.ulasimplatformu.com\/index.php\/2023\/05\/07\/mercedes-benz-turk-araclarina-cumhuriyetle-guclu100-imzasi\/","title":{"rendered":"Mercedes-Benz T\u00fcrk ara\u00e7lar\u0131na \u201cCumhuriyetle G\u00dc\u00c7L\u00dc100\u201d imzas\u0131"},"content":{"rendered":"\n<p><strong>T\u00fcrkiye ekonomisine uzun y\u0131llard\u0131r \u00f6nemli katk\u0131lar sa\u011flayan ve T\u00fcrkiye a\u011f\u0131r ticari ara\u00e7 end\u00fcstrisinin \u00f6nc\u00fcs\u00fc olan Mercedes-Benz T\u00fcrk, Cumhuriyet\u2019in 100\u2019\u00fcnc\u00fc y\u0131l\u0131n\u0131 \u00fcretti\u011fi kamyon ve otob\u00fcslere uygulad\u0131\u011f\u0131 \u201cCumhuriyetle G\u00dc\u00c7L\u00dc100\u201d etiketleri ile kutlamaya ba\u015flad\u0131.<\/strong> \u00dcretimi, istihdam\u0131, ihracat\u0131, AR-GE \u00e7al\u0131\u015fmalar\u0131 ve y\u00fcr\u00fctt\u00fc\u011f\u00fc sosyal fayda programlar\u0131 ile T\u00fcrkiye ekonomisine uzun y\u0131llard\u0131r \u00f6nemli katk\u0131lar sa\u011flayan Mercedes-Benz T\u00fcrk, Cumhuriyet\u2019in 100\u2019\u00fcnc\u00fc y\u0131l\u0131n\u0131 \u00fcretti\u011fi kamyon ve otob\u00fcslere uygulad\u0131\u011f\u0131 \u00f6zel etiketler ile kutluyor. T\u00fcrkiye a\u011f\u0131r ticari ara\u00e7 end\u00fcstrisinin \u00f6nc\u00fcs\u00fc olan \u015firket, Aksaray Kamyon Fabrikas\u0131 ve Ho\u015fdere Otob\u00fcs Fabrikas\u0131\u2019nda \u00fcretti\u011fi ara\u00e7lar\u0131n\u0131 \u00f6zel tasarlanan \u201cCumhuriyetle G\u00dc\u00c7L\u00dc100\u201d etiketi ile \u00fcretim bantlar\u0131ndan indiriyor. Cumhuriyet\u2019in 100. Y\u0131l\u0131\u2019na \u00f6zel olarak tasarlanan etiketler ile ara\u00e7lar\u0131n\u0131 donatan \u015firket, binlerce kilometre yol kat eden ara\u00e7lar\u0131 ile Cumhuriyet\u2019in 100. ya\u015f\u0131n\u0131 t\u00fcm T\u00fcrkiye ile  birlikte kutlamay\u0131 hedefliyor.<br>1967 y\u0131l\u0131ndan bu yana T\u00fcrkiye\u2019de a\u011f\u0131r ticari ara\u00e7 end\u00fcstrisinin temel ta\u015flar\u0131ndan biri olan Mercedes-Benz T\u00fcrk, 2022 y\u0131l\u0131nda 100 bininci otob\u00fcs\u00fcn\u00fc bantlardan indirerek tarihi bir ba\u015far\u0131ya imza atm\u0131\u015ft\u0131. 11 Ekim 1986 tarihinde a\u00e7\u0131lan Mercedes-Benz T\u00fcrk Aksaray Kamyon Fabrikas\u0131 ise, s\u00f6z konusu d\u00f6nemde 320 bininci kamyonunu \u00fcreterek \u00f6nemli bir d\u00f6n\u00fcm noktas\u0131na ula\u015fm\u0131\u015ft\u0131. \u015eirket, Cumhuriyetin 100\u2019\u00fcnc\u00fc y\u0131l\u0131n\u0131 sene boyunca \u00e7e\u015fitli faaliyetlerle \u00e7al\u0131\u015fanlar\u0131yla birlikte kutlamay\u0131 hedefliyor.<\/p>\n\n\n\n<figure class=\"wp-block-gallery columns-3 is-cropped\"><ul class=\"blocks-gallery-grid\"><li class=\"blocks-gallery-item\"><figure><img loading=\"lazy\" width=\"731\" height=\"1005\" src=\"http:\/\/blog.ulasimplatformu.com\/wp-content\/uploads\/2023\/05\/Mercedes-Benz-Turk-araclarina-Cumhuriyetle-GUCLU100-imzasi_01.jpg\" alt=\"\" data-id=\"7525\" data-full-url=\"http:\/\/blog.ulasimplatformu.com\/wp-content\/uploads\/2023\/05\/Mercedes-Benz-Turk-araclarina-Cumhuriyetle-GUCLU100-imzasi_01.jpg\" data-link=\"http:\/\/blog.ulasimplatformu.com\/?attachment_id=7525\" class=\"wp-image-7525\" srcset=\"http:\/\/blog.ulasimplatformu.com\/wp-content\/uploads\/2023\/05\/Mercedes-Benz-Turk-araclarina-Cumhuriyetle-GUCLU100-imzasi_01.jpg 731w, http:\/\/blog.ulasimplatformu.com\/wp-content\/uploads\/2023\/05\/Mercedes-Benz-Turk-araclarina-Cumhuriyetle-GUCLU100-imzasi_01-218x300.jpg 218w, http:\/\/blog.ulasimplatformu.com\/wp-content\/uploads\/2023\/05\/Mercedes-Benz-Turk-araclarina-Cumhuriyetle-GUCLU100-imzasi_01-150x206.jpg 150w, http:\/\/blog.ulasimplatformu.com\/wp-content\/uploads\/2023\/05\/Mercedes-Benz-Turk-araclarina-Cumhuriyetle-GUCLU100-imzasi_01-300x412.jpg 300w, http:\/\/blog.ulasimplatformu.com\/wp-content\/uploads\/2023\/05\/Mercedes-Benz-Turk-araclarina-Cumhuriyetle-GUCLU100-imzasi_01-696x957.jpg 696w\" sizes=\"(max-width: 731px) 100vw, 731px\" \/><\/figure><\/li><li class=\"blocks-gallery-item\"><figure><img loading=\"lazy\" width=\"768\" height=\"1024\" src=\"http:\/\/blog.ulasimplatformu.com\/wp-content\/uploads\/2023\/05\/Mercedes-Benz-Turk-araclarina-Cumhuriyetle-GUCLU100-imzasi_02.jpg\" alt=\"\" data-id=\"7526\" data-full-url=\"http:\/\/blog.ulasimplatformu.com\/wp-content\/uploads\/2023\/05\/Mercedes-Benz-Turk-araclarina-Cumhuriyetle-GUCLU100-imzasi_02.jpg\" data-link=\"http:\/\/blog.ulasimplatformu.com\/?attachment_id=7526\" class=\"wp-image-7526\" srcset=\"http:\/\/blog.ulasimplatformu.com\/wp-content\/uploads\/2023\/05\/Mercedes-Benz-Turk-araclarina-Cumhuriyetle-GUCLU100-imzasi_02.jpg 768w, http:\/\/blog.ulasimplatformu.com\/wp-content\/uploads\/2023\/05\/Mercedes-Benz-Turk-araclarina-Cumhuriyetle-GUCLU100-imzasi_02-225x300.jpg 225w, http:\/\/blog.ulasimplatformu.com\/wp-content\/uploads\/2023\/05\/Mercedes-Benz-Turk-araclarina-Cumhuriyetle-GUCLU100-imzasi_02-150x200.jpg 150w, http:\/\/blog.ulasimplatformu.com\/wp-content\/uploads\/2023\/05\/Mercedes-Benz-Turk-araclarina-Cumhuriyetle-GUCLU100-imzasi_02-300x400.jpg 300w, http:\/\/blog.ulasimplatformu.com\/wp-content\/uploads\/2023\/05\/Mercedes-Benz-Turk-araclarina-Cumhuriyetle-GUCLU100-imzasi_02-696x928.jpg 696w\" sizes=\"(max-width: 768px) 100vw, 768px\" \/><\/figure><\/li><li class=\"blocks-gallery-item\"><figure><img loading=\"lazy\" width=\"1024\" height=\"749\" src=\"http:\/\/blog.ulasimplatformu.com\/wp-content\/uploads\/2023\/05\/Mercedes-Benz-Turk-araclarina-Cumhuriyetle-GUCLU100-imzasi_05-1024x749.jpg\" alt=\"\" data-id=\"7522\" data-full-url=\"http:\/\/blog.ulasimplatformu.com\/wp-content\/uploads\/2023\/05\/Mercedes-Benz-Turk-araclarina-Cumhuriyetle-GUCLU100-imzasi_05.jpg\" data-link=\"http:\/\/blog.ulasimplatformu.com\/?attachment_id=7522\" class=\"wp-image-7522\" srcset=\"http:\/\/blog.ulasimplatformu.com\/wp-content\/uploads\/2023\/05\/Mercedes-Benz-Turk-araclarina-Cumhuriyetle-GUCLU100-imzasi_05-1024x749.jpg 1024w, http:\/\/blog.ulasimplatformu.com\/wp-content\/uploads\/2023\/05\/Mercedes-Benz-Turk-araclarina-Cumhuriyetle-GUCLU100-imzasi_05-300x219.jpg 300w, http:\/\/blog.ulasimplatformu.com\/wp-content\/uploads\/2023\/05\/Mercedes-Benz-Turk-araclarina-Cumhuriyetle-GUCLU100-imzasi_05-768x562.jpg 768w, http:\/\/blog.ulasimplatformu.com\/wp-content\/uploads\/2023\/05\/Mercedes-Benz-Turk-araclarina-Cumhuriyetle-GUCLU100-imzasi_05-150x110.jpg 150w, http:\/\/blog.ulasimplatformu.com\/wp-content\/uploads\/2023\/05\/Mercedes-Benz-Turk-araclarina-Cumhuriyetle-GUCLU100-imzasi_05-696x509.jpg 696w, http:\/\/blog.ulasimplatformu.com\/wp-content\/uploads\/2023\/05\/Mercedes-Benz-Turk-araclarina-Cumhuriyetle-GUCLU100-imzasi_05-1068x781.jpg 1068w, http:\/\/blog.ulasimplatformu.com\/wp-content\/uploads\/2023\/05\/Mercedes-Benz-Turk-araclarina-Cumhuriyetle-GUCLU100-imzasi_05.jpg 1500w\" sizes=\"(max-width: 1024px) 100vw, 1024px\" \/><\/figure><\/li><li class=\"blocks-gallery-item\"><figure><img loading=\"lazy\" width=\"843\" height=\"1024\" src=\"http:\/\/blog.ulasimplatformu.com\/wp-content\/uploads\/2023\/05\/Mercedes-Benz-Turk-araclarina-Cumhuriyetle-GUCLU100-imzasi_04-843x1024.jpg\" alt=\"\" data-id=\"7523\" data-full-url=\"http:\/\/blog.ulasimplatformu.com\/wp-content\/uploads\/2023\/05\/Mercedes-Benz-Turk-araclarina-Cumhuriyetle-GUCLU100-imzasi_04.jpg\" data-link=\"http:\/\/blog.ulasimplatformu.com\/?attachment_id=7523\" class=\"wp-image-7523\" srcset=\"http:\/\/blog.ulasimplatformu.com\/wp-content\/uploads\/2023\/05\/Mercedes-Benz-Turk-araclarina-Cumhuriyetle-GUCLU100-imzasi_04-843x1024.jpg 843w, http:\/\/blog.ulasimplatformu.com\/wp-content\/uploads\/2023\/05\/Mercedes-Benz-Turk-araclarina-Cumhuriyetle-GUCLU100-imzasi_04-247x300.jpg 247w, http:\/\/blog.ulasimplatformu.com\/wp-content\/uploads\/2023\/05\/Mercedes-Benz-Turk-araclarina-Cumhuriyetle-GUCLU100-imzasi_04-768x933.jpg 768w, http:\/\/blog.ulasimplatformu.com\/wp-content\/uploads\/2023\/05\/Mercedes-Benz-Turk-araclarina-Cumhuriyetle-GUCLU100-imzasi_04-1265x1536.jpg 1265w, http:\/\/blog.ulasimplatformu.com\/wp-content\/uploads\/2023\/05\/Mercedes-Benz-Turk-araclarina-Cumhuriyetle-GUCLU100-imzasi_04-150x182.jpg 150w, http:\/\/blog.ulasimplatformu.com\/wp-content\/uploads\/2023\/05\/Mercedes-Benz-Turk-araclarina-Cumhuriyetle-GUCLU100-imzasi_04-300x364.jpg 300w, http:\/\/blog.ulasimplatformu.com\/wp-content\/uploads\/2023\/05\/Mercedes-Benz-Turk-araclarina-Cumhuriyetle-GUCLU100-imzasi_04-696x845.jpg 696w, http:\/\/blog.ulasimplatformu.com\/wp-content\/uploads\/2023\/05\/Mercedes-Benz-Turk-araclarina-Cumhuriyetle-GUCLU100-imzasi_04-1068x1297.jpg 1068w, http:\/\/blog.ulasimplatformu.com\/wp-content\/uploads\/2023\/05\/Mercedes-Benz-Turk-araclarina-Cumhuriyetle-GUCLU100-imzasi_04.jpg 1600w\" sizes=\"(max-width: 843px) 100vw, 843px\" \/><\/figure><\/li><li class=\"blocks-gallery-item\"><figure><img loading=\"lazy\" width=\"1024\" height=\"1024\" src=\"http:\/\/blog.ulasimplatformu.com\/wp-content\/uploads\/2023\/05\/Mercedes-Benz-Turk-araclarina-Cumhuriyetle-GUCLU100-imzasi_03-1024x1024.jpg\" alt=\"\" data-id=\"7524\" data-full-url=\"http:\/\/blog.ulasimplatformu.com\/wp-content\/uploads\/2023\/05\/Mercedes-Benz-Turk-araclarina-Cumhuriyetle-GUCLU100-imzasi_03.jpg\" data-link=\"http:\/\/blog.ulasimplatformu.com\/?attachment_id=7524\" class=\"wp-image-7524\" srcset=\"http:\/\/blog.ulasimplatformu.com\/wp-content\/uploads\/2023\/05\/Mercedes-Benz-Turk-araclarina-Cumhuriyetle-GUCLU100-imzasi_03-1024x1024.jpg 1024w, http:\/\/blog.ulasimplatformu.com\/wp-content\/uploads\/2023\/05\/Mercedes-Benz-Turk-araclarina-Cumhuriyetle-GUCLU100-imzasi_03-300x300.jpg 300w, http:\/\/blog.ulasimplatformu.com\/wp-content\/uploads\/2023\/05\/Mercedes-Benz-Turk-araclarina-Cumhuriyetle-GUCLU100-imzasi_03-150x150.jpg 150w, http:\/\/blog.ulasimplatformu.com\/wp-content\/uploads\/2023\/05\/Mercedes-Benz-Turk-araclarina-Cumhuriyetle-GUCLU100-imzasi_03-768x768.jpg 768w, http:\/\/blog.ulasimplatformu.com\/wp-content\/uploads\/2023\/05\/Mercedes-Benz-Turk-araclarina-Cumhuriyetle-GUCLU100-imzasi_03-696x696.jpg 696w, http:\/\/blog.ulasimplatformu.com\/wp-content\/uploads\/2023\/05\/Mercedes-Benz-Turk-araclarina-Cumhuriyetle-GUCLU100-imzasi_03-1068x1068.jpg 1068w, http:\/\/blog.ulasimplatformu.com\/wp-content\/uploads\/2023\/05\/Mercedes-Benz-Turk-araclarina-Cumhuriyetle-GUCLU100-imzasi_03.jpg 1500w\" sizes=\"(max-width: 1024px) 100vw, 1024px\" \/><\/figure><\/li><\/ul><\/figure>\n","protected":false},"excerpt":{"rendered":"<p>T\u00fcrkiye ekonomisine uzun y\u0131llard\u0131r \u00f6nemli katk\u0131lar sa\u011flayan ve T\u00fcrkiye a\u011f\u0131r ticari ara\u00e7 end\u00fcstrisinin \u00f6nc\u00fcs\u00fc olan Mercedes-Benz T\u00fcrk, Cumhuriyet\u2019in 100\u2019\u00fcnc\u00fc y\u0131l\u0131n\u0131 \u00fcretti\u011fi kamyon ve otob\u00fcslere uygulad\u0131\u011f\u0131 \u201cCumhuriyetle G\u00dc\u00c7L\u00dc100\u201d etiketleri ile kutlamaya ba\u015flad\u0131. \u00dcretimi, istihdam\u0131, ihracat\u0131, AR-GE \u00e7al\u0131\u015fmalar\u0131 ve y\u00fcr\u00fctt\u00fc\u011f\u00fc sosyal fayda programlar\u0131 ile T\u00fcrkiye ekonomisine uzun y\u0131llard\u0131r \u00f6nemli katk\u0131lar sa\u011flayan Mercedes-Benz T\u00fcrk, Cumhuriyet\u2019in 100\u2019\u00fcnc\u00fc y\u0131l\u0131n\u0131 \u00fcretti\u011fi [&hellip;]<\/p>\n","protected":false},"author":1,"featured_media":7522,"comment_status":"open","ping_status":"open","sticky":false,"template":"","format":"standard","meta":{"tdm_status":"","tdm_grid_status":"","spay_email":""},"categories":[28,2,26,27,24],"tags":[],"jetpack_featured_media_url":"http:\/\/blog.ulasimplatformu.com\/wp-content\/uploads\/2023\/05\/Mercedes-Benz-Turk-araclarina-Cumhuriyetle-GUCLU100-imzasi_05.jpg","jetpack_sharing_enabled":true,"amp_enabled":true,"_links":{"self":[{"href":"http:\/\/blog.ulasimplatformu.com\/index.php\/wp-json\/wp\/v2\/posts\/7521"}],"collection":[{"href":"http:\/\/blog.ulasimplatformu.com\/index.php\/wp-json\/wp\/v2\/posts"}],"about":[{"href":"http:\/\/blog.ulasimplatformu.com\/index.php\/wp-json\/wp\/v2\/types\/post"}],"author":[{"embeddable":true,"href":"http:\/\/blog.ulasimplatformu.com\/index.php\/wp-json\/wp\/v2\/users\/1"}],"replies":[{"embeddable":true,"href":"http:\/\/blog.ulasimplatformu.com\/index.php\/wp-json\/wp\/v2\/comments?post=7521"}],"version-history":[{"count":1,"href":"http:\/\/blog.ulasimplatformu.com\/index.php\/wp-json\/wp\/v2\/posts\/7521\/revisions"}],"predecessor-version":[{"id":7527,"href":"http:\/\/blog.ulasimplatformu.com\/index.php\/wp-json\/wp\/v2\/posts\/7521\/revisions\/7527"}],"wp:featuredmedia":[{"embeddable":true,"href":"http:\/\/blog.ulasimplatformu.com\/index.php\/wp-json\/wp\/v2\/media\/7522"}],"wp:attachment":[{"href":"http:\/\/blog.ulasimplatformu.com\/index.php\/wp-json\/wp\/v2\/media?parent=7521"}],"wp:term":[{"taxonomy":"category","embeddable":true,"href":"http:\/\/blog.ulasimplatformu.com\/index.php\/wp-json\/wp\/v2\/categories?post=7521"},{"taxonomy":"post_tag","embeddable":true,"href":"http:\/\/blog.ulasimplatformu.com\/index.php\/wp-json\/wp\/v2\/tags?post=7521"}],"curies":[{"name":"wp","href":"https:\/\/api.w.org\/{rel}","templated":true}]}}