{"id":7528,"date":"2023-05-07T20:42:36","date_gmt":"2023-05-07T17:42:36","guid":{"rendered":"http:\/\/blog.ulasimplatformu.com\/?p=7528"},"modified":"2023-05-07T20:42:42","modified_gmt":"2023-05-07T17:42:42","slug":"seyahat-otobusu-sektorunun-yildizlari-yeni-donanimlari-ile-sahnede-yer-aldi","status":"publish","type":"post","link":"http:\/\/blog.ulasimplatformu.com\/index.php\/2023\/05\/07\/seyahat-otobusu-sektorunun-yildizlari-yeni-donanimlari-ile-sahnede-yer-aldi\/","title":{"rendered":"Seyahat otob\u00fcs\u00fc sekt\u00f6r\u00fcn\u00fcn y\u0131ld\u0131zlar\u0131 yeni donan\u0131mlar\u0131 ile sahnede yer ald\u0131"},"content":{"rendered":"\n<p><strong>Mercedes-Benz T\u00fcrk, Travego ve Tourismo\u2019daki 2023 model y\u0131l\u0131 donan\u0131m de\u011fi\u015fikliklerini tan\u0131tt\u0131<\/strong><\/p>\n\n\n\n<ul><li><strong>Yolculardan, s\u00fcr\u00fcc\u00fclerden ve m\u00fc\u015fterilerinden gelen geri bildirimler \u0131\u015f\u0131\u011f\u0131nda ara\u00e7lar\u0131nda daima iyile\u015ftirme prensibi ile hareket eden Mercedes-Benz T\u00fcrk, 2023 model ara\u00e7lar\u0131nda yapt\u0131\u011f\u0131 yenilikler ile g\u00f6z doldurdu.<\/strong><\/li><li><strong>Seyahat otob\u00fcs\u00fc sekt\u00f6r\u00fcn\u00fcn y\u0131ld\u0131zlar\u0131 Travego ve Tourismo model ara\u00e7lar\u0131n\u0131 yeni \u00f6zelliklerle donatan \u015firket, sekt\u00f6rde standartlar\u0131 y\u00fckseltmeye devam ediyor.<\/strong><\/li><li><strong>Ho\u015fdere Otob\u00fcs Fabrikas\u0131\u2019nda \u00fcretilen Travego ve Tourismo\u2019larda sunulan 2023 model y\u0131l\u0131 donan\u0131m de\u011fi\u015fiklikleri, 5 May\u0131s tarihinde ger\u00e7ekle\u015ftirilen bas\u0131n toplant\u0131s\u0131 ile kamuoyuna tan\u0131t\u0131ld\u0131.<\/strong><\/li><\/ul>\n\n\n\n<p>Yolculardan, s\u00fcr\u00fcc\u00fclerden ve m\u00fc\u015fterilerinden gelen geri bildirimler \u0131\u015f\u0131\u011f\u0131nda ara\u00e7lar\u0131nda daima iyile\u015ftirme prensibi ile hareket eden Mercedes-Benz T\u00fcrk, 2023 model Travego ve Tourismo seyahat otob\u00fcslerinde ger\u00e7ekle\u015ftirdi\u011fi yenilikleri 5 May\u0131s tarihinde Mercedes-Benz T\u00fcrk Genel Merkezi Otob\u00fcs Teslimat Hol\u00fc\u2019nde ger\u00e7ekle\u015ftirilen bas\u0131n toplant\u0131s\u0131 ile tan\u0131tt\u0131.<\/p>\n\n\n\n<p>Bas\u0131n toplant\u0131s\u0131nda konu\u015fma ger\u00e7ekle\u015ftiren Mercedes-Benz T\u00fcrk Otob\u00fcs Sat\u0131\u015f ve Pazarlama Direkt\u00f6rl\u00fc\u011f\u00fc \u00dcr\u00fcn Y\u00f6netimi Grup M\u00fcd\u00fcr\u00fc Cem Demirel, \u201cOtob\u00fcslerimizde yapt\u0131\u011f\u0131m\u0131z geli\u015ftirmeler ve yeniliklerle uzun y\u0131llard\u0131r sekt\u00f6re y\u00f6n veriyor ve standartlar\u0131 belirliyoruz. Gurur kayna\u011f\u0131m\u0131z olan bu tablo; ayn\u0131 zamanda bize \u00f6nemli sorumluluklar da y\u00fckl\u00fcyor. Sekt\u00f6rdeki payda\u015flar\u0131m\u0131z\u0131 dinliyor; onlar\u0131n beklentilerini en \u00fcst seviyede kar\u015f\u0131lamak i\u00e7in h\u0131zla aksiyon al\u0131yoruz. Teknolojide ya\u015fanan geli\u015fmeler ve yapt\u0131\u011f\u0131m\u0131z yo\u011fun AR-GE \u00e7al\u0131\u015fmalar\u0131m\u0131z do\u011frultusunda ara\u00e7lar\u0131m\u0131z\u0131 s\u00fcrekli geli\u015ftiriyoruz. Bu \u00e7al\u0131\u015fmalar\u0131m\u0131z\u0131n \u00fcr\u00fcn\u00fc olan geli\u015ftirmeleri, 2023 model Travego ve Tourismo seyahat otob\u00fcslerimizde m\u00fc\u015fterilerimize sunmaya ba\u015flad\u0131k. Ara\u00e7lar\u0131m\u0131zdaki yenilikleri heyecanla bekleyen t\u00fcm sekt\u00f6r payda\u015flar\u0131m\u0131z\u0131n beklentilerinin yine en \u00fcst d\u00fczeyde kar\u015f\u0131l\u0131k bulaca\u011f\u0131na inan\u0131yorum. Ho\u015fdere Otob\u00fcs Fabrikam\u0131z\u0131n \u00fcretim bantlar\u0131ndan inen ara\u00e7lar\u0131m\u0131z\u0131 daha g\u00fcvenli, daha konforlu ve daha ekonomik hale getirmek i\u00e7in durmaks\u0131z\u0131n \u00e7al\u0131\u015fmaya devam edece\u011fiz\u201d diye konu\u015ftu.<\/p>\n\n\n\n<p><strong>2023 model y\u0131l\u0131 donan\u0131m de\u011fi\u015fiklikleri<\/strong><\/p>\n\n\n\n<p>Mercedes-Benz T\u00fcrk\u2019\u00fcn Travego ve Tourismo seyahat otob\u00fcslerinde sundu\u011fu 2023 model y\u0131l\u0131 de\u011fi\u015fikliklerinden \u00f6ne \u00e7\u0131kanlar \u015fu \u015fekilde:<\/p>\n\n\n\n<p><strong>S\u00fcr\u00fcc\u00fc dinlenme alan\u0131n\u0131n geni\u015fletilmesi:<\/strong>&nbsp;S\u00fcr\u00fcc\u00fc konforunu art\u0131rmak i\u00e7in, t\u00fcm Travego ve Tourismo modellerinde s\u00fcr\u00fcc\u00fc dinlenme alan\u0131nda yap\u0131lan yap\u0131sal de\u011fi\u015fiklikler ile s\u00fcr\u00fcc\u00fc dinlenme alan\u0131n\u0131n hacmi art\u0131r\u0131ld\u0131.<\/p>\n\n\n\n<p><strong>Mutfak tipinin ve yerinin de\u011fi\u015fmesi:<\/strong>&nbsp;T\u00fcm Tourismo modellerinde mevcut mutfak yerine, yeni tip (su \u0131s\u0131t\u0131c\u0131l\u0131 ve su \u0131s\u0131t\u0131c\u0131s\u0131z) mutfaklar sunuldu. Ayn\u0131 zamanda mutfaklar\u0131n orta giri\u015fin sa\u011f k\u0131sm\u0131na al\u0131nmas\u0131 ile yer de\u011fi\u015fikli\u011fi de ger\u00e7ekle\u015ftirildi. B\u00f6ylece, orta kap\u0131dan araca ve ara\u00e7 i\u00e7erisinden s\u00fcr\u00fcc\u00fc dinlenme alan\u0131na giri\u015f-\u00e7\u0131k\u0131\u015flar daha konforlu hale getirilirken yolcular i\u00e7in daha geni\u015f koltuk aral\u0131klar\u0131 elde edildi.<\/p>\n\n\n\n<p><strong>Tourismo Black Edition:<\/strong>&nbsp;Daha \u00f6nce Travego modellerinde sunulan Black Edition kapsam\u0131 (\u00f6n y\u00fczde siyah tasar\u0131m par\u00e7alar\u0131), sekt\u00f6rden al\u0131nan olumlu geri bildirimler do\u011frultusunda Tourismo modellerinde de standart donan\u0131m haline geldi.<\/p>\n\n\n\n<p><strong>Al\u00fcminyum ala\u015f\u0131ml\u0131 jantlar:<\/strong>&nbsp;Tourismo 15 modelinde opsiyonel olarak sunulan al\u00fcminyum ala\u015f\u0131ml\u0131 jantlar standart donan\u0131m haline geldi. Al\u00fcminyum ala\u015f\u0131ml\u0131 jantlar\u0131n \u015f\u0131k d\u0131\u015f g\u00f6r\u00fcn\u00fcm\u00fc ve yakla\u015f\u0131k y\u00fczde 40 a\u011f\u0131rl\u0131k d\u00fc\u015f\u00fc\u015f\u00fc avantaj\u0131 t\u00fcm seyahat otob\u00fcsleri i\u00e7in ge\u00e7erli oldu.<\/p>\n\n\n\n<p><strong>S\u00fcr\u00fcc\u00fc dinlenme alan\u0131nda klima:<\/strong>&nbsp;Tourismo 15 modelinde opsiyonel olarak sunulan s\u00fcr\u00fcc\u00fc dinlenme alan\u0131ndaki klima \u00f6zelli\u011fi, standart donan\u0131m olarak sunulmaya ba\u015fland\u0131.<\/p>\n\n\n\n<p><strong>AGM ak\u00fcler ve di\u011fer elektriksel de\u011fi\u015fiklikler:<\/strong>&nbsp;T\u00fcm Travego ve Tourismo seyahat otob\u00fcslerinde, mevcut sulu tip ak\u00fcler yerine bak\u0131m gerektirmeyen, \u00e7evreci ve daha g\u00fcvenli olan yeni nesil AGM ak\u00fcleri standart donan\u0131m haline geldi. Ara\u00e7taki enerji t\u00fcketimi ile \u00fcretimi aras\u0131ndaki dengenin daha verimli olmas\u0131 i\u00e7in, Travego modellerinde standart donan\u0131m olan IBS enerji y\u00f6netimi sistemi t\u00fcm Tourismo modellerinde standart donan\u0131m oldu. Ayr\u0131ca, ara\u00e7lar \u00e7al\u0131\u015fmazken ilave donan\u0131mlar\u0131n kullan\u0131lmas\u0131n\u0131n engellenmesi i\u00e7in gerekli elektriksel de\u011fi\u015fiklikler hayata ge\u00e7irildi. T\u00fcm bu ad\u0131mlar ile daha uzun \u00f6m\u00fcrl\u00fc ak\u00fcler ve k\u0131\u015f aylar\u0131nda daha konforlu ara\u00e7 kullan\u0131m\u0131 sunulmas\u0131 hedefleniyor.<\/p>\n\n\n\n<p><strong>360\u00b0 kamera:<\/strong>&nbsp;Travego modellerinde standart, Tourismo modellerinde ise opsiyonel olarak sunulan 360\u00b0 kamera sistemi ile manevra yaparken veya d\u00fc\u015f\u00fck h\u0131zlarda s\u00fcr\u00fc\u015f s\u0131ras\u0131nda, \u00e7ok y\u00f6nl\u00fc g\u00f6r\u00fc\u015f ve azami g\u00fcvenlik sa\u011flanmas\u0131 hedefleniyor. Arac\u0131n \u00f6n, arka ve yan b\u00f6lgelerinde bulunan d\u00f6rt adet d\u0131\u015f kameradan gelen g\u00f6r\u00fcnt\u00fcler kullan\u0131larak, s\u00fcr\u00fcc\u00fcn\u00fcn normalde g\u00f6remeyece\u011fi alanlarda yoldan ge\u00e7enleri ve engelleri g\u00f6rmesi sa\u011flan\u0131yor. S\u00fcr\u00fcc\u00fc, arac\u0131n 360\u00b0 \u00fcst g\u00f6r\u00fcnt\u00fcs\u00fcne ve d\u00f6rt adet d\u0131\u015f kameradan herhangi birinin g\u00f6r\u00fcnt\u00fcs\u00fcne kokpitte bulunan 10&#8243; ekran \u00fczerinden ula\u015fabiliyor.<\/p>\n\n\n\n<p><strong>Mercedes-Benz Luxline yolcu koltuklar\u0131:<\/strong>&nbsp;2+2 koltuk d\u00fczenindeki Travego 15 ara\u00e7larda uzun y\u0131llard\u0131r sunulan \u00fcst s\u0131n\u0131f Luxline yolcu koltuklar\u0131, Tourismo 15 ve Tourismo 16 2+2 modellerinde de standart hale geldi. Ayarlanabilen ba\u015f dayama sistemi ile hem daha konforlu hem de daha \u015f\u0131k yolcu koltuklar\u0131 2+2 koltuk d\u00fczenindeki t\u00fcm seyahat otob\u00fcslerinde standart olarak sunulmaya ba\u015fland\u0131.<\/p>\n\n\n\n<p><strong>USB \u00fcnitelerinde de\u011fi\u015fim:<\/strong>&nbsp;T\u00fcm Travego ve Tourismo seyahat otob\u00fcslerinde yolcular i\u00e7in bulunan USB \u00fcniteleri, sekt\u00f6rden al\u0131nan geri bildirimler \u00e7er\u00e7evesinde A+A yerine A+C olarak de\u011fi\u015ftirildi. \u00c7ift \u00e7\u0131k\u0131\u015ftan birinin C tipine d\u00f6n\u00fc\u015fmesiyle birlikte, yeni nesil elektronik cihazlar i\u00e7in de \u015farj imk\u00e2n\u0131 sunuldu.<\/p>\n\n\n\n<p><strong>Giri\u015f b\u00f6lgelerinde de\u011fi\u015fiklik:<\/strong>&nbsp;T\u00fcm Travego ve Tourismo seyahat otob\u00fcslerinde, \u00f6n ve orta giri\u015f b\u00f6lgelerindeki yan y\u00fczeylerin, koridor ve podest kaplamalar\u0131 ile uyumlu olmas\u0131 ve daha \u015f\u0131k g\u00f6r\u00fcn\u00fcm i\u00e7in, kuma\u015f yerine PVC yan y\u00fczey kaplamalar\u0131 kullan\u0131ld\u0131. B\u00f6ylece temizlik konusunda da kolayl\u0131k sa\u011fland\u0131.<\/p>\n\n\n\n<p><strong>2022 y\u0131l\u0131nda da Travego ve Tourismo seyahat otob\u00fcslerinde bir\u00e7ok yenilik sunuldu<\/strong><\/p>\n\n\n\n<p>2022 y\u0131l\u0131nda da Travego ve Tourismo seyahat otob\u00fcslerini bir\u00e7ok yenilikle donatan Mercedes-Benz T\u00fcrk\u2019\u00fcn s\u00f6z konusu d\u00f6nemde sundu\u011fu yeniliklerden baz\u0131lar\u0131 \u015fu \u015fekilde:<\/p>\n\n\n\n<p><strong>Manuel katlanabilir d\u0131\u015f aynalar:<\/strong>&nbsp;Seyahat otob\u00fcslerinin dar alanlardaki manevra etkinli\u011fini art\u0131rmak i\u00e7in, manuel katlanabilir d\u0131\u015f aynalar t\u00fcm Tourismo modellerinde standart donan\u0131m oldu.<\/p>\n\n\n\n<p><strong>Giri\u015f ayd\u0131nlatmal\u0131 sa\u011f d\u0131\u015f ayna:<\/strong>&nbsp;Yolcular\u0131n \u00f6n kap\u0131dan araca bini\u015f ve ini\u015f konforunu art\u0131rmak i\u00e7in, giri\u015f ayd\u0131nlatmal\u0131 sa\u011f d\u0131\u015f ayna t\u00fcm Travego ve Tourismo modellerinde standart donan\u0131ma eklendi.<\/p>\n\n\n\n<p><strong>Bini\u015f yard\u0131m (yana yatma) sistemi:<\/strong>&nbsp;Yolcular\u0131n araca bini\u015f ve ini\u015f konforunu art\u0131rmak i\u00e7in, bini\u015f yard\u0131m (yana yatma) sistemi t\u00fcm Travego ve Tourismo modellerinde standart donan\u0131m haline geldi. Bu sistem ile arac\u0131n sa\u011f k\u0131sm\u0131 bini\u015f ve ini\u015f s\u0131ras\u0131nda otomatik olarak yakla\u015f\u0131k 5 cm yana yatabiliyor.<\/p>\n\n\n\n<p><strong>\u00d6n cam alt\u0131nda koruyucu folyo:<\/strong>&nbsp;\u00d6zellikle \u015fehirler aras\u0131 yollarda meydana gelen ta\u015f \u00e7arpmas\u0131 ile olu\u015fan \u00f6n cam \u00e7atlamalar\u0131 ve k\u0131r\u0131lmalar\u0131n\u0131 azaltarak daha g\u00fcvenli s\u00fcr\u00fc\u015f sa\u011flamak i\u00e7in, \u00f6n cam alt\u0131nda en yo\u011fun ta\u015f \u00e7arpmalar\u0131n\u0131n oldu\u011fu silecek alt\u0131 b\u00f6lgeye koruyucu folyo uygulamas\u0131 t\u00fcm Travego ve Tourismo modellerinde standart donan\u0131m oldu.<\/p>\n\n\n\n<p>Seyahat otob\u00fcsleri i\u00e7inde y\u0131llard\u0131r zirvede olan Travego\u2019larda, 2022 y\u0131l\u0131nda s\u00f6z konusu modele \u00f6zel yeni donan\u0131mlar da sunuldu:<\/p>\n\n\n\n<p><strong>\u00d6n cam \u00fcst k\u0131s\u0131mda ilave silecek:<\/strong>&nbsp;Ya\u011f\u0131\u015fl\u0131 havalarda yolculara daha net g\u00f6r\u00fc\u015f alan\u0131 konforunu sa\u011flamak i\u00e7in, \u00f6n cam \u00fcst k\u0131s\u0131mda ilave silecek t\u00fcm Travego modellerinde standart oldu.<\/p>\n\n\n\n<p><strong>Is\u0131tmal\u0131 \u00f6n cam:<\/strong>&nbsp;So\u011fuk havalarda \u00f6n camda olu\u015fan donmay\u0131 ve bu\u011fulanmay\u0131 h\u0131zl\u0131ca ortadan kald\u0131rarak, s\u00fcr\u00fcc\u00fcn\u00fcn ve yolcular\u0131n konforunu art\u0131ran \u0131s\u0131tmal\u0131 \u00f6n cam t\u00fcm Travego modellerinde standart donan\u0131m oldu.<\/p>\n\n\n\n<p><strong>Elektrikli katlanabilir d\u0131\u015f aynalar:<\/strong>&nbsp;Seyahat otob\u00fcslerinin dar alanlarda manevra etkinli\u011fini art\u0131rmak i\u00e7in, elektrikli katlanabilir d\u0131\u015f aynalar t\u00fcm Travego&nbsp; modellerinde standart donan\u0131m oldu. Bu yenilikle; sa\u011f ve sol d\u0131\u015f aynalar ayn\u0131 anda ya da ayr\u0131 ayr\u0131, elektrikli olarak kokpitteki tu\u015flardan katlanabiliyor.<\/p>\n\n\n\n<p><strong>\u00dc\u00e7 noktal\u0131 emniyet kemerleri ile bir ilke imza att\u0131<\/strong><\/p>\n\n\n\n<p>2022 y\u0131l\u0131n\u0131n A\u011fustos ay\u0131ndan itibaren Travego ve Tourismo modellerinin yolcu koltuklar\u0131n\u0131n t\u00fcm\u00fcnde \u00fc\u00e7 noktal\u0131 emniyet kemerleri sunan Mercedes-Benz T\u00fcrk, T\u00fcrkiye\u2019de bir ilke daha imza att\u0131. G\u00fcn\u00fcm\u00fczde otomotiv sekt\u00f6r\u00fcnde yolcu g\u00fcvenli\u011fi a\u00e7\u0131s\u0131ndan at\u0131lm\u0131\u015f en \u00f6nemli ad\u0131mlardan biri olarak kabul edilen \u00fc\u00e7 noktal\u0131 emniyet kemerlerini seyahat otob\u00fcslerinde sunan \u015firket, b\u00f6ylece \u00f6nc\u00fc g\u00fcvenlik donan\u0131mlar\u0131n\u0131 bir ad\u0131m daha ileriye ta\u015f\u0131d\u0131&#8230;.<\/p>\n\n\n\n<figure class=\"wp-block-gallery columns-3 is-cropped\"><ul class=\"blocks-gallery-grid\"><li class=\"blocks-gallery-item\"><figure><img loading=\"lazy\" width=\"1024\" height=\"682\" src=\"http:\/\/blog.ulasimplatformu.com\/wp-content\/uploads\/2023\/05\/Mercedes-Benz-Turk-Travego-ve-Tourismodaki-2023-model-yili-donanim-degisikliklerini-tanitti_03-1024x682.jpg\" alt=\"\" data-id=\"7532\" data-full-url=\"http:\/\/blog.ulasimplatformu.com\/wp-content\/uploads\/2023\/05\/Mercedes-Benz-Turk-Travego-ve-Tourismodaki-2023-model-yili-donanim-degisikliklerini-tanitti_03.jpg\" data-link=\"http:\/\/blog.ulasimplatformu.com\/?attachment_id=7532\" class=\"wp-image-7532\" srcset=\"http:\/\/blog.ulasimplatformu.com\/wp-content\/uploads\/2023\/05\/Mercedes-Benz-Turk-Travego-ve-Tourismodaki-2023-model-yili-donanim-degisikliklerini-tanitti_03-1024x682.jpg 1024w, http:\/\/blog.ulasimplatformu.com\/wp-content\/uploads\/2023\/05\/Mercedes-Benz-Turk-Travego-ve-Tourismodaki-2023-model-yili-donanim-degisikliklerini-tanitti_03-300x200.jpg 300w, http:\/\/blog.ulasimplatformu.com\/wp-content\/uploads\/2023\/05\/Mercedes-Benz-Turk-Travego-ve-Tourismodaki-2023-model-yili-donanim-degisikliklerini-tanitti_03-768x512.jpg 768w, http:\/\/blog.ulasimplatformu.com\/wp-content\/uploads\/2023\/05\/Mercedes-Benz-Turk-Travego-ve-Tourismodaki-2023-model-yili-donanim-degisikliklerini-tanitti_03-1536x1023.jpg 1536w, http:\/\/blog.ulasimplatformu.com\/wp-content\/uploads\/2023\/05\/Mercedes-Benz-Turk-Travego-ve-Tourismodaki-2023-model-yili-donanim-degisikliklerini-tanitti_03-150x100.jpg 150w, http:\/\/blog.ulasimplatformu.com\/wp-content\/uploads\/2023\/05\/Mercedes-Benz-Turk-Travego-ve-Tourismodaki-2023-model-yili-donanim-degisikliklerini-tanitti_03-696x464.jpg 696w, http:\/\/blog.ulasimplatformu.com\/wp-content\/uploads\/2023\/05\/Mercedes-Benz-Turk-Travego-ve-Tourismodaki-2023-model-yili-donanim-degisikliklerini-tanitti_03-1068x712.jpg 1068w, http:\/\/blog.ulasimplatformu.com\/wp-content\/uploads\/2023\/05\/Mercedes-Benz-Turk-Travego-ve-Tourismodaki-2023-model-yili-donanim-degisikliklerini-tanitti_03.jpg 1750w\" sizes=\"(max-width: 1024px) 100vw, 1024px\" \/><\/figure><\/li><li class=\"blocks-gallery-item\"><figure><img loading=\"lazy\" width=\"1024\" height=\"682\" src=\"http:\/\/blog.ulasimplatformu.com\/wp-content\/uploads\/2023\/05\/Cem-Demirel-1024x682.jpg\" alt=\"\" data-id=\"7531\" data-full-url=\"http:\/\/blog.ulasimplatformu.com\/wp-content\/uploads\/2023\/05\/Cem-Demirel.jpg\" data-link=\"http:\/\/blog.ulasimplatformu.com\/?attachment_id=7531\" class=\"wp-image-7531\" srcset=\"http:\/\/blog.ulasimplatformu.com\/wp-content\/uploads\/2023\/05\/Cem-Demirel-1024x682.jpg 1024w, http:\/\/blog.ulasimplatformu.com\/wp-content\/uploads\/2023\/05\/Cem-Demirel-300x200.jpg 300w, http:\/\/blog.ulasimplatformu.com\/wp-content\/uploads\/2023\/05\/Cem-Demirel-768x512.jpg 768w, http:\/\/blog.ulasimplatformu.com\/wp-content\/uploads\/2023\/05\/Cem-Demirel-1536x1023.jpg 1536w, http:\/\/blog.ulasimplatformu.com\/wp-content\/uploads\/2023\/05\/Cem-Demirel-150x100.jpg 150w, http:\/\/blog.ulasimplatformu.com\/wp-content\/uploads\/2023\/05\/Cem-Demirel-696x464.jpg 696w, http:\/\/blog.ulasimplatformu.com\/wp-content\/uploads\/2023\/05\/Cem-Demirel-1068x712.jpg 1068w, http:\/\/blog.ulasimplatformu.com\/wp-content\/uploads\/2023\/05\/Cem-Demirel.jpg 1750w\" sizes=\"(max-width: 1024px) 100vw, 1024px\" \/><\/figure><\/li><li class=\"blocks-gallery-item\"><figure><img loading=\"lazy\" width=\"1024\" height=\"682\" src=\"http:\/\/blog.ulasimplatformu.com\/wp-content\/uploads\/2023\/05\/Mercedes-Benz-Turk-Travego-ve-Tourismodaki-2023-model-yili-donanim-degisikliklerini-tanitti_02-1024x682.jpg\" alt=\"\" data-id=\"7530\" data-full-url=\"http:\/\/blog.ulasimplatformu.com\/wp-content\/uploads\/2023\/05\/Mercedes-Benz-Turk-Travego-ve-Tourismodaki-2023-model-yili-donanim-degisikliklerini-tanitti_02.jpg\" data-link=\"http:\/\/blog.ulasimplatformu.com\/?attachment_id=7530\" class=\"wp-image-7530\" srcset=\"http:\/\/blog.ulasimplatformu.com\/wp-content\/uploads\/2023\/05\/Mercedes-Benz-Turk-Travego-ve-Tourismodaki-2023-model-yili-donanim-degisikliklerini-tanitti_02-1024x682.jpg 1024w, http:\/\/blog.ulasimplatformu.com\/wp-content\/uploads\/2023\/05\/Mercedes-Benz-Turk-Travego-ve-Tourismodaki-2023-model-yili-donanim-degisikliklerini-tanitti_02-300x200.jpg 300w, http:\/\/blog.ulasimplatformu.com\/wp-content\/uploads\/2023\/05\/Mercedes-Benz-Turk-Travego-ve-Tourismodaki-2023-model-yili-donanim-degisikliklerini-tanitti_02-768x512.jpg 768w, http:\/\/blog.ulasimplatformu.com\/wp-content\/uploads\/2023\/05\/Mercedes-Benz-Turk-Travego-ve-Tourismodaki-2023-model-yili-donanim-degisikliklerini-tanitti_02-1536x1023.jpg 1536w, http:\/\/blog.ulasimplatformu.com\/wp-content\/uploads\/2023\/05\/Mercedes-Benz-Turk-Travego-ve-Tourismodaki-2023-model-yili-donanim-degisikliklerini-tanitti_02-150x100.jpg 150w, http:\/\/blog.ulasimplatformu.com\/wp-content\/uploads\/2023\/05\/Mercedes-Benz-Turk-Travego-ve-Tourismodaki-2023-model-yili-donanim-degisikliklerini-tanitti_02-696x464.jpg 696w, http:\/\/blog.ulasimplatformu.com\/wp-content\/uploads\/2023\/05\/Mercedes-Benz-Turk-Travego-ve-Tourismodaki-2023-model-yili-donanim-degisikliklerini-tanitti_02-1068x712.jpg 1068w, http:\/\/blog.ulasimplatformu.com\/wp-content\/uploads\/2023\/05\/Mercedes-Benz-Turk-Travego-ve-Tourismodaki-2023-model-yili-donanim-degisikliklerini-tanitti_02.jpg 1750w\" sizes=\"(max-width: 1024px) 100vw, 1024px\" \/><\/figure><\/li><li class=\"blocks-gallery-item\"><figure><img loading=\"lazy\" width=\"1024\" height=\"682\" src=\"http:\/\/blog.ulasimplatformu.com\/wp-content\/uploads\/2023\/05\/Mercedes-Benz-Turk-Travego-ve-Tourismodaki-2023-model-yili-donanim-degisikliklerini-tanitti_01-1024x682.jpg\" alt=\"\" data-id=\"7529\" data-full-url=\"http:\/\/blog.ulasimplatformu.com\/wp-content\/uploads\/2023\/05\/Mercedes-Benz-Turk-Travego-ve-Tourismodaki-2023-model-yili-donanim-degisikliklerini-tanitti_01.jpg\" data-link=\"http:\/\/blog.ulasimplatformu.com\/?attachment_id=7529\" class=\"wp-image-7529\" srcset=\"http:\/\/blog.ulasimplatformu.com\/wp-content\/uploads\/2023\/05\/Mercedes-Benz-Turk-Travego-ve-Tourismodaki-2023-model-yili-donanim-degisikliklerini-tanitti_01-1024x682.jpg 1024w, http:\/\/blog.ulasimplatformu.com\/wp-content\/uploads\/2023\/05\/Mercedes-Benz-Turk-Travego-ve-Tourismodaki-2023-model-yili-donanim-degisikliklerini-tanitti_01-300x200.jpg 300w, http:\/\/blog.ulasimplatformu.com\/wp-content\/uploads\/2023\/05\/Mercedes-Benz-Turk-Travego-ve-Tourismodaki-2023-model-yili-donanim-degisikliklerini-tanitti_01-768x512.jpg 768w, http:\/\/blog.ulasimplatformu.com\/wp-content\/uploads\/2023\/05\/Mercedes-Benz-Turk-Travego-ve-Tourismodaki-2023-model-yili-donanim-degisikliklerini-tanitti_01-1536x1023.jpg 1536w, http:\/\/blog.ulasimplatformu.com\/wp-content\/uploads\/2023\/05\/Mercedes-Benz-Turk-Travego-ve-Tourismodaki-2023-model-yili-donanim-degisikliklerini-tanitti_01-150x100.jpg 150w, http:\/\/blog.ulasimplatformu.com\/wp-content\/uploads\/2023\/05\/Mercedes-Benz-Turk-Travego-ve-Tourismodaki-2023-model-yili-donanim-degisikliklerini-tanitti_01-696x464.jpg 696w, http:\/\/blog.ulasimplatformu.com\/wp-content\/uploads\/2023\/05\/Mercedes-Benz-Turk-Travego-ve-Tourismodaki-2023-model-yili-donanim-degisikliklerini-tanitti_01-1068x712.jpg 1068w, http:\/\/blog.ulasimplatformu.com\/wp-content\/uploads\/2023\/05\/Mercedes-Benz-Turk-Travego-ve-Tourismodaki-2023-model-yili-donanim-degisikliklerini-tanitti_01.jpg 1750w\" sizes=\"(max-width: 1024px) 100vw, 1024px\" \/><\/figure><\/li><\/ul><\/figure>\n\n\n\n<p><\/p>\n","protected":false},"excerpt":{"rendered":"<p>Mercedes-Benz T\u00fcrk, Travego ve Tourismo\u2019daki 2023 model y\u0131l\u0131 donan\u0131m de\u011fi\u015fikliklerini tan\u0131tt\u0131 Yolculardan, s\u00fcr\u00fcc\u00fclerden ve m\u00fc\u015fterilerinden gelen geri bildirimler \u0131\u015f\u0131\u011f\u0131nda ara\u00e7lar\u0131nda daima iyile\u015ftirme prensibi ile hareket eden Mercedes-Benz T\u00fcrk, 2023 model ara\u00e7lar\u0131nda yapt\u0131\u011f\u0131 yenilikler ile g\u00f6z doldurdu. Seyahat otob\u00fcs\u00fc sekt\u00f6r\u00fcn\u00fcn y\u0131ld\u0131zlar\u0131 Travego ve Tourismo model ara\u00e7lar\u0131n\u0131 yeni \u00f6zelliklerle donatan \u015firket, sekt\u00f6rde standartlar\u0131 y\u00fckseltmeye devam ediyor. Ho\u015fdere [&hellip;]<\/p>\n","protected":false},"author":1,"featured_media":7529,"comment_status":"open","ping_status":"open","sticky":false,"template":"","format":"standard","meta":{"tdm_status":"","tdm_grid_status":"","spay_email":""},"categories":[2,26,24],"tags":[],"jetpack_featured_media_url":"http:\/\/blog.ulasimplatformu.com\/wp-content\/uploads\/2023\/05\/Mercedes-Benz-Turk-Travego-ve-Tourismodaki-2023-model-yili-donanim-degisikliklerini-tanitti_01.jpg","jetpack_sharing_enabled":true,"amp_enabled":true,"_links":{"self":[{"href":"http:\/\/blog.ulasimplatformu.com\/index.php\/wp-json\/wp\/v2\/posts\/7528"}],"collection":[{"href":"http:\/\/blog.ulasimplatformu.com\/index.php\/wp-json\/wp\/v2\/posts"}],"about":[{"href":"http:\/\/blog.ulasimplatformu.com\/index.php\/wp-json\/wp\/v2\/types\/post"}],"author":[{"embeddable":true,"href":"http:\/\/blog.ulasimplatformu.com\/index.php\/wp-json\/wp\/v2\/users\/1"}],"replies":[{"embeddable":true,"href":"http:\/\/blog.ulasimplatformu.com\/index.php\/wp-json\/wp\/v2\/comments?post=7528"}],"version-history":[{"count":1,"href":"http:\/\/blog.ulasimplatformu.com\/index.php\/wp-json\/wp\/v2\/posts\/7528\/revisions"}],"predecessor-version":[{"id":7533,"href":"http:\/\/blog.ulasimplatformu.com\/index.php\/wp-json\/wp\/v2\/posts\/7528\/revisions\/7533"}],"wp:featuredmedia":[{"embeddable":true,"href":"http:\/\/blog.ulasimplatformu.com\/index.php\/wp-json\/wp\/v2\/media\/7529"}],"wp:attachment":[{"href":"http:\/\/blog.ulasimplatformu.com\/index.php\/wp-json\/wp\/v2\/media?parent=7528"}],"wp:term":[{"taxonomy":"category","embeddable":true,"href":"http:\/\/blog.ulasimplatformu.com\/index.php\/wp-json\/wp\/v2\/categories?post=7528"},{"taxonomy":"post_tag","embeddable":true,"href":"http:\/\/blog.ulasimplatformu.com\/index.php\/wp-json\/wp\/v2\/tags?post=7528"}],"curies":[{"name":"wp","href":"https:\/\/api.w.org\/{rel}","templated":true}]}}