{"id":7685,"date":"2023-08-01T18:47:20","date_gmt":"2023-08-01T15:47:20","guid":{"rendered":"http:\/\/blog.ulasimplatformu.com\/?p=7685"},"modified":"2023-08-01T18:47:38","modified_gmt":"2023-08-01T15:47:38","slug":"temsa-elektrikli-araclardaki-tecrubesini-fuso-ecanter-ile-hafif-kamyon-segmentine-tasiyor","status":"publish","type":"post","link":"http:\/\/blog.ulasimplatformu.com\/index.php\/2023\/08\/01\/temsa-elektrikli-araclardaki-tecrubesini-fuso-ecanter-ile-hafif-kamyon-segmentine-tasiyor\/","title":{"rendered":"TEMSA elektrikli ara\u00e7lardaki tecr\u00fcbesini Fuso eCanter ile hafif kamyon segmentine ta\u015f\u0131yor"},"content":{"rendered":"\n<p><strong>Seri \u00fcretime haz\u0131r hale getirdi\u011fi 8 farkl\u0131 ara\u00e7 modeliyle, elektrikli otob\u00fcs alan\u0131nda d\u00fcnyan\u0131n say\u0131l\u0131 \u00fcreticilerinden biri haline gelen TEMSA, hafif kamyon segmentinin simge modellerinden Fuso Canter\u2019in de elektrikli versiyonunu da T\u00fcrkiye\u2019de sat\u0131\u015fa sunacak.<\/strong><\/p>\n\n\n\n<p>30 y\u0131l\u0131 a\u015fk\u0131n s\u00fcredir TEMSA distrib\u00fct\u00f6rl\u00fc\u011f\u00fcnde T\u00fcrkiye pazar\u0131nda \u00f6nemli ba\u015far\u0131lara imza atan Fuso Canter, \u015fimdi de elektrikli versiyonuyla yurt i\u00e7inde yollara \u00e7\u0131kmaya haz\u0131rlan\u0131yor. Ge\u00e7ti\u011fimiz y\u0131l yenilenen y\u00fcz\u00fcyle dikkatleri \u00fczerine \u00e7eken Fuso Canter ailesinin yeni elektrikli \u00fcyesi Fuso eCanter\u2019in T\u00fcrkiye\u2019deki sat\u0131\u015f ve pazarlama faaliyetlerine ili\u015fkin imza t\u00f6reni TEMSA\u2019n\u0131n \u0130stanbul Altunizade merkezinde ger\u00e7ekle\u015ftirildi.<\/p>\n\n\n\n<p>Daimler Truck Asya Y\u00f6netim Kurulu \u00dcyesi Andreas Deuschle ve TEMSA CEO\u2019su Tolga Kaan Do\u011fanc\u0131o\u011flu aras\u0131nda imzalanan lisans anla\u015fmas\u0131 kapsam\u0131nda, Fuso eCanter\u2019in T\u00fcrkiye\u2019deki sat\u0131\u015f ve pazarlama faaliyetleri TEMSA taraf\u0131ndan y\u00fcr\u00fct\u00fclecek. \u0130lk a\u015famada 2 farkl\u0131 modelde m\u00fc\u015fterilerin be\u011fenisine sunulacak Fuso eCanter\u2019in, 2024 y\u0131l\u0131n\u0131n ba\u015f\u0131ndan itibaren yurt i\u00e7inde sat\u0131\u015fa sunulmas\u0131 planlan\u0131yor.<\/p>\n\n\n\n<p>Bug\u00fcn itibar\u0131yla, Fuso Canter\u2019in kamyon ve kamyonet segmentlerinde toplam 8 farkl\u0131 modeli bulunuyor. Fuso eCanter\u2019in de \u00fcr\u00fcn gam\u0131na dahil olmas\u0131yla birlikte model say\u0131s\u0131 da 10\u2019a ula\u015facak.<\/p>\n\n\n\n<p><strong>\u201cB\u00dcY\u00dcME ADIMLARIMIZA B\u0130R YEN\u0130S\u0130N\u0130 EKL\u0130YORUZ\u201d<\/strong><\/p>\n\n\n\n<p>Konuyla ilgili de\u011ferlendirmelerde bulunan TEMSA CEO\u2019su Tolga Kaan Do\u011fanc\u0131o\u011flu, s\u00fcrd\u00fcr\u00fclebilirlik konusunun TEMSA\u2019n\u0131n gelecek vizyonunun en \u00f6nemli unsuru oldu\u011funun alt\u0131n\u0131 \u00e7izerken, \u201cBug\u00fcn itibar\u0131yla otob\u00fcs segmentimizde, hem model say\u0131s\u0131 hem de teknolojik yetkinlik anlam\u0131nda d\u00fcnyan\u0131n say\u0131l\u0131 \u00fcreticileri aras\u0131nda yer al\u0131yoruz. Elektrifikasyon ve alternatif yak\u0131tl\u0131 ara\u00e7lar alan\u0131ndaki tecr\u00fcbemizi, \u015fimdi de Fuso ile birlikte hafif kamyon segmentine ta\u015f\u0131maktan dolay\u0131 \u00e7ok mutluyuz. Bundan yakla\u015f\u0131k bir y\u0131l \u00f6nce yenilenen Fuso Canter ara\u00e7lar\u0131m\u0131z\u0131n T\u00fcrkiye\u2019deki lansman\u0131n\u0131 yapm\u0131\u015ft\u0131k. \u015eimdi de Fuso eCanter ile, hafif kamyon alan\u0131ndaki b\u00fcy\u00fcme ad\u0131mlar\u0131m\u0131za bir yenisini ekliyoruz. Fuso Canter ara\u00e7lar\u0131m\u0131zla, uzun y\u0131llar boyunca m\u00fc\u015fterilerimize ta\u015f\u0131ma kapasitesi ve yak\u0131t tasarrufu anlam\u0131nda b\u00fcy\u00fck avantajlar sa\u011flad\u0131k. \u015eimdi de, sekt\u00f6r\u00fcm\u00fcz\u00fcn ve \u015fehirlerimizin ye\u015fil d\u00f6n\u00fc\u015f\u00fcm\u00fcne b\u00fcy\u00fck katk\u0131da bulunacak Fuso eCanter ile m\u00fc\u015fterilerimizin sahip olma maliyetini ciddi \u015fekilde d\u00fc\u015f\u00fcrerek, onlara yeni bir maliyet avantaj\u0131 imkan\u0131 sunaca\u011f\u0131z\u201d dedi.<\/p>\n\n\n\n<figure class=\"wp-block-image size-large\"><img loading=\"lazy\" width=\"1024\" height=\"768\" src=\"http:\/\/blog.ulasimplatformu.com\/wp-content\/uploads\/2023\/08\/1690875182_Tolga_Kaan_Do__anc__o__lu_sa___-1024x768.jpeg\" alt=\"\" class=\"wp-image-7689\" srcset=\"http:\/\/blog.ulasimplatformu.com\/wp-content\/uploads\/2023\/08\/1690875182_Tolga_Kaan_Do__anc__o__lu_sa___-1024x768.jpeg 1024w, http:\/\/blog.ulasimplatformu.com\/wp-content\/uploads\/2023\/08\/1690875182_Tolga_Kaan_Do__anc__o__lu_sa___-300x225.jpeg 300w, http:\/\/blog.ulasimplatformu.com\/wp-content\/uploads\/2023\/08\/1690875182_Tolga_Kaan_Do__anc__o__lu_sa___-768x576.jpeg 768w, http:\/\/blog.ulasimplatformu.com\/wp-content\/uploads\/2023\/08\/1690875182_Tolga_Kaan_Do__anc__o__lu_sa___-1536x1152.jpeg 1536w, http:\/\/blog.ulasimplatformu.com\/wp-content\/uploads\/2023\/08\/1690875182_Tolga_Kaan_Do__anc__o__lu_sa___-2048x1536.jpeg 2048w, http:\/\/blog.ulasimplatformu.com\/wp-content\/uploads\/2023\/08\/1690875182_Tolga_Kaan_Do__anc__o__lu_sa___-150x113.jpeg 150w, http:\/\/blog.ulasimplatformu.com\/wp-content\/uploads\/2023\/08\/1690875182_Tolga_Kaan_Do__anc__o__lu_sa___-696x522.jpeg 696w, http:\/\/blog.ulasimplatformu.com\/wp-content\/uploads\/2023\/08\/1690875182_Tolga_Kaan_Do__anc__o__lu_sa___-1068x801.jpeg 1068w, http:\/\/blog.ulasimplatformu.com\/wp-content\/uploads\/2023\/08\/1690875182_Tolga_Kaan_Do__anc__o__lu_sa___-1920x1440.jpeg 1920w\" sizes=\"(max-width: 1024px) 100vw, 1024px\" \/><\/figure>\n","protected":false},"excerpt":{"rendered":"<p>Seri \u00fcretime haz\u0131r hale getirdi\u011fi 8 farkl\u0131 ara\u00e7 modeliyle, elektrikli otob\u00fcs alan\u0131nda d\u00fcnyan\u0131n say\u0131l\u0131 \u00fcreticilerinden biri haline gelen TEMSA, hafif kamyon segmentinin simge modellerinden Fuso Canter\u2019in de elektrikli versiyonunu da T\u00fcrkiye\u2019de sat\u0131\u015fa sunacak. 30 y\u0131l\u0131 a\u015fk\u0131n s\u00fcredir TEMSA distrib\u00fct\u00f6rl\u00fc\u011f\u00fcnde T\u00fcrkiye pazar\u0131nda \u00f6nemli ba\u015far\u0131lara imza atan Fuso Canter, \u015fimdi de elektrikli versiyonuyla yurt i\u00e7inde yollara \u00e7\u0131kmaya [&hellip;]<\/p>\n","protected":false},"author":4,"featured_media":7689,"comment_status":"open","ping_status":"open","sticky":false,"template":"","format":"standard","meta":{"tdm_status":"","tdm_grid_status":"","spay_email":""},"categories":[2],"tags":[],"jetpack_featured_media_url":"http:\/\/blog.ulasimplatformu.com\/wp-content\/uploads\/2023\/08\/1690875182_Tolga_Kaan_Do__anc__o__lu_sa___-scaled.jpeg","jetpack_sharing_enabled":true,"amp_enabled":true,"_links":{"self":[{"href":"http:\/\/blog.ulasimplatformu.com\/index.php\/wp-json\/wp\/v2\/posts\/7685"}],"collection":[{"href":"http:\/\/blog.ulasimplatformu.com\/index.php\/wp-json\/wp\/v2\/posts"}],"about":[{"href":"http:\/\/blog.ulasimplatformu.com\/index.php\/wp-json\/wp\/v2\/types\/post"}],"author":[{"embeddable":true,"href":"http:\/\/blog.ulasimplatformu.com\/index.php\/wp-json\/wp\/v2\/users\/4"}],"replies":[{"embeddable":true,"href":"http:\/\/blog.ulasimplatformu.com\/index.php\/wp-json\/wp\/v2\/comments?post=7685"}],"version-history":[{"count":1,"href":"http:\/\/blog.ulasimplatformu.com\/index.php\/wp-json\/wp\/v2\/posts\/7685\/revisions"}],"predecessor-version":[{"id":7698,"href":"http:\/\/blog.ulasimplatformu.com\/index.php\/wp-json\/wp\/v2\/posts\/7685\/revisions\/7698"}],"wp:featuredmedia":[{"embeddable":true,"href":"http:\/\/blog.ulasimplatformu.com\/index.php\/wp-json\/wp\/v2\/media\/7689"}],"wp:attachment":[{"href":"http:\/\/blog.ulasimplatformu.com\/index.php\/wp-json\/wp\/v2\/media?parent=7685"}],"wp:term":[{"taxonomy":"category","embeddable":true,"href":"http:\/\/blog.ulasimplatformu.com\/index.php\/wp-json\/wp\/v2\/categories?post=7685"},{"taxonomy":"post_tag","embeddable":true,"href":"http:\/\/blog.ulasimplatformu.com\/index.php\/wp-json\/wp\/v2\/tags?post=7685"}],"curies":[{"name":"wp","href":"https:\/\/api.w.org\/{rel}","templated":true}]}}