{"id":8517,"date":"2024-11-01T20:31:32","date_gmt":"2024-11-01T17:31:32","guid":{"rendered":"http:\/\/blog.ulasimplatformu.com\/?p=8517"},"modified":"2024-11-01T20:31:37","modified_gmt":"2024-11-01T17:31:37","slug":"man-yeni-bir-elektrik-cagina-giriyor-man-ilk-elektrikli-cekicinin-teslimatini-yapti","status":"publish","type":"post","link":"http:\/\/blog.ulasimplatformu.com\/index.php\/2024\/11\/01\/man-yeni-bir-elektrik-cagina-giriyor-man-ilk-elektrikli-cekicinin-teslimatini-yapti\/","title":{"rendered":"MAN yeni bir elektrik \u00e7a\u011f\u0131na giriyor: MAN ilk elektrikli \u00e7ekicinin teslimat\u0131n\u0131 yapt\u0131"},"content":{"rendered":"\n<p><strong>S\u0131f\u0131r karbonlu karayolu ta\u015f\u0131mac\u0131l\u0131\u011f\u0131nda yeni bir d\u00f6nemi ba\u015flatan MAN Truck &amp; Bus, tamamen elektrikli \u00e7ekicilerinin teslimat\u0131na ba\u015flad\u0131. MAN, ilk e-\u00e7ekicini ise DRAXLMAIER Grubu\u2019na teslim etti. MAN CEO&#8217;su Alexander Vlaskamp, \u201c\u015eirket tarihimizde bir d\u00f6n\u00fcm noktas\u0131. Yeni bir elektrik \u00e7a\u011f\u0131na giriyoruz\u201d dedi.<\/strong><\/p>\n\n\n\n<p>Karayolu y\u00fck ta\u015f\u0131mac\u0131l\u0131\u011f\u0131n\u0131n karbonsuzla\u015ft\u0131rmaya y\u00f6nelik ara\u00e7lar\u0131yla sekt\u00f6r\u00fcnde s\u00fcrd\u00fcr\u00fclebilirli\u011fin \u00f6nc\u00fcs\u00fc olan MAN Truck &amp; Bus, tamamen elektrikli a\u011f\u0131r hizmet \u00e7ekicilerinin teslimat\u0131yla birlikte sekt\u00f6rde yeni bir d\u00f6nemi ba\u015flatt\u0131. Leipzig&#8217;de ilk 40 tonluk \u00e7ekici, MAN Sat\u0131\u015ftan Sorumlu Y\u00f6netim Kurulu \u00dcyesi Friedrich Baumann taraf\u0131ndan otomotiv tedarik\u00e7isi DR\u00c2XLMAIER Group&#8217;a teslim edildi. DRAXLMAIER gelecekte MAN eTGX&#8217;i Porsche Macan Electric&#8217;in bataryalar\u0131n\u0131 Leipzig&#8217;deki Porsche fabrikas\u0131na s\u0131f\u0131r emisyonla ta\u015f\u0131mak i\u00e7in kullanacak. MAN eTruck, DRAXLMAIER tesisindeki yenilenebilir kaynaklardan elde edilen elektrikle \u015farj edilecek.<\/p>\n\n\n\n<p><strong>Alexander Vlaskamp: \u201cBu, \u015firketimizin tarihinde bir d\u00f6n\u00fcm noktas\u0131d\u0131r\u201d<\/strong><\/p>\n\n\n\n<p>MAN CEO&#8217;su Alexander Vlaskamp, \u201cBu, \u015firketimizin tarihinde bir d\u00f6n\u00fcm noktas\u0131d\u0131r. MAN 100 y\u0131l \u00f6nce ilk dizel kamyonu sundu. \u015eimdi de yeni bir elektrik \u00e7a\u011f\u0131na giriyoruz. \u0130lk e-\u00e7ekicimiz DRAXLMAIER&#8217;e gidiyor. MAN&#8217;a duyulan g\u00fcvenden dolay\u0131 \u00e7ok memnunuz. Y\u0131llar s\u00fcren planlama, geli\u015ftirme ve on binlerce kilometrelik test s\u00fcr\u00fc\u015f\u00fcnden sonra nihayet ba\u015fl\u0131yoruz. Bundan daha s\u00fcrd\u00fcr\u00fclebilir bir \u015fey olamaz. Bu ger\u00e7ek bir elektrikli ba\u015far\u0131 \u00f6yk\u00fcs\u00fc\u201d diye konu\u015ftu.<\/p>\n\n\n\n<p>MAN Sat\u0131\u015f Direkt\u00f6r\u00fc Friedrich Baumann da &#8220;2030 y\u0131l\u0131na kadar teslim edilen t\u00fcm MAN \u00e7ekicilerinin yakla\u015f\u0131k yar\u0131s\u0131n\u0131n ak\u00fcl\u00fc elektrikli olmas\u0131n\u0131 bekliyoruz&#8221; diyerek, bu alandaki hedeflerine dikkat \u00e7ekti.<\/p>\n\n\n\n<p>DRAXLMAIER Grubu Tedarik Zinciri Y\u00f6netimi Ba\u015fkan\u0131 Felix Klimas ise \u201cMAN eTruck&#8217;\u0131 kullanarak m\u00fc\u015fterilerimiz i\u00e7in tam bir elektrifikasyon ger\u00e7ekle\u015ftiriyoruz. Ayr\u0131ca lojistik s\u00fcre\u00e7lerini daha s\u00fcrd\u00fcr\u00fclebilir ve gelece\u011fe y\u00f6nelik hale getirme konusundaki kararl\u0131l\u0131\u011f\u0131m\u0131z\u0131 da bir kez daha teyit ediyoruz. Bunu yaparken, s\u00fcrd\u00fcr\u00fclebilirlik anlay\u0131\u015f\u0131m\u0131z\u0131n temel bir y\u00f6n\u00fcn\u00fc olan tedarik zincirindeki emisyonlar\u0131n azalt\u0131lmas\u0131n\u0131 yerine getiriyoruz\u201d \u015feklinde konu\u015ftu.<\/p>\n\n\n\n<p>MAN eTruck s\u0131n\u0131f\u0131n\u0131n en k\u0131sa dingil mesafesi sayesinde her t\u00fcrl\u00fc treyler ile uyumlu bir ara\u00e7<\/p>\n\n\n\n<p>DR\u00c2XLMAIER i\u00e7in kullan\u0131lan MAN eTGX, 450 HP (330 kW) g\u00fcce ve alt\u0131 ak\u00fc paketi ile 534 kWh ak\u00fc kapasitesine sahip. CCS \u00fczerinden ise 375 kW&#8217;a kadar \u00e7\u0131kan \u015farj kapasitesinin yan\u0131nda MAN eTGX, ayn\u0131 zamanda yenilik\u00e7i bir tasar\u0131ma ve eTruck i\u00e7in \u00f6zel olarak tasarlanm\u0131\u015f tamamen dijital s\u00fcr\u00fcc\u00fc \u00e7al\u0131\u015fma alan\u0131yla da \u00f6ne \u00e7\u0131k\u0131yor. Ayr\u0131ca 950 mm&#8217;lik be\u015finci teker y\u00fcksekli\u011fi sayesinde \u00fc\u00e7 metre i\u00e7 y\u00fcksekli\u011fe sahip r\u00f6morklar\u0131 da \u00e7ekerek, daha fazla hacim ta\u015f\u0131yabiliyor. MAN eTruck t\u00fcm bu \u00f6zelliklerinin yan\u0131nda, sahip oldu\u011fu s\u0131n\u0131f\u0131n\u0131n en k\u0131sa dingil mesafesi sayesinde ise her t\u00fcrl\u00fc treyler ile de uyumlu bir ara\u00e7 olarak fark yarat\u0131yor.<\/p>\n\n\n\n<p>12 tondan 50 tona kadar eksiksiz bir elektrikli \u00e7ekici portf\u00f6y\u00fc sunmaya ba\u015flad\u0131<\/p>\n\n\n\n<p>MAN eTruck&#8217;\u0131n mevcut en g\u00fc\u00e7l\u00fc versiyonu ise 544 HP (400 kW) g\u00fcc\u00fc ile fark yarat\u0131yor. Uygulamaya ba\u011fl\u0131 olarak gelecekte sunulacak ve MAN Individual taraf\u0131ndan monte edilebilen y\u00fcksek voltajl\u0131 yedinci ak\u00fc ile yeniden \u015farj edilmeden yakla\u015f\u0131k 650 kilometre menzile ula\u015fabilecek. MAN eTGX ve MAN eTGS, gelecekte bir megawatt ve daha fazla \u015farj kapasitesine olanak tan\u0131yacak olan megawatt \u015farj standard\u0131 (MCS) ile de temin edilebiliyor. Bu sayede ara\u00e7, yakla\u015f\u0131k yar\u0131m saat i\u00e7inde ak\u00fc kapasitesinin y\u00fczde 10&#8217;undan y\u00fczde 80&#8217;ine kadar \u015farj edilebiliyor. Bu da MAN eTruck&#8217;\u0131 uzun mesafeli ta\u015f\u0131mac\u0131l\u0131k i\u00e7in uygun hale getiriyor. eTruck i\u00e7in \u015fimdiden toplam 2.500&#8217;den fazla sipari\u015f talebi al\u0131nd\u0131. IAA 2024 fuar\u0131nda tan\u0131t\u0131m\u0131 yap\u0131lan eTruck&#8217;\u0131n &#8216;k\u00fc\u00e7\u00fck karde\u015fi&#8217; eTGL ile birlikte MAN, b\u00f6ylece 12 tondan 50 tona kadar eksiksiz bir elektrikli \u00e7ekici portf\u00f6y\u00fc sunmaya ba\u015flam\u0131\u015f oldu.<\/p>\n\n\n\n<figure class=\"wp-block-image size-large\"><img loading=\"lazy\" width=\"1024\" height=\"683\" src=\"http:\/\/blog.ulasimplatformu.com\/wp-content\/uploads\/2024\/11\/1730443480_0316_man_etgx_leipzig-1024x683.jpg\" alt=\"\" class=\"wp-image-8514\" srcset=\"http:\/\/blog.ulasimplatformu.com\/wp-content\/uploads\/2024\/11\/1730443480_0316_man_etgx_leipzig-1024x683.jpg 1024w, http:\/\/blog.ulasimplatformu.com\/wp-content\/uploads\/2024\/11\/1730443480_0316_man_etgx_leipzig-300x200.jpg 300w, http:\/\/blog.ulasimplatformu.com\/wp-content\/uploads\/2024\/11\/1730443480_0316_man_etgx_leipzig-768x512.jpg 768w, http:\/\/blog.ulasimplatformu.com\/wp-content\/uploads\/2024\/11\/1730443480_0316_man_etgx_leipzig-1536x1025.jpg 1536w, http:\/\/blog.ulasimplatformu.com\/wp-content\/uploads\/2024\/11\/1730443480_0316_man_etgx_leipzig-2048x1366.jpg 2048w, http:\/\/blog.ulasimplatformu.com\/wp-content\/uploads\/2024\/11\/1730443480_0316_man_etgx_leipzig-150x100.jpg 150w, http:\/\/blog.ulasimplatformu.com\/wp-content\/uploads\/2024\/11\/1730443480_0316_man_etgx_leipzig-696x464.jpg 696w, http:\/\/blog.ulasimplatformu.com\/wp-content\/uploads\/2024\/11\/1730443480_0316_man_etgx_leipzig-1068x712.jpg 1068w, http:\/\/blog.ulasimplatformu.com\/wp-content\/uploads\/2024\/11\/1730443480_0316_man_etgx_leipzig-1920x1281.jpg 1920w\" sizes=\"(max-width: 1024px) 100vw, 1024px\" \/><\/figure>\n\n\n\n<figure class=\"wp-block-image size-large\"><img loading=\"lazy\" width=\"1024\" height=\"683\" src=\"http:\/\/blog.ulasimplatformu.com\/wp-content\/uploads\/2024\/11\/1730443446_0240_man_etgx_leipzig-1024x683.jpg\" alt=\"\" class=\"wp-image-8513\" srcset=\"http:\/\/blog.ulasimplatformu.com\/wp-content\/uploads\/2024\/11\/1730443446_0240_man_etgx_leipzig-1024x683.jpg 1024w, http:\/\/blog.ulasimplatformu.com\/wp-content\/uploads\/2024\/11\/1730443446_0240_man_etgx_leipzig-300x200.jpg 300w, http:\/\/blog.ulasimplatformu.com\/wp-content\/uploads\/2024\/11\/1730443446_0240_man_etgx_leipzig-768x512.jpg 768w, http:\/\/blog.ulasimplatformu.com\/wp-content\/uploads\/2024\/11\/1730443446_0240_man_etgx_leipzig-1536x1025.jpg 1536w, http:\/\/blog.ulasimplatformu.com\/wp-content\/uploads\/2024\/11\/1730443446_0240_man_etgx_leipzig-2048x1366.jpg 2048w, http:\/\/blog.ulasimplatformu.com\/wp-content\/uploads\/2024\/11\/1730443446_0240_man_etgx_leipzig-150x100.jpg 150w, http:\/\/blog.ulasimplatformu.com\/wp-content\/uploads\/2024\/11\/1730443446_0240_man_etgx_leipzig-696x464.jpg 696w, http:\/\/blog.ulasimplatformu.com\/wp-content\/uploads\/2024\/11\/1730443446_0240_man_etgx_leipzig-1068x712.jpg 1068w, http:\/\/blog.ulasimplatformu.com\/wp-content\/uploads\/2024\/11\/1730443446_0240_man_etgx_leipzig-1920x1281.jpg 1920w\" sizes=\"(max-width: 1024px) 100vw, 1024px\" \/><\/figure>\n\n\n\n<figure class=\"wp-block-image size-large\"><img loading=\"lazy\" width=\"1024\" height=\"683\" src=\"http:\/\/blog.ulasimplatformu.com\/wp-content\/uploads\/2024\/11\/1730443414_0214_man_etgx_leipzig-1024x683.jpg\" alt=\"\" class=\"wp-image-8512\" srcset=\"http:\/\/blog.ulasimplatformu.com\/wp-content\/uploads\/2024\/11\/1730443414_0214_man_etgx_leipzig-1024x683.jpg 1024w, http:\/\/blog.ulasimplatformu.com\/wp-content\/uploads\/2024\/11\/1730443414_0214_man_etgx_leipzig-300x200.jpg 300w, http:\/\/blog.ulasimplatformu.com\/wp-content\/uploads\/2024\/11\/1730443414_0214_man_etgx_leipzig-768x512.jpg 768w, http:\/\/blog.ulasimplatformu.com\/wp-content\/uploads\/2024\/11\/1730443414_0214_man_etgx_leipzig-1536x1025.jpg 1536w, http:\/\/blog.ulasimplatformu.com\/wp-content\/uploads\/2024\/11\/1730443414_0214_man_etgx_leipzig-2048x1366.jpg 2048w, http:\/\/blog.ulasimplatformu.com\/wp-content\/uploads\/2024\/11\/1730443414_0214_man_etgx_leipzig-150x100.jpg 150w, http:\/\/blog.ulasimplatformu.com\/wp-content\/uploads\/2024\/11\/1730443414_0214_man_etgx_leipzig-696x464.jpg 696w, http:\/\/blog.ulasimplatformu.com\/wp-content\/uploads\/2024\/11\/1730443414_0214_man_etgx_leipzig-1068x712.jpg 1068w, http:\/\/blog.ulasimplatformu.com\/wp-content\/uploads\/2024\/11\/1730443414_0214_man_etgx_leipzig-1920x1281.jpg 1920w\" sizes=\"(max-width: 1024px) 100vw, 1024px\" \/><\/figure>\n\n\n\n<figure class=\"wp-block-image size-large\"><img loading=\"lazy\" width=\"1024\" height=\"683\" src=\"http:\/\/blog.ulasimplatformu.com\/wp-content\/uploads\/2024\/11\/1730443374_0009_man_etgx_leipzig-1024x683.jpg\" alt=\"\" class=\"wp-image-8511\" srcset=\"http:\/\/blog.ulasimplatformu.com\/wp-content\/uploads\/2024\/11\/1730443374_0009_man_etgx_leipzig-1024x683.jpg 1024w, http:\/\/blog.ulasimplatformu.com\/wp-content\/uploads\/2024\/11\/1730443374_0009_man_etgx_leipzig-300x200.jpg 300w, http:\/\/blog.ulasimplatformu.com\/wp-content\/uploads\/2024\/11\/1730443374_0009_man_etgx_leipzig-768x512.jpg 768w, http:\/\/blog.ulasimplatformu.com\/wp-content\/uploads\/2024\/11\/1730443374_0009_man_etgx_leipzig-1536x1025.jpg 1536w, http:\/\/blog.ulasimplatformu.com\/wp-content\/uploads\/2024\/11\/1730443374_0009_man_etgx_leipzig-2048x1366.jpg 2048w, http:\/\/blog.ulasimplatformu.com\/wp-content\/uploads\/2024\/11\/1730443374_0009_man_etgx_leipzig-150x100.jpg 150w, http:\/\/blog.ulasimplatformu.com\/wp-content\/uploads\/2024\/11\/1730443374_0009_man_etgx_leipzig-696x464.jpg 696w, http:\/\/blog.ulasimplatformu.com\/wp-content\/uploads\/2024\/11\/1730443374_0009_man_etgx_leipzig-1068x712.jpg 1068w, http:\/\/blog.ulasimplatformu.com\/wp-content\/uploads\/2024\/11\/1730443374_0009_man_etgx_leipzig-1920x1281.jpg 1920w\" sizes=\"(max-width: 1024px) 100vw, 1024px\" \/><\/figure>\n","protected":false},"excerpt":{"rendered":"<p>S\u0131f\u0131r karbonlu karayolu ta\u015f\u0131mac\u0131l\u0131\u011f\u0131nda yeni bir d\u00f6nemi ba\u015flatan MAN Truck &amp; Bus, tamamen elektrikli \u00e7ekicilerinin teslimat\u0131na ba\u015flad\u0131. MAN, ilk e-\u00e7ekicini ise DRAXLMAIER Grubu\u2019na teslim etti. MAN CEO&#8217;su Alexander Vlaskamp, \u201c\u015eirket tarihimizde bir d\u00f6n\u00fcm noktas\u0131. Yeni bir elektrik \u00e7a\u011f\u0131na giriyoruz\u201d dedi. Karayolu y\u00fck ta\u015f\u0131mac\u0131l\u0131\u011f\u0131n\u0131n karbonsuzla\u015ft\u0131rmaya y\u00f6nelik ara\u00e7lar\u0131yla sekt\u00f6r\u00fcnde s\u00fcrd\u00fcr\u00fclebilirli\u011fin \u00f6nc\u00fcs\u00fc olan MAN Truck &amp; Bus, tamamen [&hellip;]<\/p>\n","protected":false},"author":4,"featured_media":8512,"comment_status":"open","ping_status":"open","sticky":false,"template":"","format":"standard","meta":{"tdm_status":"","tdm_grid_status":"","spay_email":""},"categories":[19],"tags":[],"jetpack_featured_media_url":"http:\/\/blog.ulasimplatformu.com\/wp-content\/uploads\/2024\/11\/1730443414_0214_man_etgx_leipzig-scaled.jpg","jetpack_sharing_enabled":true,"amp_enabled":true,"_links":{"self":[{"href":"http:\/\/blog.ulasimplatformu.com\/index.php\/wp-json\/wp\/v2\/posts\/8517"}],"collection":[{"href":"http:\/\/blog.ulasimplatformu.com\/index.php\/wp-json\/wp\/v2\/posts"}],"about":[{"href":"http:\/\/blog.ulasimplatformu.com\/index.php\/wp-json\/wp\/v2\/types\/post"}],"author":[{"embeddable":true,"href":"http:\/\/blog.ulasimplatformu.com\/index.php\/wp-json\/wp\/v2\/users\/4"}],"replies":[{"embeddable":true,"href":"http:\/\/blog.ulasimplatformu.com\/index.php\/wp-json\/wp\/v2\/comments?post=8517"}],"version-history":[{"count":1,"href":"http:\/\/blog.ulasimplatformu.com\/index.php\/wp-json\/wp\/v2\/posts\/8517\/revisions"}],"predecessor-version":[{"id":8520,"href":"http:\/\/blog.ulasimplatformu.com\/index.php\/wp-json\/wp\/v2\/posts\/8517\/revisions\/8520"}],"wp:featuredmedia":[{"embeddable":true,"href":"http:\/\/blog.ulasimplatformu.com\/index.php\/wp-json\/wp\/v2\/media\/8512"}],"wp:attachment":[{"href":"http:\/\/blog.ulasimplatformu.com\/index.php\/wp-json\/wp\/v2\/media?parent=8517"}],"wp:term":[{"taxonomy":"category","embeddable":true,"href":"http:\/\/blog.ulasimplatformu.com\/index.php\/wp-json\/wp\/v2\/categories?post=8517"},{"taxonomy":"post_tag","embeddable":true,"href":"http:\/\/blog.ulasimplatformu.com\/index.php\/wp-json\/wp\/v2\/tags?post=8517"}],"curies":[{"name":"wp","href":"https:\/\/api.w.org\/{rel}","templated":true}]}}